{"id":23891,"date":"2021-09-14T09:36:40","date_gmt":"2021-09-14T15:36:40","guid":{"rendered":"https:\/\/eloficiodehistoriar.com.mx\/?p=23891"},"modified":"2021-09-15T08:13:04","modified_gmt":"2021-09-15T14:13:04","slug":"el-24-festival-de-piano-en-blanco-y-negro-sera-atipico-y-emergente","status":"publish","type":"post","link":"http:\/\/eloficiodehistoriar.com.mx\/?p=23891","title":{"rendered":"El 24 festival de piano En Blanco y Negro ser\u00e1\u00a0at\u00edpico y emergente"},"content":{"rendered":"<div class=\"cabeza\">El 24 festival de piano En Blanco y Negro ser\u00e1\u00a0<q>at\u00edpico y emergente<\/q><\/div>\n<div class=\"sumarios\">\n<p><q>La idea es ponerlo otra vez en los o\u00eddos del p\u00fablico<\/q>, refiri\u00f3 el coordinador art\u00edstico del encuentro y articulista de\u00a0<em>La Jornada,<\/em>\u00a0Juan Arturo Brennan \/\/ Ser\u00e1 del 18 de septiembre al 3 de octubre<\/p>\n<\/div>\n<div id=\"article-text\" class=\"text\">\n<div class=\"col col1\">\n<div class=\"credito-autor\">\u00c1ngel Vargas<\/div>\n<div class=\"credito-titulo\"><\/div>\n<div class=\"hemero\">\n<p>La Jornada<\/p>\n<\/div>\n<p class=\"s-s\">Entre lo emergente y lo at\u00edpico, as\u00ed describen sus organizadores al 24 Festival Internacional de Piano En Blanco y Negro, el encuentro m\u00e1s importante de su tipo en M\u00e9xico, que se realizar\u00e1 del 18 de septiembre al 3 de octubre en el Centro Nacional de las Artes (Cenart), su sede habitual.<\/p>\n<p>Estar\u00e1 conformado por seis conciertos en modalidad h\u00edbrida, presencial y transmisi\u00f3n digital, en los que participar\u00e1n cinco destacados int\u00e9rpretes de diferentes nacionalidades, as\u00ed como el Ensamble de pianos de la Orquesta Escuela Carlos Ch\u00e1vez (OECCh), al que le corresponde la inauguraci\u00f3n.<\/p>\n<p>La columna vertebral de la programaci\u00f3n ser\u00e1 el festejo del centenario del natalicio del compositor argentino Astor Piazzolla (1921-1992), si bien a lo largo del ciclo se escuchar\u00e1 tambi\u00e9n un amplio repertorio internacional con los autores m\u00e1s importantes para ese instrumento, como Mozart, Liszt, Rachmaninoff, Dvor?\u00e1k, Poulenc, Ginastera, Khachaturian, Chopin, Debussy, Prokofiev, Brahms, Satie, Beethoven y Schumann, entre otros.<\/p>\n<p>A ello se suma una marcada presencia de compositores mexicanos, entre ellos Arturo M\u00e1rquez, Alexis Aranda, Guadalupe Olmedo, Ricardo Castro, Patricia Moya, Jos\u00e9 Rol\u00f3n y Juventino Rosas, adem\u00e1s de que el pianista Jozef Olechowski, de origen polaco, radicado en M\u00e9xico, incluir\u00e1 en su concierto algunas obras de su autor\u00eda.<\/p>\n<p>El coordinador art\u00edstico del festival, el compositor Juan Arturo Brennan, explic\u00f3 en conferencia de prensa que la edici\u00f3n de En Blanco y Negro de este 2021 es\u00a0<q>emergente<\/q>, en el sentido de emergencia, luego de que el a\u00f1o pasado fue cancelado por la pandemia.<\/p>\n<p>\u201cRepresenta un intento casi logrado de retomar y reflotar uno de los ciclos art\u00edsticos m\u00e1s importantes en la historia del Cenart (\u2026) La idea fundamental, desde el punto de vista musical, es rescatarlo, volverlo a poner en los o\u00eddos del p\u00fablico.\u201d<\/p>\n<\/div>\n<div class=\"col col2\">\n<div class=\"foto\">\n<div class=\"pie-foto\">La pianista uzbeka Nargiza Kamilova ser\u00e1 una de los cinco int\u00e9rpretes que participar\u00e1n en el festival. El ruso Mikhail Voskresensky, decano de ese instrumento, clausurar\u00e1 el encuentro el 3 de octubre.<\/div>\n<\/div>\n<p>El tambi\u00e9n cr\u00edtico musical y colaborador de\u00a0<em>La Jornada\u00a0<\/em>agreg\u00f3 que debido al acortamiento del programa respecto de a\u00f1os anteriores\u00a0<q>no han faltado bromistas que han dicho que es un chiquitifestival, pero estamos seguros de que tendremos un buen encuentro<\/q>.<\/p>\n<p>Acept\u00f3 lo complicado que fue dise\u00f1ar la programaci\u00f3n, as\u00ed como determinar a los pianistas invitados, tanto por la reducci\u00f3n presupuestal como porque gran parte de los int\u00e9rpretes nacionales y extranjeros retom\u00f3 sus actividades y tiene ocupada su agenda.<\/p>\n<p>Asegur\u00f3 que logr\u00f3 dise\u00f1arse un atractivo equilibrio con int\u00e9rpretes de diferentes generaciones, escuelas, estilos y temperamentos, que van desde los cinco j\u00f3venes integrantes del Ensamble de pianos de la OECCh hasta el ruso Mikhail Voskresensky, considerado decano de ese instrumento y a quien corresponder\u00e1 clausurar el festival, el 3 de octubre.<\/p>\n<p>Los dem\u00e1s pianistas son los mexicanos Silvia Navarrete y Armando Merino, quienes se presentar\u00e1n el 19 y el 26 de septiembre, de manera respectiva; el polaco Jozef Olechowski, el 25 de ese mismo mes, y Nargiza Kamilova, de Uzbekist\u00e1n, el 2 de octubre.<\/p>\n<p>Hayde\u00e9 Boetto, directora de Programaci\u00f3n Art\u00edstica del Cenart, defini\u00f3 a la de este a\u00f1o como\u00a0<q>una edici\u00f3n at\u00edpica<\/q>, luego de que\u00a0<q>se hicieron muchos malabares de todo nivel<\/q>, desde lo presupuestal hasta lo log\u00edstico.<\/p>\n<p>Inform\u00f3 que los conciertos se realizar\u00e1n en el auditorio Blas Galindo del Cenart, restringido a 50 por ciento de su capacidad, adem\u00e1s de aclarar que la parte acad\u00e9mica del encuentro ser\u00e1 cubierta, no con clases magistrales, como en ocasiones anteriores, sino con conversatorios transmitidos en las plataformas digitales de la instituci\u00f3n.<\/p>\n<p>La programaci\u00f3n y m\u00e1s detalles del festival est\u00e1 disponible en el sitio web\u00a0<a href=\"https:\/\/www.cenart.gob.mx.\/\" target=\"_blank\" rel=\"noopener\">www.cenart.gob.mx<\/a>.<\/p>\n<\/div>\n<\/div>\n","protected":false},"excerpt":{"rendered":"<p>El 24 festival de piano En Blanco y Negro ser\u00e1\u00a0at\u00edpico y emergente La idea es ponerlo otra vez en los o\u00eddos del p\u00fablico, refiri\u00f3 el coordinador art\u00edstico del encuentro y articulista de\u00a0La Jornada,\u00a0Juan Arturo Brennan \/\/ Ser\u00e1 del 18 de septiembre al 3 de octubre \u00c1ngel Vargas La Jornada Entre lo emergente y lo at\u00edpico, [&hellip;]<\/p>\n","protected":false},"author":249,"featured_media":23914,"comment_status":"open","ping_status":"closed","sticky":false,"template":"","format":"standard","meta":{"footnotes":""},"categories":[26],"tags":[],"class_list":["post-23891","post","type-post","status-publish","format-standard","has-post-thumbnail","hentry","category-mundo"],"_links":{"self":[{"href":"http:\/\/eloficiodehistoriar.com.mx\/index.php?rest_route=\/wp\/v2\/posts\/23891","targetHints":{"allow":["GET"]}}],"collection":[{"href":"http:\/\/eloficiodehistoriar.com.mx\/index.php?rest_route=\/wp\/v2\/posts"}],"about":[{"href":"http:\/\/eloficiodehistoriar.com.mx\/index.php?rest_route=\/wp\/v2\/types\/post"}],"author":[{"embeddable":true,"href":"http:\/\/eloficiodehistoriar.com.mx\/index.php?rest_route=\/wp\/v2\/users\/249"}],"replies":[{"embeddable":true,"href":"http:\/\/eloficiodehistoriar.com.mx\/index.php?rest_route=%2Fwp%2Fv2%2Fcomments&post=23891"}],"version-history":[{"count":2,"href":"http:\/\/eloficiodehistoriar.com.mx\/index.php?rest_route=\/wp\/v2\/posts\/23891\/revisions"}],"predecessor-version":[{"id":23915,"href":"http:\/\/eloficiodehistoriar.com.mx\/index.php?rest_route=\/wp\/v2\/posts\/23891\/revisions\/23915"}],"wp:featuredmedia":[{"embeddable":true,"href":"http:\/\/eloficiodehistoriar.com.mx\/index.php?rest_route=\/wp\/v2\/media\/23914"}],"wp:attachment":[{"href":"http:\/\/eloficiodehistoriar.com.mx\/index.php?rest_route=%2Fwp%2Fv2%2Fmedia&parent=23891"}],"wp:term":[{"taxonomy":"category","embeddable":true,"href":"http:\/\/eloficiodehistoriar.com.mx\/index.php?rest_route=%2Fwp%2Fv2%2Fcategories&post=23891"},{"taxonomy":"post_tag","embeddable":true,"href":"http:\/\/eloficiodehistoriar.com.mx\/index.php?rest_route=%2Fwp%2Fv2%2Ftags&post=23891"}],"curies":[{"name":"wp","href":"https:\/\/api.w.org\/{rel}","templated":true}]}}