{"id":23893,"date":"2021-09-14T09:39:23","date_gmt":"2021-09-14T15:39:23","guid":{"rendered":"https:\/\/eloficiodehistoriar.com.mx\/?p=23893"},"modified":"2021-09-15T08:10:43","modified_gmt":"2021-09-15T14:10:43","slug":"el-ezln-por-ahora-rompe-el-cerco-racista","status":"publish","type":"post","link":"http:\/\/eloficiodehistoriar.com.mx\/?p=23893","title":{"rendered":"El EZLN por ahora rompe el cerco racista"},"content":{"rendered":"<div class=\"cabeza\">El EZLN por ahora rompe el cerco racista<\/div>\n<div class=\"sumarios\"><\/div>\n<div class=\"credito-articulo\">Magdalena G\u00f3mez<\/div>\n<div><\/div>\n<div id=\"article-text\" class=\"text\">\n<div class=\"col col1\">\n<div class=\"inicial\">La compa\u00f1\u00eda zapatista aerotransportada, llamada\u00a0<em>La Extempor\u00e1nea<\/em>, con 177 integrantes, sali\u00f3 de la Ciudad de M\u00e9xico ayer, con destino a Viena, Austria, con escala en Madrid. No fue sencillo vencer el racismo estructural en torno a la posibilidad de que cualquier persona en el pa\u00eds obtenga un pasaporte.<\/div>\n<div><\/div>\n<div class=\"inicial\">Fue necesaria la denuncia y exhibici\u00f3n p\u00fablica del discurso y descalificaciones de empleados p\u00fablicos encargados de las oficinas de tr\u00e1mite de pasaportes, los cuales ten\u00edan tras de s\u00ed el \u201crespaldo \u201cde la cadena originada desde el registro de nacimiento de los solicitantes zapatistas, a la cual por cierto no es ajena gran cantidad de mexicanos que no representan el ideal urbano y clasista detr\u00e1s de los requisitos de acreditaci\u00f3n. Se constituyeron as\u00ed en personas bajo sospecha.<\/div>\n<div><\/div>\n<div class=\"inicial\">\u00bfPor qu\u00e9 y para qu\u00e9 pretend\u00edan un pasaporte? Juicios culturales plagados de ofensas. Por fortuna, con la denuncia se logr\u00f3 una intervenci\u00f3n oficial de funcionarios, tanto en Relaciones Exteriores como en Gobernaci\u00f3n, para ir superando obst\u00e1culos. Si a ello sumamos el contexto de pandemia, el acceso a vacunas potenciados en requisitos de ingreso a pa\u00edses europeos, podemos imaginar el desaf\u00edo a la voluntad que implic\u00f3 concretar esta fase de la Traves\u00eda por la Vida. Ciertamente los numerosos colectivos europeos en paralelo al acompa\u00f1amiento al escuadr\u00f3n mar\u00edtimo 421, que regres\u00f3 al pa\u00eds el pasado s\u00e1bado, han realizado gestiones de respaldo para las medidas que en su caso deban cubrirse al arribar a Viena.<\/div>\n<p>El EZLN inform\u00f3 que\u00a0<em>La Extempor\u00e1nea<\/em>, nombrada as\u00ed por el calificativo recurrente que recibieron por sus registros de nacimiento, \u201cest\u00e1 organizada en 28 equipos de Escucha y Palabra, formados por cuatro-cinco\u00a0<em>compas\u00a0<\/em>cada uno; uno de juego y travesura y uno coordinador, por lo que podr\u00e1 cubrir 28 rincones de la geograf\u00eda europea en forma simult\u00e1nea. [&#8230;] D\u00edas despu\u00e9s se incorporar\u00e1 la delegaci\u00f3n del Congreso Nacional Ind\u00edgena-Concejo Ind\u00edgena de Gobierno y el Frente de Pueblos en Defensa de la Tierra y el Agua\u201d.<\/p>\n<p>Como evidencia de la congruencia proverbial que les caracteriza, los zapatistas promovieron\u00a0<q>por qu\u00e9 s\u00ed a la consulta y s\u00ed a la pregunta<\/q>. Con ello iniciaron la Campa\u00f1a Nacional por la Verdad y la Justicia. Y hoy dedican este esfuerzo de la traves\u00eda \u201ca todas las desaparecidas, a las familias que sufren su ausencia y, sobre todo, a las mujeres y hombres que luchan por encontrarlas y conseguir la verdad y justicia que todos necesitamos y merecemos. Justamente han tra\u00eddo consigo desde Chiapas las actas de las asambleas de las comunidades zapatistas, no zapatistas y antizapatistas, con sus acuerdos sobre el apoyo a la lucha por verdad y justicia para las v\u00edctimas de la violencia, seg\u00fan la consulta realizada el pasado 1\u00ba de agosto.<\/p>\n<\/div>\n<div class=\"col col2\">\n<p>Por otra parte, ante la cacer\u00eda de migrantes que en los \u00faltimos d\u00edas se ha producido en Chiapas, el pasado 4 septiembre los\u00a0<em>subcomandantes Mois\u00e9s<\/em>\u00a0y\u00a0<em>Galeano\u00a0<\/em>difundieron un en\u00e9rgico llamado denominado\u00a0<q>Contra la xenofobia y el racismo, la lucha por la vida<\/q>. Desmontaron los argumentos oficiales para mostrar el trasfondo de esta pol\u00edtica, pues tiene ese rango, vinculada a los acuerdos con el gobierno estadunidense. Es inaceptable se\u00f1alar que s\u00f3lo dos agentes de migraci\u00f3n golpearon a migrantes y fueron suspendidos. Las im\u00e1genes de la persecuci\u00f3n a las caravanas, por elementos de la Guardia Nacional y empleados del Instituto Nacional de Migraci\u00f3n est\u00e1n en lo que una vez se llamaron benditas redes sociales. Como muestra de su solidaridad, que nos evoca aquella que organizaron en favor de la Coordinadora Nacional de Trabajadores de la Educaci\u00f3n en Chiapas en los d\u00edas de intensa movilizaci\u00f3n, ahora informaron que tanto las 12 juntas de Buen Gobierno como la Comisi\u00f3n Sexta, reunieron una cantidad\u00a0<q>de paga<\/q>\u00a0para hacerla llegar a los albergues y organizaciones de trabajo humanitario con migrantes en Chiapas.<\/p>\n<p>En Europa se est\u00e1n encontrando tambi\u00e9n el estigma y persecuci\u00f3n a migrantes, la lucha contra megaproyectos y tantas realidades de luchas que ahora se articulan para recibir dignamente a los zapatistas que van a escucharles y a aprender. Objetivamente est\u00e1n acerc\u00e1ndose al concepto central de que el capitalismo no se da en un solo pa\u00eds.<\/p>\n<p>Falta conocer a detalle el balance de la actividad intensa que despleg\u00f3 el comando mar\u00edtimo\u00a0<em>Escuadr\u00f3n 421<\/em>, que naveg\u00f3 en el mar durante siete semanas en la ruta inversa a quienes se dijo llegaron a conquistarnos y hoy se responde no nos conquistaron, as\u00ed lo afirmaron en el inicio del a\u00f1o 501 de la resistencia y en el arduo despliegue en las tierras de la Europa insumisa durante tres meses.<\/p>\n<p>Las muestras de racismo estructural aqu\u00ed enunciadas, incluida la persecuci\u00f3n de migrantes, en especial los haitianos f\u00e1cilmente perseguibles por su color de piel, son s\u00f3lo un ejemplo ante el que est\u00e1 naturalizado en la sociedad mayoritaria. Toda una tarea para integrarlo con la lucha anticapitalista sin reduccionismos.<\/p>\n<p class=\"email\">\n<\/div>\n<\/div>\n<div class=\"go gui\">\n<div class=\"go-up\"><\/div>\n<\/div>\n<div id=\"comentarios\"><\/div>\n","protected":false},"excerpt":{"rendered":"<p>El EZLN por ahora rompe el cerco racista Magdalena G\u00f3mez La compa\u00f1\u00eda zapatista aerotransportada, llamada\u00a0La Extempor\u00e1nea, con 177 integrantes, sali\u00f3 de la Ciudad de M\u00e9xico ayer, con destino a Viena, Austria, con escala en Madrid. No fue sencillo vencer el racismo estructural en torno a la posibilidad de que cualquier persona en el pa\u00eds obtenga [&hellip;]<\/p>\n","protected":false},"author":249,"featured_media":23912,"comment_status":"open","ping_status":"closed","sticky":false,"template":"","format":"standard","meta":{"footnotes":""},"categories":[26],"tags":[],"class_list":["post-23893","post","type-post","status-publish","format-standard","has-post-thumbnail","hentry","category-mundo"],"_links":{"self":[{"href":"http:\/\/eloficiodehistoriar.com.mx\/index.php?rest_route=\/wp\/v2\/posts\/23893","targetHints":{"allow":["GET"]}}],"collection":[{"href":"http:\/\/eloficiodehistoriar.com.mx\/index.php?rest_route=\/wp\/v2\/posts"}],"about":[{"href":"http:\/\/eloficiodehistoriar.com.mx\/index.php?rest_route=\/wp\/v2\/types\/post"}],"author":[{"embeddable":true,"href":"http:\/\/eloficiodehistoriar.com.mx\/index.php?rest_route=\/wp\/v2\/users\/249"}],"replies":[{"embeddable":true,"href":"http:\/\/eloficiodehistoriar.com.mx\/index.php?rest_route=%2Fwp%2Fv2%2Fcomments&post=23893"}],"version-history":[{"count":1,"href":"http:\/\/eloficiodehistoriar.com.mx\/index.php?rest_route=\/wp\/v2\/posts\/23893\/revisions"}],"predecessor-version":[{"id":23894,"href":"http:\/\/eloficiodehistoriar.com.mx\/index.php?rest_route=\/wp\/v2\/posts\/23893\/revisions\/23894"}],"wp:featuredmedia":[{"embeddable":true,"href":"http:\/\/eloficiodehistoriar.com.mx\/index.php?rest_route=\/wp\/v2\/media\/23912"}],"wp:attachment":[{"href":"http:\/\/eloficiodehistoriar.com.mx\/index.php?rest_route=%2Fwp%2Fv2%2Fmedia&parent=23893"}],"wp:term":[{"taxonomy":"category","embeddable":true,"href":"http:\/\/eloficiodehistoriar.com.mx\/index.php?rest_route=%2Fwp%2Fv2%2Fcategories&post=23893"},{"taxonomy":"post_tag","embeddable":true,"href":"http:\/\/eloficiodehistoriar.com.mx\/index.php?rest_route=%2Fwp%2Fv2%2Ftags&post=23893"}],"curies":[{"name":"wp","href":"https:\/\/api.w.org\/{rel}","templated":true}]}}