{"id":23901,"date":"2021-09-15T08:00:13","date_gmt":"2021-09-15T14:00:13","guid":{"rendered":"https:\/\/eloficiodehistoriar.com.mx\/?p=23901"},"modified":"2021-09-15T08:00:13","modified_gmt":"2021-09-15T14:00:13","slug":"la-sombra-siniestra-del-yunque-es-acechante-para-la-democracia-mexicana","status":"publish","type":"post","link":"http:\/\/eloficiodehistoriar.com.mx\/?p=23901","title":{"rendered":"La sombra siniestra del Yunque es acechante para la democracia mexicana."},"content":{"rendered":"<div class=\"cabeza\">Vox y el Yunque: la conspiraci\u00f3n de la ultraderecha<\/div>\n<div class=\"sumarios\"><\/div>\n<div class=\"credito-articulo\">Bernardo Barranco<\/div>\n<div><\/div>\n<div id=\"article-text\" class=\"text tbl-forkorts-article\">\n<div class=\"col\">\n<div class=\"inicial\">El lance de Vox en M\u00e9xico no\u00a0debe tomarse a la ligera. La ultraderecha cat\u00f3lica en M\u00e9xico existe desde hace m\u00e1s de 60 a\u00f1os. Son organizaciones secretas agrupadas en torno al Yunque. \u00c9ste es heredero del movimiento cristero y posteriormente de la\u00a0<em>guerra fr\u00eda<\/em>. Posee un catolicismo fundamentalista que ideologiza la doctrina cristiana para fundamentar el anticomunismo rabioso y un proyecto autoritario neofacista.<\/div>\n<div><\/div>\n<div class=\"inicial\">La sombra siniestra del Yunque es acechante para la democracia mexicana. No es lo mismo posturas conservadoras, de derecha, que la ultraderecha religiosa conformada por sociedades encubiertas, t\u00e9cnicas paramilitares y pr\u00e1cticas de infiltraci\u00f3n en el nombre de Dios. Desde hace lustros la presencia del Yunque en el PAN es una realidad intimidante.<\/div>\n<div><\/div>\n<div class=\"inicial\">Los yunquistas enquistados en el PAN, tributan posturas extremas marcadas por la xenofobia, homofobia, negacionismo y oposici\u00f3n radical a la teor\u00eda de g\u00e9nero, es decir, un fundamentalismo patriarcal; as\u00ed como la defensa de valores cat\u00f3licos tradicionalistas que no son del todo compartidos por el actual papa Francisco. Son inocultables las diferencias entre el argentino y los dirigentes de Vox. Su l\u00edder, Santiago Abascal, al referirse al Papa, le llama:\u00a0<q>el ciudadano Bergoglio<\/q>.<\/div>\n<p>Pese a que actores prominentes del PAN se han deslindado de Vox, no hay garant\u00eda de que Acci\u00f3n Nacional no d\u00e9 un giro hacia la ultraderecha. El partido se ha venido degradando, ya no forma ciudadan\u00eda, arrastra una profunda crisis ideol\u00f3gica y, por tanto, de identidad. Tras dos sexenios en el poder, el\u00a0<em>blanquiazul<\/em>\u00a0no ha sabido recomponerse desde la oposici\u00f3n. Vox y el Yunque son una amenaza latente para el PAN.<\/p>\n<p>La presencia de Santiago Abascal no es un accidente o una visita fortuita. Vox est\u00e1 forjando una red internacional de grupos fundamentalistas pol\u00edtico-religiosos alrededor del mundo. A trav\u00e9s de CitizenGo, seg\u00fan las revelaciones de\u00a0<em>Wikileaks<\/em>, la red se extiende a 60 pa\u00edses. Por tanto, estoy en desacuerdo con afirmaciones del periodista Javier Tejado Dond\u00e9, que ante la despenalizaci\u00f3n del aborto en M\u00e9xico, sostiene que la derecha en M\u00e9xico parece ya no existir. No s\u00e9 si lo lamenta, pero parece deplorar una aparente derecha de cl\u00f3set. Es una afirmaci\u00f3n alejada de la realidad. La derecha m\u00e1s extrema existe. Est\u00e1 incrustada desde hace d\u00e9cadas en los aparatos de gobierno, en los organismos empresariales, en universidades, en organismos de la sociedad civil, en medios de comunicaci\u00f3n, en congregaciones religiosas, como los legionarios de Cristo y el Opus Dei. Goza de la protecci\u00f3n de algunos obispos, como el vetusto cardenal Juan Sandoval \u00cd\u00f1iguez y al parecer por los \u00faltimos nuncios. No podemos dejar de lado la agrupaci\u00f3n de M\u00e9xico S\u00ed, encabezada por Claudio X. Gonz\u00e1lez y Gustavo de Hoyos. Se present\u00f3 como una oposici\u00f3n social a la 4T integrada por 534 organizaciones y 50 mil 131 personas registradas. Con un logo parecido al usado a\u00f1os atr\u00e1s por el dictador chileno Augusto Pinochet, aparecen numerosas organizaciones vinculadas al Yunque, como el Frente Nacional por la Familia, la Uni\u00f3n Nacional de Padres de Familia, la Red de L\u00edderes Cat\u00f3licos, Fundaci\u00f3n Carlos Abacal, Alianza de Maestros AC.<\/p>\n<p>Todo indica, en la l\u00ednea de tiempo, que Vox es hijastro del Yunque mexicano. Vox nace bajo el amparo de HasteOir, organizaci\u00f3n arropada, financiada y facturada por el Yunque. La gran diferencia es que Vox ha logrado agrupar una base social amplia que le permite ser la tercera fuerza electoral de Espa\u00f1a. Por el contrario, el Yunque mexicano, no posee fuerza social ni mucho menos electoral. El Yunque est\u00e1 compuesto por un peque\u00f1o grupo de individuos incrustados en puestos de poder cuya fuerza pol\u00edtica tiene otros alcances. Ambos son descendientes de un catolicismo social intransigente de corte integrista. Vox surge bajo un fen\u00f3meno vinculado al desprestigio de la clase pol\u00edtica espa\u00f1ola. Ante el mal manejo de la crisis econ\u00f3mica de 2008, se produce un gran descontento pol\u00edtico de la poblaci\u00f3n. El resentimiento popular recae en los dos partidos en el poder, el Partido Popular (PP) y el Partido Socialista Obrero Espa\u00f1ol (PSOE). Vox es una escisi\u00f3n del PP. Aparece en 2013 y capitaliza el rechazo hacia la clase pol\u00edtica por sus esc\u00e1ndalos de corrupci\u00f3n y elitismo.<\/p>\n<p>Santiago Abascal, afiliado al PP desde 1994, emerge como figura p\u00fablica con un discurso antisit\u00e9mico ultraconservador. F\u00e9rreo opositor del gobierno de Mariano Rajoy, especialmente en materia de pol\u00edtica antiterrorista. Abascal abandona el PP y crea un nuevo partido, Vox, que pretende dar voz y protagonismo a los ciudadanos espa\u00f1oles con un discurso populista. Por ello el nombre de Vox, que procede del lat\u00edn y significa voz.<\/p>\n<p>No debemos menospreciar la expansi\u00f3n internacional de la ultraderecha ni al integrismo pol\u00edtico cat\u00f3lico. Tambi\u00e9n llamado por el te\u00f3logo espa\u00f1ol, Juan Jos\u00e9 Tamayo, cristofascismo o la internacional del odio. Porque en Europa, Estados Unidos y Am\u00e9rica Latina se observa un avance vertiginoso de organizaciones y de partidos pol\u00edticos fundamentalistas de extrema derecha. Hay que hablar del fundamentalismo en plural. Tamayo reconoce un discurso de odio, el riesgo latente para las democracias modernas, el negacionismo hacia el cambio clim\u00e1tico y, sobre todo, el fundamentalismo patriarcal. La embestida a la llamada ideolog\u00eda de g\u00e9nero contra los derechos de las mujeres y al feminismo, as\u00ed como al LGBT. La cuesti\u00f3n se agudiza cuando dichos partidos asumen gravitaci\u00f3n parlamentaria o gobiernan. He insistido en que la religi\u00f3n del Yunque no es la fe cristiana, es el dinero y el poder. Ser\u00eda un error grav\u00edsimo menospreciar la conspiraci\u00f3n de esta ultraderecha cat\u00f3lica.<\/p>\n<\/div>\n<\/div>\n","protected":false},"excerpt":{"rendered":"<p>Vox y el Yunque: la conspiraci\u00f3n de la ultraderecha Bernardo Barranco El lance de Vox en M\u00e9xico no\u00a0debe tomarse a la ligera. La ultraderecha cat\u00f3lica en M\u00e9xico existe desde hace m\u00e1s de 60 a\u00f1os. Son organizaciones secretas agrupadas en torno al Yunque. \u00c9ste es heredero del movimiento cristero y posteriormente de la\u00a0guerra fr\u00eda. Posee un [&hellip;]<\/p>\n","protected":false},"author":249,"featured_media":23903,"comment_status":"open","ping_status":"closed","sticky":false,"template":"","format":"standard","meta":{"footnotes":""},"categories":[26],"tags":[],"class_list":["post-23901","post","type-post","status-publish","format-standard","has-post-thumbnail","hentry","category-mundo"],"_links":{"self":[{"href":"http:\/\/eloficiodehistoriar.com.mx\/index.php?rest_route=\/wp\/v2\/posts\/23901","targetHints":{"allow":["GET"]}}],"collection":[{"href":"http:\/\/eloficiodehistoriar.com.mx\/index.php?rest_route=\/wp\/v2\/posts"}],"about":[{"href":"http:\/\/eloficiodehistoriar.com.mx\/index.php?rest_route=\/wp\/v2\/types\/post"}],"author":[{"embeddable":true,"href":"http:\/\/eloficiodehistoriar.com.mx\/index.php?rest_route=\/wp\/v2\/users\/249"}],"replies":[{"embeddable":true,"href":"http:\/\/eloficiodehistoriar.com.mx\/index.php?rest_route=%2Fwp%2Fv2%2Fcomments&post=23901"}],"version-history":[{"count":1,"href":"http:\/\/eloficiodehistoriar.com.mx\/index.php?rest_route=\/wp\/v2\/posts\/23901\/revisions"}],"predecessor-version":[{"id":23904,"href":"http:\/\/eloficiodehistoriar.com.mx\/index.php?rest_route=\/wp\/v2\/posts\/23901\/revisions\/23904"}],"wp:featuredmedia":[{"embeddable":true,"href":"http:\/\/eloficiodehistoriar.com.mx\/index.php?rest_route=\/wp\/v2\/media\/23903"}],"wp:attachment":[{"href":"http:\/\/eloficiodehistoriar.com.mx\/index.php?rest_route=%2Fwp%2Fv2%2Fmedia&parent=23901"}],"wp:term":[{"taxonomy":"category","embeddable":true,"href":"http:\/\/eloficiodehistoriar.com.mx\/index.php?rest_route=%2Fwp%2Fv2%2Fcategories&post=23901"},{"taxonomy":"post_tag","embeddable":true,"href":"http:\/\/eloficiodehistoriar.com.mx\/index.php?rest_route=%2Fwp%2Fv2%2Ftags&post=23901"}],"curies":[{"name":"wp","href":"https:\/\/api.w.org\/{rel}","templated":true}]}}