{"id":2553,"date":"2008-10-29T07:39:29","date_gmt":"2008-10-29T12:39:29","guid":{"rendered":"https:\/\/eloficiodehistoriar.com.mx\/?p=2553"},"modified":"2008-10-29T07:39:29","modified_gmt":"2008-10-29T12:39:29","slug":"hospital-del-sagrado-corazon-historia","status":"publish","type":"post","link":"http:\/\/eloficiodehistoriar.com.mx\/?p=2553","title":{"rendered":"Hospital del Sagrado Coraz\u00f3n- Historia"},"content":{"rendered":"<p align=\"center\" style=\"margin: 0cm 0cm 0pt; text-align: center\" class=\"MsoNormal\"><strong><span style=\"font-size: 18pt; font-family: Arial\">Gastar\u00e1n $23 millones del erario <\/span><\/strong><\/p>\n<p align=\"center\" style=\"margin: 0cm 0cm 0pt; text-align: center\" class=\"MsoNormal\"><strong><span style=\"font-size: 18pt; font-family: Arial\"><\/span><\/strong><\/p>\n<p align=\"center\" style=\"margin: 0cm 0cm 0pt; text-align: center\" class=\"MsoNormal\"><strong><span style=\"font-size: 18pt; font-family: Arial\">de Quer\u00e9taro <\/span><\/strong><\/p>\n<p align=\"center\" style=\"margin: 0cm 0cm 0pt; text-align: center\" class=\"MsoNormal\"><strong><span style=\"font-size: 18pt; font-family: Arial\"><\/span><\/strong><\/p>\n<p><strong><span style=\"font-size: 18pt; font-family: Arial\">en hospital de <st1:personname ProductID=\"la Iglesia\" w:st=\"on\">la Iglesia<\/st1:personname><o:p><\/o:p><\/span><\/strong><span style=\"font-family: Arial\"><o:p>\u00a0<\/o:p><\/span><span style=\"font-family: Arial\"><o:p>\u00a0<\/o:p><\/span><\/p>\n<p style=\"margin: 0cm 0cm 0pt; text-align: justify\" class=\"MsoNormal\"><span style=\"font-family: Arial\"><\/span><\/p>\n<p><span style=\"font-family: Arial\">? Se duplic\u00f3 el presupuesto inicialmente calculado para la reconstrucci\u00f3n del inmueble<o:p><\/o:p><\/span><span style=\"font-family: Arial\"><o:p>\u00a0<\/o:p><\/span><\/p>\n<p style=\"margin: 0cm 0cm 0pt; text-align: justify\" class=\"MsoNormal\"><span style=\"font-family: Arial\"><\/span><\/p>\n<p><span style=\"font-family: Arial\">? La administraci\u00f3n seguir\u00e1 a cargo de patronado encabezado por el obispo Mario de Gasper\u00edn<o:p><\/o:p><\/span><span style=\"font-family: Arial\"><o:p>\u00a0<\/o:p><\/span><\/p>\n<p style=\"margin: 0cm 0cm 0pt; text-align: justify\" class=\"MsoNormal\"><span style=\"font-family: Arial\"><\/span><\/p>\n<p><span style=\"font-family: Arial\">? El centro est\u00e1 fuera de servicio; en junio de 2007 se acord\u00f3 entregarle equipo de hemodi\u00e1lisis<o:p><\/o:p><\/span><span style=\"font-family: Arial\"><o:p>\u00a0<\/o:p><\/span><\/p>\n<p style=\"margin: 0cm 0cm 0pt; text-align: justify\" class=\"MsoNormal\"><span style=\"font-family: Arial\"><\/span><\/p>\n<p><span style=\"font-family: Arial\">Mariana Ch\u00e1vez <o:p><\/o:p><\/span><span style=\"font-family: Arial\"><o:p>\u00a0<\/o:p><\/span><\/p>\n<p style=\"margin: 0cm 0cm 0pt; text-align: justify\" class=\"MsoNormal\"><span style=\"font-family: Arial\"><\/span><\/p>\n<p><span style=\"font-family: Arial\">\u201cEstamos rescatando un hospital que naci\u00f3 por decreto presidencial. Los queretanos lo conocemos desde hace d\u00e9cadas. Fue nuestro primer centro de salud, mucho antes de que tuvi\u00e9ramos el Instituto Mexicano del Seguro Social, el hospital general o el centro de salud\u201d, agreg\u00f3.<o:p><\/o:p><\/span><span style=\"font-family: Arial\"><o:p>\u00a0<\/o:p><\/span><\/p>\n<p style=\"margin: 0cm 0cm 0pt; text-align: justify\" class=\"MsoNormal\"><span style=\"font-family: Arial\"><\/span><\/p>\n<p><span style=\"font-family: Arial\">Se\u00f1al\u00f3 que el inmueble se reconstruir\u00e1 sin fines de lucro, para atender a \u201clas clases medias bajas. Ser\u00eda muy lamentable que esto se descontextualizara y se manejara de otra manera\u201d, dijo.<o:p><\/o:p><\/span><span style=\"font-family: Arial\"><o:p>\u00a0<\/o:p><\/span><\/p>\n<p style=\"margin: 0cm 0cm 0pt; text-align: justify\" class=\"MsoNormal\"><span style=\"font-family: Arial\"><\/span><\/p>\n<p><span style=\"font-family: Arial\">Luis V\u00e1zquez Zepeda, titular de la secretar\u00eda de obras p\u00fablicas municipales, indic\u00f3 que con la remodelaci\u00f3n el hospital tendr\u00e1 consultorios, \u00e1reas de emergencia y tres salas: una de operaci\u00f3n, otra de expulsi\u00f3n y una de recuperaci\u00f3n, con nueve camas.<o:p><\/o:p><\/span><span style=\"font-family: Arial\"><o:p>\u00a0<\/o:p><\/span><\/p>\n<p style=\"margin: 0cm 0cm 0pt; text-align: justify\" class=\"MsoNormal\"><span style=\"font-family: Arial\"><\/span><\/p>\n<p><span style=\"font-family: Arial\">El 8 de junio de 2007 <st1:personname ProductID=\"la Asociaci\u00f3n\" w:st=\"on\">la Asociaci\u00f3n<\/st1:personname> de Asistencia Privada Ale don\u00f3 al HSCJ seis equipos de hemodi\u00e1lisis. La presidenta del patronato del DIF municipal, Ana Laura Garc\u00eda, atestigu\u00f3 la firma del convenio.<o:p><\/o:p><\/span><span style=\"font-family: Arial\"><o:p>\u00a0<\/o:p><\/span><\/p>\n<p style=\"margin: 0cm 0cm 0pt; text-align: justify\" class=\"MsoNormal\"><span style=\"font-family: Arial\"><\/span><\/p>\n<p><span style=\"font-family: Arial\">El HSCJ fue construido en 1892 por decisi\u00f3n del sacerdote Felipe N. Sevilla para atender a enfermos pobres. Empez\u00f3 a funcionar en 1908 en la zona donde tambi\u00e9n est\u00e1 el asilo de San Sebasti\u00e1n, fundado por franciscanos.<o:p><\/o:p><\/span><span style=\"font-family: Arial\"><o:p>\u00a0<\/o:p><\/span><\/p>\n<p style=\"margin: 0cm 0cm 0pt; text-align: justify\" class=\"MsoNormal\"><span style=\"font-family: Arial\"><\/span><\/p>\n<p><span style=\"font-family: Arial\">Seg\u00fan la p\u00e1gina electr\u00f3nica de la di\u00f3cesis de Quer\u00e9taro, el 22 de agosto de 1964 el entonces presidente Manuel \u00c1vila Camacho regulariz\u00f3 la personalidad jur\u00eddica del nosocomio por 50 a\u00f1os, que vencieron en 1996, y en 1998 Ernesto Zedillo Ponce de Le\u00f3n la renov\u00f3 por tiempo indefinido.<o:p><\/o:p><\/span><span style=\"font-family: Arial\"><o:p>\u00a0<\/o:p><\/span><\/p>\n<p style=\"margin: 0cm 0cm 0pt; text-align: justify\" class=\"MsoNormal\"><span style=\"font-family: Arial\"><\/span><\/p>\n<p><span style=\"font-family: Arial\">Sin embargo, desde entonces el hospital dej\u00f3 de operar \u201cpor falta de recursos y lo obsoleto del edificio\u201d, excepto el asilo San Sebasti\u00e1n, con capacidad para 32 personas.<o:p><\/o:p><\/span><span style=\"font-family: Arial\"><o:p>\u00a0<\/o:p><\/span><\/p>\n<p style=\"margin: 0cm 0cm 0pt; text-align: justify\" class=\"MsoNormal\"><span style=\"font-family: Arial\"><\/span><\/p>\n<p><span style=\"font-family: Arial\">La misma p\u00e1gina dice que la misi\u00f3n del nosocomio es dar a personas de escasos recursos atenci\u00f3n integral \u201cal m\u00e1s bajo costo, sin finalidad de lucro\u201d.<o:p><\/o:p><\/span><span style=\"font-family: Arial\"><o:p>\u00a0<\/o:p><\/span><\/p>\n<p style=\"margin: 0cm 0cm 0pt; text-align: justify\" class=\"MsoNormal\"><st1:personname ProductID=\"La Jornada\" w:st=\"on\"><span style=\"font-family: Arial\">\u00a0<\/span><\/st1:personname><\/p>\n<p><st1:personname ProductID=\"La Jornada\" w:st=\"on\"><span style=\"font-family: Arial\">La Jornada<\/span><\/st1:personname><span style=\"font-family: Arial\"> pregunt\u00f3 cu\u00e1nto cuesta una consulta de especialidad en el HSCJ. La persona que atendi\u00f3 la llamada respondi\u00f3 que este centro no da servicio, pero recomend\u00f3 pedir una cita en el Hospital de <st1:personname ProductID=\"la Santa Cruz\" w:st=\"on\">la Santa Cruz<\/st1:personname>, privado, que cobra 200 pesos.<o:p><\/o:p><\/span><span style=\"font-family: Arial\"><o:p>\u00a0<\/o:p><\/span><\/p>\n<p style=\"margin: 0cm 0cm 0pt; text-align: justify\" class=\"MsoNormal\"><span style=\"font-family: Arial\"><\/span><\/p>\n<p><span style=\"font-family: Arial\">Indic\u00f3 que Javier Backmann Soto fue m\u00e9dico del HSCJ y ahora labora en el hospital privado. Para que se respete la tarifa ofrecida, el paciente debe acudir a las oficinas del asilo San Sebasti\u00e1n por \u201cun pase\u201d.<o:p><\/o:p><\/span><span style=\"font-family: Arial\"><o:p>\u00a0<\/o:p><\/span><span style=\"font-family: Arial\"><o:p>\u00a0<\/o:p><\/span><span style=\"font-family: Arial\"><o:p>\u00a0<\/o:p><\/span><span style=\"font-family: Arial\"><o:p>\u00a0<\/o:p><\/span><span style=\"font-family: Arial\"><o:p>\u00a0<\/o:p><\/span><span style=\"font-family: Arial\">Las obras de remodelaci\u00f3n del Hospital del Sagrado Coraz\u00f3n de Jes\u00fas, administrado por un patronato que encabeza el obispo Mario de Gasper\u00edn,<span>\u00a0 <\/span>recibir\u00e1 23 millones de pesos del ayuntamiento de Quer\u00e9taro <o:p><\/o:p><\/span><span style=\"font-family: Arial\"><o:p>\u00a0<\/o:p><\/span><span style=\"font-family: Arial\">El presidente municipal de la capital queretana, el panista Manuel Gonz\u00e1lez Valle, autoriz\u00f3 usar 23 millones de pesos para reconstruir el Hospital del Sagrado Coraz\u00f3n de Jes\u00fas (HSCJ), administrado por un patronato que preside el obispo Mario de Gasper\u00edn Gasper\u00edn.<o:p><\/o:p><\/span><span style=\"font-family: Arial\"><o:p>\u00a0<\/o:p><\/span><span style=\"font-family: Arial\">El alcalde rechaz\u00f3 que se apoye con fondos p\u00fablicos a la di\u00f3cesis de Quer\u00e9taro. Asegur\u00f3 que el ayuntamiento \u201csimple y llanamente\u201d rescatar\u00e1 la infraestructura y que el patronato opera el nosocomio \u201ccon fines sociales\u201d.<o:p><\/o:p><\/span><span style=\"font-family: Arial\"><o:p>\u00a0<\/o:p><\/span><span style=\"font-family: Arial\">El 23 de marzo de 2007 Gonz\u00e1lez Valle firm\u00f3 un convenio de colaboraci\u00f3n con el Fideicomiso Municipal de Salud, que preside Arturo Borbolla Garc\u00eda, y con el patronato del HSCJ, que encabeza De Gasper\u00edn, para reconstruir el hospital, con una erogaci\u00f3n de 12 millones de pesos; sin embargo, la cantidad se duplic\u00f3, seg\u00fan se dijo, por ser un edificio antiguo.<o:p><\/o:p><\/span><span style=\"font-family: Arial\"><o:p>\u00a0<\/o:p><\/span><span style=\"font-family: Arial\">Gonz\u00e1lez Valle indic\u00f3 este martes que el convenio entre el gobierno municipal y el HSCJ es s\u00f3lo para remodelar la infraestructura, y la administraci\u00f3n seguir\u00e1 a cargo del patronato.<o:p><\/o:p><\/span><span style=\"font-family: Arial\"><o:p>\u00a0<\/o:p><\/span><\/p>\n","protected":false},"excerpt":{"rendered":"<p>Gastar\u00e1n $23 millones del erario de Quer\u00e9taro en hospital de la Iglesia\u00a0\u00a0 ? Se duplic\u00f3 el presupuesto inicialmente calculado para la reconstrucci\u00f3n del inmueble\u00a0 ? La administraci\u00f3n seguir\u00e1 a cargo de patronado encabezado por el obispo Mario de Gasper\u00edn\u00a0 ? El centro est\u00e1 fuera de servicio; en junio de 2007 se acord\u00f3 entregarle equipo de [&hellip;]<\/p>\n","protected":false},"author":249,"featured_media":0,"comment_status":"open","ping_status":"closed","sticky":false,"template":"","format":"standard","meta":{"footnotes":""},"categories":[8,10],"tags":[],"class_list":["post-2553","post","type-post","status-publish","format-standard","hentry","category-ciudad-de-queretaro","category-historia"],"_links":{"self":[{"href":"http:\/\/eloficiodehistoriar.com.mx\/index.php?rest_route=\/wp\/v2\/posts\/2553","targetHints":{"allow":["GET"]}}],"collection":[{"href":"http:\/\/eloficiodehistoriar.com.mx\/index.php?rest_route=\/wp\/v2\/posts"}],"about":[{"href":"http:\/\/eloficiodehistoriar.com.mx\/index.php?rest_route=\/wp\/v2\/types\/post"}],"author":[{"embeddable":true,"href":"http:\/\/eloficiodehistoriar.com.mx\/index.php?rest_route=\/wp\/v2\/users\/249"}],"replies":[{"embeddable":true,"href":"http:\/\/eloficiodehistoriar.com.mx\/index.php?rest_route=%2Fwp%2Fv2%2Fcomments&post=2553"}],"version-history":[{"count":0,"href":"http:\/\/eloficiodehistoriar.com.mx\/index.php?rest_route=\/wp\/v2\/posts\/2553\/revisions"}],"wp:attachment":[{"href":"http:\/\/eloficiodehistoriar.com.mx\/index.php?rest_route=%2Fwp%2Fv2%2Fmedia&parent=2553"}],"wp:term":[{"taxonomy":"category","embeddable":true,"href":"http:\/\/eloficiodehistoriar.com.mx\/index.php?rest_route=%2Fwp%2Fv2%2Fcategories&post=2553"},{"taxonomy":"post_tag","embeddable":true,"href":"http:\/\/eloficiodehistoriar.com.mx\/index.php?rest_route=%2Fwp%2Fv2%2Ftags&post=2553"}],"curies":[{"name":"wp","href":"https:\/\/api.w.org\/{rel}","templated":true}]}}