{"id":2554,"date":"2008-10-29T09:51:11","date_gmt":"2008-10-29T14:51:11","guid":{"rendered":"https:\/\/eloficiodehistoriar.com.mx\/?p=2554"},"modified":"2008-10-29T09:51:11","modified_gmt":"2008-10-29T14:51:11","slug":"la-medicina-en-queretaro","status":"publish","type":"post","link":"http:\/\/eloficiodehistoriar.com.mx\/?p=2554","title":{"rendered":"La medicina en Quer\u00e9taro"},"content":{"rendered":"<p><strong><span style=\"font-size: 18pt; font-family: Arial\">Hospital Real en Quer\u00e9taro<o:p><\/o:p><\/span><\/strong><span style=\"font-family: Arial\"><o:p>\u00a0<\/o:p><\/span><\/p>\n<p style=\"margin: 0cm 0cm 0pt; text-align: justify\" class=\"MsoNormal\"><span style=\"font-family: Arial\"><\/span><\/p>\n<p><span style=\"font-family: Arial\"><\/span><\/p>\n<p><span style=\"font-family: Arial\">El Convento Hospital Real de <st1:personname ProductID=\"la Pur\u00edsima Concepci\u00f3n\" w:st=\"on\"><st1:personname ProductID=\"la Pur\u00edsima\" w:st=\"on\">la Pur\u00edsima<\/st1:personname> Concepci\u00f3n<\/st1:personname> sujeto a los religiosos de <st1:personname ProductID=\"la Provincia\" w:st=\"on\">la Provincia<\/st1:personname> de San Hip\u00f3lito Martir de <st1:personname ProductID=\"la Orden\" w:st=\"on\">la Orden<\/st1:personname> de <st1:personname ProductID=\"La Caridad\" w:st=\"on\">La Caridad<\/st1:personname> lo fund\u00f3 en este reino por los a\u00f1os de 1569 el venerable Bernardino Alvarez.<o:p><\/o:p><\/span><span style=\"font-family: Arial\"><o:p>\u00a0<\/o:p><\/span><\/p>\n<p style=\"margin: 0cm 0cm 0pt; text-align: justify\" class=\"MsoNormal\"><span style=\"font-family: Arial\"><\/span><\/p>\n<p><span style=\"font-family: Arial\"><\/span><\/p>\n<p><span style=\"font-family: Arial\">Y el hospital que se haya en el mismo sitio lo fund\u00f3 Diego de Tapia hijo de Con\u00edn el conquistador de esta ciudad, en compa\u00f1\u00eda de otros indios principales del pueblo cerca del a\u00f1o de 1586 y lo estuvieron administrando hasta que habi\u00e9ndose presentado al Rey Fray Juan raz\u00f3n, hermano mayor de la congregaci\u00f3n hospitalaria que era entonces, para que se le adjudicase este hospital para su administraci\u00f3n.<o:p><\/o:p><\/span><span style=\"font-family: Arial\"><o:p>\u00a0<\/o:p><\/span><\/p>\n<p style=\"margin: 0cm 0cm 0pt; text-align: justify\" class=\"MsoNormal\"><span style=\"font-family: Arial\"><\/span><\/p>\n<p><span style=\"font-family: Arial\"><\/span><\/p>\n<p><span style=\"font-family: Arial\">Se le concedi\u00f3 por c\u00e9dula de 20 de mayo de 1622, en que asigna su Majestad para sus gastos y subsistencia el noveno y medio de los diezmos de esta ciudad.<o:p><\/o:p><\/span><span style=\"font-family: Arial\"><o:p>\u00a0<\/o:p><\/span><\/p>\n<p style=\"margin: 0cm 0cm 0pt; text-align: justify\" class=\"MsoNormal\"><span style=\"font-family: Arial\"><\/span><\/p>\n<p><span style=\"font-family: Arial\"><\/span><\/p>\n<p><span style=\"font-family: Arial\">Le dio posesi\u00f3n de \u00e9l en nombre del rey a dicho fraile Juan raz\u00f3n, el d\u00eda 13 de mayo de 1624, Crist\u00f3bal de Portugal Osorio, Alcalde Mayor de este partido y desde entonces se convirti\u00f3 en hospital real sujeto a estos religiosos.<o:p><\/o:p><\/span><span style=\"font-family: Arial\"><o:p>\u00a0<\/o:p><\/span><\/p>\n<p style=\"margin: 0cm 0cm 0pt; text-align: justify\" class=\"MsoNormal\"><span style=\"font-family: Arial\"><\/span><\/p>\n<p><span style=\"font-family: Arial\"><\/span><\/p>\n<p><span style=\"font-family: Arial\">En todo este tiempo fue su f\u00e1brica <span>\u00a0<\/span>de material variado hasta que \u00faltimamente en el a\u00f1o de 1726 se concluy\u00f3 la iglesia que ahora tiene, debido al celo y actividad del Fraile Miguel Valdivieso y Plaza que lo fabric\u00f3 siendo General de <st1:personname ProductID=\"la Orden.\" w:st=\"on\">la Orden.<\/st1:personname><o:p><\/o:p><\/span><span style=\"font-family: Arial\"><o:p>\u00a0<\/o:p><\/span><\/p>\n<p style=\"margin: 0cm 0cm 0pt; text-align: justify\" class=\"MsoNormal\"><span style=\"font-family: Arial\"><\/span><\/p>\n<p><span style=\"font-family: Arial\"><\/span><\/p>\n<p><span style=\"font-family: Arial\">Posteriormente se labraron el convento y la enfermer\u00eda que hoy en d\u00eda existen, cuya obra se termin\u00f3 el 6 de mayo de 1766.<o:p><\/o:p><\/span><span style=\"font-family: Arial\"><o:p>\u00a0<\/o:p><\/span><\/p>\n<p style=\"margin: 0cm 0cm 0pt; text-align: justify\" class=\"MsoNormal\"><span style=\"font-family: Arial\"><\/span><\/p>\n<p><span style=\"font-family: Arial\"><\/span><\/p>\n<p><span style=\"font-family: Arial\">La iglesia aunque es corta, es toda de b\u00f3veda con su cimborrio y esta adornada con varios colaterales, en ella se celebran sus funciones con mucha solemnidad.<o:p><\/o:p><\/span><span style=\"font-family: Arial\"><o:p>\u00a0<\/o:p><\/span><\/p>\n<p style=\"margin: 0cm 0cm 0pt; text-align: justify\" class=\"MsoNormal\"><span style=\"font-family: Arial\"><\/span><\/p>\n<p><span style=\"font-family: Arial\"><\/span><\/p>\n<p><span style=\"font-family: Arial\">El convento y la enfermer\u00eda son tambi\u00e9n reducidos pero muy limpios y aseados y no obstante su cortedad, se cura en ella al cabo del a\u00f1o un gran n\u00famero de enfermos, con el mayor cuidado y esmero con que los atienden y asisten estos buenos y caritativos religiosos.<o:p><\/o:p><\/span><span style=\"font-family: Arial\"><o:p>\u00a0<\/o:p><\/span><\/p>\n<p style=\"margin: 0cm 0cm 0pt; text-align: justify\" class=\"MsoNormal\"><span style=\"font-family: Arial\"><span><\/span><\/span><\/p>\n<p><span style=\"font-family: Arial\"><span><\/span><\/span><\/p>\n<p><span style=\"font-family: Arial\"><span>\u00a0<\/span>Dentro de breve se van a fabricar dos enfermer\u00edas m\u00e1s para que puedan curarse en ellas mayor n\u00famero de enfermos, cuya obra va emprender el fraile Juan Col\u00f3n, actual celoso y vigilante prelado del convento.<o:p><\/o:p><\/span><span style=\"font-family: Arial\"><o:p>\u00a0<\/o:p><\/span><\/p>\n<p style=\"margin: 0cm 0cm 0pt; text-align: justify\" class=\"MsoNormal\"><span style=\"font-family: Arial\"><\/span><\/p>\n<p><span style=\"font-family: Arial\"><\/span><\/p>\n<p><span style=\"font-family: Arial\">En este hospital han florecido muchos religiosos venerables por su virtud y grande caridad con los pobres enfermos, entre ellos se han distinguido el gran siervo de Dios Fray Bartolom\u00e9 Natera, insigne m\u00e9dico cirujano, anat\u00f3mico y boticario, dej\u00f3 varios escritos sobre la virtud y naturaleza de algunas hierbas.<o:p><\/o:p><\/span><\/p>\n","protected":false},"excerpt":{"rendered":"<p>Hospital Real en Quer\u00e9taro\u00a0 El Convento Hospital Real de la Pur\u00edsima Concepci\u00f3n sujeto a los religiosos de la Provincia de San Hip\u00f3lito Martir de la Orden de La Caridad lo fund\u00f3 en este reino por los a\u00f1os de 1569 el venerable Bernardino Alvarez.\u00a0 Y el hospital que se haya en el mismo sitio lo fund\u00f3 [&hellip;]<\/p>\n","protected":false},"author":249,"featured_media":0,"comment_status":"open","ping_status":"closed","sticky":false,"template":"","format":"standard","meta":{"footnotes":""},"categories":[8,10],"tags":[],"class_list":["post-2554","post","type-post","status-publish","format-standard","hentry","category-ciudad-de-queretaro","category-historia"],"_links":{"self":[{"href":"http:\/\/eloficiodehistoriar.com.mx\/index.php?rest_route=\/wp\/v2\/posts\/2554","targetHints":{"allow":["GET"]}}],"collection":[{"href":"http:\/\/eloficiodehistoriar.com.mx\/index.php?rest_route=\/wp\/v2\/posts"}],"about":[{"href":"http:\/\/eloficiodehistoriar.com.mx\/index.php?rest_route=\/wp\/v2\/types\/post"}],"author":[{"embeddable":true,"href":"http:\/\/eloficiodehistoriar.com.mx\/index.php?rest_route=\/wp\/v2\/users\/249"}],"replies":[{"embeddable":true,"href":"http:\/\/eloficiodehistoriar.com.mx\/index.php?rest_route=%2Fwp%2Fv2%2Fcomments&post=2554"}],"version-history":[{"count":0,"href":"http:\/\/eloficiodehistoriar.com.mx\/index.php?rest_route=\/wp\/v2\/posts\/2554\/revisions"}],"wp:attachment":[{"href":"http:\/\/eloficiodehistoriar.com.mx\/index.php?rest_route=%2Fwp%2Fv2%2Fmedia&parent=2554"}],"wp:term":[{"taxonomy":"category","embeddable":true,"href":"http:\/\/eloficiodehistoriar.com.mx\/index.php?rest_route=%2Fwp%2Fv2%2Fcategories&post=2554"},{"taxonomy":"post_tag","embeddable":true,"href":"http:\/\/eloficiodehistoriar.com.mx\/index.php?rest_route=%2Fwp%2Fv2%2Ftags&post=2554"}],"curies":[{"name":"wp","href":"https:\/\/api.w.org\/{rel}","templated":true}]}}