{"id":2558,"date":"2008-10-29T10:11:07","date_gmt":"2008-10-29T15:11:07","guid":{"rendered":"https:\/\/eloficiodehistoriar.com.mx\/?p=2558"},"modified":"2008-10-29T10:11:07","modified_gmt":"2008-10-29T15:11:07","slug":"%c2%bfcual-crisis-regalan-millones-diario","status":"publish","type":"post","link":"http:\/\/eloficiodehistoriar.com.mx\/?p=2558","title":{"rendered":"\u00bfCual crisis? Regalan millones diario"},"content":{"rendered":"<p align=\"center\" style=\"margin: 0cm 0cm 0pt; text-align: center\" class=\"MsoNormal\"><strong><span style=\"font-size: 18pt; font-family: Arial\">Nace fundaci\u00f3n para divulgar <\/span><\/strong><\/p>\n<p align=\"center\" style=\"margin: 0cm 0cm 0pt; text-align: center\" class=\"MsoNormal\"><strong><span style=\"font-size: 18pt; font-family: Arial\"><\/span><\/strong><\/p>\n<p align=\"center\" style=\"margin: 0cm 0cm 0pt; text-align: center\" class=\"MsoNormal\"><strong><span style=\"font-size: 18pt; font-family: Arial\">el saber acad\u00e9mico <\/span><\/strong><\/p>\n<p align=\"center\" style=\"margin: 0cm 0cm 0pt; text-align: center\" class=\"MsoNormal\"><strong><span style=\"font-size: 18pt; font-family: Arial\"><\/span><\/strong><\/p>\n<p><strong><span style=\"font-size: 18pt; font-family: Arial\">en beneficio de la comunidad<o:p><\/o:p><\/span><\/strong><strong><span style=\"font-size: 18pt; font-family: Arial\"><o:p>\u00a0<\/o:p><\/span><\/strong><strong><span style=\"font-family: Arial\"><o:p>\u00a0<\/o:p><\/span><\/strong><\/p>\n<p style=\"margin: 0cm 0cm 0pt; text-align: justify\" class=\"MsoNormal\"><strong><span style=\"font-family: Arial\"><\/span><\/strong><\/p>\n<p><strong><span style=\"font-family: Arial\">Arturo Garc\u00eda Hern\u00e1ndez <o:p><\/o:p><\/span><\/strong><span style=\"font-family: Arial\"><o:p>\u00a0<\/o:p><\/span><\/p>\n<p style=\"margin: 0cm 0cm 0pt; text-align: justify\" class=\"MsoNormal\"><st1:personname ProductID=\"La Jornada\" w:st=\"on\"><span style=\"font-family: Arial\">\u00a0<\/span><\/st1:personname><\/p>\n<p><st1:personname ProductID=\"La Jornada\" w:st=\"on\"><span style=\"font-family: Arial\">La Jornada<\/span><\/st1:personname><span style=\"font-family: Arial\"><o:p><\/o:p><\/span><span style=\"font-family: Arial\"><o:p>\u00a0<\/o:p><\/span><\/p>\n<p style=\"margin: 0cm 0cm 0pt; text-align: justify\" class=\"MsoNormal\"><span style=\"font-family: Arial\"><\/span><\/p>\n<p><span style=\"font-family: Arial\">? El anuncio se hizo en el contexto de la celebraci\u00f3n por los 20 a\u00f1os del sello Plaza y Vald\u00e9s<o:p><\/o:p><\/span><span style=\"font-family: Arial\"><o:p>\u00a0<\/o:p><\/span><\/p>\n<p style=\"margin: 0cm 0cm 0pt; text-align: justify\" class=\"MsoNormal\"><span style=\"font-family: Arial\"><\/span><\/p>\n<p><span style=\"font-family: Arial\">Ahora \u201cdicen que vivimos en una crisis, pero de ning\u00fan modo lo es, parece, eso nos dicen, pero no es, \u00bfc\u00f3mo puede haber crisis si el Banco de M\u00e9xico regala mil millones de d\u00f3lares diarios a los banqueros?\u201d<o:p><\/o:p><\/span><span style=\"font-family: Arial\"><o:p>\u00a0<\/o:p><\/span><\/p>\n<p style=\"margin: 0cm 0cm 0pt; text-align: justify\" class=\"MsoNormal\"><span style=\"font-family: Arial\"><\/span><\/p>\n<p><span style=\"font-family: Arial\">Mientras tanto, \u201cse entreg\u00f3 a <st1:personname ProductID=\"la C\u00e1mara\" w:st=\"on\">la C\u00e1mara<\/st1:personname> de Diputados un proyecto de presupuesto federal para 2009 que, entre otras cosas, aumenta desproporcionadamente el gasto en armamento\u201d.<o:p><\/o:p><\/span><span style=\"font-family: Arial\"><o:p>\u00a0<\/o:p><\/span><span style=\"font-family: Arial\"><o:p>\u00a0<\/o:p><\/span><\/p>\n<p style=\"margin: 0cm 0cm 0pt; text-align: justify\" class=\"MsoNormal\"><span style=\"font-family: Arial\"><\/span><\/p>\n<p><span style=\"font-family: Arial\">En el contexto de la celebraci\u00f3n del vig\u00e9simo aniversario de la editorial Plaza y Vald\u00e9s, ayer se dio a conocer el nacimiento de <st1:personname ProductID=\"la Fundaci\u00f3n Acci\u00f3n\" w:st=\"on\">la Fundaci\u00f3n Acci\u00f3n<\/st1:personname> Acad\u00e9mica\/ Fernando Vald\u00e9s, que tiene como objetivo principal \u201cla divulgaci\u00f3n del conocimiento acad\u00e9mico\u201d y favorecer \u201csu utilizaci\u00f3n en beneficio de la comunidad, sugiriendo a los gobiernos que utilicen sus trabajos de investigaci\u00f3n\u201d.<o:p><\/o:p><\/span><span style=\"font-family: Arial\"><o:p>\u00a0<\/o:p><\/span><\/p>\n<p style=\"margin: 0cm 0cm 0pt; text-align: justify\" class=\"MsoNormal\"><span style=\"font-family: Arial\"><\/span><\/p>\n<p><span style=\"font-family: Arial\">Durante una ceremonia efectuada en la sede del Club de Periodistas, el propio director general de la editorial, Fernando Vald\u00e9s, fue quien inform\u00f3 de las acciones y objetivos de la naciente fundaci\u00f3n: \u201cEs una organizaci\u00f3n privada, sin \u00e1nimo de lucro que gestiona fondos y programas para llevar a cabo actividades preventivas y de investigaci\u00f3n acad\u00e9micas, educativas, sociales\u201d.<o:p><\/o:p><\/span><span style=\"font-family: Arial\"><o:p>\u00a0<\/o:p><\/span><\/p>\n<p style=\"margin: 0cm 0cm 0pt; text-align: justify\" class=\"MsoNormal\"><span style=\"font-family: Arial\"><\/span><\/p>\n<p><span style=\"font-family: Arial\">Entre sus principales acciones, Vald\u00e9s mencion\u00f3 la creaci\u00f3n de <st1:personname ProductID=\"la Biblioteca\" w:st=\"on\">la Biblioteca<\/st1:personname> de los Acad\u00e9micos; rescatar obras \u201cimprescindibles\u201d y publicarlas con Plaza y Vald\u00e9s; crear una base de datos acad\u00e9micos de todo el mundo; crear una p\u00e1gina web que sirva como red entre acad\u00e9micos que los vincule por \u00e1reas de inter\u00e9s, pa\u00eds, idioma, temas de investigaci\u00f3n; gesti\u00f3n de becas; organizaci\u00f3n de cursos, congresos, concursos, y ofrecer asesor\u00eda acad\u00e9mica a distintas instancias de gobierno.<o:p><\/o:p><\/span><span style=\"font-family: Arial\"><o:p>\u00a0<\/o:p><\/span><\/p>\n<p style=\"margin: 0cm 0cm 0pt; text-align: justify\" class=\"MsoNormal\"><span style=\"font-family: Arial\"><\/span><\/p>\n<p><span style=\"font-family: Arial\">Previo al anuncio, se hizo una relaci\u00f3n de las acciones y principales logros de la editorial, que en dos d\u00e9cadas ha publicado mil 500 t\u00edtulos de temas diversos, pero en los que se destacan las ciencias sociales y las humanidades.<o:p><\/o:p><\/span><span style=\"font-family: Arial\"><o:p>\u00a0<\/o:p><\/span><\/p>\n<p style=\"margin: 0cm 0cm 0pt; text-align: justify\" class=\"MsoNormal\"><span style=\"font-family: Arial\"><\/span><\/p>\n<p><span style=\"font-family: Arial\">Emma Paniagua Rold\u00e1n, acad\u00e9mica universitaria y editora especializada en ciencias sociales y educaci\u00f3n, destac\u00f3 la labor de Plaza y Vald\u00e9s de ofrecer t\u00edtulos en esas materias, que de otra manera dif\u00edcilmente habr\u00edan sido publicados.<o:p><\/o:p><\/span><span style=\"font-family: Arial\"><o:p>\u00a0<\/o:p><\/span><\/p>\n<p style=\"margin: 0cm 0cm 0pt; text-align: justify\" class=\"MsoNormal\"><span style=\"font-family: Arial\"><\/span><\/p>\n<p><span style=\"font-family: Arial\">Arturo Salcido Beltr\u00e1n, economista por el Instituto Polit\u00e9cnico Nacional, presidente del Colegio Nacional de Economistas y actual director de Publicaciones del IPN, dijo que en el actual contexto socioecon\u00f3mico, que una editorial como Plaza y Vald\u00e9s llegue a 20 a\u00f1os, \u201ces sin duda motivo de gran satisfacci\u00f3n\u201d.<o:p><\/o:p><\/span><span style=\"font-family: Arial\"><o:p>\u00a0<\/o:p><\/span><\/p>\n<p style=\"margin: 0cm 0cm 0pt; text-align: justify\" class=\"MsoNormal\"><span style=\"font-family: Arial\"><\/span><\/p>\n<p><span style=\"font-family: Arial\">Este pa\u00eds \u201cpobre, todav\u00eda salvaje, subdesarrollado, cada d\u00eda y sobre todo en los a\u00f1os recientes, enfrenta una impresionante ofensiva de derecha, de oscurantismo, de violencia institucional\u201d.<o:p><\/o:p><\/span><span style=\"font-family: Arial\"><o:p>\u00a0<\/o:p><\/span><\/p>\n<p style=\"margin: 0cm 0cm 0pt; text-align: justify\" class=\"MsoNormal\"><span style=\"font-family: Arial\"><\/span><\/p>\n<p><span style=\"font-family: Arial\">El resultado de eso es que \u201ctodos los medios de difusi\u00f3n del pa\u00eds est\u00e9n dedicados principalmente a la nota roja; los tiempos de discusi\u00f3n, an\u00e1lisis y noticias, s\u00f3lo tienen que ver con la sangre\u201d.<o:p><\/o:p><\/span><\/p>\n","protected":false},"excerpt":{"rendered":"<p>Nace fundaci\u00f3n para divulgar el saber acad\u00e9mico en beneficio de la comunidad\u00a0\u00a0 Arturo Garc\u00eda Hern\u00e1ndez \u00a0 \u00a0 La Jornada\u00a0 ? El anuncio se hizo en el contexto de la celebraci\u00f3n por los 20 a\u00f1os del sello Plaza y Vald\u00e9s\u00a0 Ahora \u201cdicen que vivimos en una crisis, pero de ning\u00fan modo lo es, parece, eso nos [&hellip;]<\/p>\n","protected":false},"author":249,"featured_media":0,"comment_status":"open","ping_status":"closed","sticky":false,"template":"","format":"standard","meta":{"footnotes":""},"categories":[26],"tags":[],"class_list":["post-2558","post","type-post","status-publish","format-standard","hentry","category-mundo"],"_links":{"self":[{"href":"http:\/\/eloficiodehistoriar.com.mx\/index.php?rest_route=\/wp\/v2\/posts\/2558","targetHints":{"allow":["GET"]}}],"collection":[{"href":"http:\/\/eloficiodehistoriar.com.mx\/index.php?rest_route=\/wp\/v2\/posts"}],"about":[{"href":"http:\/\/eloficiodehistoriar.com.mx\/index.php?rest_route=\/wp\/v2\/types\/post"}],"author":[{"embeddable":true,"href":"http:\/\/eloficiodehistoriar.com.mx\/index.php?rest_route=\/wp\/v2\/users\/249"}],"replies":[{"embeddable":true,"href":"http:\/\/eloficiodehistoriar.com.mx\/index.php?rest_route=%2Fwp%2Fv2%2Fcomments&post=2558"}],"version-history":[{"count":0,"href":"http:\/\/eloficiodehistoriar.com.mx\/index.php?rest_route=\/wp\/v2\/posts\/2558\/revisions"}],"wp:attachment":[{"href":"http:\/\/eloficiodehistoriar.com.mx\/index.php?rest_route=%2Fwp%2Fv2%2Fmedia&parent=2558"}],"wp:term":[{"taxonomy":"category","embeddable":true,"href":"http:\/\/eloficiodehistoriar.com.mx\/index.php?rest_route=%2Fwp%2Fv2%2Fcategories&post=2558"},{"taxonomy":"post_tag","embeddable":true,"href":"http:\/\/eloficiodehistoriar.com.mx\/index.php?rest_route=%2Fwp%2Fv2%2Ftags&post=2558"}],"curies":[{"name":"wp","href":"https:\/\/api.w.org\/{rel}","templated":true}]}}