{"id":2559,"date":"2008-10-29T10:21:35","date_gmt":"2008-10-29T15:21:35","guid":{"rendered":"https:\/\/eloficiodehistoriar.com.mx\/?p=2559"},"modified":"2008-10-29T10:21:35","modified_gmt":"2008-10-29T15:21:35","slug":"volver-a-trento","status":"publish","type":"post","link":"http:\/\/eloficiodehistoriar.com.mx\/?p=2559","title":{"rendered":"VOLVER A TRENTO"},"content":{"rendered":"<p><strong><span style=\"font-size: 9pt; font-family: Arial\" lang=\"ES\">Ahora que vuelve a proponerse que la misa se recite en lat\u00edn y ya no se busca el proselitismo entre los infieles, sino el discipulado entre los miembros que permanezcan dentro de <st1:personname ProductID=\"la Iglesia\" w:st=\"on\">la Iglesia<\/st1:personname>, bien vale la pena recordar este concilio Tridentino, que combati\u00f3 la reforma protestante y se celebr\u00f3 durante la invasi\u00f3n de Occidente en Am\u00e9rica.<o:p><\/o:p><\/span><\/strong><strong><span style=\"font-size: 9pt; font-family: Arial\" lang=\"ES\"><o:p>\u00a0<\/o:p><\/span><\/strong><\/p>\n<p align=\"right\" style=\"margin: 0cm 0cm 0pt; text-align: right\" class=\"MsoNormal\"><strong><em><span style=\"font-size: 10pt; font-family: Arial\" lang=\"ES\"><\/span><\/em><\/strong><\/p>\n<p><strong><em><span style=\"font-size: 10pt; font-family: Arial\" lang=\"ES\">Jos\u00e9 <span>\u00a0<\/span>F\u00e9lix Zavala<o:p><\/o:p><\/span><\/em><\/strong><strong><em><span style=\"font-size: 10pt; font-family: Arial\" lang=\"ES\"><o:p>\u00a0<\/o:p><\/span><\/em><\/strong><\/p>\n<p align=\"center\" style=\"margin: 0cm 0cm 0pt; text-align: center\" class=\"MsoNormal\"><strong><span style=\"font-size: 24pt; font-family: Arial\" lang=\"ES\"><\/span><\/strong><\/p>\n<p><strong><span style=\"font-size: 24pt; font-family: Arial\" lang=\"ES\">Volver a Trento<o:p><\/o:p><\/span><\/strong><span style=\"font-family: Arial\" lang=\"ES\"><o:p>\u00a0<\/o:p><\/span><\/p>\n<p style=\"margin: 0cm 0cm 0pt; text-align: justify\" class=\"MsoNormal\"><strong><span style=\"font-family: Arial\" lang=\"ES\"><\/span><\/strong><\/p>\n<p><strong><span style=\"font-family: Arial\" lang=\"ES\">El <span>\u00a0<\/span>gran Concilio de Trento, que se celebr\u00f3 en distintas fases y lugares entre 1545 y 1563. <o:p><\/o:p><\/span><\/strong><strong><span style=\"font-family: Arial\" lang=\"ES\"><o:p>\u00a0<\/o:p><\/span><\/strong><v:shapetype coordsize=\"21600,21600\" o:spt=\"202\" path=\"m,l,21600r21600,l21600,xe\" id=\"_x0000_t202\"><v:stroke joinstyle=\"miter\"><\/v:stroke><v:path gradientshapeok=\"t\" o:connecttype=\"rect\"><\/v:path><\/v:shapetype><v:shape type=\"#_x0000_t202\" strokeweight=\"6pt\" style=\"margin-top: 20.7pt; z-index: 1; left: 0px; margin-left: 9pt; width: 191.4pt; position: absolute; height: 121.95pt; text-align: left\" id=\"_x0000_s1026\"><v:textbox><\/p>\n<table width=\"100%\" cellPadding=\"0\" cellSpacing=\"0\">\n<tr>\n<td style=\"background-color: transparent; border: #e2e2e2\">\n<p style=\"margin: 0cm 0cm 0pt\" class=\"MsoNormal\"><span style=\"font-family: Arial\" lang=\"ES\"><v:shapetype o:preferrelative=\"t\" filled=\"f\" stroked=\"f\" coordsize=\"21600,21600\" o:spt=\"75\" path=\"m@4@5l@4@11@9@11@9@5xe\" id=\"_x0000_t75\"><v:stroke joinstyle=\"miter\"><\/v:stroke><v:formulas><v:f eqn=\"if lineDrawn pixelLineWidth 0\"><\/v:f><v:f eqn=\"sum @0 1 0\"><\/v:f><v:f eqn=\"sum 0 0 @1\"><\/v:f><v:f eqn=\"prod @2 1 2\"><\/v:f><v:f eqn=\"prod @3 21600 pixelWidth\"><\/v:f><v:f eqn=\"prod @3 21600 pixelHeight\"><\/v:f><v:f eqn=\"sum @0 0 1\"><\/v:f><v:f eqn=\"prod @6 1 2\"><\/v:f><v:f eqn=\"prod @7 21600 pixelWidth\"><\/v:f><v:f eqn=\"sum @8 21600 0\"><\/v:f><v:f eqn=\"prod @7 21600 pixelHeight\"><\/v:f><v:f eqn=\"sum @10 21600 0\"><\/v:f><\/v:formulas><v:path o:extrusionok=\"f\" gradientshapeok=\"t\" o:connecttype=\"rect\"><\/v:path><o:lock v:ext=\"edit\" aspectratio=\"t\"><\/o:lock><\/v:shapetype><v:shape type=\"#_x0000_t75\" style=\"width: 171pt; height: 108.75pt\" id=\"_x0000_i1025\"><v:imagedata src=\"file:\/\/\/C:\\Windows\\Temp\\msohtml1\\01\\clip_image001.jpg\" o:title=\"papa\"><\/v:imagedata><\/v:shape><o:p><\/o:p><\/span><\/p>\n<\/td>\n<\/tr>\n<\/table>\n<p><\/v:textbox><w:wrap type=\"square\"><\/w:wrap><\/v:shape><span style=\"font-family: Arial\" lang=\"ES\">\u00a0<\/span><span style=\"font-family: Arial\" lang=\"ES\">Convocado por Pablo III el 22 de mayo de 1545 con la bula Initio nostri huius pontificati, el Concilio comenzaba en Trento el 13 de diciembre de 1545 con la participaci\u00f3n de personal casi exclusivamente eclesi\u00e1stico: 4 cardenales, 4 arzobispos, 21 obispos, los generales de las \u00f3rdenes agustinas, carmelitas, de los Siervos de Mar\u00eda, as\u00ed como de las dos \u00f3rdenes franciscanas, 42 te\u00f3logos y 8 juristas.<o:p><\/o:p><\/span><span style=\"font-family: Arial\" lang=\"ES\"><o:p>\u00a0<\/o:p><\/span><\/p>\n<p style=\"margin: 0cm 0cm 0pt; text-align: justify\" class=\"MsoNormal\"><span style=\"font-family: Arial\" lang=\"ES\"><\/span><\/p>\n<p><span style=\"font-family: Arial\" lang=\"ES\">El Concilio, seg\u00fan las peticiones luteranas, se celebraba lejos de Roma, pero su composici\u00f3n delataba una formaci\u00f3n italiana y \u00abpapal\u00bb. De ah\u00ed los innumerables enfrentamientos entre cat\u00f3licos y luteranos, gobernados alternadamente por Carlos V y los pont\u00edfices romanos, con la intenci\u00f3n de obtener mayor representaci\u00f3n en el mismo que los Estados del Imperio y sobre todo mayor que el \u00e1rea alemana.<o:p><\/o:p><\/span><span style=\"font-family: Arial\" lang=\"ES\"><o:p>\u00a0<\/o:p><\/span><\/p>\n<p style=\"margin: 0cm 0cm 0pt; text-align: justify\" class=\"MsoNormal\"><span style=\"font-family: Arial\" lang=\"ES\"><\/span><\/p>\n<p><span style=\"font-family: Arial\" lang=\"ES\">Como es bien sabido, la sede del Concilio se traslad\u00f3 en marzo de <st1:metricconverter ProductID=\"1547 a\" w:st=\"on\">1547 a<\/st1:metricconverter> Bolonia, por deseo de los legados pontificios (Cervini, Pole, Del Monte), y <st1:personname ProductID=\"la Asamblea\" w:st=\"on\">la Asamblea<\/st1:personname> continu\u00f3 con sus trabajos en la ciudad del Estado de <st1:personname ProductID=\"la Iglesia\" w:st=\"on\">la Iglesia<\/st1:personname> (con una disidencia encabezada por el cardenal Pedro Pacheco que se hab\u00eda quedado en Trento), celebrando s\u00f3lo dos sesiones, pero temiendo las reacciones imperiales (ya que Carlos V hab\u00eda estado totalmente en contra del traslado a Bolonia), y abord\u00f3 \u00fanicamente cuestiones teol\u00f3gicas sin publicar sus decretos.<o:p><\/o:p><\/span><span style=\"font-family: Arial\" lang=\"ES\"><o:p>\u00a0<\/o:p><\/span><\/p>\n<p style=\"margin: 0cm 0cm 0pt; text-align: justify\" class=\"MsoNormal\"><span style=\"font-family: Arial\" lang=\"ES\"><\/span><\/p>\n<p><span style=\"font-family: Arial\" lang=\"ES\">En <st1:metricconverter ProductID=\"1548, a\" w:st=\"on\">1548, a<\/st1:metricconverter> trav\u00e9s de sus oradores, el emperador protest\u00f3 formalmente ante el papa por el traslado del Concilio y Pablo III, el 1 de febrero de 1548, reclam\u00f3 la decisi\u00f3n sobre el concilio, mientras una parte de los obispos \u00abimperiales\u00bb permanec\u00eda en Trento. <o:p><\/o:p><\/span><span style=\"font-family: Arial\" lang=\"ES\"><o:p>\u00a0<\/o:p><\/span><\/p>\n<p style=\"margin: 0cm 0cm 0pt; text-align: justify\" class=\"MsoNormal\"><span style=\"font-family: Arial\" lang=\"ES\"><\/span><\/p>\n<p><span style=\"font-family: Arial\" lang=\"ES\">Julio III, que sucedi\u00f3 a Pablo III el 7 de febrero de 1550, con la bula Cum ad tollenda del 14 de noviembre de 1550 dispon\u00eda que la sede del Concilio volviera a ser Trento y fijaba la reapertura para el 1 de mayo de 1551 (pero los trabajos comenzaron efectivamente s\u00f3lo en septiembre).<o:p><\/o:p><\/span><span style=\"font-family: Arial\" lang=\"ES\"><o:p>\u00a0<\/o:p><\/span><\/p>\n<p style=\"margin: 0cm 0cm 0pt; text-align: justify\" class=\"MsoNormal\"><span style=\"font-family: Arial\" lang=\"ES\"><\/span><\/p>\n<p><span style=\"font-family: Arial\" lang=\"ES\">Sin embargo, <st1:personname ProductID=\"la Asamblea\" w:st=\"on\">la Asamblea<\/st1:personname> se tuvo que disolver de nuevo en abril de <st1:metricconverter ProductID=\"1552 a\" w:st=\"on\">1552 a<\/st1:metricconverter> causa de los des\u00f3rdenes que se produjeron en la ciudad contra el emperador por obra de Mauricio de Sajonia (Trento ya no parec\u00eda un lugar libre y seguro para los padres por estar demasiado cerca de Alemania). Mientras tanto, Julio III entre 1552 y 1554 pensaba publicar y aplicar una parte de los decretos de la reforma, hasta el punto que ya se hab\u00edan discutido cuestiones relevantes: modalidades de celebraci\u00f3n del Concilio, s\u00edmbolo niceno-constantinopolitano, formaci\u00f3n del clero, predicaci\u00f3n, justificaci\u00f3n, gracia, doctrina de los sacramentos de <st1:personname ProductID=\"la Eucarist?a\" w:st=\"on\">la Eucarist\u00eda<\/st1:personname>, de <st1:personname ProductID=\"la Penitencia\" w:st=\"on\">la Penitencia<\/st1:personname>, de <st1:personname ProductID=\"la Extrema Unci?n\" w:st=\"on\">la Extrema Unci\u00f3n<\/st1:personname> y del Matrimonio. La muerte del pont\u00edfice (23 de marzo de 1555) impidi\u00f3 la aplicaci\u00f3n de este proyecto. <o:p><\/o:p><\/span><span style=\"font-family: Arial\" lang=\"ES\"><o:p>\u00a0<\/o:p><\/span><\/p>\n<p style=\"margin: 0cm 0cm 0pt; text-align: justify\" class=\"MsoNormal\"><span style=\"font-family: Arial\" lang=\"ES\"><\/span><\/p>\n<p><span style=\"font-family: Arial\" lang=\"ES\">El sucesor de Julio III, Marcello Cervini, que se llam\u00f3 Marcelo II (9 de abril \u2013 1 de mayo de 1555) vivi\u00f3 demasiado poco para poder ocuparse de la reanudaci\u00f3n del Concilio; tampoco Pablo IV (23 de mayo de 1555 \u2013 18 de agosto de 1559) tuvo la ocasi\u00f3n o la voluntad de reanudar el concilio y parece ser que pensaba resolver el problema de la reforma mediante una comisi\u00f3n que se deb\u00eda reunir en Roma. <o:p><\/o:p><\/span><span style=\"font-family: Arial\" lang=\"ES\"><span>\u00a0<\/span><o:p><\/o:p><\/span><\/p>\n<p style=\"margin: 0cm 0cm 0pt; text-align: justify\" class=\"MsoNormal\"><span style=\"font-family: Arial\" lang=\"ES\"><span><\/span><\/span><\/p>\n<p><span style=\"font-family: Arial\" lang=\"ES\"><span>\u00a0<\/span>S\u00f3lo P\u00edo IV (26 de diciembre de 1559 &#8211; 9 de diciembre de 1565) logr\u00f3 convocar de nuevo el concilio en Trento mediante la bula Ad Ecclesiae regimen del 29 de noviembre de 1560 para el que se conocer\u00e1 como su tercer y \u00faltimo periodo 1561 \u2013 1563. Estaban invitados al Concilio en calidad de legados los cardinales Ercole Gonzaga, Giacomo Puteo (que, sin embargo, a causa de su enfermedad no lleg\u00f3 a cumplir el encargo) y poco m\u00e1s tarde Gerolamo Seripando, Stanislao Hosio, Ludovico Simonetta y finalmente Marco Sittich von Hohenems.<o:p><\/o:p><\/span><span style=\"font-family: Arial\" lang=\"ES\"><o:p>\u00a0<\/o:p><\/span><\/p>\n<p style=\"margin: 0cm 0cm 0pt; text-align: justify\" class=\"MsoNormal\"><span style=\"font-family: Arial\" lang=\"ES\"><\/span><\/p>\n<p><span style=\"font-family: Arial\" lang=\"ES\">En la pr\u00e1ctica las sesiones conciliares se reanudaron en diciembre de 1562 y se prolongaron, por motivos varios, hasta el 3 de diciembre de 1563, d\u00eda en el que se promulgaron los decretos sobre el purgatorio, las indulgencias y el culto a los santos. La aplicaci\u00f3n de las decisiones del Concilio comenz\u00f3 con la confirmaci\u00f3n de todos los decretos, sin excepci\u00f3n, realizada por P\u00edo IV mediante la bula Benedictus Deus del 26 de enero de 1564. <o:p><\/o:p><\/span><span style=\"font-family: Arial\" lang=\"ES\"><o:p>\u00a0<\/o:p><\/span><\/p>\n<p style=\"margin: 0cm 0cm 0pt; text-align: justify\" class=\"MsoNormal\"><span style=\"font-family: Arial\" lang=\"ES\"><\/span><\/p>\n<p><span style=\"font-family: Arial\" lang=\"ES\">Es bien conocido el grado de influencia de los decretos conciliares tridentinos sobre la vida y la estructura de <st1:personname ProductID=\"la Iglesia\" w:st=\"on\">la Iglesia<\/st1:personname> cat\u00f3lica hasta el \u00faltimo Concilio Ecum\u00e9nico Vaticano II. <o:p><\/o:p><\/span><span style=\"font-family: Arial\" lang=\"ES\"><o:p>\u00a0<\/o:p><\/span><\/p>\n<p style=\"margin: 0cm 0cm 0pt; text-align: justify\" class=\"MsoNormal\"><strong><span style=\"font-family: Arial\" lang=\"ES\"><\/span><\/strong><\/p>\n<p><strong><span style=\"font-family: Arial\" lang=\"ES\">Fuentes:<o:p><\/o:p><\/span><\/strong><span style=\"font-family: Arial\" lang=\"ES\"><o:p>\u00a0<\/o:p><\/span><\/p>\n<p style=\"margin: 0cm 0cm 0pt; text-align: justify\" class=\"MsoNormal\"><span style=\"font-size: 10pt; font-family: Arial\" lang=\"ES\"><\/span><\/p>\n<p><span style=\"font-size: 10pt; font-family: Arial\" lang=\"ES\">El diario original del secretario del Concilio, Angelo Massarelli (1510-1566), que registr\u00f3 los eventos que se produjeron cada d\u00eda durante las sesiones, los numerosos registros de Actas Conciliares, las cartas originales de distintos pr\u00edncipes para acreditar a sus representantes en el Concilio y muchas cosas m\u00e1s. <o:p><\/o:p><\/span><span style=\"font-size: 10pt; font-family: Arial\" lang=\"ES\"><span>\u00a0<\/span><o:p><\/o:p><\/span><\/p>\n<p style=\"margin: 0cm 0cm 0pt; text-align: justify\" class=\"MsoNormal\"><span style=\"font-size: 10pt; font-family: Arial\" lang=\"ES\"><\/span><\/p>\n<p><span style=\"font-size: 10pt; font-family: Arial\" lang=\"ES\">Diario del Concilio de Trento de Angelo Massarelli (Trento, febrero de 1545 \u2013 septiembre de 1551)<o:p><\/o:p><\/span><span style=\"font-size: 10pt; font-family: Arial\" lang=\"ES\"><span>\u00a0<\/span><o:p><\/o:p><\/span><span style=\"font-size: 10pt; font-family: Arial\" lang=\"ES\"><o:p>\u00a0<\/o:p><\/span><\/p>\n","protected":false},"excerpt":{"rendered":"<p>Ahora que vuelve a proponerse que la misa se recite en lat\u00edn y ya no se busca el proselitismo entre los infieles, sino el discipulado entre los miembros que permanezcan dentro de la Iglesia, bien vale la pena recordar este concilio Tridentino, que combati\u00f3 la reforma protestante y se celebr\u00f3 durante la invasi\u00f3n de Occidente [&hellip;]<\/p>\n","protected":false},"author":249,"featured_media":0,"comment_status":"open","ping_status":"closed","sticky":false,"template":"","format":"standard","meta":{"footnotes":""},"categories":[10],"tags":[],"class_list":["post-2559","post","type-post","status-publish","format-standard","hentry","category-historia"],"_links":{"self":[{"href":"http:\/\/eloficiodehistoriar.com.mx\/index.php?rest_route=\/wp\/v2\/posts\/2559","targetHints":{"allow":["GET"]}}],"collection":[{"href":"http:\/\/eloficiodehistoriar.com.mx\/index.php?rest_route=\/wp\/v2\/posts"}],"about":[{"href":"http:\/\/eloficiodehistoriar.com.mx\/index.php?rest_route=\/wp\/v2\/types\/post"}],"author":[{"embeddable":true,"href":"http:\/\/eloficiodehistoriar.com.mx\/index.php?rest_route=\/wp\/v2\/users\/249"}],"replies":[{"embeddable":true,"href":"http:\/\/eloficiodehistoriar.com.mx\/index.php?rest_route=%2Fwp%2Fv2%2Fcomments&post=2559"}],"version-history":[{"count":0,"href":"http:\/\/eloficiodehistoriar.com.mx\/index.php?rest_route=\/wp\/v2\/posts\/2559\/revisions"}],"wp:attachment":[{"href":"http:\/\/eloficiodehistoriar.com.mx\/index.php?rest_route=%2Fwp%2Fv2%2Fmedia&parent=2559"}],"wp:term":[{"taxonomy":"category","embeddable":true,"href":"http:\/\/eloficiodehistoriar.com.mx\/index.php?rest_route=%2Fwp%2Fv2%2Fcategories&post=2559"},{"taxonomy":"post_tag","embeddable":true,"href":"http:\/\/eloficiodehistoriar.com.mx\/index.php?rest_route=%2Fwp%2Fv2%2Ftags&post=2559"}],"curies":[{"name":"wp","href":"https:\/\/api.w.org\/{rel}","templated":true}]}}