{"id":3,"date":"2008-05-14T20:50:16","date_gmt":"2008-05-15T01:50:16","guid":{"rendered":"https:\/\/eloficiodehistoriar.com.mx\/?p=3"},"modified":"2008-05-15T11:20:22","modified_gmt":"2008-05-15T16:20:22","slug":"queretaro-visto-por-sus-visitantes","status":"publish","type":"post","link":"http:\/\/eloficiodehistoriar.com.mx\/?p=3","title":{"rendered":"Quer\u00e9taro Visto Por Sus Visitantes"},"content":{"rendered":"<p><span style=\"font-weight: normal; font-size: 12pt; color: windowtext; font-family: Arial\"><span style=\"font-size: 12pt; font-family: Arial\"><a href=\"https:\/\/eloficiodehistoriar.com.mx\/wp-content\/uploads\/2008\/05\/jfz-1-8.jpg\" title=\"Quer\u00e9taro Visto Por Sus Visitantes\"><img loading=\"lazy\" decoding=\"async\" width=\"179\" src=\"https:\/\/eloficiodehistoriar.com.mx\/wp-content\/uploads\/2008\/05\/jfz-1-8.thumbnail.jpg\" alt=\"Quer\u00e9taro Visto Por Sus Visitantes\" height=\"129\" \/><\/a>\u00a0<\/span><\/span><span style=\"font-weight: normal; font-size: 12pt; color: windowtext; font-family: Arial\"><span style=\"font-size: 12pt; font-family: Arial\"><span style=\"font-weight: normal; font-size: 12pt; color: windowtext; font-family: Arial\">\u201c&#8230;Quer\u00e9taro es una \u00ednsula extra\u00f1a, donde sus silenciosos habitantes han levantado una muralla impenetrable que conserva sus costumbres&#8230; est\u00e1 dividida en dos bandas populosas, en donde el ta\u00f1ido salido de las torres congrega a los fieles en torno a los Cristos tr\u00e1gicos que dan protecci\u00f3n&#8230;\u201d se dijo de <st1:personname ProductID=\"la Ciudad\" w:st=\"on\">la Ciudad<\/st1:personname> en 1922.<\/span><\/span><\/span><span style=\"font-weight: normal; font-size: 12pt; color: windowtext; font-family: Arial\"><span style=\"font-size: 12pt; font-family: Arial\"><\/span><\/span><span style=\"font-weight: normal; font-size: 12pt; color: windowtext; font-family: Arial\"><span style=\"font-size: 12pt; font-family: Arial\"><\/p>\n<p style=\"margin: 0cm 0cm 0pt; text-align: justify\" class=\"MsoNormal\"><span style=\"font-weight: normal; font-size: 12pt; color: windowtext; font-family: Arial\"><\/span><\/p>\n<p style=\"margin: 0cm 0cm 0pt; text-align: justify\" class=\"MsoNormal\"><span style=\"font-weight: normal; font-size: 12pt; color: windowtext; font-family: Arial\">\u201c&#8230;Quer\u00e9taro desde <st1:personname ProductID=\"la Cuesta China\" w:st=\"on\">la Cuesta China<\/st1:personname>, se ve de improviso, dando principio al Baj\u00edo; San Francisquito emerge entre los organales, mientras parecen afiladas las chimeneas de San Jos\u00e9 De <st1:personname ProductID=\"La Monta?a\" w:st=\"on\">La Monta\u00f1a<\/st1:personname> y San Antonio, el Cerro de Path\u00e9 est\u00e1 lleno de garambullos, los caminos a San Pablo, Tlacote, <st1:personname ProductID=\"La Ca?ada\" w:st=\"on\">La Ca\u00f1ada<\/st1:personname> y Huimilpan la recortan&#8230;\u201d se dijo de la ciudad en 1943.<\/span><\/p>\n<p><span style=\"font-weight: normal; font-size: 12pt; color: windowtext; font-family: Arial\"><o:p><\/o:p><\/span>\u00a0<\/p>\n<p style=\"margin: 0cm 0cm 0pt; text-align: justify\" class=\"MsoNormal\"><span style=\"font-weight: normal; font-size: 12pt; color: windowtext; font-family: Arial\">Muchos y muy importantes han sido los visitantes que a trav\u00e9s de los siglos han estado en Quer\u00e9taro, todos narran lo mismo, s\u00f3lo que a los lectores de estos tiempos, nos extra\u00f1an las descripciones que en algunos p\u00e1rrafos no coinciden con nuestra experiencia, parece que mucho ha cambiado, al mismo tiempo que mucho permanece.<\/span><\/p>\n<p><span style=\"font-weight: normal; font-size: 12pt; color: windowtext; font-family: Arial\"><o:p>\u00a0<\/o:p><\/span><\/p>\n<p style=\"margin: 0cm 0cm 0pt; text-align: justify\" class=\"MsoNormal\"><span style=\"font-weight: normal; font-size: 12pt; color: windowtext; font-family: Arial\">\u201c&#8230;es Quer\u00e9taro hermosa, <span>\u00a0<\/span>opulenta y amena, h\u00e1yase situada a la falda de una loma que se nombra de <st1:personname ProductID=\"la Santa Cruz\" w:st=\"on\">la Santa Cruz<\/st1:personname>, donde est\u00e1 fundado el Colegio de los padres Cruc\u00edferos, la desigualdad del terreno en declive no permite que las calles sean perfectamente delineadas. La<span>\u00a0 <\/span>banda del norte esta defendida por un cerro muy elevado y en sus profundidades hay un valle extendido y capaz, que llaman <st1:personname ProductID=\"la Ca?ada..\" w:st=\"on\">la Ca\u00f1ada..<\/st1:personname>.\u201d lo dijo en el siglo XVll Francisco de Ajofr\u00edn.<\/span><\/p>\n<p><span style=\"font-weight: normal; font-size: 12pt; color: windowtext; font-family: Arial\"><o:p><\/o:p><\/span>\u00a0<\/p>\n<p style=\"margin: 0cm 0cm 0pt; text-align: justify\" class=\"MsoNormal\"><span style=\"font-weight: normal; font-size: 12pt; color: windowtext; font-family: Arial\">En el siglo XVlll se dijo esto: \u201c&#8230;Es ciudad amen\u00edsima,<span>\u00a0 <\/span>f\u00e9rtil y abundante en todo tipo de frutas y hortalizas, antigua frontera inexpugnable de naci\u00f3n Chichimeca&#8230;\u201d.<\/span><\/p>\n<p><span style=\"font-weight: normal; font-size: 12pt; color: windowtext; font-family: Arial\"><o:p><\/o:p><\/span>\u00a0<\/p>\n<p style=\"margin: 0cm 0cm 0pt; text-align: justify\" class=\"MsoNormal\"><span style=\"font-weight: normal; font-size: 12pt; color: windowtext; font-family: Arial\">Juan Agust\u00edn Morfi dijo de Quer\u00e9taro en el siglo XVlll: \u201c&#8230;las casas de cabildo son nuevas y altas, las dem\u00e1s son la mayor parte entrelazadas y de adobe aunque ya hay alguna de cal y canto, el r\u00edo que divide a las dos parroquias es de poco caudal, se pasa por el puente de piedra, se hace aqu\u00ed un razonable comercio por los mercaderes que de los lugares interiores vienen a hacer sus compras de g\u00e9neros&#8230;\u201d.<\/span><\/p>\n<p><span style=\"font-weight: normal; font-size: 12pt; color: windowtext; font-family: Arial\"><o:p>\u00a0<\/o:p><\/span><\/p>\n<p style=\"margin: 0cm 0cm 0pt; text-align: justify\" class=\"MsoNormal\"><span style=\"font-weight: normal; font-size: 12pt; color: windowtext; font-family: Arial\">Falta por ahora que los nuevos cronistas y visitantes vayan dejando su huella definiendo el gran rescate patrimonial que en Quer\u00e9taro se est\u00e1 dando, revitalizando la traza urbana, comenzando desde <st1:personname ProductID=\"la Plaza\" w:st=\"on\">la Plaza<\/st1:personname> de Arriba, hasta el antiguo Obispado, recobrando el dominio el paseante sobre los carros y dejando al descubierto, aquel Quer\u00e9taro descrito por tantos cronistas y durante varios siglos.<\/span><\/p>\n<p><span style=\"font-weight: normal; font-size: 12pt; color: windowtext; font-family: Arial\"><o:p>\u00a0<\/o:p><\/span><\/p>\n<p style=\"margin: 0cm 0cm 0pt; text-align: justify\" class=\"MsoNormal\"><span style=\"font-weight: normal; font-size: 12pt; color: windowtext; font-family: Arial\">\u201c&#8230;Quer\u00e9taro es una ciudad grande y bien construida, al recorrerla a pi\u00e9, vimos muchos edificios p\u00fablicos y privados muy hermosos, un n\u00famero superfluo de templos y conventos. Los indios y el pueblo bajo usa pantalones de cuero sujetos en la rodilla y una chamarra de cuero, tambi\u00e9n observ\u00e9 que las aceras son de laja&#8230;\u201d lo dijo<span>\u00a0 <\/span>J. R. Poinsett en 1822.<\/span><\/p>\n<p><span style=\"font-weight: normal; font-size: 12pt; color: windowtext; font-family: Arial\"><o:p>\u00a0<\/o:p><\/span><\/p>\n<p style=\"margin: 0cm 0cm 0pt; text-align: justify\" class=\"MsoNormal\"><span style=\"font-weight: normal; font-size: 12pt; color: windowtext; font-family: Arial\">\u201cno hay vecino que no sea creador y se\u00f1or de muy grandes haciendas, que seg\u00fan parece, haciendo la cuenta mayor es mas de un mill\u00f3n el ganado menor que tiene aquella rep\u00fablica, de trato ordinario con que se ha enriquecido con grande opulencia, su concurso es numeroso, su comercio asentado, por estar en medio de M\u00e9xico y las minas de San Lu\u00eds Potos\u00ed, Zacatecas y Guanajuato&#8230;\u201d.<\/span><\/p>\n<p style=\"margin: 0cm 0cm 0pt; text-align: justify\" class=\"MsoNormal\"><span style=\"font-weight: normal; font-size: 12pt; color: windowtext; font-family: Arial\"><\/span><\/p>\n<p style=\"margin: 0cm 0cm 0pt; text-align: justify\" class=\"MsoNormal\"><span style=\"font-weight: normal; font-size: 12pt; color: windowtext; font-family: Arial\"><\/span><\/p>\n<p><span style=\"font-weight: normal; font-size: 12pt; color: windowtext; font-family: Arial\">\u201c&#8230;Quer\u00e9taro situado en una peque\u00f1a cuesta, dividida mitad arriba y mitad abajo rodeado de huertas y labores, s\u00f3lo su fertilidad puede sustentar tan numerosa poblaci\u00f3n&#8230;\u201d dijo el gran cronista franciscano Isidro F\u00e9lix De Espinosa.<o:p><\/o:p><\/span><\/p>\n<p style=\"margin: 0cm 0cm 0pt; text-align: justify\" class=\"MsoNormal\">&nbsp;<\/p>\n<p><span style=\"font-weight: normal; font-size: 12pt; color: windowtext; font-family: Arial\">Quer\u00e9taro fue centro industrial al principio del siglo XlX, antes de su gran silencio de m\u00e1s de 150 a\u00f1os, hab\u00eda en la ciudad en ese entonces m\u00e1s de 32 obrajes y trapiches, mil telares donde se hac\u00edan ponchos y sarapes, sombreros y art\u00edculos de piel, lo mismo que un gran centro comercial, por su cruce de caminos de tierra adentro.<o:p><\/o:p><\/span><\/p>\n<p style=\"margin: 0cm 0cm 0pt; text-align: justify\" class=\"MsoNormal\">&nbsp;<\/p>\n<p><span style=\"font-weight: normal; font-size: 12pt; color: windowtext; font-family: Arial\">\u201c&#8230;el camino de Quer\u00e9taro que llaman garganta de tierra adentro, pasa por Cuautitl\u00e1n Huehuetoca y el Puerto de Reyes,<span>\u00a0 <\/span>transponiendo colinas,<span>\u00a0 <\/span>ochenta metros m\u00e1s altas que el<span>\u00a0 <\/span>centro de la ciudad de M\u00e9xico&#8230;\u201d dijo Humbolt.<o:p><\/o:p><\/span><\/p>\n<p style=\"margin: 0cm 0cm 0pt; text-align: justify\" class=\"MsoNormal\">&nbsp;<\/p>\n<p><span style=\"font-weight: normal; font-size: 12pt; color: windowtext; font-family: Arial\">\u201c&#8230;en otro tiempo Quer\u00e9taro con sus batanes, con sus sarapes, con sus f\u00e1bricas de sombreros, <span>\u00a0<\/span>despertaba al ruido de sus mil talleres y ten\u00eda ese aire de fiesta, esa respiraci\u00f3n en\u00e9rgica del pueblo que vive del trabajo&#8230;\u201d lo dijo Guillermo Prieto en su estancia en el estado.<o:p><\/o:p><\/span><\/p>\n<p style=\"margin: 0cm 0cm 0pt; text-align: justify\" class=\"MsoNormal\">&nbsp;<\/p>\n<p><span style=\"font-weight: normal; font-size: 12pt; color: windowtext; font-family: Arial\">Dir\u00eda Alfonso De <st1:personname ProductID=\"La Rea\" w:st=\"on\">La Rea<\/st1:personname> en el siglo XVlll: \u201c&#8230;el trato con que se enriquece y autoriza su rep\u00fablica, es el m\u00e1s generoso que se reconoce en el reino&#8230;\u201d Es el siglo de oro para Quer\u00e9taro, por su prosperidad y sus hombres ilustres.<o:p><\/o:p><\/span><\/p>\n<p style=\"margin: 0cm 0cm 0pt; text-align: justify\" class=\"MsoNormal\">&nbsp;<\/p>\n<p><span style=\"font-weight: normal; font-size: 12pt; color: windowtext; font-family: Arial\">\u201c&#8230;no se ve patio alguno que no est\u00e9 poblado<span>\u00a0 <\/span>de macetas, que si la vistosa hermosura de claveles, pa\u00f1os de holanda, flores de china, romero, tomillo, Artemisa y adem\u00e1s florida variedad alegran y divierten los ojos a los que pasean por sus calles&#8230;\u201d dice Navarrete.<o:p><\/o:p><\/span><\/p>\n<p style=\"margin: 0cm 0cm 0pt; text-align: justify\" class=\"MsoNormal\">&nbsp;<\/p>\n<p><span style=\"font-weight: normal; font-size: 12pt; color: windowtext; font-family: Arial\">\u201c&#8230;nace Quer\u00e9taro para la diversi\u00f3n, porque no hay<span>\u00a0 <\/span>convento que no sea un para\u00edso, casa que no sea un jard\u00edn, barrio que no sea una primavera, ni salida por rumbo alguno que no sea una deliciosa amenidad&#8230;\u201d.<o:p><\/o:p><\/span><\/p>\n<p style=\"margin: 0cm 0cm 0pt; text-align: justify\" class=\"MsoNormal\">&nbsp;<\/p>\n<p><span style=\"font-weight: normal; font-size: 12pt; color: windowtext; font-family: Arial\">\u201c&#8230; al ver solo las azoteas de las casas,<span>\u00a0 <\/span>empinarse sobre los \u00e1rboles y las flores,<span>\u00a0 <\/span>imagina la fantas\u00eda que lo enmara\u00f1ado y tupido de la arboleda es ondeado mar de verdes esmeraldas, <span>\u00a0<\/span>que mantienen sobre su enhojada espalda una grande flota de nav\u00edos&#8230;\u201d sigue diciendo Navarrete.<o:p><\/o:p><\/span><\/p>\n<p style=\"margin: 0cm 0cm 0pt; text-align: justify\" class=\"MsoNormal\">&nbsp;<\/p>\n<p><span style=\"font-weight: normal; font-size: 12pt; color: windowtext; font-family: Arial\">\u201c&#8230; Quer\u00e9taro creci\u00f3 hacia el poniente, donde se levantaba la f\u00e1brica real de tabaco. Denominaban los criollos y siempre se ha mantenido en su car\u00e1cter de centro de concertaci\u00f3n y distribuci\u00f3n de comunicaciones\u201d. Un 7 de abril de l934 se reglamenta la conservaci\u00f3n y protecci\u00f3n de tantas obras urbanas como se hab\u00edan construido en la ciudad a trav\u00e9s de los siglos. Es la primera vez.<o:p><\/o:p><\/span><\/p>\n<p style=\"margin: 0cm 0cm 0pt; text-align: justify\" class=\"MsoNormal\">&nbsp;<\/p>\n<p><span style=\"font-weight: normal; font-size: 12pt; color: windowtext; font-family: Arial\">\u201c&#8230; Quer\u00e9taro que tiene el pan sobrado y trajina con m\u00e1s de media Nueva Espa\u00f1a. As\u00ed siempre tiene lo necesario&#8230;Quer\u00e9taro es una antigua poblaci\u00f3n de otom\u00edes&#8230;lo primero que asombra al encontrarse en ella es su historia, mientras se levanta gallardamente sobre la colina del Sangremal; en <st1:personname ProductID=\"la Otra Banda\" w:st=\"on\">la Otra Banda<\/st1:personname> abundan las huertas, mientras en el sur se da el comercio y se levantan los mejores edificios&#8230;\u201d. Dice Cardona.<o:p><\/o:p><\/span><\/p>\n<p style=\"margin: 0cm 0cm 0pt; text-align: justify\" class=\"MsoNormal\">&nbsp;<\/p>\n<p><span style=\"font-weight: normal; font-size: 12pt; color: windowtext; font-family: Arial\">Se puede seguir citando infinidad de decires sobre las grandezas de esta ciudad, que despert\u00f3 al nacer el siglo XVI, para verse rodeada de prosperidad y grandeza<span>\u00a0 <\/span>durante los siglos XVII y XVIII y volver a dormir un largo sue\u00f1o ya vestida de hermosura e historia durante el siglo X1X y parte del presente, solo azorada cuando la historia la llam\u00f3 como escenario.<\/span><span style=\"font-weight: normal; font-size: 12pt; color: windowtext; font-family: Arial\"><o:p>\u00a0<\/o:p><\/span><span style=\"font-weight: normal; font-size: 12pt; color: windowtext; font-family: Arial\">\u201c&#8230;Quer\u00e9taro es una ciudad de templos, es la ciudad santa del mediterr\u00e1neo, los siglos se leen en sus monumentos&#8230;\u201d.<o:p><\/o:p><\/span><span style=\"font-weight: normal; font-size: 12pt; color: windowtext; font-family: Arial\"><o:p>\u00a0<\/o:p><\/span><span style=\"font-weight: normal; font-size: 12pt; color: windowtext; font-family: Arial\">\u201c&#8230;gran parte de las casas son bajas con sus amplios patios sombreados de naranjos, de granados y de flores que le dan un aspecto extremo risue\u00f1o. Las<span>\u00a0 <\/span>rasgadas ventanas de esas casas ofrecen pintoresco el interior de las habitaciones y aseo de la ciudad&#8230;\u201d. Guillermo Prieto<o:p><\/o:p><\/span><span style=\"font-weight: normal; font-size: 12pt; color: windowtext; font-family: Arial\"><o:p>\u00a0<\/o:p><\/span><span style=\"font-weight: normal; font-size: 12pt; color: windowtext; font-family: Arial\"><o:p>\u00a0<\/o:p><\/span><span style=\"font-weight: normal; font-size: 12pt; color: windowtext; font-family: Arial\">Sigue diciendo el gran Fidel: \u201c&#8230;Quer\u00e9taro es un pueblo devoto por excelencia, los varios conventos de religiosos, las fundaciones piadosas y sus tradiciones, los indios de los pueblos cercanos, que vienen a la ciudad,<span>\u00a0 <\/span>a celebrar a sus santos, todo atrae a la actividad de las iglesias en determinadas horas del d\u00eda, establece relaci\u00f3n m\u00e1s que dom\u00e9stica entre ovejas y pastores, lo que es ciertamente ben\u00e9fico&#8230;\u201d.<o:p><\/o:p><\/span><span style=\"font-weight: normal; font-size: 12pt; color: windowtext; font-family: Arial\"><o:p>\u00a0<\/o:p><\/span><span style=\"font-weight: normal; font-size: 12pt; color: windowtext; font-family: Arial\">Gracias<span>\u00a0 <\/span>a los conventos levantados en la ciudad, m\u00e1s de catorce, se deben las bases de la cultura queretana, fueron c\u00e9lebres en ellos <span>\u00a0<\/span>sus bibliotecas, sus clases de ret\u00f3rica, matem\u00e1ticas y f\u00edsica, siendo as\u00ed la cuna de la cultura barroca de su tiempo en <st1:personname ProductID=\"la Nueva Espa?a.\" w:st=\"on\">la Nueva Espa\u00f1a.<\/st1:personname><o:p><\/o:p><\/span><span style=\"font-weight: normal; font-size: 12pt; color: windowtext; font-family: Arial\"><o:p>\u00a0<\/o:p><\/span><span style=\"font-weight: normal; font-size: 12pt; color: windowtext; font-family: Arial\">La muy noble y leal ciudad de<span>\u00a0 <\/span>Quer\u00e9taro, la m\u00e1s florida, amena y vistosa; cada casa una maceta, cada huerta un para\u00edso, cada barrio una jaula, dir\u00eda Francisco A Navarrete, jesuita y maestro de gram\u00e1tica.<o:p><\/o:p><\/span><\/span><\/span><\/p>\n","protected":false},"excerpt":{"rendered":"<p>\u00a0\u201c&#8230;Quer\u00e9taro es una \u00ednsula extra\u00f1a, donde sus silenciosos habitantes han levantado una muralla impenetrable que conserva sus costumbres&#8230; est\u00e1 dividida en dos bandas populosas, en donde el ta\u00f1ido salido de las torres congrega a los fieles en torno a los Cristos tr\u00e1gicos que dan protecci\u00f3n&#8230;\u201d se dijo de la Ciudad en 1922. \u201c&#8230;Quer\u00e9taro desde la [&hellip;]<\/p>\n","protected":false},"author":249,"featured_media":0,"comment_status":"open","ping_status":"closed","sticky":false,"template":"","format":"standard","meta":{"footnotes":""},"categories":[8],"tags":[],"class_list":["post-3","post","type-post","status-publish","format-standard","hentry","category-ciudad-de-queretaro"],"_links":{"self":[{"href":"http:\/\/eloficiodehistoriar.com.mx\/index.php?rest_route=\/wp\/v2\/posts\/3","targetHints":{"allow":["GET"]}}],"collection":[{"href":"http:\/\/eloficiodehistoriar.com.mx\/index.php?rest_route=\/wp\/v2\/posts"}],"about":[{"href":"http:\/\/eloficiodehistoriar.com.mx\/index.php?rest_route=\/wp\/v2\/types\/post"}],"author":[{"embeddable":true,"href":"http:\/\/eloficiodehistoriar.com.mx\/index.php?rest_route=\/wp\/v2\/users\/249"}],"replies":[{"embeddable":true,"href":"http:\/\/eloficiodehistoriar.com.mx\/index.php?rest_route=%2Fwp%2Fv2%2Fcomments&post=3"}],"version-history":[{"count":0,"href":"http:\/\/eloficiodehistoriar.com.mx\/index.php?rest_route=\/wp\/v2\/posts\/3\/revisions"}],"wp:attachment":[{"href":"http:\/\/eloficiodehistoriar.com.mx\/index.php?rest_route=%2Fwp%2Fv2%2Fmedia&parent=3"}],"wp:term":[{"taxonomy":"category","embeddable":true,"href":"http:\/\/eloficiodehistoriar.com.mx\/index.php?rest_route=%2Fwp%2Fv2%2Fcategories&post=3"},{"taxonomy":"post_tag","embeddable":true,"href":"http:\/\/eloficiodehistoriar.com.mx\/index.php?rest_route=%2Fwp%2Fv2%2Ftags&post=3"}],"curies":[{"name":"wp","href":"https:\/\/api.w.org\/{rel}","templated":true}]}}