{"id":36826,"date":"2024-05-04T11:35:24","date_gmt":"2024-05-04T17:35:24","guid":{"rendered":"https:\/\/eloficiodehistoriar.com.mx\/?p=36826"},"modified":"2024-05-04T11:35:24","modified_gmt":"2024-05-04T17:35:24","slug":"en-un-cafe-de-viena-andreas-joska-sutanto-recorta-las-paginas-del-mi-lucha-para-deconstruir-la-obra-de-adolf-hitler","status":"publish","type":"post","link":"http:\/\/eloficiodehistoriar.com.mx\/?p=36826","title":{"rendered":"En un caf\u00e9 de Viena, Andreas Joska-Sutanto recorta las p\u00e1ginas del\u00a0\u00abMi lucha\u00bb para\u00a0deconstruir\u00a0la obra de Adolf Hitler"},"content":{"rendered":"<div id=\"main-cont\">\n<article>\n<div id=\"article-cont\" class=\"main-cont article-cont actuality\">\n<div class=\"cabeza\">Artista austriaco destruye\u00a0<em>Mi lucha,\u00a0<\/em>de Adolf Hitler, y lo hace libro de cocina<\/div>\n<div class=\"sumarios\">\n<p>Joska-Sutanto calcula que el proyecto puede llevarle 24 a\u00f1os \/\/ Entre las recetas se incluye una de pizza<\/p>\n<\/div>\n<div id=\"article-text\" class=\"text\">\n<div class=\"foto\">\n<div class=\"pie-foto\">En un caf\u00e9 de Viena, el grafista Andreas Joska-Sutanto recorta el infame libro con su filoso c\u00fater.<\/div>\n<div><\/div>\n<\/div>\n<div class=\"col col1\">\n<div class=\"credito-autor\">Afp<\/div>\n<div class=\"credito-titulo\"><\/div>\n<div class=\"hemero\">La Jornada<\/p>\n<\/div>\n<p class=\"s-s\">Viena.<\/p>\n<p class=\"s-s\">En un caf\u00e9 de Viena, Andreas Joska-Sutanto recorta las p\u00e1ginas del\u00a0<em>Mi lucha<\/em>\u00a0letra por letra para\u00a0<q>deconstruir<\/q>\u00a0la negatividad de la obra de Adolf Hitler y transformarla en un libro de cocina, en un colosal proyecto que puede llevarle d\u00e9cadas.<\/p>\n<p>Este artista austriaco empez\u00f3 este minucioso trabajo cuando los derechos del manifiesto pol\u00edtico del dictador \u2013que sent\u00f3 las bases de la ideolog\u00eda nazi a partir de su publicaci\u00f3n en 1925\u2013 se volvieron p\u00fablicos hace ocho a\u00f1os.<\/p>\n<p><q>Estoy en la p\u00e1gina 100<\/q>, dice este grafista de 44 a\u00f1os, con grandes gafas y barba gris. Tras casi 900 horas de trabajo con un afilado c\u00fater, s\u00f3lo ha concluido una cuarta parte de este tit\u00e1nico proyecto.<\/p>\n<p class=\"sumario\">Mil millones de vocales<\/p>\n<p class=\"s-s\">Trabajando en \u00e9l varias horas por semana, Joska-Sutanto calcula que necesitar\u00e1 24 a\u00f1os m\u00e1s para acabar con este libro tristemente conocido de casi 800 p\u00e1ginas, con alrededor de mil 57 millones de vocales y consonantes.<\/p>\n<\/div>\n<div class=\"col col2\">\n<p>Despu\u00e9s de extraer las letras de la edici\u00f3n antigua en estilo g\u00f3tico, las clasifica en un caja con peque\u00f1os espacios, creada especialmente para esta iniciativa.<\/p>\n<p>El artista emplea luego los min\u00fasculos recortes para su proyecto de libro que ya incluye una veintena de recetas, como la de una pizza que le ense\u00f1\u00f3 su padre, una ensalada de esp\u00e1rragos o \u00f1oquis con huevos, especialidad t\u00edpicamente austriaca que le encantaba al\u00a0<em>f\u00fchrer.<\/em><\/p>\n<p><q>Quiero mostrar que se puede cambiar una cosa negativa en positiva, deconstruir y transformar<\/q>\u00a0esta obra que ha hecho tanto da\u00f1o.<\/p>\n<p>Austria, anexionada por el Tercer Reich en 1938, se ha presentado durante mucho tiempo como v\u00edctima del nazismo, negando la responsabilidad de haber asesinado a 65 mil jud\u00edos austriacos y forzado al exilio a otros 130 mil. Fue a partir de finales de la d\u00e9cada de 1980 que el pa\u00eds empez\u00f3 un trabajo de memoria hist\u00f3rica.<\/p>\n<\/div>\n<\/div>\n<div class=\"go gui\">\n<div class=\"go-up\"><\/div>\n<\/div>\n<\/div>\n<\/article>\n<\/div>\n<div id=\"interstitialdfpportadas\"><\/div>\n","protected":false},"excerpt":{"rendered":"<p>Artista austriaco destruye\u00a0Mi lucha,\u00a0de Adolf Hitler, y lo hace libro de cocina Joska-Sutanto calcula que el proyecto puede llevarle 24 a\u00f1os \/\/ Entre las recetas se incluye una de pizza En un caf\u00e9 de Viena, el grafista Andreas Joska-Sutanto recorta el infame libro con su filoso c\u00fater. Afp La Jornada Viena. En un caf\u00e9 de [&hellip;]<\/p>\n","protected":false},"author":249,"featured_media":36827,"comment_status":"open","ping_status":"closed","sticky":false,"template":"","format":"standard","meta":{"footnotes":""},"categories":[26],"tags":[],"class_list":["post-36826","post","type-post","status-publish","format-standard","has-post-thumbnail","hentry","category-mundo"],"_links":{"self":[{"href":"http:\/\/eloficiodehistoriar.com.mx\/index.php?rest_route=\/wp\/v2\/posts\/36826","targetHints":{"allow":["GET"]}}],"collection":[{"href":"http:\/\/eloficiodehistoriar.com.mx\/index.php?rest_route=\/wp\/v2\/posts"}],"about":[{"href":"http:\/\/eloficiodehistoriar.com.mx\/index.php?rest_route=\/wp\/v2\/types\/post"}],"author":[{"embeddable":true,"href":"http:\/\/eloficiodehistoriar.com.mx\/index.php?rest_route=\/wp\/v2\/users\/249"}],"replies":[{"embeddable":true,"href":"http:\/\/eloficiodehistoriar.com.mx\/index.php?rest_route=%2Fwp%2Fv2%2Fcomments&post=36826"}],"version-history":[{"count":1,"href":"http:\/\/eloficiodehistoriar.com.mx\/index.php?rest_route=\/wp\/v2\/posts\/36826\/revisions"}],"predecessor-version":[{"id":36828,"href":"http:\/\/eloficiodehistoriar.com.mx\/index.php?rest_route=\/wp\/v2\/posts\/36826\/revisions\/36828"}],"wp:featuredmedia":[{"embeddable":true,"href":"http:\/\/eloficiodehistoriar.com.mx\/index.php?rest_route=\/wp\/v2\/media\/36827"}],"wp:attachment":[{"href":"http:\/\/eloficiodehistoriar.com.mx\/index.php?rest_route=%2Fwp%2Fv2%2Fmedia&parent=36826"}],"wp:term":[{"taxonomy":"category","embeddable":true,"href":"http:\/\/eloficiodehistoriar.com.mx\/index.php?rest_route=%2Fwp%2Fv2%2Fcategories&post=36826"},{"taxonomy":"post_tag","embeddable":true,"href":"http:\/\/eloficiodehistoriar.com.mx\/index.php?rest_route=%2Fwp%2Fv2%2Ftags&post=36826"}],"curies":[{"name":"wp","href":"https:\/\/api.w.org\/{rel}","templated":true}]}}