{"id":36836,"date":"2024-05-05T11:51:11","date_gmt":"2024-05-05T17:51:11","guid":{"rendered":"https:\/\/eloficiodehistoriar.com.mx\/?p=36836"},"modified":"2024-05-05T11:51:11","modified_gmt":"2024-05-05T17:51:11","slug":"no-se-cansara-carlos-pereda-me-explicaron-a-los-filosofos-les-ensenan-a-armarse-de-paciencia","status":"publish","type":"post","link":"http:\/\/eloficiodehistoriar.com.mx\/?p=36836","title":{"rendered":"\u00bfNo se cansar\u00e1 Carlos Pereda?, me explicaron:\u00a0A los fil\u00f3sofos les ense\u00f1an a armarse de paciencia."},"content":{"rendered":"<div class=\"cabeza\">Carlos Pereda, el fil\u00f3sofo uruguayo<\/div>\n<div class=\"sumarios\"><\/div>\n<div class=\"credito-articulo\">Elena Poniatowska<\/div>\n<div><\/div>\n<div id=\"article-text\" class=\"text\">\n<div class=\"col col1\">\n<div class=\"inicial\">Siempre ve\u00eda a un hombre delgado y complaciente que parec\u00eda estar contento entre tantas mujeres en casa de la suya, la compositora Marcela Rodr\u00edguez. Aguantaba a todas las que asist\u00edamos a El H\u00e1bito y aplaud\u00edamos las ocurrencias de Jesusa Rodr\u00edguez y Liliana Felipe, que se prolongaban m\u00e1s all\u00e1 del escenario. Todos los asistentes eran personalidades acostumbradas a arrebatarse la palabra y a discutir con un tequila en la mano.\u00a0<q>\u00bfNo se cansar\u00e1 Carlos Pereda?<\/q>, pregunt\u00e9 al hijo de\u00a0<em>El Can\u00edbal;\u00a0<\/em>me explic\u00f3:\u00a0<q>Por eso es fil\u00f3sofo; a los fil\u00f3sofos les ense\u00f1an a armarse de paciencia<\/q>.<\/div>\n<p>Carlos Pereda, casado con la compositora Marcela Rodr\u00edguez, result\u00f3 no s\u00f3lo paciente, sino muy participativo y manga ancha. Sus ojos nunca perdieron brillo, y su voz se resign\u00f3 a irse filos\u00f3ficamente entre las voces de las siempre nutridas concurrencias femeninas. Con s\u00f3lo verlo, me hizo querer m\u00e1s a Uruguay, porque record\u00e9 el amor y la admiraci\u00f3n que Guillermo Haro sinti\u00f3 por Liber Seregni, a quien recibi\u00f3 en Tonantzintla. Tambi\u00e9n record\u00e9 a Eduardo Galeano, quien lleg\u00f3 a la calle Morena 430, mi casa, despu\u00e9s de transformarse en la sede de la editorial Siglo XXI, tras la infamia cometida contra Arnaldo Orfila Reynal y su mujer, Laurette S\u00e9journ\u00e9, en el sexenio de D\u00edaz Ordaz.<\/p>\n<p>Hoy, Carlos Pereda y su esposa, as\u00ed como sus hijos, Cata y Nicol\u00e1s, siempre en Nueva York, son mis vecinos y puedo ir a pie a su casa por el camell\u00f3n arbolado que recorre la avenida Miguel \u00c1ngel de Quevedo.<\/p>\n<p>\u2013Carlos, \u00bfc\u00f3mo entraste a la Universidad Nacional Aut\u00f3noma de M\u00e9xico (UNAM)? \u00bfCu\u00e1ndo llegaste de Uruguay?<\/p>\n<p>\u2013Vine desde Alemania. Termin\u00e9 el doctorado en la Universidad de Constanza, en lo que era la Rep\u00fablica Occidental de Alemania. Estaba viendo las posibilidades de viajar a Am\u00e9rica Latina, porque Uruguay viv\u00eda una horrible dictadura; asist\u00ed a una conferencia de Iv\u00e1n Ilich, en Z\u00farich, y le ped\u00ed que me diera algunas direcciones. Respondi\u00f3:\u00a0<q>Le voy a dar la de un hombre que siempre est\u00e1 ocupado pero que le va a dar buenas indicaciones en M\u00e9xico<\/q>. Luis Villoro.\u00a0<q>Le voy a dar tambi\u00e9n el de un fil\u00f3sofo catal\u00e1n que lo invitar\u00e1 a comer, pero no lo va a ayudar mucho<\/q>. Ram\u00f3n Xirau.<\/p>\n<p>Pereda escribi\u00f3 a los dos y como previ\u00f3 Ana Mar\u00eda y Ram\u00f3n Xirau lo invitaron a comer; Luis Villoro le ofreci\u00f3 dar clase en la Universidad Metropolitana, que se iniciaba en Iztapalapa.<\/p>\n<p>\u2013Mi hijo Emmanuel Haro est\u00e1 en la Facultad de F\u00edsica, en Iztapalapa.<\/p>\n<p>\u2013Yo estuve feliz en Iztapalapa, salvo por un problema: tardar m\u00e1s de dos horas y media para llegar a mi facultad.<\/p>\n<p>\u2013\u00bfD\u00f3nde viv\u00edas?<\/p>\n<p>\u2013Por Coyoac\u00e1n, pero, \u00a1ah!, de ac\u00e1 a Iztapalapa son dos horas o dos y media en pesero. En cuanto llegu\u00e9 a M\u00e9xico me hice muy amigo de Carlos Pereyra.<\/p>\n<p>\u2013Era una maravilla, gran cuate de Monsiv\u00e1is. Se cas\u00f3 con mi prima o mi sobrina, Corina Iturbe.<\/p>\n<p>\u2013S\u00ed, Pereyra era \u00edntimo de Carlos y me propuso:\u00a0<q>\u00bfPor qu\u00e9 no te cambias a la UNAM y luego al Instituto de Investigaciones Filos\u00f3ficas?<\/q><\/p>\n<p>\u201cMi llegada a M\u00e9xico fue muy f\u00e1cil y me sent\u00eda muy bien, tanto en Iztapalapa como en la UNAM; me sent\u00ed en casa. Nunca tuve un problema. Cuando llegu\u00e9 se hizo el primer Congreso Nacional de Filosof\u00eda en Morelia, y Carlos Pereyra me dijo: \u2018Mira, ya est\u00e1 todo organizado. \u00bfPor qu\u00e9 no hablas con S\u00e1nchez V\u00e1zquez y le explicas que acabas de llegar y que te da un lugar?\u2019 As\u00ed lo hice, y S\u00e1nchez V\u00e1zquez me dijo: \u2018Con gusto, puedes participar en el Congreso\u2019. Era un momento cultural c\u00e1lido y muy diferente al actual.\u201d<\/p>\n<p>\u2013Todo mundo se conoc\u00eda y caminaba en la misma direcci\u00f3n.<\/p>\n<p>\u2013Adem\u00e1s, el marxismo estaba presente, y estar en favor o en contra del marxismo ocupaba un lugar muy importante en la facultad y en la vida cultural de M\u00e9xico.<\/p>\n<p>\u2013Adolfo S\u00e1nchez era un gran marxista.<\/p>\n<p>\u2013Era el gran marxista del M\u00e9xico moderno.<\/p>\n<p>\u2013Fui a entrevistarlo a su departamento de Polanco, y he de haberle parecido una\u00a0<em>Firulais,\u00a0<\/em>porque no hizo m\u00e1s que re\u00edr.<\/p>\n<\/div>\n<div class=\"col col2\">\n<p>\u2013Era un ambiente al mismo tiempo de conflictos, porque incluso la gente que se opon\u00eda ideol\u00f3gicamente entre s\u00ed, como S\u00e1nchez V\u00e1zquez o Fernando Salmer\u00f3n, eran amigos en alg\u00fan sentido.<\/p>\n<p>\u2013Hubiera entrado S\u00e1nchez V\u00e1zquez a El Colegio Nacional y no Fernando Salmer\u00f3n\u2026 Tambi\u00e9n fue una injusticia que no entrara Leopoldo Zea.<\/p>\n<p>\u2013La situaci\u00f3n es un poco diferente en M\u00e9xico, m\u00e1s compleja y m\u00e1s llena de hostilidades. Bueno, creo que toda la complejidad lleva en s\u00ed algunas hostilidades.<\/p>\n<p>\u2013\u00bfTe hiciste amigo de Leopoldo Zea?<\/p>\n<p>\u2013No, le hice una entrevista, pero nunca estuve cerca de \u00e9l; en realidad estuve m\u00e1s cerca de Liliana Bimmer, que result\u00f3 ser la nuera de Leopoldo Zea. En realidad, al que conoc\u00ed m\u00e1s de esa \u00e9poca fue por un lado a Luis Villoro y a Alejandro Rossi y por otro, a Isa y Fran Salmer\u00f3n. En la facultad trat\u00e9 a S\u00e1nchez V\u00e1zquez, quien era de los viejos. De los j\u00f3venes, me hice muy amigo de Carlos Pereyra, y tambi\u00e9n tuve bastante relaci\u00f3n con Bol\u00edvar Echeverr\u00eda.<\/p>\n<p>\u2013Bol\u00edvar, qui\u00e9n nunca debi\u00f3 morir\u2026<\/p>\n<p>\u2013Bueno, Carlos Pereyra tampoco debi\u00f3 morir antes. Y Bol\u00edvar, que falleci\u00f3 tambi\u00e9n relativamente joven y, si mal no recuerdo, se fue de un ataque al coraz\u00f3n.<\/p>\n<p>\u2013S\u00ed, en ese tiempo Marta Lamas se hizo muy amiga de Raquel Serur, su mujer, quien lo acompa\u00f1\u00f3 en una operaci\u00f3n a coraz\u00f3n abierto. Monsiv\u00e1is adoraba a Bol\u00edvar, y Marta Lamas tambi\u00e9n. Com\u00edan juntos los cuatro, los domingos.<\/p>\n<p>\u2013El ambiente era en ese momento poco distinto al actual, porque en un polo estaba el marxismo y en otro los latinoamericanistas.<\/p>\n<p>\u2013Y la publicaci\u00f3n de\u00a0<em>M\u00e9xico y los mexicanos.<\/em>\u00a0Recuerdo que Jorge Portilla era muy vehemente y que Emilio Uranga me cay\u00f3 mal\u2026 Todo mundo hac\u00eda caso a Jorge Portilla, quien daba c\u00e1tedra sentado en la alfombra de la casa de Elena Garro.<\/p>\n<p>\u2013No conoc\u00ed a uno solo del grupo de los Hiperiones y, extra\u00f1amente, en los tiempos recientes ha sido traducida al ingl\u00e9s\u00a0<em>La fenomenolog\u00eda del relajo,<\/em>\u00a0de Jorge Portilla. Todos los del grupo Hiperi\u00f3n hab\u00edan muerto cuando llegu\u00e9 a M\u00e9xico, salvo Villoro y Leopoldo Zea, que ya no pertenec\u00eda a ese grupo.<\/p>\n<p>\u2013Leopoldo se dedic\u00f3 a M\u00e9xico y a Am\u00e9rica Latina. Lo conoc\u00ed en Chimalistac con su primera mujer, que escrib\u00eda en el peri\u00f3dico con el sin\u00f3nimo de Pastitos\u2026<\/p>\n<p>\u2013La segunda parte del siglo XX, el fil\u00f3sofo m\u00e1s importante es Luis Villoro; dej\u00f3 una obra m\u00e1s perdurable y un poco extra\u00f1a, porque empieza y termina con un inter\u00e9s por los ind\u00edgenas mexicanos y en medio se dedica a la filosof\u00eda anal\u00edtica\u2026<\/p>\n<p>\u2013Tuvo intereses muy distintos.<\/p>\n<p>\u2013Se dedic\u00f3 a rendir tributo al movimiento zapatista. Se fue a vivir a Chiapas, y ah\u00ed pidi\u00f3 ser enterrado bajo un \u00e1rbol\u2026 \u00c9l escogi\u00f3 un \u00e1rbol, dijo:\u00a0<q>Aqu\u00ed quiero que me entierren con los zapatistas, debajo de este \u00e1rbol<\/q>.<\/p>\n<p>\u2013Los zapatistas lo adoran. Luis Villoro le hizo un enorme favor al\u00a0<em>subcomandante Marcos\u00a0<\/em>rindi\u00e9ndole un homenaje que nadie le ha rendido.<\/p>\n<p>\u2013S\u00ed, bueno y su \u00faltimo libro,\u00a0<em>Los a\u00f1os del porvenir<\/em>, es de compromiso con el zapatismo.<\/p>\n<p>\u2013Luis Villoro y Carlos Pay\u00e1n se sentaron juntos en el avi\u00f3n a Chiapas al congreso que convoc\u00f3 el\u00a0<em>subcomandante Marcos,\u00a0<\/em>y todos los zapatistas lo quisieron much\u00edsimo.<\/p>\n<p>\u2013En el Instituto de Investigaciones Filos\u00f3ficas de la UNAM tuve la suerte de que nuestras oficinas estuvieran frente a frente. Los lunes \u00e9l recib\u00eda todo tipo de gente, zapatistas, estudiantes, colegas y otro tipo de gente, como consta en el libro que escribi\u00f3 su hijo, Juan Villoro, quien tambi\u00e9n habla mucho de su madre, Estela Ruiz Mil\u00e1n.<\/p>\n<p>\u2013Conoc\u00ed a varias mujeres que se enamoraron perdidas de Luis Villoro. Juan hizo un art\u00edculo en el que se refer\u00eda a su pap\u00e1 y a las mujeres, un texto muy padre. A Estela Ruiz Mil\u00e1n la quiero mucho\u2026<\/p>\n<p>\u2013Luis Villoro gener\u00f3 gran entusiasmo en M\u00e9xico, tambi\u00e9n estableci\u00f3 muchos v\u00ednculos y se hizo amigo de fil\u00f3sofos espa\u00f1oles, relaciones que todos hemos aprovechado.<\/p>\n<\/div>\n<\/div>\n","protected":false},"excerpt":{"rendered":"<p>Carlos Pereda, el fil\u00f3sofo uruguayo Elena Poniatowska Siempre ve\u00eda a un hombre delgado y complaciente que parec\u00eda estar contento entre tantas mujeres en casa de la suya, la compositora Marcela Rodr\u00edguez. Aguantaba a todas las que asist\u00edamos a El H\u00e1bito y aplaud\u00edamos las ocurrencias de Jesusa Rodr\u00edguez y Liliana Felipe, que se prolongaban m\u00e1s all\u00e1 [&hellip;]<\/p>\n","protected":false},"author":249,"featured_media":36837,"comment_status":"open","ping_status":"closed","sticky":false,"template":"","format":"standard","meta":{"footnotes":""},"categories":[26],"tags":[],"class_list":["post-36836","post","type-post","status-publish","format-standard","has-post-thumbnail","hentry","category-mundo"],"_links":{"self":[{"href":"http:\/\/eloficiodehistoriar.com.mx\/index.php?rest_route=\/wp\/v2\/posts\/36836","targetHints":{"allow":["GET"]}}],"collection":[{"href":"http:\/\/eloficiodehistoriar.com.mx\/index.php?rest_route=\/wp\/v2\/posts"}],"about":[{"href":"http:\/\/eloficiodehistoriar.com.mx\/index.php?rest_route=\/wp\/v2\/types\/post"}],"author":[{"embeddable":true,"href":"http:\/\/eloficiodehistoriar.com.mx\/index.php?rest_route=\/wp\/v2\/users\/249"}],"replies":[{"embeddable":true,"href":"http:\/\/eloficiodehistoriar.com.mx\/index.php?rest_route=%2Fwp%2Fv2%2Fcomments&post=36836"}],"version-history":[{"count":1,"href":"http:\/\/eloficiodehistoriar.com.mx\/index.php?rest_route=\/wp\/v2\/posts\/36836\/revisions"}],"predecessor-version":[{"id":36838,"href":"http:\/\/eloficiodehistoriar.com.mx\/index.php?rest_route=\/wp\/v2\/posts\/36836\/revisions\/36838"}],"wp:featuredmedia":[{"embeddable":true,"href":"http:\/\/eloficiodehistoriar.com.mx\/index.php?rest_route=\/wp\/v2\/media\/36837"}],"wp:attachment":[{"href":"http:\/\/eloficiodehistoriar.com.mx\/index.php?rest_route=%2Fwp%2Fv2%2Fmedia&parent=36836"}],"wp:term":[{"taxonomy":"category","embeddable":true,"href":"http:\/\/eloficiodehistoriar.com.mx\/index.php?rest_route=%2Fwp%2Fv2%2Fcategories&post=36836"},{"taxonomy":"post_tag","embeddable":true,"href":"http:\/\/eloficiodehistoriar.com.mx\/index.php?rest_route=%2Fwp%2Fv2%2Ftags&post=36836"}],"curies":[{"name":"wp","href":"https:\/\/api.w.org\/{rel}","templated":true}]}}