{"id":36845,"date":"2024-05-05T12:14:37","date_gmt":"2024-05-05T18:14:37","guid":{"rendered":"https:\/\/eloficiodehistoriar.com.mx\/?p=36845"},"modified":"2024-05-05T12:14:37","modified_gmt":"2024-05-05T18:14:37","slug":"la-respuesta-al-alzheimer-ha-sido-encerrarnos-y-destinarnos-al-olvido-pero-con-alzheimer-sigo-siendo-yo","status":"publish","type":"post","link":"http:\/\/eloficiodehistoriar.com.mx\/?p=36845","title":{"rendered":"La respuesta al Alzheimer ha sido encerrarnos y destinarnos al olvido, pero con Alzheimer, sigo siendo yo."},"content":{"rendered":"<div id=\"main-cont\">\n<article>\n<div id=\"article-cont\" class=\"main-cont article-cont analysis\">\n<div class=\"cabeza\">Sigo siendo yo<\/div>\n<div class=\"sumarios\"><\/div>\n<div class=\"credito-articulo\">Mireya Atzala Imaz Gispert<\/div>\n<div><\/div>\n<div id=\"article-text\" class=\"text\">\n<div class=\"col col1\">\n<div class=\"inicial\">Afinales de 2020,\u00a0en medio de la pandemia, fui diagnosticada con Alzheimer. A pesar del mito de que las personas con esta enfermedad no nos damos cuenta de lo que nos pasa, fui yo misma quien not\u00f3 que algo hab\u00eda cambiado y busqu\u00e9 ayuda. As\u00ed, junto con mi familia y amigos, empec\u00e9 un camino de aprendizaje sobre una enfermedad que ha sido condenada a la secrec\u00eda y el abandono.<\/div>\n<p>Quiero compartirles mi historia, desde la voz que menos ha contado en las conversaciones p\u00fablicas sobre el Alzheimer, la voz de quien lo padece. Esto lo hago por un lado para transmitir esperanza a quienes compartimos esta enfermedad y a nuestras familias y, por el otro, para hacer un llamado a la comunidad m\u00e9dica a romper con los estigmas que reproducen peligrosamente sobre esta enfermedad.<\/p>\n<p>Durante mucho tiempo, la respuesta al Alzheimer ha sido encerrarnos y destinarnos al olvido y, junto a quienes tenemos la enfermedad, este destino se ha impuesto tambi\u00e9n a las mujeres que se han dedicado hist\u00f3ricamente a los cuidados. El primer m\u00e9dico que me atendi\u00f3 me recet\u00f3 lo siguiente:\u00a0<q>P\u00f3ngase una pulsera con sus datos de emergencia, haga su testamento y enci\u00e9rrese en su casa<\/q>. En una cita m\u00e9dica pas\u00e9 de ser una mujer que siempre se ha valido por s\u00ed misma a ser infantilizada y reducida \u00fanicamente a ser sujeta de cuidados. Sin duda, este parte m\u00e9dico fue desgarrador.<\/p>\n<p>Por suerte, formo parte de una familia m\u00e1s necia que yo, que estaba convencida de que deb\u00eda haber algo m\u00e1s qu\u00e9 hacer. Y as\u00ed iniciamos una traves\u00eda que nos llev\u00f3 con diversos m\u00e9dicos, probando tratamientos experimentales de distintos tipos y aprendiendo todo lo que se puede acerca de esta enfermedad. Esta apuesta por una vida plena y digna la he dado desde una inquebrantable confianza en la ciencia.<\/p>\n<\/div>\n<div class=\"col col2\">\n<p>Con ayuda de mi familia, todas y todos puestos a buscar opciones, encontramos que en el Centro Internacional de Restauraci\u00f3n Neurol\u00f3gica (Ciren) de Cuba desarrollaron un medicamento neuroprotector para frenar la progresi\u00f3n del Alzheimer llamado NeuroEPO. Es as\u00ed que en Cuba encontr\u00e9 la esperanza. No s\u00f3lo he podido ver los resultados del medicamento en el retraso del avance de la enfermedad, sino que he aprendido t\u00e9cnicas necesarias para sobrellevarla y, especialmente, encontr\u00e9 una inmensa calidad humana en el personal del Ciren que me devolvi\u00f3 la seguridad en m\u00ed misma y el deseo de seguir viviendo.<\/p>\n<p>A poco m\u00e1s de tres a\u00f1os del diagn\u00f3stico, contin\u00fao apostando por sostener mi autonom\u00eda, independencia y calidad de vida. Sin lugar a dudas, ahora requiero ayuda en cada vez m\u00e1s cosas, as\u00ed como muchas personas que tienen otro tipo de padecimientos, pero sigo decidiendo sobre m\u00ed misma.<\/p>\n<p>Recientemente tom\u00e9 la decisi\u00f3n de jubilarme. Yo misma pude identificar que ya no ten\u00eda las capacidades necesarias para seguir asumiendo las responsabilidades del cargo directivo que ten\u00eda. Esa decisi\u00f3n me ha permitido concentrar mis energ\u00edas y esfuerzos en disfrutar plenamente la vida. A la fecha no llevo pulsera, no vivo encerrada en mi casa y me reh\u00faso a ser desterrada al olvido. En conclusi\u00f3n, con o sin Alzheimer, sigo siendo yo.<\/p>\n<p class=\"email\">\n<\/div>\n<\/div>\n<div class=\"go gui\">\n<div class=\"go-up\"><\/div>\n<\/div>\n<\/div>\n<\/article>\n<\/div>\n<div id=\"interstitialdfpportadas\" data-google-query-id=\"CJLA5tqM94UDFSxTCAQd81YDNg\">\n<div id=\"google_ads_iframe_\/70932171\/interstitial_editorial_0__container__\"><\/div>\n<\/div>\n<div class=\"penta\"><\/div>\n<div id=\"footer-data\" class=\"main-footer\">\n<div align=\"center\"><\/div>\n<\/div>\n","protected":false},"excerpt":{"rendered":"<p>Sigo siendo yo Mireya Atzala Imaz Gispert Afinales de 2020,\u00a0en medio de la pandemia, fui diagnosticada con Alzheimer. A pesar del mito de que las personas con esta enfermedad no nos damos cuenta de lo que nos pasa, fui yo misma quien not\u00f3 que algo hab\u00eda cambiado y busqu\u00e9 ayuda. As\u00ed, junto con mi familia [&hellip;]<\/p>\n","protected":false},"author":249,"featured_media":36846,"comment_status":"open","ping_status":"closed","sticky":false,"template":"","format":"standard","meta":{"footnotes":""},"categories":[26],"tags":[],"class_list":["post-36845","post","type-post","status-publish","format-standard","has-post-thumbnail","hentry","category-mundo"],"_links":{"self":[{"href":"http:\/\/eloficiodehistoriar.com.mx\/index.php?rest_route=\/wp\/v2\/posts\/36845","targetHints":{"allow":["GET"]}}],"collection":[{"href":"http:\/\/eloficiodehistoriar.com.mx\/index.php?rest_route=\/wp\/v2\/posts"}],"about":[{"href":"http:\/\/eloficiodehistoriar.com.mx\/index.php?rest_route=\/wp\/v2\/types\/post"}],"author":[{"embeddable":true,"href":"http:\/\/eloficiodehistoriar.com.mx\/index.php?rest_route=\/wp\/v2\/users\/249"}],"replies":[{"embeddable":true,"href":"http:\/\/eloficiodehistoriar.com.mx\/index.php?rest_route=%2Fwp%2Fv2%2Fcomments&post=36845"}],"version-history":[{"count":1,"href":"http:\/\/eloficiodehistoriar.com.mx\/index.php?rest_route=\/wp\/v2\/posts\/36845\/revisions"}],"predecessor-version":[{"id":36847,"href":"http:\/\/eloficiodehistoriar.com.mx\/index.php?rest_route=\/wp\/v2\/posts\/36845\/revisions\/36847"}],"wp:featuredmedia":[{"embeddable":true,"href":"http:\/\/eloficiodehistoriar.com.mx\/index.php?rest_route=\/wp\/v2\/media\/36846"}],"wp:attachment":[{"href":"http:\/\/eloficiodehistoriar.com.mx\/index.php?rest_route=%2Fwp%2Fv2%2Fmedia&parent=36845"}],"wp:term":[{"taxonomy":"category","embeddable":true,"href":"http:\/\/eloficiodehistoriar.com.mx\/index.php?rest_route=%2Fwp%2Fv2%2Fcategories&post=36845"},{"taxonomy":"post_tag","embeddable":true,"href":"http:\/\/eloficiodehistoriar.com.mx\/index.php?rest_route=%2Fwp%2Fv2%2Ftags&post=36845"}],"curies":[{"name":"wp","href":"https:\/\/api.w.org\/{rel}","templated":true}]}}