{"id":36848,"date":"2024-05-05T12:25:21","date_gmt":"2024-05-05T18:25:21","guid":{"rendered":"https:\/\/eloficiodehistoriar.com.mx\/?p=36848"},"modified":"2024-05-05T12:26:06","modified_gmt":"2024-05-05T18:26:06","slug":"36848","status":"publish","type":"post","link":"http:\/\/eloficiodehistoriar.com.mx\/?p=36848","title":{"rendered":"Paseo por el Barrio de San Jos\u00e9, en Xalapa"},"content":{"rendered":"<div>\n<h1 class=\"title\">Paseo por el Barrio de San Jos\u00e9<\/h1>\n<h1 class=\"title\">Sitio de Xalapa<\/h1>\n<h1 class=\"title\">Destaca por sus patrimonios hist\u00f3ricos<\/h1>\n<\/div>\n<h3 class=\"subtitle\">El Barrio de San Jos\u00e9 es un Patrimonio Hist\u00f3rico de la capital del estado y dentro de este hay otros patrimonios y recordatorios de personajes ilustres<\/h3>\n<p>El Barrio de San Jos\u00e9 todav\u00eda cuenta con algunas construcciones del tiempo de la Colonia y no uno sino varios patrimonios hist\u00f3ricos<\/p>\n<div id=\"affix-share\" class=\"sharing-menu affix\">\n<ul>\n<li>Maribel S\u00e1nchez<\/li>\n<li>Diario de Xalapa<\/li>\n<\/ul>\n<\/div>\n<div class=\"content-body clearfix \">\n<div id=\"content-body-225-11866339\">\n<p>En primavera, una buena alternativa en\u00a0<b>Xalapa es visitar o revisitar el Barrio de San Jos\u00e9,\u00a0<\/b>que todav\u00eda cuenta con algunas\u00a0<b>construcciones del tiempo de la Colonia<\/b>\u00a0<b>y no uno sino varios patrimonios hist\u00f3ricos.<\/b><\/p>\n<p>Aunque no existen registros precisos, se sabe que est\u00e1 ubicado en lo que en otra \u00e9poca fue uno de los\u00a0<b>primeros asentamientos ind\u00edgenas, el Techacapan, con un manantial en la ahora calle de Landero y Coss.<\/b><\/p>\n<\/div>\n<\/div>\n<div class=\"advertisment \"><\/div>\n<article class=\"content-continued-body clearfix \">\n<div id=\"content-body-5851641-11866339\">\n<ul>\n<li><\/li>\n<\/ul>\n<h2><b>\u00bfCu\u00e1l es la historia y la importancia del Barrio de San Jos\u00e9 en Xalapa?<\/b><\/h2>\n<p><b>El de San Jos\u00e9 es un Patrimonio Hist\u00f3rico de la capital del estado<\/b>\u00a0y dentro de este hay otros patrimonios y recordatorios de personajes ilustres, como el\u00a0<b>famoso astr\u00f3nomo y ge\u00f3grafo Francisco D\u00edaz Covarrubias, quien naci\u00f3 en Juan Soto esquina con Xalape\u00f1os Ilustres.<\/b><\/p>\n<article class=\"doble-via_ecologia media col-md-4 inline-story \">\n<div class=\"teaser \">\n<h4 class=\"title \">Ubicado entre <b>Landero y Coss y Artega, y todas las calles ahora trazadas en esta \u00e1rea,<\/b>\u00a0tiene una placa en Xalape\u00f1os Ilustres, a solo unos pasos de la parroquia que le da nombre al barrio y que es considerada la m\u00e1s antigua de la ciudad.<\/h4>\n<\/div>\n<\/article>\n<p><b>\u00bfPero qu\u00e9 es Techacapan?\u00a0<\/b>Es una palabra n\u00e1huatl que significa<i>\u00a0\u00aben el arroyo de piedra arenisca\u00bb.<\/i>\u00a0De acuerdo con los datos oficiales difundidos en la placa, el manantial naci\u00f3 en un promontorio de arena y basalto.<\/p>\n<p>Menciona incluso que en los alrededores de esta zona los espa\u00f1oles construyeron unos lavaderos, hoy desaparecidos, y una pila para dar agua a los vecinos y viajeros.<\/p>\n<p>Quien se anime a hacer el paseo, encontrar\u00e1 la\u00a0<b>parroquia de San Jos\u00e9, construida como ahora se conoce en 1772<\/b>\u00a0con el fin de dar servicio espiritual a los pobladores, en una Xalapa en constante crecimiento.<\/p>\n<ul>\n<li><\/li>\n<\/ul>\n<div class=\"doble-via media \">\n<div class=\"teaser \">\n<div class=\"img-container picture\">\n<div class=\"picture-caption \">\n<h4>El Barrio de San Jos\u00e9 est\u00e1 ubicado en lo que en otra \u00e9poca fue uno de los primeros asentamientos ind\u00edgenas, el Techacapan<\/h4>\n<\/div>\n<\/div>\n<\/div>\n<\/div>\n<p>Investigaciones de la\u00a0<b>historiadora Carmen Bl\u00e1zquez Dom\u00ednguez<\/b>\u00a0indican que este lugar tuvo un importante desarrollo econ\u00f3mico cuando el Virrey<b>\u00a0de la Nueva Espa\u00f1a, Baltazar Z\u00fa\u00f1iga, concedi\u00f3 el decreto para que en Xalapa se hicieran las ferias de comercio.<\/b><\/p>\n<div class=\"doble-via media \">\n<div class=\"teaser \">\n<div class=\"img-container picture\">\n<div class=\"picture-caption \">\n<h4>El Barrio de San Jos\u00e9 es un Patrimonio Hist\u00f3rico de la capital del estado, ubicado entre Landero y Coss y Artega, y todas las calles ahora trazadas en esta \u00e1rea | Foto: Jes\u00fas Escamiroza | Diario de Xalapa<\/h4>\n<\/div>\n<\/div>\n<\/div>\n<\/div>\n<p><b><br \/>\n<\/b>Posteriormente, en los l\u00edmites del Barrio, fue construido el\u00a0<b>cementerio de la calle 5 de Febrero.\u00a0<\/b>Es curioso que aunque tambi\u00e9n se construy\u00f3 el\u00a0<b>cuartel \u201cHeriberto Jara Corona\u201d y despu\u00e9s el mercado \u201cAlcalde y Garc\u00eda\u201d,\u00a0<\/b>sus nombres son poco conocidos; popularmente se les nombra como cuartel y mercado de San Jos\u00e9.<\/p>\n<div class=\"doble-via media \">\n<div class=\"teaser \">\n<div class=\"img-container picture\">\n<div class=\"picture-caption \">\n<h4>De acuerdo con los datos oficiales difundidos en la placa, el manantial naci\u00f3 en un promontorio de arena y basalto<\/h4>\n<\/div>\n<\/div>\n<\/div>\n<\/div>\n<h2><b>Callej\u00f3n Jes\u00fas te Ampare en Xalapa<\/b><\/h2>\n<p>En cuanto al\u00a0<b>Callej\u00f3n Jes\u00fas te Ampare,<\/b>\u00a0la placa recuerda la leyenda protagonizada por una joven que una tarde nublada y de incesante chipi chipi se hallaba en la ventana de su casa conversando con su novio y sobrevino una tragedia.<\/p>\n<p>El joven, quien estaba apoyado en los barrotes, no se dio cuenta de la presencia de un ebrio que desconsolado por la muerte de su esposa, lo atac\u00f3 por la espalda con una navaja produci\u00e9ndole mortales heridas.<\/p>\n<p><i>\u201cLa prometida solo pudo exclamar: \u00a1Cosme, que Jes\u00fas te ampare! Desde entonces, el pueblo llam\u00f3 a este sitio el Callej\u00f3n de Jes\u00fas te Ampare\u00bb.<\/i><\/p>\n<ul>\n<li><\/li>\n<\/ul>\n<div class=\"cultura media \">\n<div class=\"teaser \">\n<div class=\"img-container picture\">\n<div class=\"picture-caption \">\n<h4>Uno de los callejones m\u00e1s emblem\u00e1ticos de la ciudad: el callej\u00f3n \u00abJes\u00fas te Ampare\u00bb | Foto: Ren\u00e9 Corrales | Diario de Xalapa<\/h4>\n<\/div>\n<\/div>\n<\/div>\n<\/div>\n<h2><b>Parroquia de San Jos\u00e9<\/b><\/h2>\n<p><b>\u00bfQu\u00e9 se sabe de la parroquia que da nombre a todo el barrio?\u00a0<\/b>Trabajo de la Facultad de Arquitectura de la Universidad Veracruzana con gu\u00eda del acad\u00e9mico\u00a0<b>Daniel R. Mart\u00ed Capitanachi sugiere que su edificaci\u00f3n fue en la misma \u00e9poca que el convento de San Francisco (1555), construido en el hoy parque Ju\u00e1rez.<\/b><\/p>\n<p>Luego de varios sucesos, tuvo reconstrucci\u00f3n. Es descrita como de<i>\u00a0\u00abarquitectura Colonial, de corriente mud\u00e9jar, con ciertos aspectos o remates g\u00f3ticos y barrocos\u201d.<\/i><\/p>\n<p><b>Adem\u00e1s, destacan los arquitectos los elementos platerescos, herrerianos, neocl\u00e1sicos y populares, as\u00ed como sus tres naves, con una com\u00fan central y dos laterales.<\/b><\/p>\n<p>Despierta curiosidad el hecho de que aqu\u00ed fueran bautizados el ge\u00f3grafo D\u00edaz Covarrubias y el pol\u00e9mico expresidente de M\u00e9xico Antonio L\u00f3pez de Santa Anna. Adem\u00e1s, en el templo reposaron los restos del emperador Maximiliano de Habsburgo, antes de ser llevados a su pa\u00eds.<\/p>\n<div class=\"local media \">\n<div class=\"teaser \">\n<div class=\"img-container picture\">\n<div class=\"picture-caption \">\n<h4>La sugerencia es no perder la oportunidad de conocer este barrio y ahondar en el pasado de uno de los sitios m\u00e1s transitados<\/h4>\n<\/div>\n<\/div>\n<\/div>\n<\/div>\n<p><b>La historia de esta edificaci\u00f3n es muy larga e incluye el haber sido un cuartel carrancista, pasar un incendio provocado y haber permanecido cerrada durante la persecuci\u00f3n religiosa.<\/b><\/p>\n<p>La sugerencia es no perder la oportunidad de conocer este barrio y ahondar en el pasado de uno de los sitios m\u00e1s transitados por xalape\u00f1os y visitante<\/p>\n<\/div>\n<\/article>\n","protected":false},"excerpt":{"rendered":"<p>Paseo por el Barrio de San Jos\u00e9 Sitio de Xalapa Destaca por sus patrimonios hist\u00f3ricos El Barrio de San Jos\u00e9 es un Patrimonio Hist\u00f3rico de la capital del estado y dentro de este hay otros patrimonios y recordatorios de personajes ilustres El Barrio de San Jos\u00e9 todav\u00eda cuenta con algunas construcciones del tiempo de la [&hellip;]<\/p>\n","protected":false},"author":249,"featured_media":36849,"comment_status":"open","ping_status":"closed","sticky":false,"template":"","format":"standard","meta":{"footnotes":""},"categories":[26],"tags":[],"class_list":["post-36848","post","type-post","status-publish","format-standard","has-post-thumbnail","hentry","category-mundo"],"_links":{"self":[{"href":"http:\/\/eloficiodehistoriar.com.mx\/index.php?rest_route=\/wp\/v2\/posts\/36848","targetHints":{"allow":["GET"]}}],"collection":[{"href":"http:\/\/eloficiodehistoriar.com.mx\/index.php?rest_route=\/wp\/v2\/posts"}],"about":[{"href":"http:\/\/eloficiodehistoriar.com.mx\/index.php?rest_route=\/wp\/v2\/types\/post"}],"author":[{"embeddable":true,"href":"http:\/\/eloficiodehistoriar.com.mx\/index.php?rest_route=\/wp\/v2\/users\/249"}],"replies":[{"embeddable":true,"href":"http:\/\/eloficiodehistoriar.com.mx\/index.php?rest_route=%2Fwp%2Fv2%2Fcomments&post=36848"}],"version-history":[{"count":2,"href":"http:\/\/eloficiodehistoriar.com.mx\/index.php?rest_route=\/wp\/v2\/posts\/36848\/revisions"}],"predecessor-version":[{"id":36851,"href":"http:\/\/eloficiodehistoriar.com.mx\/index.php?rest_route=\/wp\/v2\/posts\/36848\/revisions\/36851"}],"wp:featuredmedia":[{"embeddable":true,"href":"http:\/\/eloficiodehistoriar.com.mx\/index.php?rest_route=\/wp\/v2\/media\/36849"}],"wp:attachment":[{"href":"http:\/\/eloficiodehistoriar.com.mx\/index.php?rest_route=%2Fwp%2Fv2%2Fmedia&parent=36848"}],"wp:term":[{"taxonomy":"category","embeddable":true,"href":"http:\/\/eloficiodehistoriar.com.mx\/index.php?rest_route=%2Fwp%2Fv2%2Fcategories&post=36848"},{"taxonomy":"post_tag","embeddable":true,"href":"http:\/\/eloficiodehistoriar.com.mx\/index.php?rest_route=%2Fwp%2Fv2%2Ftags&post=36848"}],"curies":[{"name":"wp","href":"https:\/\/api.w.org\/{rel}","templated":true}]}}