{"id":36855,"date":"2024-05-06T13:54:18","date_gmt":"2024-05-06T19:54:18","guid":{"rendered":"https:\/\/eloficiodehistoriar.com.mx\/?p=36855"},"modified":"2024-05-06T13:54:18","modified_gmt":"2024-05-06T19:54:18","slug":"en-sus-visitas-pastorales-escucho-el-clamor-de-los-pueblos-que-se-encuentran-abandonados-y-sometidos-a-la-delincuencia","status":"publish","type":"post","link":"http:\/\/eloficiodehistoriar.com.mx\/?p=36855","title":{"rendered":"En sus visitas pastorales escuch\u00f3 el clamor de los pueblos que se encuentran abandonados y sometidos a la delincuencia."},"content":{"rendered":"<div id=\"main-cont\">\n<article>\n<div id=\"article-cont\" class=\"main-cont article-cont analysis\">\n<div class=\"cabeza\">Salvador, el obispo<\/div>\n<div class=\"sumarios\"><\/div>\n<div class=\"credito-articulo\">Abel Barrera Hern\u00e1ndez*<\/div>\n<div><\/div>\n<div id=\"article-text\" class=\"text\">\n<div class=\"col\">\n<div class=\"inicial\">Salvador Rangel lleg\u00f3 a\u00a0la di\u00f3cesis de Chilpancingo-Chilapa el 18 de agosto de 2015.<\/div>\n<div><\/div>\n<div class=\"inicial\">En ese mismo a\u00f1o inici\u00f3 el recorrido de las dos zonas pastorales que abarcan nueve decanatos.<\/div>\n<div><\/div>\n<div class=\"inicial\">Muy pronto identific\u00f3 la problem\u00e1tica que enfrentan las 93 parroquias de la di\u00f3cesis: carencias b\u00e1sicas que padecen las comunidades serranas y la proliferaci\u00f3n de grupos del crimen organizado.<\/div>\n<div><\/div>\n<div class=\"inicial\">En sus visitas pastorales escuch\u00f3 el clamor de los pueblos que se encuentran abandonados y sometidos al flagelo de la delincuencia.<\/div>\n<div><\/div>\n<div class=\"inicial\">Acudi\u00f3 a las parroquias de la zona centro y conoci\u00f3 los caminos abruptos de la sierra y el aislamiento de las comunidades, donde no hay maestras ni doctoras.<\/div>\n<div><\/div>\n<div class=\"inicial\">La misma Iglesia ha estado ausente.<\/div>\n<p>Por invitaci\u00f3n de los p\u00e1rrocos y los grupos de pastoral recorri\u00f3 la zona norte.<\/p>\n<p>Estuvo en Taxco y se sorprendi\u00f3 al constatar que, en la iglesia de santa Prisca, los delincuentes controlaban las limosnas.<\/p>\n<p>En Iguala, los cr\u00edmenes se multiplican y los grupos que se disputan la plaza se han apoderado de la presidencia municipal y del corredor joyero de Guerrero.<\/p>\n<p>En sus m\u00faltiples viajes pastorales, el obispo identific\u00f3 el tinglado de complicidades que existe entre las corporaciones policiacas y elementos del Ej\u00e9rcito que patrullan las rutas por donde circula la droga y las armas. Poco a poco conoci\u00f3 las redes delincuenciales tejidas desde las esferas del poder pol\u00edtico. Estableci\u00f3 comunicaci\u00f3n directa con la feligres\u00eda que est\u00e1 \u00e1vida de ser escuchada y atendida. Ubic\u00f3 los grandes problemas del campo, tuvo conocimiento de la debacle de los precios de la amapola por el fentanilo y el abandono ancestral de los productores sumidos en la pobreza. Muy pronto encontr\u00f3 la hebra del trasiego de la droga que se urde desde lo m\u00e1s rec\u00f3ndito de la sierra hasta Estados Unidos.<\/p>\n<p>En las comunidades rurales la devastaci\u00f3n de los bosques es imparable, la tala ilegal de \u00e1rboles es un negocio a\u00f1ejo de caciques, empresarios, jefes militares y grupos de la delincuencia. Este entramado delincuencial propicia la quema il\u00edcita de \u00e1rboles en bosques de alto potencial forestal. Las autoridades \u00fanicamente realizan estudios de manejo para supuestamente sanear los bosques. Esta pr\u00e1ctica burocr\u00e1tica es para autorizar a los madereros el corte del bosque quemado. Es un negocio redondo que la misma mafia verde del gobierno lo permite.<\/p>\n<p>La destrucci\u00f3n del bosque y del precario patrimonio de la gente del campo han propiciado el desplazamiento forzado de familias en busca de un techo que los proteja. Los j\u00f3venes se resisten a enrolarse en las filas del crimen organizado. Los comisarios y comisariados ejidales de la Sierra se unieron para hacer frente a los embates del crimen. Han conformado su guardia comunitaria para proteger su territorio. Esta confrontaci\u00f3n armada fue un gran desaf\u00edo para el obispo Salvador.<\/p>\n<p>En mayo de 2015, cuatro meses antes de su toma de posesi\u00f3n como obispo, m\u00e1s de 300 personas encabezadas por comisarios tomaron la cabecera municipal de Chilapa del 9 al 14 de mayo con la intenci\u00f3n de detener a Zen\u00e9n, el l\u00edder del grupo de\u00a0<em>Los Rojos<\/em>, a quien se\u00f1alaban como el responsable de varios asesinatos y desaparici\u00f3n de personas. Esta irrupci\u00f3n armada fue una declaraci\u00f3n de guerra contra\u00a0<em>Los Rojos<\/em>\u00a0por parte del grupo de\u00a0<em>Los<\/em>\u00a0<em>Ardillos<\/em>, que empezaron a incursionar en las comunidades que se ubican alrededor de Chilapa.<\/p>\n<p>En 2017, el obispo Salvador dio a conocer sus encuentros con algunos jefes de la sierra de Guerrero. Uno de ellos fue Issac Navarrete, conocido como\u00a0<em>El<\/em>\u00a0<em>Se\u00f1or<\/em>\u00a0<em>de<\/em>\u00a0<em>la I<\/em>, quien ten\u00eda bajo su control los municipios de Leonardo Bravo, Zumpango del R\u00edo y una parte de Chilpancingo. Ante las denostaciones del gobierno de H\u00e9ctor Astudillo, el obispo coment\u00f3: \u201cYo no tengo ning\u00fan inter\u00e9s personal ni econ\u00f3mico para tener esas reuniones con la gente de esos grupos. Mi \u00fanico inter\u00e9s es que Guerrero se pacifique\u2026Yo s\u00f3lo hago el trabajo que el gobierno no hace, porque es el que deber\u00eda de estar dialogado con estos grupos para que en Guerrero haya paz\u201d.<\/p>\n<p>Ante el n\u00famero alarmante de candidatos asesinados en el proceso electoral de 2018, el obispo Rangel declar\u00f3 p\u00fablicamente que los l\u00edderes del narcotr\u00e1fico se hab\u00edan comprometido a no interferir en el proceso electoral y no causar la muerte de candidatos, a reserva de dos condiciones:\u00a0<q>Que los candidatos no repartan dinero para comprar el voto, sino que realicen obras en la Sierra, y que cumplan sus promesas de campa\u00f1a<\/q>.<\/p>\n<p>En octubre de 2018 el obispo tuvo una desafortunada intervenci\u00f3n p\u00fablica al afirmar que la mayor\u00eda de las mujeres asesinadas\u00a0<q>estaban vinculadas con la delincuencia o ejerc\u00edan la prostituci\u00f3n<\/q>. Su postura fue duramente criticada por las organizaciones feministas porque justificaba los feminicidios que no se investigan en Guerrero.<\/p>\n<p>En los siete a\u00f1os que estuvo como obispo, entabl\u00f3 di\u00e1logos con los hermanos Celso e Iv\u00e1n Ortega Jim\u00e9nez, l\u00edderes de\u00a0<em>Los<\/em>\u00a0<em>Ardillos<\/em>, que tienen su centro de operaciones en Quechultenango. Tambi\u00e9n sostuvo encuentros con Issac Navarrete, l\u00edder del c\u00a0<em>\u00e1rtel<\/em>\u00a0de la sierra, y sostuvo reuniones con Jos\u00e9 Alfredo y Johnny Hurtado Olascoaga, alias\u00a0<em>El Fresa<\/em>\u00a0y\u00a0<em>El Pescado<\/em>, respectivamente, l\u00edderes de la\u00a0<em>Familia michoacana<\/em>. Con el \u00fanico l\u00edder que no dialog\u00f3 fue con On\u00e9simo Marquina, el jefe de\u00a0<em>Los<\/em>\u00a0<em>Tlacos<\/em>\u00a0de la Sierra. Su trabajo como mediador fue cuestionado por organizaciones ind\u00edgenas como el Concejo Ind\u00edgena y Popular de Guerrero (Cipog) por su cercan\u00eda con Celso Ortega.<\/p>\n<p>Adem\u00e1s de ser un obispo pacificador, foment\u00f3 la colegialidad entre los obispos de Guerrero e impuls\u00f3 los encuentros provinciales de pastoral. Con los asesinatos de dos sacerdotes Iv\u00e1n A\u00f1orve y Germa\u00edn Mu\u00f1iz, el 5 de febrero de 2018, el obispo Rangel se transform\u00f3 en un promotor de la paz y el cuidado de la vida. Ante la violencia imparable y la inacci\u00f3n de las autoridades, asumi\u00f3 el riesgo de dialogar con los jefes de la delincuencia para pactar treguas. Su \u00faltima intervenci\u00f3n fue en febrero de este a\u00f1o, cuando intervino con el sacerdote Filiberto Vel\u00e1zquez para que los jefes de los grupos de\u00a0<em>Los Ardillos<\/em>,\u00a0<em>Los Tlacos<\/em>\u00a0y la\u00a0<em>Familia michoacana<\/em>\u00a0asumieran el compromiso de parar las hostilidades.<\/p>\n<p>El obispo Salvador atrajo a su di\u00f3cesis a congregaciones religiosas para que acompa\u00f1aran a los grupos de pastoral en las parroquias m\u00e1s dif\u00edciles. Cre\u00f3 el decanato de la Sierra y la parroquia del Durazno de El Rinc\u00f3n, municipio de Tlacotepec, uno de los lugares m\u00e1s alejados de la zona serrana, estando cinco d\u00e9cadas al servicio de la paz.<\/p>\n<p>*\u00a0<em>Director del Centro de Derechos Humanos de la Monta\u00f1a Tlachinollan<\/em><\/p>\n<p class=\"email\">\n<\/div>\n<\/div>\n<\/div>\n<\/article>\n<\/div>\n<div id=\"interstitialdfpportadas\" data-google-query-id=\"CP3XkIfi-YUDFcGEOgUdJQkPLg\">\n<div id=\"google_ads_iframe_\/70932171\/interstitial_editorial_0__container__\"><\/div>\n<\/div>\n<div class=\"penta\"><\/div>\n<div id=\"footer-data\" class=\"main-footer\">\n<div align=\"center\"><\/div>\n<\/div>\n","protected":false},"excerpt":{"rendered":"<p>Salvador, el obispo Abel Barrera Hern\u00e1ndez* Salvador Rangel lleg\u00f3 a\u00a0la di\u00f3cesis de Chilpancingo-Chilapa el 18 de agosto de 2015. En ese mismo a\u00f1o inici\u00f3 el recorrido de las dos zonas pastorales que abarcan nueve decanatos. Muy pronto identific\u00f3 la problem\u00e1tica que enfrentan las 93 parroquias de la di\u00f3cesis: carencias b\u00e1sicas que padecen las comunidades serranas [&hellip;]<\/p>\n","protected":false},"author":249,"featured_media":36856,"comment_status":"open","ping_status":"closed","sticky":false,"template":"","format":"standard","meta":{"footnotes":""},"categories":[26],"tags":[],"class_list":["post-36855","post","type-post","status-publish","format-standard","has-post-thumbnail","hentry","category-mundo"],"_links":{"self":[{"href":"http:\/\/eloficiodehistoriar.com.mx\/index.php?rest_route=\/wp\/v2\/posts\/36855","targetHints":{"allow":["GET"]}}],"collection":[{"href":"http:\/\/eloficiodehistoriar.com.mx\/index.php?rest_route=\/wp\/v2\/posts"}],"about":[{"href":"http:\/\/eloficiodehistoriar.com.mx\/index.php?rest_route=\/wp\/v2\/types\/post"}],"author":[{"embeddable":true,"href":"http:\/\/eloficiodehistoriar.com.mx\/index.php?rest_route=\/wp\/v2\/users\/249"}],"replies":[{"embeddable":true,"href":"http:\/\/eloficiodehistoriar.com.mx\/index.php?rest_route=%2Fwp%2Fv2%2Fcomments&post=36855"}],"version-history":[{"count":1,"href":"http:\/\/eloficiodehistoriar.com.mx\/index.php?rest_route=\/wp\/v2\/posts\/36855\/revisions"}],"predecessor-version":[{"id":36857,"href":"http:\/\/eloficiodehistoriar.com.mx\/index.php?rest_route=\/wp\/v2\/posts\/36855\/revisions\/36857"}],"wp:featuredmedia":[{"embeddable":true,"href":"http:\/\/eloficiodehistoriar.com.mx\/index.php?rest_route=\/wp\/v2\/media\/36856"}],"wp:attachment":[{"href":"http:\/\/eloficiodehistoriar.com.mx\/index.php?rest_route=%2Fwp%2Fv2%2Fmedia&parent=36855"}],"wp:term":[{"taxonomy":"category","embeddable":true,"href":"http:\/\/eloficiodehistoriar.com.mx\/index.php?rest_route=%2Fwp%2Fv2%2Fcategories&post=36855"},{"taxonomy":"post_tag","embeddable":true,"href":"http:\/\/eloficiodehistoriar.com.mx\/index.php?rest_route=%2Fwp%2Fv2%2Ftags&post=36855"}],"curies":[{"name":"wp","href":"https:\/\/api.w.org\/{rel}","templated":true}]}}