{"id":36859,"date":"2024-05-07T12:15:52","date_gmt":"2024-05-07T18:15:52","guid":{"rendered":"https:\/\/eloficiodehistoriar.com.mx\/?p=36859"},"modified":"2024-05-07T12:15:52","modified_gmt":"2024-05-07T18:15:52","slug":"cristina-rivera-garza-obtuvo-el-pulitzer-2024-con-el-invencible-verano-de-liliana-es-el-feminicidio-de-su-hermana","status":"publish","type":"post","link":"http:\/\/eloficiodehistoriar.com.mx\/?p=36859","title":{"rendered":"Cristina Rivera Garza obtuvo el Pulitzer 2024 con\u00a0\u00abEl invencible verano de Liliana\u00bb es el feminicidio de su hermana"},"content":{"rendered":"<div id=\"main-cont\">\n<article>\n<div id=\"article-cont\" class=\"main-cont article-cont actuality\">\n<div class=\"cabeza\">Distinguen con un Pulitzer a la mexicana Cristina Rivera Garza<\/div>\n<div class=\"sumarios\">\n<p>Recibi\u00f3 el reconocimiento en la categor\u00eda de Memorias o Autobiograf\u00eda por su libro\u00a0<em>El invencible verano de Liliana<\/em><\/p>\n<\/div>\n<div id=\"article-text\" class=\"text\">\n<div class=\"foto\">\n<div class=\"pie-foto\">La escritora Cristina Rivera Garza<\/div>\n<div><\/div>\n<\/div>\n<div class=\"col\">\n<div class=\"credito-autor\">Reyes Mart\u00ednez Torrijos<\/div>\n<div class=\"credito-titulo\"><\/div>\n<div class=\"hemero\">La Jornada<\/p>\n<\/div>\n<p class=\"s-s\">La escritora mexicana Cristina Rivera Garza obtuvo uno de los Premios Pulitzer 2024 por su libro\u00a0<em>El invencible verano de Liliana,\u00a0<\/em>en el que relata la historia del feminicidio de su hermana menor en 1990. Se trata de la primera ocasi\u00f3n en que una persona de nacionalidad mexicana se alza con ese galard\u00f3n en un rubro de literatura.<\/p>\n<p>Tras el anuncio, transmitido ayer desde la Universidad de Columbia, se destac\u00f3 que la poeta y narradora elabor\u00f3 en\u00a0<em>Liliana\u2019s Invincible Summer: A Sister\u2019s Search for Justice<\/em>\u00a0(Hogarth) un recuento del asesinato de Liliana perpetrado por un ex novio, a trav\u00e9s de una mezcla de\u00a0<q>memorias, periodismo de investigaci\u00f3n feminista y biograf\u00eda po\u00e9tica, zurcida con una determinaci\u00f3n nacida de la p\u00e9rdida<\/q>.<\/p>\n<p>La dos veces ganadora del Premio Sor Juana In\u00e9s de la Cruz ha sostenido que el t\u00edtulo es el que\u00a0<q>hab\u00eda tratado de escribir toda mi vida; esta es la historia fundamental de mi existencia y, por supuesto, es un libro para el cual tuve que crecer como persona y como escritora<\/q>. El volumen le vali\u00f3 el Premio Xavier Villaurrutia 2021.<\/p>\n<p>Rivera Garza coment\u00f3 en un conversatorio realizado en septiembre de 2023 que esta es la obra que m\u00e1s a\u00f1os le llev\u00f3 escribir y para la cual tuvo que buscar un lenguaje adecuado con el fin de contar esa historia y que no sea desde la mirada del victimario.\u00a0<q>Pude finalmente intentar hacer eso gracias a las cajas donde mi hermana hab\u00eda guardado un archivo muy profuso que fue construyendo de s\u00ed misma<\/q>.<\/p>\n<p>En esa ocasi\u00f3n, refiri\u00f3 que\u00a0<q>encontrar esas cajas represent\u00f3 la posibilidad de construir su voz desde dentro; justo ah\u00ed me di a la tarea de ir pensado en los lazos que tendr\u00eda que ir haciendo visible, para que la voz de Liliana quedara entretejida con otras<\/q>. A\u00f1adi\u00f3 que su intenci\u00f3n como autora\u00a0<q>era que los lectores tuvieran ese contacto vivo y poderoso con Liliana<\/q>.<\/p>\n<p>En 2013, los mexicanos Alexandra Xanic von Bertrab, Narciso Contreras y Javier Manzano ganaron el galard\u00f3n en el \u00e1rea de Reportaje de Investigaci\u00f3n. Luego lo obtuvieron Julio Cortez (2021) y Mar\u00eda Hinojosa (2022) en otros \u00e1mbitos de periodismo.<\/p>\n<p>En esta edici\u00f3n tambi\u00e9n fueron reconocidos los fot\u00f3grafos mexicanos Christian Ch\u00e1vez y F\u00e9lix M\u00e1rquez.<\/p>\n<p>Este a\u00f1o, se anunciaron reconocimientos especiales para el fallecido escritor Greg Tate, especializado en m\u00fasica y la cultura afroestadunidenses, y en general a los periodistas y trabajadores que cubren la guerra de Gaza, que\u00a0<q>en condiciones espantosas, un n\u00famero extraordinario han muerto en el esfuerzo por contar las historias de los palestinos y otros habitantes de Gaza. Esta guerra tambi\u00e9n se ha cobrado la vida de poetas y escritores<\/q>.<\/p>\n<p>Brandon Som se hizo del galard\u00f3n en Poes\u00eda por una colecci\u00f3n de textos que explora las complejidades de la doble herencia mexicana y china del autor.<\/p>\n<p>En la edici\u00f3n 2024, Jacqueline Jones obtuvo el premio en Apartado de Historia, por un libro que reconstruye\u00a0<q>la vida de los negros libres en Boston, que modifica profundamente nuestra comprensi\u00f3n del legado abolicionista de la ciudad y la dif\u00edcil realidad de sus residentes negros<\/q>.<\/p>\n<p>En Biograf\u00eda, se hicieron con el galard\u00f3n Jonathan Eig e Ilyon Woo. El primero retrata al l\u00edder afroestadunidense Martin Luther King Jr, en tanto Woo recupera la vida de una pareja esclavizada que escap\u00f3 en 1848 y gan\u00f3 fama como abolicionista.<\/p>\n<p>En el rubro de No Ficci\u00f3n, gan\u00f3 Nathan Thrall por un libro que relata de forma minuciosa e \u00edntima la vida en Cisjordania bajo la ocupaci\u00f3n israel\u00ed. En Ficci\u00f3n, lo obtuvo Jayne Anne Phillips. Eboni Booth obtuvo el premio en Drama. Tyshawn Sorey fue reconocido por el galard\u00f3n en M\u00fasica, por\u00a0<em>Adagio (Para Wadada Leo Smith).<\/em><\/p>\n<p>En las vertientes de periodismo, destacan investigaciones sobre desigualdades que se ceban en comunidades marginadas, como la de Hannah Dreier sobre las condiciones del trabajo infantil migrante en Estados Unidos y la denuncia que hace Sarah Stillman acerca del asesinato y sus consecuencias devastadoras para la comunidad negra.<\/p>\n<p>Sarah Conway y Trina Reynolds-Tyler fueron reconocidas por una investigaci\u00f3n sobre ni\u00f1as y mujeres negras desaparecidas en Chicago, que revel\u00f3 el racismo sist\u00e9mico y negligencia de la polic\u00eda.<\/p>\n<p>Los premios, establecidos en el testamento del editor de peri\u00f3dicos Joseph Pulitzer, son administrados por la Universidad de Columbia en Nueva York, la cual ha sido noticia reciente por las manifestaciones estudiantiles contra la guerra en Gaza.<\/p>\n<\/div>\n<\/div>\n<div class=\"go gui\">\n<div class=\"go-next\"><\/div>\n<div class=\"go-up\"><\/div>\n<\/div>\n<\/div>\n<\/article>\n<\/div>\n<div id=\"interstitialdfpportadas\"><\/div>\n","protected":false},"excerpt":{"rendered":"<p>Distinguen con un Pulitzer a la mexicana Cristina Rivera Garza Recibi\u00f3 el reconocimiento en la categor\u00eda de Memorias o Autobiograf\u00eda por su libro\u00a0El invencible verano de Liliana La escritora Cristina Rivera Garza Reyes Mart\u00ednez Torrijos La Jornada La escritora mexicana Cristina Rivera Garza obtuvo uno de los Premios Pulitzer 2024 por su libro\u00a0El invencible verano [&hellip;]<\/p>\n","protected":false},"author":249,"featured_media":36860,"comment_status":"open","ping_status":"closed","sticky":false,"template":"","format":"standard","meta":{"footnotes":""},"categories":[26],"tags":[],"class_list":["post-36859","post","type-post","status-publish","format-standard","has-post-thumbnail","hentry","category-mundo"],"_links":{"self":[{"href":"http:\/\/eloficiodehistoriar.com.mx\/index.php?rest_route=\/wp\/v2\/posts\/36859","targetHints":{"allow":["GET"]}}],"collection":[{"href":"http:\/\/eloficiodehistoriar.com.mx\/index.php?rest_route=\/wp\/v2\/posts"}],"about":[{"href":"http:\/\/eloficiodehistoriar.com.mx\/index.php?rest_route=\/wp\/v2\/types\/post"}],"author":[{"embeddable":true,"href":"http:\/\/eloficiodehistoriar.com.mx\/index.php?rest_route=\/wp\/v2\/users\/249"}],"replies":[{"embeddable":true,"href":"http:\/\/eloficiodehistoriar.com.mx\/index.php?rest_route=%2Fwp%2Fv2%2Fcomments&post=36859"}],"version-history":[{"count":1,"href":"http:\/\/eloficiodehistoriar.com.mx\/index.php?rest_route=\/wp\/v2\/posts\/36859\/revisions"}],"predecessor-version":[{"id":36861,"href":"http:\/\/eloficiodehistoriar.com.mx\/index.php?rest_route=\/wp\/v2\/posts\/36859\/revisions\/36861"}],"wp:featuredmedia":[{"embeddable":true,"href":"http:\/\/eloficiodehistoriar.com.mx\/index.php?rest_route=\/wp\/v2\/media\/36860"}],"wp:attachment":[{"href":"http:\/\/eloficiodehistoriar.com.mx\/index.php?rest_route=%2Fwp%2Fv2%2Fmedia&parent=36859"}],"wp:term":[{"taxonomy":"category","embeddable":true,"href":"http:\/\/eloficiodehistoriar.com.mx\/index.php?rest_route=%2Fwp%2Fv2%2Fcategories&post=36859"},{"taxonomy":"post_tag","embeddable":true,"href":"http:\/\/eloficiodehistoriar.com.mx\/index.php?rest_route=%2Fwp%2Fv2%2Ftags&post=36859"}],"curies":[{"name":"wp","href":"https:\/\/api.w.org\/{rel}","templated":true}]}}