{"id":36865,"date":"2024-05-07T12:48:40","date_gmt":"2024-05-07T18:48:40","guid":{"rendered":"https:\/\/eloficiodehistoriar.com.mx\/?p=36865"},"modified":"2024-05-07T12:48:40","modified_gmt":"2024-05-07T18:48:40","slug":"para-carlos-estar-al-tanto-de-todo-era-dieta-basica","status":"publish","type":"post","link":"http:\/\/eloficiodehistoriar.com.mx\/?p=36865","title":{"rendered":"Para Carlos, estar al tanto de todo era dieta b\u00e1sica."},"content":{"rendered":"<div id=\"main-cont\">\n<article>\n<div id=\"article-cont\" class=\"main-cont article-cont analysis\">\n<div class=\"cabeza\">Carlos Monsiv\u00e1is, cumplea\u00f1os 86<\/div>\n<div class=\"sumarios\"><\/div>\n<div class=\"credito-articulo\">Javier Aranda Luna<\/div>\n<div id=\"article-text\" class=\"text\">\n<div class=\"foto\">\n<div class=\"pie-foto\">Carlos Monsiv\u00e1is<\/div>\n<\/div>\n<div class=\"col\">\n<p class=\"s-s\">Las \u00faltimas apariciones p\u00fablicas de Carlos Monsiv\u00e1is las hizo en un programa de televisi\u00f3n en 2009:\u00a0<em>Antesala,\u00a0<\/em>conducido por Antonio Naval\u00f3n, Carlos y el que escribe. Lo produjo Tv UNAM.<\/p>\n<p>Acostumbr\u00e1bamos pasar a su casa para llevarlo al estudio instalado en Paseo de la Reforma, en plena Zona Rosa. Los \u00faltimos meses cargaba un tanque de ox\u00edgeno, pues necesitaba reanimar sus pulmones de tanto en tanto.<\/p>\n<p>Varias veces le dije que si no pod\u00eda ir al estudio, no fuera. Literalmente, se le iba el aire en las conversaciones. Hac\u00edamos un alto de 10 minutos en el programa mientras se conectaba al ox\u00edgeno y continuaba.<\/p>\n<p>Siempre rehus\u00f3 mi sugerencia y me daba pena ver tanto esfuerzo de su parte para que sac\u00e1ramos el programa. Su prima Bety y Naval\u00f3n lo entend\u00edan mejor que yo: era la salida de Carlos para interactuar de manera directa con nuestros invitados, que siempre eran de primera l\u00ednea. Para Carlos, estar al tanto de todo era dieta b\u00e1sica.<\/p>\n<p>Eso s\u00ed, cuando entrevistamos a Los Tigres del Norte decidi\u00f3 no ir. Sab\u00eda que convocaban multitudes y sab\u00eda que no se pod\u00eda exponer, pero hicimos un enlace desde su casa.<\/p>\n<p>Ese d\u00eda, el edificio se llen\u00f3. Hab\u00eda gente en las escaleras, en la planta baja, en los pisos de arriba, en la calle. El estudio se colm\u00f3 de rostros llenos de emoci\u00f3n de personas que no conoc\u00eda.<\/p>\n<p>Para Carlos, la plataforma que hab\u00eda sostenido a los Tigres del Norte durante tanto tiempo era el p\u00fablico, ya que, m\u00e1s que juglares, eran cronistas de su tiempo,\u00a0<q>jefes de informaci\u00f3n de la vida diaria<\/q>, as\u00ed dijo desde su casa.<\/p>\n<p><q>Much\u00edsimos grupos aparecen y se vuelven humo; en cambio, Los Tigres del Norte han logrado la continuidad de una instituci\u00f3n que es su p\u00fablico, que los sigue al pie del escenario, que los alaba, que memoriza sus letras. Su permanencia permite definirlos claramente como una manifestaci\u00f3n profunda de la cultura popular. B\u00e1sicamente, son jefes de informaci\u00f3n, cronistas en un coro testimonial.<\/q><\/p>\n<p>Desde sus programas de radio con Nancy C\u00e1rdenas, Monsiv\u00e1is siempre se interes\u00f3 en tener presencia en los medios electr\u00f3nicos, aunque los criticaba. Sab\u00eda de su gran impacto y estaba decidido a que sus reflexiones alcanzaran a m\u00e1s personas, porque\u00a0<q>no basta dejar todo s\u00f3lo en libros y peri\u00f3dicos<\/q>.<\/p>\n<p>Sus comentarios en televisi\u00f3n pod\u00edan ser casi afor\u00edsticos por su brevedad, sarcasmo y contundencia, o ser presentados como peque\u00f1as f\u00e1bulas o escuetos instructivos para se\u00f1alar tendencias. Rescato uno sobre las llamadas\u00a0<q>inversiones seguras<\/q>, transmitido en el noticiero estelar de Televisa:<\/p>\n<p>\u201cReflexi\u00f3n del empresariado internacional: si el Apocalipsis no va a ser negocio, ni tiene caso que suceda. El verdadero y menos aceptable Apocalipsis ser\u00eda un fin del mundo no rentable, algo que por s\u00ed mismo desalienta las esperanzas de las inversiones a plazo fijo y del manejo burs\u00e1til de la confianza en el posfuturo. Por eso me permito algunas recomendaciones financieras, o por lo menos de acercamiento de las tradiciones teol\u00f3gicas en la Bolsa de Valores: si se anuncia la gran cat\u00e1strofe, no vendas tus propiedades. Res\u00e9rvate tu casa, comida real y virtual y un caudal de deved\u00e9s, por si el juicio se prologa al ser tantos los enjuiciados y tan numerosos los agravios al m\u00e1s all\u00e1 y los abogados defensores.<\/p>\n<p>\u201cNo te vuelvas un oportunista deleznable y no busques convertirte rapidito a cualquier credo, o no asegures que eres el mejor creyente de tu manzana. Se ve mal. Mejor acepta que siempre has cre\u00eddo en los valores y que \u00e9stos est\u00e1n asegurados por las reservas del Banco de M\u00e9xico.<\/p>\n<p><q>No caigas en el p\u00e1nico, porque eso crea incertidumbre, el estado de \u00e1nimo menos propicio para las inversiones provechosas.<\/q><\/p>\n<p>La gana de razonar en voz alta como principio \u00e9tico fue uno de los atributos de Monsiv\u00e1is. Gracias a ello a\u00fan tenemos acceso por los medios audiovisuales a sus frases lapidarias, humor negro, historias emblem\u00e1ticas y erudici\u00f3n sin pedanter\u00eda, con ese tono arrastrado entre dientes con el que sol\u00eda conversar.<\/p>\n<p class=\"email\">\n<\/div>\n<\/div>\n<\/div>\n<\/article>\n<\/div>\n<div id=\"interstitialdfpportadas\" data-google-query-id=\"CIrcs6OZ_IUDFRpBCAQdkhgPcA\">\n<div id=\"google_ads_iframe_\/70932171\/interstitial_editorial_0__container__\"><\/div>\n<\/div>\n<div class=\"penta\"><\/div>\n<div id=\"footer-data\" class=\"main-footer\">\n<div align=\"center\"><\/div>\n<\/div>\n","protected":false},"excerpt":{"rendered":"<p>Carlos Monsiv\u00e1is, cumplea\u00f1os 86 Javier Aranda Luna Carlos Monsiv\u00e1is Las \u00faltimas apariciones p\u00fablicas de Carlos Monsiv\u00e1is las hizo en un programa de televisi\u00f3n en 2009:\u00a0Antesala,\u00a0conducido por Antonio Naval\u00f3n, Carlos y el que escribe. Lo produjo Tv UNAM. Acostumbr\u00e1bamos pasar a su casa para llevarlo al estudio instalado en Paseo de la Reforma, en plena Zona [&hellip;]<\/p>\n","protected":false},"author":249,"featured_media":36866,"comment_status":"open","ping_status":"closed","sticky":false,"template":"","format":"standard","meta":{"footnotes":""},"categories":[26],"tags":[],"class_list":["post-36865","post","type-post","status-publish","format-standard","has-post-thumbnail","hentry","category-mundo"],"_links":{"self":[{"href":"http:\/\/eloficiodehistoriar.com.mx\/index.php?rest_route=\/wp\/v2\/posts\/36865","targetHints":{"allow":["GET"]}}],"collection":[{"href":"http:\/\/eloficiodehistoriar.com.mx\/index.php?rest_route=\/wp\/v2\/posts"}],"about":[{"href":"http:\/\/eloficiodehistoriar.com.mx\/index.php?rest_route=\/wp\/v2\/types\/post"}],"author":[{"embeddable":true,"href":"http:\/\/eloficiodehistoriar.com.mx\/index.php?rest_route=\/wp\/v2\/users\/249"}],"replies":[{"embeddable":true,"href":"http:\/\/eloficiodehistoriar.com.mx\/index.php?rest_route=%2Fwp%2Fv2%2Fcomments&post=36865"}],"version-history":[{"count":1,"href":"http:\/\/eloficiodehistoriar.com.mx\/index.php?rest_route=\/wp\/v2\/posts\/36865\/revisions"}],"predecessor-version":[{"id":36867,"href":"http:\/\/eloficiodehistoriar.com.mx\/index.php?rest_route=\/wp\/v2\/posts\/36865\/revisions\/36867"}],"wp:featuredmedia":[{"embeddable":true,"href":"http:\/\/eloficiodehistoriar.com.mx\/index.php?rest_route=\/wp\/v2\/media\/36866"}],"wp:attachment":[{"href":"http:\/\/eloficiodehistoriar.com.mx\/index.php?rest_route=%2Fwp%2Fv2%2Fmedia&parent=36865"}],"wp:term":[{"taxonomy":"category","embeddable":true,"href":"http:\/\/eloficiodehistoriar.com.mx\/index.php?rest_route=%2Fwp%2Fv2%2Fcategories&post=36865"},{"taxonomy":"post_tag","embeddable":true,"href":"http:\/\/eloficiodehistoriar.com.mx\/index.php?rest_route=%2Fwp%2Fv2%2Ftags&post=36865"}],"curies":[{"name":"wp","href":"https:\/\/api.w.org\/{rel}","templated":true}]}}