{"id":36876,"date":"2024-06-12T12:06:58","date_gmt":"2024-06-12T18:06:58","guid":{"rendered":"https:\/\/eloficiodehistoriar.com.mx\/?p=36876"},"modified":"2024-06-12T12:06:58","modified_gmt":"2024-06-12T18:06:58","slug":"largo-retorno-a-los-pueblos-originarios","status":"publish","type":"post","link":"http:\/\/eloficiodehistoriar.com.mx\/?p=36876","title":{"rendered":"Largo retorno a los pueblos originarios"},"content":{"rendered":"<h1 class=\"ljs-merri\">Pablo Gonz\u00e1lez Casanova: largo retorno a los pueblos originarios<\/h1>\n<p><span class=\"sem-autor\">Hermann Bellinghausen<\/span><\/p>\n<div id=\"carouselSemControls\" class=\"carousel slide\" data-ride=\"carousel\">\n<div class=\"carousel-inner\">\n<div class=\"carousel-item active\">\n<div class=\"ljs-nota-img\">\n<p class=\"ljs-nota-pie\">Pablo Gonz\u00e1lez Casanova y el subcomandante Marcos, San Crist\u00f3bal de las Casas, Chiapas, 2007.<\/p>\n<p>&nbsp;<\/p>\n<\/div>\n<\/div>\n<\/div>\n<\/div>\n<div class=\"ljs-nota-descripcion\">Certera remembranza de una de las figuras m\u00e1s importantes del pensamiento pol\u00edtico en M\u00e9xico durante el siglo pasado y con enorme legado para los inmediatos venideros, Pablo Gonz\u00e1lez Casanova (1922-2022), intelectual congruente y comprometido, activista y maestro incesante a lo largo de su vida, y tambi\u00e9n conocido, a sus noventa y tres a\u00f1os, en abril de 2018, como el &#8216;comandante Pablo Contreras&#8217; del Comit\u00e9 Clandestino Revolucionario Ind\u00edgena, Comandancia General del EZLN.<\/div>\n<div class=\"ljs-nota-cuerpo\">\n<p>&nbsp;<\/p>\n<p align=\"LEFT\">La evoluci\u00f3n personal de Pablo Gonz\u00e1lez Casanova (1922-2022) es una de las aventuras m\u00e1s apasionantes y ejemplares del universo intelectual mexicano, sobre todo porque supo combinar como pocos el rigor de pensamiento, el instinto de curiosidad, que hace a los grandes investigadores sociales, y el compromiso incansable con las luchas de liberaci\u00f3n en M\u00e9xico y el continente latinoamericano, podr\u00edamos decir que causa y efecto de su longevidad centenaria.<\/p>\n<p align=\"LEFT\">Gonz\u00e1lez Casanova es de esas figuras que pesan tanto por lo que escriben como por lo que inspiran o impulsan para que otros escriban. Surtidor de ideas y propuestas como pocos, fund\u00f3 instituciones con la naturalidad de los patriarcas y coordin\u00f3 obras colectivas, colecciones de libros sobre temas sociales urgentes: el sindicalismo y la condici\u00f3n proletaria, la liberaci\u00f3n nacional de los pueblos como vocaci\u00f3n vital y esperanza de Am\u00e9rica Latina, la emancipaci\u00f3n de los pueblos originarios (que en sus \u00faltimas d\u00e9cadas lo colmaron, a \u00e9l, de maestros y maestras), los claroscuros de la democracia en M\u00e9xico, siempre insuficiente, proyecto a futuro, sue\u00f1o que se sue\u00f1a realizable.<\/p>\n<p align=\"LEFT\">Lo hac\u00eda como un director de orquesta, dando indicaciones y levantando la intenci\u00f3n en cada uno de los int\u00e9rpretes por \u00e9l convocados o en torno a \u00e9l reunidos. Fund\u00f3 escuelas, institutos, facultades universitarias; le bastaron dos a\u00f1os y siete meses para ser el rector m\u00e1s importante de la Universidad Nacional Aut\u00f3noma de M\u00e9xico (1970-1972) en m\u00e1s de un siglo; hay quien dice que en toda su historia de quinientos a\u00f1os. Tambi\u00e9n fue uno de los pocos defenestrados por el designio presidencial de alguien que en otro momento hab\u00eda sido su aprendiz en las materias del Tercer Mundo, as\u00ed fuera de dientes para fuera por un candil de la calle, como fue el caso de Luis Echeverr\u00eda \u00c1lvarez.<\/p>\n<p align=\"LEFT\">Pero hay derrotas que se convierten en victorias. No s\u00f3lo es en las d\u00e9cadas siguientes un soci\u00f3logo prol\u00edfico y un analista pol\u00edtico de primer orden, sino que, arrebatado de la conducci\u00f3n universitaria (despu\u00e9s de \u00e9l, el control de la derecha ha sido permanente), irradia ideas y tareas en publicaciones cient\u00edficas, de divulgaci\u00f3n cultural y diarios de circulaci\u00f3n nacional. Su impronta es fundamental en las revoluciones vivas y las por venir.<\/p>\n<p align=\"LEFT\">Su autoridad intelectual y moral no hace sino crecer. Se ofrece como baluarte de luchas de liberaci\u00f3n en M\u00e9xico y donde asomen en Am\u00e9rica del centro y el sur. La trayectoria de su congruencia lo lleva a la culminaci\u00f3n de su compromiso con su respaldo activo al Ej\u00e9rcito Zapatista de Liberaci\u00f3n Nacional (EZLN). Estuvo entre los primeros de la \u201csociedad civil\u201d que llegaron a San Crist\u00f3bal de Las Casas la segunda semana de enero de 1994, para ya no irse, en el sentido intelectual y emotivo, nunca m\u00e1s.<\/p>\n<p align=\"LEFT\">En \u201cIm\u00e1genes de don Pablo\u201d (<i>100 a\u00f1os de amor y lucha<\/i>, suplemento especial de\u00a0<i>La Jornada<\/i>\u00a0en su honor, 2022), quien esto escribe recuperaba una estampa:<\/p>\n<p align=\"LEFT\">Una de mis im\u00e1genes favoritas de don Pablo data de agosto de 1994, en Guadalupe Tepeyac, en v\u00edsperas de la Convenci\u00f3n Nacional Democr\u00e1tica convocada por el Ej\u00e9rcito Zapatista de Liberaci\u00f3n Nacional (EZLN) en la selva Lacandona, para la cual era uno de los invitados primordiales. Durante ese a\u00f1o, el EZLN gobern\u00f3\u00a0<i>de facto\u00a0<\/i>grandes territorios de las monta\u00f1as de Chiapas. La selva era un territorio muy otro, controlado aut\u00f3noma y casi inopinadamente por los ind\u00edgenas insurrectos. En el ret\u00e9n a la entrada de la comunidad, un riguroso grupo de j\u00f3venes milicianos realiz\u00f3 la revisi\u00f3n a don Pablo. De pronto, detr\u00e1s de uno de esos pasamonta\u00f1as una voz tojolabal lo reconoci\u00f3: \u201c\u00a1Don Pablo!\u201d El miliciano le confi\u00f3 emocionado que hab\u00eda sido su alumno en alg\u00fan curso en la Universidad de Chapingo. La emoci\u00f3n de don Pablo fue mayor: hab\u00eda alumnos suyos entre quienes hac\u00edan la revoluci\u00f3n.<\/p>\n<p align=\"LEFT\">El ciclo de tres d\u00e9cadas que traza don Pablo a partir de entonces lo ubica como parte del equipo negociador de su amigo Samuel Ruiz Garc\u00eda \u2013obispo de la circunscripci\u00f3n ind\u00edgena donde se dieron el levantamiento y el sucesivo movimiento social de autonom\u00eda rebelde\u2013 y como consejero, asesor o interlocutor del EZLN, tanto del\u00a0<i>subcomandante Marcos\u00a0<\/i>y los mandos militares como el entonces\u00a0<i>mayor Mois\u00e9s<\/i>, como de los comandantes civiles y las bases de apoyo de las comunidades que visita en la d\u00e9cada bisagra entre el siglo pasado y el presente. Participa en la evoluci\u00f3n del zapatismo a nivel nacional, acompa\u00f1a todas sus iniciativas, las comenta, las interpreta y enriquece de voz y escritura, las hace suyas. All\u00ed demuestra su capacidad \u00fanica de ser disciplinado, pero con la independencia del verdadero intelectual cr\u00edtico y consecuente. Siendo un hombre mayor al llegar a Chiapas, su longevidad y su constancia lo llevaron a convertirse en el \u00fanico comandante zapatista digamos que externo,\u00a0<i>Pablo Contreras<\/i>. Esta otra imagen lo relata:<\/p>\n<p align=\"LEFT\">En abril de 2018, a sus noventa y seis a\u00f1os, se convierte en el\u00a0<i>comandante Pablo Contreras\u00a0<\/i>del Comit\u00e9 Clandestino Revolucionario Ind\u00edgena, Comandancia General del EZLN. En cachucha beisbolera, hace el saludo militar a la comandancia que le toma protesta, en presencia de sus viejos conocidos el\u00a0<i>comandante Tacho<\/i>\u00a0y los\u00a0<i>subcomandantes Galeano\u00a0<\/i>y<i>\u00a0Mois\u00e9s<\/i>. (\u201cIm\u00e1genes de don Pablo\u201d).<\/p>\n<p align=\"LEFT\">Quiz\u00e1s podamos postular que su encuentro con el zapatismo de Chiapas y por extensi\u00f3n con el movimiento ind\u00edgena, el despertar de los pueblos originarios de M\u00e9xico y su vocaci\u00f3n de liberaci\u00f3n, lo condujo al origen de su dilatada aventura intelectual: la impronta de su padre, hom\u00f3nimo suyo (1889-1936), malogrado ling\u00fcista e investigador, traductor del n\u00e1huatl hist\u00f3rico, simpatizante de Emiliano Zapata, quien pudo ser uno de los grandes mexicanistas del siglo XX.<\/p>\n<p align=\"LEFT\">Por la v\u00eda del compromiso pol\u00edtico, en cierto modo radical y antisistema, Pablo hijo contribuye a saldar una cuenta pendiente m\u00e1s all\u00e1 del proletariado y las revoluciones cubana o sandinista, m\u00e1s all\u00e1 de la alta sociolog\u00eda y la cr\u00edtica de los poderes nacionales que caracterizan su obra. Al adentrarse en la problem\u00e1tica ind\u00edgena insurgente llega al meollo de su pensamiento m\u00e1s original (lo enuncia desde 1963, si no es que antes): el \u201ccolonialismo interno\u201d, su tesis m\u00e1s inc\u00f3moda y pertinente hasta la fecha. Con los zapatistas y el movimiento nacional ind\u00edgena que \u00e9stos alientan, Pablo Gonz\u00e1lez Casanova completa el cuadro de su pensamiento y su acci\u00f3n.<\/p>\n<p align=\"LEFT\">Sus \u00faltimas expresiones y declaraciones fueron cr\u00edticas con el presente pero optimistas. A contracorriente del pesimismo apocal\u00edptico en boga, confiaba en el futuro y los nuevos instrumentos tecnol\u00f3gicos en bien del conocimiento. Y como siempre, confiaba en los j\u00f3venes, en los pueblos, cre\u00eda en la gente. Su humanismo fue radical en carne y hueso. Mejor lecci\u00f3n no pudo heredarnos l<\/p>\n<\/div>\n","protected":false},"excerpt":{"rendered":"<p>Pablo Gonz\u00e1lez Casanova: largo retorno a los pueblos originarios Hermann Bellinghausen Pablo Gonz\u00e1lez Casanova y el subcomandante Marcos, San Crist\u00f3bal de las Casas, Chiapas, 2007. &nbsp; Certera remembranza de una de las figuras m\u00e1s importantes del pensamiento pol\u00edtico en M\u00e9xico durante el siglo pasado y con enorme legado para los inmediatos venideros, Pablo Gonz\u00e1lez Casanova [&hellip;]<\/p>\n","protected":false},"author":249,"featured_media":36877,"comment_status":"open","ping_status":"closed","sticky":false,"template":"","format":"standard","meta":{"footnotes":""},"categories":[26],"tags":[],"class_list":["post-36876","post","type-post","status-publish","format-standard","has-post-thumbnail","hentry","category-mundo"],"_links":{"self":[{"href":"http:\/\/eloficiodehistoriar.com.mx\/index.php?rest_route=\/wp\/v2\/posts\/36876","targetHints":{"allow":["GET"]}}],"collection":[{"href":"http:\/\/eloficiodehistoriar.com.mx\/index.php?rest_route=\/wp\/v2\/posts"}],"about":[{"href":"http:\/\/eloficiodehistoriar.com.mx\/index.php?rest_route=\/wp\/v2\/types\/post"}],"author":[{"embeddable":true,"href":"http:\/\/eloficiodehistoriar.com.mx\/index.php?rest_route=\/wp\/v2\/users\/249"}],"replies":[{"embeddable":true,"href":"http:\/\/eloficiodehistoriar.com.mx\/index.php?rest_route=%2Fwp%2Fv2%2Fcomments&post=36876"}],"version-history":[{"count":1,"href":"http:\/\/eloficiodehistoriar.com.mx\/index.php?rest_route=\/wp\/v2\/posts\/36876\/revisions"}],"predecessor-version":[{"id":36878,"href":"http:\/\/eloficiodehistoriar.com.mx\/index.php?rest_route=\/wp\/v2\/posts\/36876\/revisions\/36878"}],"wp:featuredmedia":[{"embeddable":true,"href":"http:\/\/eloficiodehistoriar.com.mx\/index.php?rest_route=\/wp\/v2\/media\/36877"}],"wp:attachment":[{"href":"http:\/\/eloficiodehistoriar.com.mx\/index.php?rest_route=%2Fwp%2Fv2%2Fmedia&parent=36876"}],"wp:term":[{"taxonomy":"category","embeddable":true,"href":"http:\/\/eloficiodehistoriar.com.mx\/index.php?rest_route=%2Fwp%2Fv2%2Fcategories&post=36876"},{"taxonomy":"post_tag","embeddable":true,"href":"http:\/\/eloficiodehistoriar.com.mx\/index.php?rest_route=%2Fwp%2Fv2%2Ftags&post=36876"}],"curies":[{"name":"wp","href":"https:\/\/api.w.org\/{rel}","templated":true}]}}