{"id":36879,"date":"2024-06-12T12:10:36","date_gmt":"2024-06-12T18:10:36","guid":{"rendered":"https:\/\/eloficiodehistoriar.com.mx\/?p=36879"},"modified":"2024-06-12T12:10:36","modified_gmt":"2024-06-12T18:10:36","slug":"miriam-kaiser-una-guerrillera-por-amor-al-arte","status":"publish","type":"post","link":"http:\/\/eloficiodehistoriar.com.mx\/?p=36879","title":{"rendered":"&#8216;Miriam Kaiser: una guerrillera por amor al arte\u00bb"},"content":{"rendered":"<h1 class=\"ljs-merri\">La gesti\u00f3n cultural y el contacto con el p\u00fablico<\/h1>\n<p><span class=\"sem-autor\">Jos\u00e9 Mar\u00eda Espinasa<\/span><\/p>\n<div id=\"carouselSemControls\" class=\"carousel slide\" data-ride=\"carousel\">\n<div class=\"carousel-inner\">\n<div class=\"carousel-item active\">\n<div class=\"ljs-nota-img\">\n<p class=\"ljs-nota-pie\">Aqu\u00ed se rese\u00f1a con merecida admiraci\u00f3n un libro y se celebra a su autora, &#8216;Miriam Kaiser: una guerrillera por amor al arte (Atisbos de la gesti\u00f3n cultural en M\u00e9xico)&#8217;, de Ang\u00e9lica Abelleyra, ambas ya personajes importantes de la con frecuencia ingrata y dif\u00edcil labor de difusi\u00f3n cultural en nuestro pa\u00eds.<\/p>\n<\/div>\n<\/div>\n<\/div>\n<\/div>\n<div class=\"ljs-nota-cuerpo\">\n<p align=\"LEFT\">Hace diez a\u00f1os el problema de la Feria del Libro de Miner\u00eda era la saturaci\u00f3n tanto de expositores como de p\u00fablico. En la edici\u00f3n de este a\u00f1o la feria luc\u00eda semivac\u00eda de expositores. Dos sellos editoriales importantes que ocupaban mucho espacio, como el Fondo de Cultura Econ\u00f3mica y Planeta, decidieron no participar por los altos costos del evento; por otro lado, como en pr\u00e1cticamente todas las ferias del libro las editoriales peque\u00f1as e independientes no est\u00e1n presentes, no porque no quieran sino porque no pueden pagar el precio del\u00a0<i>stand<\/i>. Como lector le deseo una larga vida a la ya longeva cita con los libros.<\/p>\n<p align=\"LEFT\">La menor cantidad de expositores y el descenso de visitantes vuelven, sin embargo, m\u00e1s habitable la feria. Uno no se engenta y tiene paciencia para buscar un libro que sabe que s\u00f3lo ah\u00ed encontrar\u00e1, pues en las librer\u00edas no suele haberlo. Por ejemplo, el estupendo cat\u00e1logo de la Universidad Aut\u00f3noma de Nuevo Le\u00f3n, de la que hace tiempo buscaba el libro<i>\u00a0Miriam Kaiser: Una guerrillera por amor al arte (Atisbos de la gesti\u00f3n cultural en M\u00e9xico).<\/i>\u00a0Cito el t\u00edtulo completo porque es una de las razones de esta nota. \u00bfAtisbos? Se trata de un amplio recorrido, a partir de su experiencia, por las artes pl\u00e1sticas, los museos y las galer\u00edas y deber\u00eda ser lectura obligatoria para todos los que nos dedicamos a la difusi\u00f3n cultural. La inteligencia, la capacidad de trabajo y la experiencia acumulada lo vuelve un referente para entender el mundo de la cultura y el arte de los \u00faltimos sesenta a\u00f1os copeteados. La lectura del texto no hizo sino alimentar el cari\u00f1o y la admiraci\u00f3n que tengo por Miriam. Gracias a ella, por su trabajo, que a varias generaciones nos ha permitido conocer y formarnos en el aprecio de la cultura.<\/p>\n<p align=\"LEFT\">Su labor, tanto en galer\u00edas privadas como en museos, es un ejemplo de entrega y dedicaci\u00f3n, de mano izquierda para sortear obst\u00e1culos y capacidad de sostener desde su lugar una mirada no sujeta a los caprichos y no pocas veces dislates de la pol\u00edtica cultural. A la vez que camina ella piensa c\u00f3mo camina, y nos comparte esa reflexi\u00f3n. Esa vida est\u00e1 habitada por grandes logros y no pocas desilusiones, pero siempre mantiene una actitud vital de seguir adelante. En las galer\u00edas, en los museos, en el INBAL, en Antropolog\u00eda, en los estados, con coleccionistas privados, con acervos institucionales, Miriam se ha empe\u00f1ado en ser un puente entre las personas y el arte. Ddestaco, por ejemplo, su lucha por hacer apreciar lo prehisp\u00e1nico como arte y no s\u00f3lo como historia. En esos sesenta a\u00f1os vivi\u00f3 buenas y las malas \u00e9pocas, pero siempre busc\u00f3 hacer posible lo que ahora llamamos, con raz\u00f3n, el derecho a la cultura.<\/p>\n<p align=\"LEFT\">La segunda raz\u00f3n de esta nota es tambi\u00e9n volver patente mi admiraci\u00f3n por el trabajo de Ang\u00e9lica Abelleyra, autora del libro y una de las periodistas culturales m\u00e1s brillantes, especializada en artes pl\u00e1sticas, desde que escribe sus primeros textos en\u00a0<i>La Jornada.<\/i>\u00a0Hace periodismo y buen periodismo, tanto en sus notas sujetas a la prisa del tiempo, como en sus libros de mayor extensi\u00f3n, como \u00e9ste, en los que aprovecha la talacha del d\u00eda a d\u00eda pero hace investigaci\u00f3n a fondo y de largo aliento. Frente a una \u00e9poca en que se privilegia el resultado inmediato y las grandes cifras de espectadores, Miriam Kaiser y Ang\u00e9lica Abelleyra apuestan tambi\u00e9n por el lento sedimentarse que da pleno sentido a lo que llamamos civilizaci\u00f3n. Su voluntad de prestar su voz a figuras como Kaiser, entre otros personajes, Francisco Toledo o H\u00e9ctor Xavier, la cumple con rigor y profesionalismo, sin volverse protag\u00f3nica ni querer ocupar el escenario. Leer este libro emociona, pues uno siente que ha acompa\u00f1ado esa lucha por el arte y la cultura. En esta \u00e9poca de cambio profundo la lectura permite apreciar lo que se ha hecho bien, lo que se ha hecho mal y lo que no se ha hecho, y as\u00ed entender el presente y pensar un futuro mejor.<\/p>\n<p align=\"LEFT\">En los pr\u00f3ximos a\u00f1os este libro se volver\u00e1 referente para todos aquellos que apuestan por el derecho al arte y la cultura. Hay cosas claras: el dinero nunca ser\u00e1 suficiente para hacer todo lo que hay que hacer pero eso no impide seguir haci\u00e9ndolo en la medida de lo posible. Otro elemento importante: los museos son un todo org\u00e1nico, no s\u00f3lo espacios de exhibici\u00f3n, sino acervos, bodegas, talleres, servicios educativos, trabajos de investigaci\u00f3n\u2026 Y son un organismo vivo y en marcha. Recientemente se conoci\u00f3 que Amanda de la Garza deja el Museo Universitario de Ciencias y Artes para irse a trabajar al Museo Reina Sof\u00eda. La verdad, deber\u00eda ser motivo para celebrarlo en El \u00c1ngel de la Independencia, como un campeonato mundial o una medalla de oro.<\/p>\n<p align=\"LEFT\">Regreso al origen de esta nota, la Feria del libro de Miner\u00eda. En otras ocasiones he se\u00f1alado que la abundancia de ferias grandes, chicas y m\u00ednimas puede ser un problema y un s\u00edntoma de lo que ocurre con la industria del libro en M\u00e9xico: el mal funcionamiento de la distribuci\u00f3n y la inoperancia de las librer\u00edas. No me cabe duda de que las ferias son necesarias, tampoco de que deben ser pensadas de manera distinta a una librer\u00eda, de la misma manera en que una galer\u00eda de arte es distinta de un museo. Adem\u00e1s, ambas cosas, arte y libro, est\u00e1n amenazados seriamente por esa volatilidad que trae lo digital y por tendencias a regirlas por lo num\u00e9rico, sea en dinero, en espectadores y\/o lectores, olvidando ese elemento sustancial a la cultura: una convivencia de minor\u00edas basada en las diferencias l<\/p>\n<\/div>\n","protected":false},"excerpt":{"rendered":"<p>La gesti\u00f3n cultural y el contacto con el p\u00fablico Jos\u00e9 Mar\u00eda Espinasa Aqu\u00ed se rese\u00f1a con merecida admiraci\u00f3n un libro y se celebra a su autora, &#8216;Miriam Kaiser: una guerrillera por amor al arte (Atisbos de la gesti\u00f3n cultural en M\u00e9xico)&#8217;, de Ang\u00e9lica Abelleyra, ambas ya personajes importantes de la con frecuencia ingrata y dif\u00edcil [&hellip;]<\/p>\n","protected":false},"author":249,"featured_media":36880,"comment_status":"open","ping_status":"closed","sticky":false,"template":"","format":"standard","meta":{"footnotes":""},"categories":[26],"tags":[],"class_list":["post-36879","post","type-post","status-publish","format-standard","has-post-thumbnail","hentry","category-mundo"],"_links":{"self":[{"href":"http:\/\/eloficiodehistoriar.com.mx\/index.php?rest_route=\/wp\/v2\/posts\/36879","targetHints":{"allow":["GET"]}}],"collection":[{"href":"http:\/\/eloficiodehistoriar.com.mx\/index.php?rest_route=\/wp\/v2\/posts"}],"about":[{"href":"http:\/\/eloficiodehistoriar.com.mx\/index.php?rest_route=\/wp\/v2\/types\/post"}],"author":[{"embeddable":true,"href":"http:\/\/eloficiodehistoriar.com.mx\/index.php?rest_route=\/wp\/v2\/users\/249"}],"replies":[{"embeddable":true,"href":"http:\/\/eloficiodehistoriar.com.mx\/index.php?rest_route=%2Fwp%2Fv2%2Fcomments&post=36879"}],"version-history":[{"count":1,"href":"http:\/\/eloficiodehistoriar.com.mx\/index.php?rest_route=\/wp\/v2\/posts\/36879\/revisions"}],"predecessor-version":[{"id":36881,"href":"http:\/\/eloficiodehistoriar.com.mx\/index.php?rest_route=\/wp\/v2\/posts\/36879\/revisions\/36881"}],"wp:featuredmedia":[{"embeddable":true,"href":"http:\/\/eloficiodehistoriar.com.mx\/index.php?rest_route=\/wp\/v2\/media\/36880"}],"wp:attachment":[{"href":"http:\/\/eloficiodehistoriar.com.mx\/index.php?rest_route=%2Fwp%2Fv2%2Fmedia&parent=36879"}],"wp:term":[{"taxonomy":"category","embeddable":true,"href":"http:\/\/eloficiodehistoriar.com.mx\/index.php?rest_route=%2Fwp%2Fv2%2Fcategories&post=36879"},{"taxonomy":"post_tag","embeddable":true,"href":"http:\/\/eloficiodehistoriar.com.mx\/index.php?rest_route=%2Fwp%2Fv2%2Ftags&post=36879"}],"curies":[{"name":"wp","href":"https:\/\/api.w.org\/{rel}","templated":true}]}}