{"id":36912,"date":"2024-06-15T13:22:13","date_gmt":"2024-06-15T19:22:13","guid":{"rendered":"https:\/\/eloficiodehistoriar.com.mx\/?p=36912"},"modified":"2024-06-15T13:22:13","modified_gmt":"2024-06-15T19:22:13","slug":"diego-luna-la-neta-es-chida-pero-inalcanzable","status":"publish","type":"post","link":"http:\/\/eloficiodehistoriar.com.mx\/?p=36912","title":{"rendered":"\u00abDiego Luna, la neta es chida pero inalcanzable\u00bb"},"content":{"rendered":"<div id=\"main-cont\">\n<article>\n<div id=\"article-cont\" class=\"main-cont article-cont actuality\">\n<div class=\"cabeza\"><em>Estado de silencio<\/em>, de Diego Luna, se proyect\u00f3 en el FICG<\/div>\n<div class=\"sumarios\"><\/div>\n<div id=\"article-text\" class=\"text\">\n<div class=\"foto\">\n<div class=\"pie-foto\">El actor durante el lanzamiento del texto <em>Diego Luna, la neta es chida pero inalcanzable<\/em>, en la Universidad de Guadalajara.<\/div>\n<div><\/div>\n<\/div>\n<div class=\"col col1\">\n<div class=\"credito-titulo\"><\/div>\n<div class=\"hemero\">La Jornada<\/p>\n<\/div>\n<p class=\"s-s\">Guadalajara, Jal.,<\/p>\n<p class=\"s-s\">En el teatro que su pap\u00e1 tambi\u00e9n ayud\u00f3 a construir, Diego Luna llen\u00f3 hasta gayola la sala 2 del conjunto de artes esc\u00e9nicas de la Universidad de Guadalajara para contar durante una hora parte de su vida como actor, productor y director, lugar donde m\u00e1s tarde se proyect\u00f3 el documental\u00a0<em>Estado de silencio<\/em>, que produjo junto a Gael Garc\u00eda con la direcci\u00f3n de Santiago Maza, en el cual se retrata la resiliencia de los periodistas en varias zonas de alto riesgo para la profesi\u00f3n en M\u00e9xico.<\/p>\n<p>Alejandro Luna Ledesma, arquitecto, escen\u00f3grafo y hombre que inculc\u00f3 en su hijo Diego el amor por el teatro\u00a0<q>sin que yo se lo pidiera<\/q>, fue uno de los que contribuyeron al dise\u00f1o del conjunto de artes esc\u00e9nicas universitario, un proyecto dentro del todav\u00eda inacabado Centro Cultural Universitario que impuls\u00f3 el fallecido ex rector de la UdeG, Ra\u00fal Padilla L\u00f3pez.<\/p>\n<p><q>Mi pap\u00e1 en un acto de total irresponsabilidad me dej\u00f3 ver todo el teatro que se hac\u00eda en el Instituto Nacional de Bellas Artes, en la Universidad Nacional Aut\u00f3noma de M\u00e9xico, en las muestras nacionales, aqu\u00ed en Guadalajara. \u00cdbamos a Monterrey, a Tijuana. \u00c9l me sent\u00f3 para que pudiera ver qu\u00e9 se hac\u00eda en el teatro<\/q>, record\u00f3.<\/p>\n<p>El histri\u00f3n sonri\u00f3 ante el lleno de la sala.\u00a0<q>Qu\u00e9 ching\u00f3n se ve desde aqu\u00ed<\/q>, dijo. Y luego se puso de pie y tom\u00f3 una fotograf\u00eda con la c\u00e1mara de su tel\u00e9fono m\u00f3vil apuntando hacia el p\u00fablico.<\/p>\n<p class=\"sumario\">Presentaci\u00f3n de libro<\/p>\n<p class=\"s-s\">Entrevistado por Roberto Fiesco, quien durante ocho sesiones obtuvo el material para escribir el libro\u00a0<em>Diego Luna, la neta es chida pero inalcanzable<\/em>, el actor dijo que\u00a0<q>el d\u00eda que empez\u00f3 todo<\/q>\u00a0sucedi\u00f3 cuando el dramaturgo Luis de Tavira fue a su casa siendo \u00e9l todav\u00eda un ni\u00f1o y lo invit\u00f3 a participar en una obra de teatro.<\/p>\n<p><q>Le dije que s\u00ed; a trav\u00e9s del inter\u00e9s y del andar y crecer empec\u00e9 a darme cuenta que deb\u00eda aprender a hacer teatro, y fue de alguna forma un camino raro y complejo, porque todos los directores se volvieron mis referentes, las experiencias me moldearon un poco, nunca hice la carrera, ya estaba trabajando y decidido, aprendiendo much\u00edsimo, as\u00ed se fue dando.<\/q><\/p>\n<p class=\"sumario\">Mayahuel de Plata<\/p>\n<p class=\"s-s\">La presentaci\u00f3n del libro fue el motivo de la reuni\u00f3n con el p\u00fablico y fue la primera parte del homenaje que el Festival Internacional de Cine de Guadalajara (FICG) rinde al actor, a quien tambi\u00e9n se entregar\u00e1 un Mayahuel de Plata en reconocimiento a su trayectoria hoy durante la ceremonia de clausura.<\/p>\n<p>Fiesco le pregunt\u00f3 de su paso por la televisi\u00f3n y Luna, sin dejar de sonre\u00edr, se removi\u00f3 en el asiento, dijo que no le gusta tanto hablar de ese tema o si lo hace no le gusta\u00a0<q>con tantas c\u00e1maras prendidas<\/q>\u00a0porque\u00a0<q>eso se platica en corto<\/q>.<\/p>\n<\/div>\n<div class=\"col col2\">\n<p><q>Hubo una \u00e9poca en la que fue fundamental lo que me pas\u00f3, entre los 10 a 15 a\u00f1os y despu\u00e9s muy importante trascender esa etapa. Ah\u00ed le debo mucho al teatro que me manten\u00eda aterrizado pero al cine sobre todo, porque me ense\u00f1\u00f3 que pod\u00eda hacer audiovisual de una forma m\u00e1s artesanal, con mucho m\u00e1s tiempo de edici\u00f3n.<\/q><\/p>\n<p>Otro rumbo definitorio en su carrera fue Alfonso Cuar\u00f3n, a quien conoci\u00f3 cuando el laureado cineasta era asistente de direcci\u00f3n y luego en su primera faceta como director con la \u00f3pera prima\u00a0<em>S\u00f3lo con tu pareja<\/em>\u00a0(1991) que culmin\u00f3 con su inclusi\u00f3n en la pel\u00edcula<em>\u00a0Y tu mam\u00e1 tambi\u00e9n<\/em>\u00a0(2001).<\/p>\n<p>\u201cComo buen\u00a0<em>road trip<\/em>\u00a0todos \u00edbamos en ese viaje, reconectando, plante\u00e1ndonos cosas, buscando trascender o dejar cosas atr\u00e1s. A todos nos signific\u00f3 algo muy importante, decidimos subir a ese viaje que parec\u00eda hacia el pasado pero en realidad fue para encontrar nuestro destino, futuro y una nueva familia, en t\u00e9rminos cinematogr\u00e1ficos\u201d, cont\u00f3.<\/p>\n<p>En la misma charla, Luna fue cuestionado sobre las motivaciones que ha tenido para hacer cine en cualquiera de las facetas en que ha incursionado como actor, director y productor.<\/p>\n<p><q>En el cine cabe todo, pero si el cine no funciona como un reflejo, si no se conecta con lo m\u00e1s profundo de nuestro contexto, con quienes somos, con la vida en comunidad, no tendr\u00eda sentido. Existe para eso, as\u00ed lo aprend\u00ed a ver y a hacer. Nunca vi a mi pap\u00e1 trabajando en una obra de teatro que no le importara<\/q>, indic\u00f3.<\/p>\n<p>Afirm\u00f3 que su trabajo es por s\u00ed mismo un cuestionamiento a lo m\u00e1s profundo del ser y por tanto\u00a0<q>si eres honesto no hay manera de eludir esa confrontaci\u00f3n<\/q>.<\/p>\n<p>Despu\u00e9s de la charla y entrevista que incluy\u00f3 preguntas del p\u00fablico, Diego Luna tambi\u00e9n estuvo al final de la presentaci\u00f3n de la pel\u00edcula\u00a0<em>Estado del silencio<\/em>, que todos apuestan se llevar\u00e1 el premio a mejor documental y que finalmente pudo ver luz despu\u00e9s de haberse planeado desde 2018.<\/p>\n<p>La pel\u00edcula es un estremecedor recuento de las condiciones de inseguridad en que ejercen su labor periodistas de tres regiones en igual n\u00famero de estados del pa\u00eds, entre ellos los desplazados por amenazas y atentados como Mar\u00eda de Jes\u00fas Peters (Chiapas) y Marcos Vizcarra (Sinaloa), quienes junto con Luna compartieron con el p\u00fablico sus experiencias.<\/p>\n<\/div>\n<\/div>\n<div class=\"go gui\">\n<div class=\"go-up\"><\/div>\n<\/div>\n<\/div>\n<\/article>\n<\/div>\n<div id=\"interstitialdfpportadas\"><\/div>\n","protected":false},"excerpt":{"rendered":"<p>Estado de silencio, de Diego Luna, se proyect\u00f3 en el FICG El actor durante el lanzamiento del texto Diego Luna, la neta es chida pero inalcanzable, en la Universidad de Guadalajara. La Jornada Guadalajara, Jal., En el teatro que su pap\u00e1 tambi\u00e9n ayud\u00f3 a construir, Diego Luna llen\u00f3 hasta gayola la sala 2 del conjunto [&hellip;]<\/p>\n","protected":false},"author":249,"featured_media":36913,"comment_status":"open","ping_status":"closed","sticky":false,"template":"","format":"standard","meta":{"footnotes":""},"categories":[26],"tags":[],"class_list":["post-36912","post","type-post","status-publish","format-standard","has-post-thumbnail","hentry","category-mundo"],"_links":{"self":[{"href":"http:\/\/eloficiodehistoriar.com.mx\/index.php?rest_route=\/wp\/v2\/posts\/36912","targetHints":{"allow":["GET"]}}],"collection":[{"href":"http:\/\/eloficiodehistoriar.com.mx\/index.php?rest_route=\/wp\/v2\/posts"}],"about":[{"href":"http:\/\/eloficiodehistoriar.com.mx\/index.php?rest_route=\/wp\/v2\/types\/post"}],"author":[{"embeddable":true,"href":"http:\/\/eloficiodehistoriar.com.mx\/index.php?rest_route=\/wp\/v2\/users\/249"}],"replies":[{"embeddable":true,"href":"http:\/\/eloficiodehistoriar.com.mx\/index.php?rest_route=%2Fwp%2Fv2%2Fcomments&post=36912"}],"version-history":[{"count":1,"href":"http:\/\/eloficiodehistoriar.com.mx\/index.php?rest_route=\/wp\/v2\/posts\/36912\/revisions"}],"predecessor-version":[{"id":36914,"href":"http:\/\/eloficiodehistoriar.com.mx\/index.php?rest_route=\/wp\/v2\/posts\/36912\/revisions\/36914"}],"wp:featuredmedia":[{"embeddable":true,"href":"http:\/\/eloficiodehistoriar.com.mx\/index.php?rest_route=\/wp\/v2\/media\/36913"}],"wp:attachment":[{"href":"http:\/\/eloficiodehistoriar.com.mx\/index.php?rest_route=%2Fwp%2Fv2%2Fmedia&parent=36912"}],"wp:term":[{"taxonomy":"category","embeddable":true,"href":"http:\/\/eloficiodehistoriar.com.mx\/index.php?rest_route=%2Fwp%2Fv2%2Fcategories&post=36912"},{"taxonomy":"post_tag","embeddable":true,"href":"http:\/\/eloficiodehistoriar.com.mx\/index.php?rest_route=%2Fwp%2Fv2%2Ftags&post=36912"}],"curies":[{"name":"wp","href":"https:\/\/api.w.org\/{rel}","templated":true}]}}