{"id":36925,"date":"2025-05-27T11:29:37","date_gmt":"2025-05-27T17:29:37","guid":{"rendered":"https:\/\/eloficiodehistoriar.com.mx\/?p=36925"},"modified":"2025-05-27T11:29:37","modified_gmt":"2025-05-27T17:29:37","slug":"el-macg-desafia-la-idea-de-que-la-humanidad-es-duena-de-la-naturaleza","status":"publish","type":"post","link":"http:\/\/eloficiodehistoriar.com.mx\/?p=36925","title":{"rendered":"El MACG desaf\u00eda la idea de que la humanidad es due\u00f1a de la naturaleza"},"content":{"rendered":"<div class=\"col\">\n<h1 class=\"nota-titulo nota-destacada mt-5 mb-3\">Muestra en el MACG desaf\u00eda la idea de que la humanidad es due\u00f1a de la naturaleza<\/h1>\n<\/div>\n<div class=\"col-main-3 mb-5\">\n<div class=\"nota-detalle\">\n<div class=\"nota-media border-bottom-1 mb-3\">\n<figure><figcaption class=\"text-left font-small pt-1\">Detalle de &#8216;El arquitecto&#8217;, retrato de Jes\u00fas T. Acevedo, integrante del Ateneo de la Juventud, pintado por Diego Rivera en 1915, y perteneciente al acervo del Museo de Arte Carrillo Gil. o cortes\u00eda Inbal<\/p>\n<p><a href=\"https:\/\/www.jornada.com.mx\/autores\/Daniel%20L%C3%B3pez%20Aguilar\">Daniel L\u00f3pez Aguilar<\/a><\/p>\n<p>La Jornada<\/figcaption><\/figure>\n<\/div>\n<div class=\"nota-row\">\n<div class=\"nota-datos\">\n<div class=\"font-small color-secundario border-bottom-2\">El Museo de Arte Carrillo Gil (MACG) inaugur\u00f3 el s\u00e1bado pasado <i>Ni origen, ni torbellino,<\/i>\u00a0exposici\u00f3n colectiva que invita a repensar la relaci\u00f3n entre las personas y su entorno desde enfoques que cuestionan la centralidad del ser humano.<\/div>\n<\/div>\n<div id=\"article-content-tts\" class=\"nota-contenido mb-5\">\n<div id=\"content_nitf\">\n<p class=\"nota-justify\">La propuesta retoma la colecci\u00f3n inicial del museo y la confronta con creaciones contempor\u00e1neas con el fin de abrir nuevas formas de imaginar la materia, el espacio y la creaci\u00f3n art\u00edstica.<\/p>\n<p class=\"nota-justify\">Este proyecto marca un nuevo comienzo para el equipo de trabajo, despu\u00e9s de considerar el significado de haber alcanzado 50 a\u00f1os de historia y definir hacia d\u00f3nde queremos avanzar en el futuro, explic\u00f3 la directora Marisol Arg\u00fcelles durante el recorrido previo con representantes de la prensa.<\/p>\n<p class=\"nota-justify\">Destac\u00f3 que la muestra no se limita a las piezas originales del museo, sino que incorpora creaciones contempor\u00e1neas para favorecer un intercambio entre tiempos que, aunque parecen opuestos, se complementan y ayudan a comprender la evoluci\u00f3n del arte moderno hasta el actual.<\/p>\n<p class=\"nota-justify\">El proyecto es fruto del trabajo conjunto de tres especialistas: Fernanda Ramos, curadora en jefe, y Jorge Castro y Hebe Garibay, curadores adjuntos.<\/p>\n<p class=\"nota-justify\"><strong>En di\u00e1logo con el espectador<\/strong><\/p>\n<p class=\"nota-justify\">En entrevista con\u00a0<i>La Jornada,\u00a0<\/i>Garibay se\u00f1al\u00f3 que dise\u00f1aron un mapa que estructura la exposici\u00f3n a partir de los ejes tem\u00e1ticos: arquitectura, no arquitectura, arquitectura no humana, paisaje, lo c\u00f3smico y lo material.<\/p>\n<p class=\"nota-justify\">Este dise\u00f1o tambi\u00e9n rompe con la linealidad tradicional del trayecto, ya que ofrece dos posibles inicios \u2013por la derecha o por la izquierda\u2013 para que cada espectador elija su propia ruta.<\/p>\n<p class=\"nota-justify\">Cada visitante recibe el mapa, que incluye un glosario con los conceptos centrales. Esto permite que la experiencia sea personalizada y que el p\u00fablico entable un di\u00e1logo activo con las manifestaciones culturales y las ideas que plantea la propuesta.<\/p>\n<p class=\"nota-justify\">El recorrido evita jerarqu\u00edas o secuencias cronol\u00f3gicas e inicia simb\u00f3licamente con dos piezas que representan posibles comienzos.<\/p>\n<p class=\"nota-justify\">Un\u00a0<i>collage\u00a0<\/i>de \u00c1lvar Carrillo Gil funciona como portal hacia una dimensi\u00f3n c\u00f3smica, mientras\u00a0<i>El arquitecto,<\/i>\u00a0\u00f3leo cubista de Diego Rivera, representa al hombre como figura dominante en la construcci\u00f3n del mundo. Esta visi\u00f3n esencialista y antropoc\u00e9ntrica ha prevalecido en la historia del arte moderno.<\/p>\n<p class=\"nota-justify\">Entre las 55 piezas exhibidas, 35 pertenecen al acervo fundacional, siete a la colecci\u00f3n contempor\u00e1nea del MACG, siete provienen del Museo de Arte Moderno, tres del Museo Tamayo y tres m\u00e1s corresponden a artistas invitados. Estas \u00faltimas enriquecen el di\u00e1logo expositivo con obra actual.<\/p>\n<p class=\"nota-justify\">Sobresalen las formas escult\u00f3ricas y la instalaci\u00f3n multimedia de Natalia Mej\u00eda, compuesta por video y monolitos, junto con \u00f3leos y otras expresiones en distintos soportes que enriquecen la diversidad t\u00e9cnica y temporal de la muestra.<\/p>\n<p class=\"nota-justify\"><strong>Cosmos y materia<\/strong><\/p>\n<p class=\"nota-justify\">Una ficha informativa enfatiza que los trabajos incluidos en la secci\u00f3n titulada Utop\u00edas cuestionan la hegemon\u00eda del hombre como constructor y controlador del mundo, una idea ejemplificada en creaciones como\u00a0<i>La casa blanca,\u00a0<\/i>de Jos\u00e9 Clemente Orozco.<\/p>\n<p class=\"nota-justify\">Estas obras reflejan una visi\u00f3n que considera a la humanidad due\u00f1a absoluta de la naturaleza, una idea que el arte contempor\u00e1neo desaf\u00eda al proponer perspectivas que reconocen la autonom\u00eda de la materia y su vinculaci\u00f3n con procesos org\u00e1nicos, geol\u00f3gicos y c\u00f3smicos.<\/p>\n<p class=\"nota-justify\">El apartado c\u00f3smico desplaza al ser humano del centro del universo, present\u00e1ndolo como parte de una red de interdependencias que trascienden su corporalidad. En este espacio destacan las obras de Remedios Varo, donde astros y elementos on\u00edricos emergen envueltos en misterio y poes\u00eda.<\/p>\n<p class=\"nota-justify\">Este montaje representa tambi\u00e9n un ejercicio interno para el museo: comprender la colecci\u00f3n como un organismo vivo, capaz de dialogar con diferentes \u00e9pocas y mantenerse vigente. Se trata de una reflexi\u00f3n constante sobre el significado de contar con una colecci\u00f3n tan importante, c\u00f3mo activarla y qu\u00e9 caminos abrir para su interpretaci\u00f3n, indic\u00f3 la directora Arg\u00fcelles.<\/p>\n<p class=\"nota-justify\">Hebe Garibay puntualiz\u00f3 que esta iniciativa busca romper con las formas tradicionales de interpretaci\u00f3n, impulsando un di\u00e1logo activo en el que el ser humano deja de ser el centro absoluto para integrarse en una red m\u00e1s amplia de conexiones y significados. De este modo, cada visitante se transforma en un participante que reconstruye nuevas maneras de comprender el arte y la realidad.<\/p>\n<p class=\"nota-justify\"><i>Ni origen, ni torbellino\u00a0<\/i>se puede visitar de martes a domingo, de 10 a 18 horas en el MACG (avenida Revoluci\u00f3n 1608, colonia San \u00c1ngel, alcald\u00eda \u00c1lvaro Obreg\u00f3n). La entrada cuesta 75 pesos y los domingos es gratuita. La exposici\u00f3n concluye el 26 de octubre.<\/p>\n<\/div>\n<\/div>\n<div class=\"notas-relacionadas\"><\/div>\n<div class=\"nota-tags\"><\/div>\n<\/div>\n<\/div>\n<\/div>\n","protected":false},"excerpt":{"rendered":"<p>Muestra en el MACG desaf\u00eda la idea de que la humanidad es due\u00f1a de la naturaleza Detalle de &#8216;El arquitecto&#8217;, retrato de Jes\u00fas T. Acevedo, integrante del Ateneo de la Juventud, pintado por Diego Rivera en 1915, y perteneciente al acervo del Museo de Arte Carrillo Gil. o cortes\u00eda Inbal Daniel L\u00f3pez Aguilar La Jornada [&hellip;]<\/p>\n","protected":false},"author":249,"featured_media":36441,"comment_status":"open","ping_status":"closed","sticky":false,"template":"","format":"standard","meta":{"footnotes":""},"categories":[26],"tags":[],"class_list":["post-36925","post","type-post","status-publish","format-standard","has-post-thumbnail","hentry","category-mundo"],"_links":{"self":[{"href":"http:\/\/eloficiodehistoriar.com.mx\/index.php?rest_route=\/wp\/v2\/posts\/36925","targetHints":{"allow":["GET"]}}],"collection":[{"href":"http:\/\/eloficiodehistoriar.com.mx\/index.php?rest_route=\/wp\/v2\/posts"}],"about":[{"href":"http:\/\/eloficiodehistoriar.com.mx\/index.php?rest_route=\/wp\/v2\/types\/post"}],"author":[{"embeddable":true,"href":"http:\/\/eloficiodehistoriar.com.mx\/index.php?rest_route=\/wp\/v2\/users\/249"}],"replies":[{"embeddable":true,"href":"http:\/\/eloficiodehistoriar.com.mx\/index.php?rest_route=%2Fwp%2Fv2%2Fcomments&post=36925"}],"version-history":[{"count":1,"href":"http:\/\/eloficiodehistoriar.com.mx\/index.php?rest_route=\/wp\/v2\/posts\/36925\/revisions"}],"predecessor-version":[{"id":36926,"href":"http:\/\/eloficiodehistoriar.com.mx\/index.php?rest_route=\/wp\/v2\/posts\/36925\/revisions\/36926"}],"wp:featuredmedia":[{"embeddable":true,"href":"http:\/\/eloficiodehistoriar.com.mx\/index.php?rest_route=\/wp\/v2\/media\/36441"}],"wp:attachment":[{"href":"http:\/\/eloficiodehistoriar.com.mx\/index.php?rest_route=%2Fwp%2Fv2%2Fmedia&parent=36925"}],"wp:term":[{"taxonomy":"category","embeddable":true,"href":"http:\/\/eloficiodehistoriar.com.mx\/index.php?rest_route=%2Fwp%2Fv2%2Fcategories&post=36925"},{"taxonomy":"post_tag","embeddable":true,"href":"http:\/\/eloficiodehistoriar.com.mx\/index.php?rest_route=%2Fwp%2Fv2%2Ftags&post=36925"}],"curies":[{"name":"wp","href":"https:\/\/api.w.org\/{rel}","templated":true}]}}