{"id":586,"date":"2008-07-20T13:22:02","date_gmt":"2008-07-20T18:22:02","guid":{"rendered":"https:\/\/eloficiodehistoriar.com.mx\/?p=586"},"modified":"2008-07-20T13:22:02","modified_gmt":"2008-07-20T18:22:02","slug":"julio-scherer-1997-esos-anos","status":"publish","type":"post","link":"http:\/\/eloficiodehistoriar.com.mx\/?p=586","title":{"rendered":"Julio Scherer, 1997, esos a\u00f1os&#8230;"},"content":{"rendered":"<p><strong><span style=\"font-size: 22pt; color: black; font-family: 'Times New Roman'\" lang=\"ES-MX\">Julio Scherer, 1997, esos a\u00f1os\u2026<o:p><\/o:p><\/span><\/strong><strong><span style=\"font-size: 22pt; color: black; font-family: 'Times New Roman'\" lang=\"ES-MX\"><o:p>\u00a0<\/o:p><\/span><\/strong><\/p>\n<p align=\"center\" style=\"margin: 0cm 0cm 0pt; text-align: center\" class=\"MsoNormal\"><strong><span style=\"font-size: 14pt; color: black; font-family: Verdana\" lang=\"ES-MX\"><\/span><\/strong><\/p>\n<p align=\"center\" style=\"margin: 0cm 0cm 0pt; text-align: center\" class=\"MsoNormal\"><strong><span style=\"font-size: 14pt; color: black; font-family: Verdana\" lang=\"ES-MX\"><\/span><\/strong><\/p>\n<p><strong><span style=\"font-size: 14pt; color: black; font-family: Verdana\" lang=\"ES-MX\">Julio Figueroa<o:p><\/o:p><\/span><\/strong><span style=\"font-size: 16pt; color: black; font-family: 'Times New Roman'\" lang=\"ES-MX\"><o:p>\u00a0<\/o:p><\/span><\/p>\n<p align=\"right\" style=\"margin: 0cm 0cm 0pt; text-align: right\" class=\"MsoNormal\"><span style=\"font-size: 12pt; color: black; font-family: Verdana\" lang=\"ES-MX\"><\/span><\/p>\n<p align=\"right\" style=\"margin: 0cm 0cm 0pt; text-align: right\" class=\"MsoNormal\"><span style=\"font-size: 12pt; color: black; font-family: Verdana\" lang=\"ES-MX\"><\/span><\/p>\n<p><span style=\"font-size: 12pt; color: black; font-family: Verdana\" lang=\"ES-MX\">A Susana S. Ibarra <o:p><\/o:p><\/span><span style=\"font-size: 16pt; color: black; font-family: 'Times New Roman'\" lang=\"ES-MX\"><o:p>\u00a0<\/o:p><\/span><span style=\"font-size: 16pt; color: black; font-family: 'Times New Roman'\" lang=\"ES-MX\"><o:p>\u00a0<\/o:p><\/span><\/p>\n<p style=\"margin: 0cm 0cm 0pt; text-align: justify\" class=\"MsoNormal\"><span style=\"font-size: 16pt; color: black; font-family: 'Times New Roman'\" lang=\"ES-MX\"><span>\u00a0\u00a0\u00a0\u00a0 <\/span><\/span><\/p>\n<p style=\"margin: 0cm 0cm 0pt; text-align: justify\" class=\"MsoNormal\"><span style=\"font-size: 16pt; color: black; font-family: 'Times New Roman'\" lang=\"ES-MX\"><span><\/span><\/span><\/p>\n<p><span style=\"font-size: 16pt; color: black; font-family: 'Times New Roman'\" lang=\"ES-MX\"><span><\/span>Desde hace a\u00f1os, por lo menos una vez al a\u00f1o, durante las fechas de su nacimiento o muerte, leo y releo y escribo alguna nota sobre mis autores favoritos. Es el caso de Octavio Paz, Jos\u00e9 Emilio Pacheco, Julio Scherer, Canetti, Tolst\u00f3i\u2026 Por puro azar, libertad y necesidad este veloz 2008 no he dejado de leer al periodista de M\u00e9xico Julio Scherer Garc\u00eda (DF, 1926). Y en espera de su pr\u00f3ximo libro de inminente aparici\u00f3n, he vuelto casualmente a unas notas escritas en el a\u00f1o axial de 1997, con motivo de sus entonces 71 a\u00f1os y de su libro de entonces <em>Estos a\u00f1os <\/em>(Oc\u00e9ano, 1995). La mirada cr\u00edtica de Julio Scherer sobre Carlos Salinas fue y ha sido m\u00e1s acerada, implacable y certera que la de Octavio Paz. Vale la pena volver a ella. Poco despu\u00e9s escribi\u00f3 <em>Salinas y su imperio<\/em> (Oc\u00e9ano, 1997). Scherer no s\u00f3lo hace la radiograf\u00eda del poderoso sino que traza el cuadro corrupto del poder. Y todav\u00eda nos debe su larga e \u00edntima entrevista con Carlos Salinas de Gortari en Dubl\u00edn.<o:p><\/o:p><\/span><\/p>\n<p style=\"margin: 0cm 0cm 0pt; text-align: justify\" class=\"MsoNormal\"><span style=\"font-size: 16pt; color: black; font-family: 'Times New Roman'\" lang=\"ES-MX\"><span><\/span><\/span><\/p>\n<p style=\"margin: 0cm 0cm 0pt; text-align: justify\" class=\"MsoNormal\"><span style=\"font-size: 16pt; color: black; font-family: 'Times New Roman'\" lang=\"ES-MX\"><span><\/span><\/span><\/p>\n<p style=\"margin: 0cm 0cm 0pt; text-align: justify\" class=\"MsoNormal\"><span style=\"font-size: 16pt; color: black; font-family: 'Times New Roman'\" lang=\"ES-MX\"><span><\/span><\/span><\/p>\n<p><span style=\"font-size: 16pt; color: black; font-family: 'Times New Roman'\" lang=\"ES-MX\"><span>\u00a0\u00a0\u00a0\u00a0 <\/span>Foto de don Julio: Marco Antonio Cruz (Portada de Proceso 1598, 17-VI-2007). <span>\u00a0<\/span><o:p><\/o:p><\/span><\/p>\n<p style=\"margin: 0cm 0cm 0pt; text-align: justify\" class=\"MsoNormal\"><span style=\"font-size: 16pt; color: black; font-family: 'Times New Roman'\" lang=\"ES-MX\"><span><\/span><\/span><\/p>\n<p style=\"margin: 0cm 0cm 0pt; text-align: justify\" class=\"MsoNormal\"><span style=\"font-size: 16pt; color: black; font-family: 'Times New Roman'\" lang=\"ES-MX\"><span><\/span><\/span><\/p>\n<p><span style=\"font-size: 16pt; color: black; font-family: 'Times New Roman'\" lang=\"ES-MX\"><span>\u00a0\u00a0\u00a0\u00a0 <\/span>En seguida mis notas de 1997, tal como fueron escritas y publicadas entonces. (Qro. Qro., lunes 21-VII-2008).<span>\u00a0 <\/span><span>\u00a0<\/span><span>\u00a0<\/span><o:p><\/o:p><\/span><span style=\"font-size: 16pt; color: black; font-family: 'Times New Roman'\" lang=\"ES-MX\"><o:p>\u00a0<\/o:p><\/span><span style=\"font-size: 16pt; color: black; font-family: 'Times New Roman'\" lang=\"ES-MX\"><o:p>\u00a0<\/o:p><\/span><\/p>\n<p align=\"center\" style=\"margin: 0cm 0cm 0pt; text-align: center\" class=\"MsoNormal\"><strong><span style=\"font-size: 20pt; color: black; font-family: 'Times New Roman'\" lang=\"ES-MX\"><\/span><\/strong><\/p>\n<p><strong><span style=\"font-size: 20pt; color: black; font-family: 'Times New Roman'\" lang=\"ES-MX\">Don Julio, 71<o:p><\/o:p><\/span><\/strong><span style=\"font-size: 16pt; color: black; font-family: 'Times New Roman'\" lang=\"ES-MX\"><o:p>\u00a0<\/o:p><\/span><\/p>\n<p style=\"background: white; margin: 0cm 0cm 0pt; text-align: justify\"><font face=\"Times New Roman\"><span style=\"color: black\"><span>\u00a0\u00a0\u00a0\u00a0 <\/span><\/span><\/font><\/p>\n<p style=\"background: white; margin: 0cm 0cm 0pt; text-align: justify\"><font face=\"Times New Roman\"><span style=\"color: black\"><span><\/span><\/span><\/font><\/p>\n<p><font face=\"Times New Roman\"><span style=\"color: black\"><span><\/span><\/span><span style=\"font-size: 16pt; color: black\">De vez en vez hacer p\u00fablico lo privado y nunca de los nuncas privatizar lo p\u00fablico. Sin falsas purezas virtuales: se aceptan algunos regalos personales y se piden algunos favores humanos. S\u00f3lo los dioses no necesitan nada. Ese hombre es de una pieza, hecha naturalmente de varias piezas. Implacable con sus adversarios y generoso con aquellos que ama. \u00bfDivide al mundo en blanco y negro? No, su pluma carga m\u00e1s colores. En di\u00e1logo y disputa permanente con el poder. Esta es para m\u00ed la ense\u00f1anza de Julio Scherer Garc\u00eda, que este 7 de abril (1997) cumple 71 primaveras, con sus respectivos infiernos, triunfos y derrotas. Ya liberado de la carga semanal de hacer <em>Proceso<\/em>, \u00bfd\u00f3nde anda ahora, qu\u00e9 hace, qu\u00e9 piensa, qu\u00e9 lee, qu\u00e9 est\u00e1 escribiendo? \u00bfDisfruta el pan \u00e1cimo del anonimato? \u00bfEs rico su tiempo sin relojes? \u00bfC\u00f3mo se vive sin mujer? \u00bfY su contacto con los poderosos? \u00bfC\u00f3mo siente y ve al paisito desde la calle, o desde la distancia del mundo?<o:p><\/o:p><\/span><\/font><\/p>\n<p style=\"margin: 0cm 0cm 0pt; text-align: justify\"><span style=\"font-size: 16pt; color: black\"><font face=\"Times New Roman\"><span><\/span><\/font><\/span><\/p>\n<p style=\"margin: 0cm 0cm 0pt; text-align: justify\"><span style=\"font-size: 16pt; color: black\"><font face=\"Times New Roman\"><span><\/span><\/font><\/span><\/p>\n<p style=\"margin: 0cm 0cm 0pt; text-align: justify\"><span style=\"font-size: 16pt; color: black\"><font face=\"Times New Roman\"><span><\/span><\/font><\/span><\/p>\n<p><span style=\"font-size: 16pt; color: black\"><font face=\"Times New Roman\"><span>\u00a0\u00a0\u00a0\u00a0 <\/span>Tomo sus libros del librero, tengo algunos d\u00edas libres y releo su prosa veloz y punzante de <em>Los presidentes <\/em>y <em>Estos a\u00f1os<\/em>. Cinco o seis presidentes y un buen pu\u00f1o de personajes cincelados por su poderosa pluma cr\u00edptica. Las palabras en sus manos moldean, levantan y destruyen reputaciones. Procesa, sentencia, esculpe. Somete a juicio a los poderosos y \u00e9l mismo queda en cueros en varias p\u00e1ginas. Es parte del mundo que califica. Quien hace creaci\u00f3n, hace su enajenaci\u00f3n. Liberaci\u00f3n y condena. En sus libros Scherer se permite hacer lo que no hizo en su revista: personalizar al poder, humanizar al enemigo, llevar la disputa al terreno com\u00fan y mostrarse desnudo en su doliente intimidad de hombre. La caldera se calienta al m\u00e1ximo y hay que sacar la presi\u00f3n o se vuelve un infierno. Adjetivar es valorar. Arriesgar en la interpretaci\u00f3n del mundo. Hablar del otro es ponerse entero. Ya el tiro del tino es cosa de cada quien. S\u00f3lo\u00a0Garc\u00eda M\u00e1rquez puede ser Garc\u00eda M\u00e1rquez. <o:p><\/o:p><\/font><\/span><\/p>\n<p style=\"margin: 0cm 0cm 0pt; text-align: justify\"><span style=\"font-size: 16pt; color: black\"><font face=\"Times New Roman\"><span><\/span><\/font><\/span><\/p>\n<p style=\"margin: 0cm 0cm 0pt; text-align: justify\"><span style=\"font-size: 16pt; color: black\"><font face=\"Times New Roman\"><span><\/span><\/font><\/span><\/p>\n<p style=\"margin: 0cm 0cm 0pt; text-align: justify\"><span style=\"font-size: 16pt; color: black\"><font face=\"Times New Roman\"><span><\/span><\/font><\/span><\/p>\n<p><span style=\"font-size: 16pt; color: black\"><font face=\"Times New Roman\"><span>\u00a0\u00a0\u00a0\u00a0 <\/span>En su verdad interior y en la fuerza de su trazo, a un tiempo brutal y sutil, la prosa de Scherer se asemeja a la pintura de Siqueiros. Colores violentos y mirada fina. En los sesentas, cuando Siqueiros estaba preso en Lecumberri, escribi\u00f3 Alberti de Siqueiros:<o:p><\/o:p><\/font><\/span><span style=\"font-size: 16pt; color: black\"><font face=\"Times New Roman\">\u00a0<o:p><\/o:p><\/font><\/span><\/p>\n<p style=\"margin: 0cm 0cm 0pt; text-align: justify\"><span style=\"font-size: 16pt; color: black\"><\/span><\/p>\n<p style=\"margin: 0cm 0cm 0pt; text-align: justify\"><span style=\"font-size: 16pt; color: black\"><\/span><\/p>\n<p style=\"margin: 0cm 0cm 0pt; text-align: justify\"><span style=\"font-size: 16pt; color: black\"><\/span><\/p>\n<p><span style=\"font-size: 16pt; color: black\"><font face=\"Times New Roman\">\u00a0\u00a0\u00a0\u00a0 \u00abCuando el pincel es machete, <o:p><\/o:p><\/font><\/span><\/p>\n<p style=\"margin: 0cm 0cm 0pt; text-align: justify\"><span style=\"font-size: 16pt; color: black\"><\/span><\/p>\n<p><span style=\"font-size: 16pt; color: black\"><font face=\"Times New Roman\">\u00a0\u00a0\u00a0\u00a0 cuando el color un disparo, <o:p><\/o:p><\/font><\/span><\/p>\n<p style=\"margin: 0cm 0cm 0pt; text-align: justify\"><span style=\"font-size: 16pt; color: black\"><\/span><\/p>\n<p><span style=\"font-size: 16pt; color: black\"><font face=\"Times New Roman\">\u00a0\u00a0\u00a0\u00a0 cuando el dibujo, la l\u00ednea, <o:p><\/o:p><\/font><\/span><\/p>\n<p style=\"margin: 0cm 0cm 0pt; text-align: justify\"><span style=\"font-size: 16pt; color: black\"><\/span><\/p>\n<p><span style=\"font-size: 16pt; color: black\"><font face=\"Times New Roman\">\u00a0\u00a0\u00a0\u00a0 una tralla, un latigazo&#8230;\u00bb<o:p><\/o:p><\/font><\/span><span style=\"font-size: 16pt; color: black\"><font face=\"Times New Roman\">\u00a0<o:p><\/o:p><\/font><\/span><\/p>\n<p style=\"margin: 0cm 0cm 0pt; text-align: justify\"><span style=\"font-size: 16pt; color: black\"><\/span><\/p>\n<p style=\"margin: 0cm 0cm 0pt; text-align: justify\"><span style=\"font-size: 16pt; color: black\"><\/span><\/p>\n<p style=\"margin: 0cm 0cm 0pt; text-align: justify\"><span style=\"font-size: 16pt; color: black\"><\/span><\/p>\n<p><span style=\"font-size: 16pt; color: black\"><font face=\"Times New Roman\">\u00a0\u00a0\u00a0\u00a0 El pincel en uno y la pluma en otro, el hacha y el bistur\u00ed. \u00a1Ver el mundo es crear el mundo y moverlo, conmoverlo, removerlo! Con la llama de la pasi\u00f3n y la fuerza de la vida chorreando por todas partes. Sangre acalorada. Hierve helada la luz de la mirada. Alberti:\u00a0<o:p><\/o:p><\/font><\/span><span style=\"font-size: 16pt; color: black\"><font face=\"Times New Roman\">\u00a0<o:p><\/o:p><\/font><\/span><\/p>\n<p style=\"margin: 0cm 0cm 0pt; text-align: justify\"><span style=\"font-size: 16pt; color: black\"><\/span><\/p>\n<p style=\"margin: 0cm 0cm 0pt; text-align: justify\"><span style=\"font-size: 16pt; color: black\"><\/span><\/p>\n<p><span style=\"font-size: 16pt; color: black\"><font face=\"Times New Roman\">\u00a0\u00a0\u00a0\u00a0 \u00ab\u00a1Empujad! \u00a1Abrid las puertas,\u00a0<o:p><\/o:p><\/font><\/span><\/p>\n<p style=\"margin: 0cm 0cm 0pt; text-align: justify\"><span style=\"font-size: 16pt; color: black\"><\/span><\/p>\n<p><span style=\"font-size: 16pt; color: black\"><font face=\"Times New Roman\">\u00a0\u00a0\u00a0\u00a0 que estamos vivos, que estamos\u00a0<o:p><\/o:p><\/font><\/span><\/p>\n<p style=\"margin: 0cm 0cm 0pt; text-align: justify\"><span style=\"font-size: 16pt; color: black\"><\/span><\/p>\n<p><span style=\"font-size: 16pt; color: black\"><font face=\"Times New Roman\">\u00a0\u00a0\u00a0\u00a0 vivos, que no sepultados&#8230;!\u00a0<o:p><\/o:p><\/font><\/span><\/p>\n<p style=\"margin: 0cm 0cm 0pt; text-align: justify\"><span style=\"font-size: 16pt; color: black\"><\/span><\/p>\n<p><span style=\"font-size: 16pt; color: black\"><font face=\"Times New Roman\">\u00a0\u00a0\u00a0\u00a0 \u00a1Las puertas! \u00a1Pronto! Y la luz\u00a0<o:p><\/o:p><\/font><\/span><\/p>\n<p style=\"margin: 0cm 0cm 0pt; text-align: justify\"><span style=\"font-size: 16pt; color: black\"><\/span><\/p>\n<p><span style=\"font-size: 16pt; color: black\"><font face=\"Times New Roman\">\u00a0\u00a0\u00a0\u00a0 se abra de nuevo en sus manos.\u00bb\u00a0<o:p><\/o:p><\/font><\/span><\/p>\n<p style=\"margin: 0cm 0cm 0pt; text-align: justify\"><span style=\"font-size: 16pt; color: black\"><\/span><\/p>\n<p style=\"margin: 0cm 0cm 0pt; text-align: justify\"><span style=\"font-size: 16pt; color: black\"><\/span><\/p>\n<p><span style=\"font-size: 16pt; color: black\"><font face=\"Times New Roman\">\u00a0<o:p><\/o:p><\/font><\/span><\/p>\n<p style=\"margin: 0cm 0cm 0pt; text-align: justify\"><span style=\"font-size: 16pt; color: black\"><font face=\"Times New Roman\"><span><\/span><\/font><\/span><\/p>\n<p><span style=\"font-size: 16pt; color: black\"><font face=\"Times New Roman\"><span>\u00a0\u00a0\u00a0\u00a0 <\/span>Extremoso, exagerado y rotundo. Todo eso y m\u00e1s. Don Julio Scherer. \u00bfPor qu\u00e9 tanto coraje en su periodismo? \u00bfPor qu\u00e9 tanta impunidad del poder? \u00abEl periodismo no es blando, como no es tersa la pol\u00edtica\u00bb. M\u00e1s que la fuerza moral y la verdad pol\u00edtica, es la vida que puja. Patalea. Apenitas ara\u00f1a al poder. <o:p><\/o:p><\/font><\/span><\/p>\n<p style=\"margin: 0cm 0cm 0pt; text-align: justify\"><span style=\"font-size: 16pt; color: black\" lang=\"ES-MX\"><font face=\"Times New Roman\"><span><\/span><\/font><\/span><\/p>\n<p style=\"margin: 0cm 0cm 0pt; text-align: justify\"><span style=\"font-size: 16pt; color: black\" lang=\"ES-MX\"><font face=\"Times New Roman\"><span><\/span><\/font><\/span><\/p>\n<p style=\"margin: 0cm 0cm 0pt; text-align: justify\"><span style=\"font-size: 16pt; color: black\" lang=\"ES-MX\"><font face=\"Times New Roman\"><span><\/span><\/font><\/span><\/p>\n<p style=\"margin: 0cm 0cm 0pt; text-align: justify\"><span style=\"font-size: 16pt; color: black\" lang=\"ES-MX\"><font face=\"Times New Roman\"><span>\u00a0\u00a0\u00a0\u00a0 <\/span>\u00bfQu\u00e9 dec\u00eda Octavio de Julio, en aquella autoentrevista del primero, que parec\u00eda el testamento del escritor? Dice Paz a Scherer: \u00abEres un apasionado y esto, a veces, te hace perder objetividad y aun los estribos. Te salva tu pasi\u00f3n por la libertad&#8230;\u00bb (<em>Proceso<\/em> 885, 18-X-93). Y en otra parte expresa Paz: Mi aprecio por Scherer ha sido siempre mayor que mis diferencias. Y otras famosas palabras de Octavio a don Julio: \u00abNo te acerques demasiado al fuego del poder, que no es fuego que purifique\u00bb. Oficio y car\u00e1cter obligan. <\/font><\/span><\/p>\n<p style=\"margin: 0cm 0cm 0pt; text-align: justify\"><span style=\"font-size: 16pt; color: black\" lang=\"ES-MX\"><\/span><\/p>\n<p style=\"margin: 0cm 0cm 0pt; text-align: justify\"><span style=\"font-size: 16pt; color: black\" lang=\"ES-MX\"><\/span><\/p>\n<p style=\"margin: 0cm 0cm 0pt; text-align: justify\"><span style=\"font-size: 16pt; color: black\" lang=\"ES-MX\"><\/span><\/p>\n<p><span style=\"font-size: 16pt; color: black\" lang=\"ES-MX\"><font face=\"Times New Roman\">\u00bfQu\u00e9 piensa Scherer de Paz? La admiraci\u00f3n sin atenuantes hacia Garc\u00eda M\u00e1rquez, \u00bfc\u00f3mo es hacia Octavio Paz? Krauze dice que Scherer es un cruzado de la verdad. \u00bfUn cruzado o un pose\u00eddo? Como sea, dice Krauze que dijo Paz de Scherer: \u00abEs un personaje extra\u00eddo de la literatura rusa\u00bb.\u00a0<o:p><\/o:p><\/font><\/span><\/p>\n<p style=\"margin: 0cm 0cm 0pt; text-align: justify\"><span style=\"font-size: 16pt; color: black\" lang=\"ES-MX\"><font face=\"Times New Roman\"><span><\/span><\/font><\/span><\/p>\n<p style=\"margin: 0cm 0cm 0pt; text-align: justify\"><span style=\"font-size: 16pt; color: black\" lang=\"ES-MX\"><font face=\"Times New Roman\"><span><\/span><\/font><\/span><\/p>\n<p style=\"margin: 0cm 0cm 0pt; text-align: justify\"><span style=\"font-size: 16pt; color: black\" lang=\"ES-MX\"><font face=\"Times New Roman\"><span><\/span><\/font><\/span><\/p>\n<p><span style=\"font-size: 16pt; color: black\" lang=\"ES-MX\"><font face=\"Times New Roman\"><span>\u00a0\u00a0\u00a0\u00a0 <\/span>Jules Renard escribi\u00f3 en su <em>Diario<\/em>, a\u00f1o tras a\u00f1o, la vida prodigiosa de un hombre com\u00fan, ro\u00eddo por la envidia y las frustraciones. Es bueno \u00abhojear ese esp\u00edritu\u00bb: puede ser un espejo. <em>\u00a1Escucha, peque\u00f1o hombre!<\/em> Es mi voz interior con las palabras de Wilhelm Reich. En una anotaci\u00f3n de marzo de 1891 Jules Renard se dice a s\u00ed mismo: \u00abEscribir en la forma en que Rodin esculpe\u00bb. Creo que quiere decir: con fuerza y grandeza. De golpe, a tajos, con la llama viva de la pasi\u00f3n ardiendo. \u00bfQu\u00e9 m\u00e1s grande verdad que la vida, que es m\u00e1s que la pura verdad? Aqu\u00ed est\u00e1 la clave. \u00bfNo es Julio Scherer una criatura esculpida por Rodin? Y los libros de Scherer, \u00bfno son trocitos del poder creador de la vida? Y un grito de combate: \u00a1No el poder, sino la potencia cr\u00edtica y creadora!\u00a0<o:p><\/o:p><\/font><\/span><\/p>\n<p style=\"margin: 0cm 0cm 0pt; text-align: justify\"><span style=\"font-size: 16pt; color: black\" lang=\"ES-MX\"><font face=\"Times New Roman\"><span><\/span><\/font><\/span><\/p>\n<p style=\"margin: 0cm 0cm 0pt; text-align: justify\"><span style=\"font-size: 16pt; color: black\" lang=\"ES-MX\"><font face=\"Times New Roman\"><span><\/span><\/font><\/span><\/p>\n<p style=\"margin: 0cm 0cm 0pt; text-align: justify\"><span style=\"font-size: 16pt; color: black\" lang=\"ES-MX\"><font face=\"Times New Roman\"><span><\/span><\/font><\/span><\/p>\n<p style=\"margin: 0cm 0cm 0pt; text-align: justify\"><span style=\"font-size: 16pt; color: black\" lang=\"ES-MX\"><font face=\"Times New Roman\"><span><\/span><\/font><\/span><\/p>\n<p><span style=\"font-size: 16pt; color: black\" lang=\"ES-MX\"><font face=\"Times New Roman\"><span>\u00a0\u00a0\u00a0\u00a0 <\/span>Sigo esta senda quebrada y al fin acabo.<o:p><\/o:p><\/font><\/span><\/p>\n<p style=\"margin: 0cm 0cm 0pt; text-align: justify\"><span style=\"font-size: 16pt; color: black\" lang=\"ES-MX\"><\/span><\/p>\n<p style=\"margin: 0cm 0cm 0pt; text-align: justify\"><span style=\"font-size: 16pt; color: black\" lang=\"ES-MX\"><\/span><\/p>\n<p style=\"margin: 0cm 0cm 0pt; text-align: justify\"><span style=\"font-size: 16pt; color: black\" lang=\"ES-MX\"><\/span><\/p>\n<p><span style=\"font-size: 16pt; color: black\" lang=\"ES-MX\"><font face=\"Times New Roman\">\u00a0\u00a0\u00a0\u00a0 Escribe Julio Scherer en <em>Los presidentes<\/em>: \u00abLa voluntad es una l\u00ednea recta, la obsesi\u00f3n un c\u00edrculo\u00bb. \u00bfY la vida, don Julio? \u00bfQu\u00e9 es la vida desde la altura de sus 71 a\u00f1os, la anchura de los 69 de Garc\u00eda M\u00e1rquez y la hondura de los 83 de Octavio?<o:p><\/o:p><\/font><\/span><\/p>\n<p style=\"margin: 0cm 0cm 0pt; text-align: justify\"><span style=\"font-size: 16pt; color: black\" lang=\"ES-MX\"><font face=\"Times New Roman\"><span><\/span><\/font><\/span><\/p>\n<p style=\"margin: 0cm 0cm 0pt; text-align: justify\"><span style=\"font-size: 16pt; color: black\" lang=\"ES-MX\"><font face=\"Times New Roman\"><span><\/span><\/font><\/span><\/p>\n<p style=\"margin: 0cm 0cm 0pt; text-align: justify\"><span style=\"font-size: 16pt; color: black\" lang=\"ES-MX\"><font face=\"Times New Roman\"><span><\/span><\/font><\/span><\/p>\n<p><span style=\"font-size: 16pt; color: black\" lang=\"ES-MX\"><font face=\"Times New Roman\"><span>\u00a0<\/span>\u00a0\u00a0\u00a0\u00a0Suyo, su lector fraterno y cr\u00edtico.<o:p><\/o:p><\/font><\/span><\/p>\n<p style=\"margin: 0cm 0cm 0pt; text-align: justify\"><span style=\"font-size: 16pt; color: black\" lang=\"ES-MX\"><font face=\"Times New Roman\"><span><\/span><\/font><\/span><\/p>\n<p style=\"margin: 0cm 0cm 0pt; text-align: justify\"><span style=\"font-size: 16pt; color: black\" lang=\"ES-MX\"><font face=\"Times New Roman\"><span><\/span><\/font><\/span><\/p>\n<p><span style=\"font-size: 16pt; color: black\" lang=\"ES-MX\"><font face=\"Times New Roman\"><span>\u00a0\u00a0\u00a0\u00a0 <\/span>(<em>El Nuevo Amanecer de Quer\u00e9taro<\/em>, 7 de abril de 1997; <em>Queretanas 97<\/em>, Ediciones Sangremal, Qro. Qro., 1999, pp. 177-179).<o:p><\/o:p><\/font><\/span><\/p>\n","protected":false},"excerpt":{"rendered":"<p>Julio Scherer, 1997, esos a\u00f1os\u2026\u00a0 Julio Figueroa\u00a0 A Susana S. Ibarra \u00a0\u00a0 \u00a0\u00a0\u00a0\u00a0 Desde hace a\u00f1os, por lo menos una vez al a\u00f1o, durante las fechas de su nacimiento o muerte, leo y releo y escribo alguna nota sobre mis autores favoritos. Es el caso de Octavio Paz, Jos\u00e9 Emilio Pacheco, Julio Scherer, Canetti, Tolst\u00f3i\u2026 [&hellip;]<\/p>\n","protected":false},"author":249,"featured_media":0,"comment_status":"open","ping_status":"closed","sticky":false,"template":"","format":"standard","meta":{"footnotes":""},"categories":[26],"tags":[],"class_list":["post-586","post","type-post","status-publish","format-standard","hentry","category-mundo"],"_links":{"self":[{"href":"http:\/\/eloficiodehistoriar.com.mx\/index.php?rest_route=\/wp\/v2\/posts\/586","targetHints":{"allow":["GET"]}}],"collection":[{"href":"http:\/\/eloficiodehistoriar.com.mx\/index.php?rest_route=\/wp\/v2\/posts"}],"about":[{"href":"http:\/\/eloficiodehistoriar.com.mx\/index.php?rest_route=\/wp\/v2\/types\/post"}],"author":[{"embeddable":true,"href":"http:\/\/eloficiodehistoriar.com.mx\/index.php?rest_route=\/wp\/v2\/users\/249"}],"replies":[{"embeddable":true,"href":"http:\/\/eloficiodehistoriar.com.mx\/index.php?rest_route=%2Fwp%2Fv2%2Fcomments&post=586"}],"version-history":[{"count":0,"href":"http:\/\/eloficiodehistoriar.com.mx\/index.php?rest_route=\/wp\/v2\/posts\/586\/revisions"}],"wp:attachment":[{"href":"http:\/\/eloficiodehistoriar.com.mx\/index.php?rest_route=%2Fwp%2Fv2%2Fmedia&parent=586"}],"wp:term":[{"taxonomy":"category","embeddable":true,"href":"http:\/\/eloficiodehistoriar.com.mx\/index.php?rest_route=%2Fwp%2Fv2%2Fcategories&post=586"},{"taxonomy":"post_tag","embeddable":true,"href":"http:\/\/eloficiodehistoriar.com.mx\/index.php?rest_route=%2Fwp%2Fv2%2Ftags&post=586"}],"curies":[{"name":"wp","href":"https:\/\/api.w.org\/{rel}","templated":true}]}}