{"id":604,"date":"2008-07-20T17:18:19","date_gmt":"2008-07-20T22:18:19","guid":{"rendered":"https:\/\/eloficiodehistoriar.com.mx\/?p=604"},"modified":"2008-07-20T17:18:19","modified_gmt":"2008-07-20T22:18:19","slug":"sergio-mendez-arceo-un-mexicano-en-el-concilio","status":"publish","type":"post","link":"http:\/\/eloficiodehistoriar.com.mx\/?p=604","title":{"rendered":"Sergio M\u00e9ndez Arceo; Un mexicano en El Concilio&#8230;"},"content":{"rendered":"<p><a href=\"https:\/\/eloficiodehistoriar.com.mx\/wp-content\/uploads\/2008\/07\/or565.jpg\" title=\"Paulo XVl\"><img decoding=\"async\" src=\"https:\/\/eloficiodehistoriar.com.mx\/wp-content\/uploads\/2008\/07\/or565.thumbnail.jpg\" alt=\"Paulo XVl\" \/><\/a><a href=\"https:\/\/eloficiodehistoriar.com.mx\/wp-content\/uploads\/2008\/07\/sem-carlos1.jpg\" title=\"Sergio M\u00e9ndez A\"><img decoding=\"async\" src=\"https:\/\/eloficiodehistoriar.com.mx\/wp-content\/uploads\/2008\/07\/sem-carlos1.thumbnail.jpg\" alt=\"Sergio M\u00e9ndez A\" \/><\/a><a href=\"https:\/\/eloficiodehistoriar.com.mx\/wp-content\/uploads\/2008\/07\/sem-carlos2.jpg\" title=\"Don Sergio\"><img decoding=\"async\" src=\"https:\/\/eloficiodehistoriar.com.mx\/wp-content\/uploads\/2008\/07\/sem-carlos2.thumbnail.jpg\" alt=\"Don Sergio\" \/><\/a><\/p>\n<p>Don Sergio M\u00e9ndez Arceo, Obispo de Cuernavaca, Morelos, M\u00e9xico; fue el pionero del agiornamiento en su di\u00f3cesis a\u00fan antes del Concilio Vaticano Segundo y un hombre participativo en favor de la colegialidad episcopal en latinoam\u00e9rica y el mundo.<\/p>\n","protected":false},"excerpt":{"rendered":"<p>Don Sergio M\u00e9ndez Arceo, Obispo de Cuernavaca, Morelos, M\u00e9xico; fue el pionero del agiornamiento en su di\u00f3cesis a\u00fan antes del Concilio Vaticano Segundo y un hombre participativo en favor de la colegialidad episcopal en latinoam\u00e9rica y el mundo.<\/p>\n","protected":false},"author":249,"featured_media":0,"comment_status":"open","ping_status":"closed","sticky":false,"template":"","format":"standard","meta":{"footnotes":""},"categories":[11,9],"tags":[],"class_list":["post-604","post","type-post","status-publish","format-standard","hentry","category-fotografia","category-otros-lugares"],"_links":{"self":[{"href":"http:\/\/eloficiodehistoriar.com.mx\/index.php?rest_route=\/wp\/v2\/posts\/604","targetHints":{"allow":["GET"]}}],"collection":[{"href":"http:\/\/eloficiodehistoriar.com.mx\/index.php?rest_route=\/wp\/v2\/posts"}],"about":[{"href":"http:\/\/eloficiodehistoriar.com.mx\/index.php?rest_route=\/wp\/v2\/types\/post"}],"author":[{"embeddable":true,"href":"http:\/\/eloficiodehistoriar.com.mx\/index.php?rest_route=\/wp\/v2\/users\/249"}],"replies":[{"embeddable":true,"href":"http:\/\/eloficiodehistoriar.com.mx\/index.php?rest_route=%2Fwp%2Fv2%2Fcomments&post=604"}],"version-history":[{"count":0,"href":"http:\/\/eloficiodehistoriar.com.mx\/index.php?rest_route=\/wp\/v2\/posts\/604\/revisions"}],"wp:attachment":[{"href":"http:\/\/eloficiodehistoriar.com.mx\/index.php?rest_route=%2Fwp%2Fv2%2Fmedia&parent=604"}],"wp:term":[{"taxonomy":"category","embeddable":true,"href":"http:\/\/eloficiodehistoriar.com.mx\/index.php?rest_route=%2Fwp%2Fv2%2Fcategories&post=604"},{"taxonomy":"post_tag","embeddable":true,"href":"http:\/\/eloficiodehistoriar.com.mx\/index.php?rest_route=%2Fwp%2Fv2%2Ftags&post=604"}],"curies":[{"name":"wp","href":"https:\/\/api.w.org\/{rel}","templated":true}]}}