{"id":609,"date":"2008-07-22T09:54:41","date_gmt":"2008-07-22T14:54:41","guid":{"rendered":"https:\/\/eloficiodehistoriar.com.mx\/?p=609"},"modified":"2008-07-22T09:54:41","modified_gmt":"2008-07-22T14:54:41","slug":"derechos-humanod-de-la-montana","status":"publish","type":"post","link":"http:\/\/eloficiodehistoriar.com.mx\/?p=609","title":{"rendered":"DERECHOS HUMANOD DE LA MONTA\u00d1A&#8230;"},"content":{"rendered":"<p align=\"center\" style=\"text-align: center\"><strong><span style=\"font-size: 10pt; font-family: Verdana\" lang=\"ES-MX\">\u00a0<\/span><\/strong><span style=\"font-size: 10pt; font-family: Verdana\"><\/span><strong><span style=\"font-family: Verdana\" lang=\"ES-MX\">OTORGA JUEZ FEDERAL AMPARO A LA COMUNIDAD DE MINI NUMA<\/span><\/strong><\/p>\n<p align=\"center\" style=\"text-align: center\"><strong><span style=\"font-family: Verdana\" lang=\"ES-MX\">QUE EXIGE SU DERECHO A LA SALUD<\/span><\/strong><\/p>\n<p align=\"center\" style=\"text-align: center\"><strong><span style=\"font-size: 10pt; font-family: Verdana\" lang=\"ES-MX\"><\/span><\/strong><\/p>\n<p align=\"center\" style=\"text-align: center\"><strong><span style=\"font-size: 10pt; font-family: Verdana\" lang=\"ES-MX\"><\/span><\/strong><span style=\"font-size: 10pt; font-family: Verdana\"><\/span><\/p>\n<p style=\"text-align: justify\"><span style=\"font-size: 10pt; font-family: Verdana\" lang=\"ES-MX\">\u00b7\u00a0<em>Confirma que se viol\u00f3 el art\u00edculo 4\u00b0 constitucional sobre el derecho a la salud.<\/em><\/span><span style=\"font-size: 10pt; font-family: Verdana\"><\/span><\/p>\n<p style=\"text-align: justify\"><span style=\"font-size: 10pt; font-family: Verdana\" lang=\"ES-MX\">\u00b7\u00a0<em>Pide que a Mini Numa se le otorguen servicios de salud de calidad y dignos.<\/em><\/span><span style=\"font-size: 10pt; font-family: Verdana\"><\/span><\/p>\n<p style=\"text-align: justify\"><span style=\"font-size: 10pt; font-family: Verdana\" lang=\"ES-MX\">\u00b7\u00a0<em>Tambi\u00e9n hace un exhorto para que el centro de salud de Metlat\u00f3noc tenga un funcionamiento adecuado.<\/em><\/span><span style=\"font-size: 10pt; font-family: Verdana\"><\/span><\/p>\n<p style=\"text-align: justify\"><em><span style=\"font-size: 10pt; font-family: Verdana\" lang=\"ES-MX\"><\/span><\/em><span style=\"font-size: 10pt; font-family: Verdana\"><\/span><\/p>\n<p style=\"text-align: justify\"><em><span style=\"font-size: 10pt; font-family: Verdana\">M\u00e9xico, D.F a 21 de julio de 2008<\/span><\/em><span style=\"font-size: 10pt; font-family: Verdana\">.- El juez S\u00e9ptimo de Distrito radicado en Chilpancingo, Lu\u00eds Almaz\u00e1n Barrera, concedi\u00f3 la protecci\u00f3n de la justicia federal a la comunidad na\u00b4savi (mixteca) de Mini Numa, municipio de Metlat\u00f3noc, contra la negativa de la Secretar\u00eda de Salud y del gobierno de Guerrero de garantizar su derecho de acceso a la salud. <\/span><span style=\"font-size: 10pt; font-family: Verdana\"><\/span><\/p>\n<p style=\"text-align: justify\"><span style=\"font-size: 10pt; font-family: Verdana\"><\/span><span style=\"font-size: 10pt; font-family: Verdana\"><\/span><\/p>\n<p style=\"text-align: justify\"><span style=\"font-size: 10pt; font-family: Verdana\">El Centro de Derechos Humanos de la Monta\u00f1a Tlachinollan, considera que esta resoluci\u00f3n, <em>\u00abrepresenta una gran lecci\u00f3n para los gobiernos gerenciales que s\u00f3lo saben administrar la pobreza y se obstinan en privatizar derechos\u00bb.<\/em><\/span><em><span style=\"font-size: 10pt; font-family: Verdana\"><\/span><\/em><\/p>\n<p style=\"text-align: justify\"><span style=\"font-size: 10pt; font-family: Verdana\"><\/span><span style=\"font-size: 10pt; font-family: Verdana\"><\/span><\/p>\n<p style=\"text-align: justify\"><span style=\"font-size: 10pt; font-family: Verdana\">Con este recurso favorable a Mini Numa, el juez demuestra que la autoridad estatal viol\u00f3 el art\u00edculo 4\u00b0 constitucional que regula el derecho a la salud de toda persona y colectividad que se encuentra en el territorio nacional.<\/span><span style=\"font-size: 10pt; font-family: Verdana\"><\/span><\/p>\n<p style=\"text-align: justify\"><span style=\"font-size: 10pt; font-family: Verdana\"><\/span><span style=\"font-size: 10pt; font-family: Verdana\"><\/span><\/p>\n<p style=\"text-align: justify\"><span style=\"font-size: 10pt; font-family: Verdana\">Asimismo mediante este amparo, la autoridad judicial pide al gobierno de Guerrero y a la Secretar\u00eda de Salud estatal que <em>\u00abcumpla de inmediato\u00bb<\/em> con el acceso a la salud a que tienen derecho los habitantes de Mini Numa, equipando adecuadamente (con mobiliario, servicios y medicamentos suficientes) la casa de salud que construy\u00f3 la comunidad con recursos propios.<\/span><span style=\"font-size: 10pt; font-family: Verdana\"><\/span><\/p>\n<p style=\"text-align: justify\"><span style=\"font-size: 10pt; font-family: Verdana\"><\/span><span style=\"font-size: 10pt; font-family: Verdana\"><\/span><\/p>\n<p style=\"text-align: justify\"><span style=\"font-size: 10pt; font-family: Verdana\">Mediante razonamientos y pruebas, el juez, Lu\u00eds Almaz\u00e1n, no s\u00f3lo reconoci\u00f3 que Mini Numa no ten\u00eda m\u00e9dico, sino que el centro de salud de la misma cabecera municipal de Metlat\u00f3noc no cuenta con las condiciones m\u00ednimas establecidas en el Modelo Integrador de Atenci\u00f3n a la Salud (MIDAS) y demanda por ello a las autoridades en materia de salud que construyan un inmueble adecuado que cuente con personal, medicamentos y servicios b\u00e1sicos para su buen funcionamiento.<\/span><span style=\"font-size: 10pt; font-family: Verdana\"><\/span><\/p>\n<p style=\"text-align: justify\"><span style=\"font-size: 10pt; font-family: Verdana\"><\/span><span style=\"font-size: 10pt; font-family: Verdana\"><\/span><\/p>\n<p style=\"text-align: justify\"><span style=\"font-size: 10pt; font-family: Verdana\">El juez tambi\u00e9n advierte <em>\u00ablas autoridades sanitarias de la entidad no pueden alegar falta de presupuesto porque se trata de un motivo injustificable\u00bb<\/em> para cumplir con un mandato constitucional.<\/span><span style=\"font-size: 10pt; font-family: Verdana\"><\/span><\/p>\n<p style=\"text-align: justify\"><span style=\"font-size: 10pt; font-family: Verdana\"><\/span><span style=\"font-size: 10pt; font-family: Verdana\"><\/span><\/p>\n<p style=\"text-align: justify\"><span style=\"font-size: 10pt; font-family: Verdana\">Aunado a este recurso de amparo que fue resuelto a favor de Mini Numa, el pasado 20 de junio de 2008, la Comisi\u00f3n de Defensa de los Derechos Humanos (Coddehum) en Guerrero, emiti\u00f3 la recomendaci\u00f3n 16\/2008 por la queja que presentaron ind\u00edgenas de este pueblo (el 13 de agosto de 2007) en conjunto con sus vecinos de Yuvinani, Los Llanos y Atzompa, por la violaci\u00f3n al derecho a la salud y la inadecuada prestaci\u00f3n del servicio p\u00fablico.<\/span><span style=\"font-size: 10pt; font-family: Verdana\"><\/span><\/p>\n<p style=\"text-align: justify\"><span style=\"font-size: 10pt; font-family: Verdana\"><\/span><span style=\"font-size: 10pt; font-family: Verdana\"><\/span><\/p>\n<p style=\"text-align: justify\"><strong><span style=\"font-size: 10pt; font-family: Verdana\"><\/span><\/strong><span style=\"font-size: 10pt; font-family: Verdana\"><\/span><\/p>\n<p style=\"text-align: justify\"><strong><span style=\"font-size: 10pt; font-family: Verdana\">Cronolog\u00eda del v\u00eda crucis que ha vivido Mini Numa<\/span><\/strong><span style=\"font-size: 10pt; font-family: Verdana\"><\/span><\/p>\n<p style=\"text-align: justify\"><span style=\"font-size: 10pt; font-family: Verdana\"><\/span><span style=\"font-size: 10pt; font-family: Verdana\"><\/span><\/p>\n<p style=\"text-align: justify\"><span style=\"font-size: 10pt; font-family: Verdana\" lang=\"ES-MX\">Mini Numa, es una comunidad ind\u00edgena de Guerrero que pertenece a Metlat\u00f3noc, municipio que ha sido considerado por el Programa de las Naciones Unidas para el Desarrollo (PNUD) como el m\u00e1s pobre y de mayor marginaci\u00f3n en el pa\u00eds. Se encuentra una hora y media de la cabecera municipal en un recorrido a pie y cuenta con 321 habitantes, en su mayor\u00eda monoling\u00fces. No cuentan con una red de agua potable ni de drenaje, y tampoco hay servicio de transporte p\u00fablico. Las casas son todas de adobe y los pisos de tierra.<\/span><span style=\"font-size: 10pt; font-family: Verdana\"><\/span><\/p>\n<p style=\"text-align: justify\"><span style=\"font-size: 10pt; font-family: Verdana\" lang=\"ES-MX\"><\/span><span style=\"font-size: 10pt; font-family: Verdana\"><\/span><\/p>\n<p style=\"text-align: justify\"><span style=\"font-size: 10pt; font-family: Verdana\" lang=\"ES-MX\">Se trata de familias numerosas que sobreviven con la siembra de ma\u00edz. En esta temporada llegan a cosechar 400 kilos que les alcanza para comer 3 meses. El analfabetismo se eleva al 80 por ciento. Hay un p\u00e9simo servicio de luz que contrasta con los excesivos cobros de la Comisi\u00f3n Federal de Electricidad (CFE) que nunca sube a verificar los medidores, al grado que env\u00eda recibos de luz a la delegaci\u00f3n municipal y a misma casa de salud con un costo bimensual de 300 pesos sin que cuenten con ese servicio.<\/span><span style=\"font-size: 10pt; font-family: Verdana\"><\/span><\/p>\n<p style=\"text-align: justify\"><span style=\"font-size: 10pt; font-family: Verdana\" lang=\"ES-MX\"><\/span><span style=\"font-size: 10pt; font-family: Verdana\"><\/span><\/p>\n<p style=\"text-align: justify\"><span style=\"font-size: 10pt; font-family: Verdana\" lang=\"ES-MX\">En medio de estos abusos y rezagos, en el a\u00f1o 2003, la comunidad de Mini Numa se organiz\u00f3 para exigir la construcci\u00f3n de un centro de salud, la asignaci\u00f3n de un doctor y la dotaci\u00f3n de medicinas, ante lo desgastante que resultaba acudir a Metlat\u00f3noc y m\u00e1s cargando a sus enfermos, a pesar de este sufrimiento, la Secretaria de Salud ignor\u00f3 su demanda.<\/span><span style=\"font-size: 10pt; font-family: Verdana\"><\/span><\/p>\n<p style=\"text-align: justify\"><span style=\"font-size: 10pt; font-family: Verdana\" lang=\"ES-MX\"><\/span><span style=\"font-size: 10pt; font-family: Verdana\"><\/span><\/p>\n<p style=\"text-align: justify\"><span style=\"font-size: 10pt; font-family: Verdana\" lang=\"ES-MX\">En 2005, el pueblo construye con gran esfuerzo una casa de salud de adobe, a petici\u00f3n de la Secretar\u00eda de Salud, pues en una ir\u00f3nica respuesta a la petici\u00f3n de los habitantes de Mini Numa, argument\u00f3 que no pod\u00eda mandar un m\u00e9dico si en la comunidad no hab\u00eda un inmueble. Sin embargo nunca lleg\u00f3 el personal y un T\u00e9cnico en Asistencia Primaria a la Salud (TAPS) que sol\u00eda visitar a la comunidad cada 2 o 3 meses, llev\u00f3 algunas medicinas. En este tiempo fallecieron los hermanos Fidel y Ofelia Montealegre Rojas de 9 a\u00f1os y 7 a\u00f1os de edad respectivamente, ambos por diarrea y con una diferencia de cinco d\u00edas. <\/span><span style=\"font-size: 10pt; font-family: Verdana\"><\/span><\/p>\n<p style=\"text-align: justify\"><span style=\"font-size: 10pt; font-family: Verdana\"><\/span><\/p>\n<p style=\"text-align: justify\"><span style=\"font-size: 10pt; font-family: Verdana\" lang=\"ES-MX\">En 2006, el delegado municipal y el reci\u00e9n conformado comit\u00e9 de salud de Mini Numa insistieron por escrito con su demanda pero no hubo respuesta formal alguna y s\u00f3lo les comentaron de manera informal que no hab\u00eda personal y que por lo tanto no ten\u00eda caso que continuaran con su demanda. Tambi\u00e9n en este a\u00f1o falleci\u00f3 la menor\u00a0 Olivia V\u00e1zquez Cano de 7 a\u00f1os y Silvestra de los Santos de 22 a\u00f1os, por diarrea. <\/span><span style=\"font-size: 10pt; font-family: Verdana\"><\/span><\/p>\n<p style=\"text-align: justify\"><span style=\"font-size: 10pt; font-family: Verdana\" lang=\"ES-MX\"><\/span><span style=\"font-size: 10pt; font-family: Verdana\"><\/span><\/p>\n<p style=\"text-align: justify\"><span style=\"font-size: 10pt; font-family: Verdana\" lang=\"ES-MX\">En 2007, se suman a estas cuatro muertes la del menor Leonides Montealegre Hern\u00e1ndez de 4 a\u00f1os y de Cayetano Hern\u00e1ndez Guevara de 54 a\u00f1os que ocurren y es a\u00a0 ra\u00edz de estos lamentables decesos cuando familiares de las v\u00edctimas y autoridades de la comunidad apoyados por Tlachinollan intensifican su lucha por acceder al derecho a la salud y env\u00edan el 7 de mayo una nueva solicitud dirigida al gobernador de Guerrero, Zeferino Torreblanca Galindo con copia al presidente de la Rep\u00fablica, Felipe Calder\u00f3n.<\/span><span style=\"font-size: 10pt; font-family: Verdana\"><\/span><\/p>\n<p style=\"text-align: justify\"><span style=\"font-size: 10pt; font-family: Verdana\" lang=\"ES-MX\"><\/span><span style=\"font-size: 10pt; font-family: Verdana\"><\/span><\/p>\n<p style=\"text-align: justify\"><span style=\"font-size: 10pt; font-family: Verdana\" lang=\"ES-MX\">Ante esta exigencia lo \u00fanico que pas\u00f3 es que el personal de la Secretaria de Salud dejo de acudir a Mini Numa para por lo menos vacunar a los ni\u00f1os. Lo mismo ocurri\u00f3 con los encargados de impartir pl\u00e1ticas del programa federal <em>Oportunidades<\/em>.<\/span><span style=\"font-size: 10pt; font-family: Verdana\"><\/span><\/p>\n<p style=\"text-align: justify\"><span style=\"font-size: 10pt; font-family: Verdana\" lang=\"ES-MX\"><\/span><span style=\"font-size: 10pt; font-family: Verdana\"><\/span><\/p>\n<p style=\"text-align: justify\"><span style=\"font-size: 10pt; font-family: Verdana\" lang=\"ES-MX\">M\u00e1s de dos meses y medio despu\u00e9s, recibieron v\u00eda fax una hoja firmada por el secretario de Salud en Guerrero, Luis Barrera R\u00edos, en la que les neg\u00f3 la asignaci\u00f3n de un m\u00e9dico, y medicinas para la comunidad citando una serie de lineamientos establecidos <\/span><span style=\"font-size: 10pt; font-family: Verdana\">en el Modelo Integrador de Atenci\u00f3n a la Salud (MIDAS),<em> <\/em>para la construcci\u00f3n de<em> <\/em><\/span><span style=\"font-size: 10pt; font-family: Verdana\" lang=\"ES-MX\">un centro de salud.<\/span><span style=\"font-size: 10pt; font-family: Verdana\"><\/span><\/p>\n<p style=\"text-align: justify\"><span style=\"font-size: 10pt; font-family: Verdana\" lang=\"ES-MX\"><\/span><span style=\"font-size: 10pt; font-family: Verdana\"><\/span><\/p>\n<p style=\"text-align: justify\"><span style=\"font-size: 10pt; font-family: Verdana\" lang=\"ES-MX\">Por esta respuesta, el 10 de agosto de ese mismo a\u00f1o la comunidad present\u00f3 un recurso de inconformidad ante la misma dependencia, como lo marca la ley cuando se niega un servicio p\u00fablico. <\/span><span style=\"font-size: 10pt; font-family: Verdana\"><\/span><\/p>\n<p style=\"text-align: justify\"><span style=\"font-size: 10pt; font-family: Verdana\" lang=\"ES-MX\"><\/span><span style=\"font-size: 10pt; font-family: Verdana\"><\/span><\/p>\n<p style=\"text-align: justify\"><span style=\"font-size: 10pt; font-family: Verdana\" lang=\"ES-MX\">Aunado a esta acci\u00f3n, el 13 de agosto de 2007 la poblaci\u00f3n present\u00f3 una queja ante la Coddehum y solicit\u00f3 adem\u00e1s medidas cautelares por la violaci\u00f3n de su derecho a la salud, a la vida, a la no discriminaci\u00f3n y al desarrollo, en contra del gobernador y la secretar\u00eda de Salud.<\/span><span style=\"font-size: 10pt; font-family: Verdana\"><\/span><\/p>\n<p style=\"text-align: justify\"><span style=\"font-size: 10pt; font-family: Verdana\" lang=\"ES-MX\"><\/span><span style=\"font-size: 10pt; font-family: Verdana\"><\/span><\/p>\n<p style=\"text-align: justify\"><span style=\"font-size: 10pt; font-family: Verdana\" lang=\"ES-MX\">El 7 de septiembre de 2007, la Coddehum otorg\u00f3 las medidas cautelares a Mini Numa y exhort\u00f3 al gobierno del estado que adoptara todas las medidas \u00a0administrativas, legislativas y de cualquier \u00edndole, necesarias para salvaguardar la vida y la salud de la poblaci\u00f3n de Mini Numa. <\/span><span style=\"font-size: 10pt; font-family: Verdana\"><\/span><\/p>\n<p style=\"text-align: justify\"><span style=\"font-size: 10pt; font-family: Verdana\" lang=\"ES-MX\"><\/span><span style=\"font-size: 10pt; font-family: Verdana\"><\/span><\/p>\n<p style=\"text-align: justify\"><span style=\"font-size: 10pt; font-family: Verdana\" lang=\"ES-MX\">La postura de la Secretar\u00eda de Salud amerit\u00f3 que se recurriera ante la justicia federal y el 9 de noviembre de 2007 los ind\u00edgenas mixtecos promovieron una solicitud de amparo ante el Juzgado S\u00e9ptimo de Distrito con sede en Chilpancingo la cual qued\u00f3 radicada bajo el expediente 1157\/2007-II. A pesar de que durante casi cinco meses el juez pospuso la audiencia de pruebas y alegatos por distintas causas, entre ellas el retraso en la entrega de informes justificados que requiri\u00f3 al gobierno de Guerrero y la Secretar\u00eda de Salud, finalmente el pasado 11 de julio el juez otorg\u00f3 el amparo a Mini Numa.<\/span><span style=\"font-size: 10pt; font-family: Verdana\"><\/span><\/p>\n<p style=\"text-align: justify\"><span style=\"font-size: 10pt; font-family: Verdana\" lang=\"ES-MX\"><\/span><span style=\"font-size: 10pt; font-family: Verdana\"><\/span><\/p>\n<p style=\"text-align: justify\"><span style=\"font-size: 10pt; font-family: Verdana\" lang=\"ES-MX\">Como Centro de Derechos Humanos demandamos a la Secretar\u00eda de Salud:<\/span><span style=\"font-size: 10pt; font-family: Verdana\"><\/span><\/p>\n<p style=\"text-align: justify\"><span style=\"font-size: 10pt; font-family: Verdana\"><\/span><\/p>\n<p style=\"text-indent: -22.5pt; text-align: justify\"><span style=\"font-size: 10pt; font-family: Wingdings\" lang=\"ES-MX\"><span>\u00f0<span style=\"font: 7pt 'Times New Roman'\">\u00a0\u00a0\u00a0\u00a0\u00a0\u00a0\u00a0\u00a0 <\/span><\/span><\/span><span style=\"font-size: 10pt; font-family: Verdana\" lang=\"ES-MX\">El cumplimiento cabal de la resoluci\u00f3n emitida por el juez S\u00e9ptimo de Distrito para hacer efectivo el acceso a los servicios de salud bajo el criterio de que debe ser de calidad, de manera integral y sin discriminaci\u00f3n alguna.<\/span><\/p>\n<p style=\"text-align: justify\"><span style=\"font-size: 10pt; font-family: Verdana\"><\/span><\/p>\n<p style=\"text-indent: -22.5pt; text-align: justify\"><span style=\"font-size: 10pt; font-family: Wingdings\"><span>\u00f0<span style=\"font: 7pt 'Times New Roman'\">\u00a0\u00a0\u00a0\u00a0\u00a0\u00a0\u00a0\u00a0 <\/span><\/span><\/span><span style=\"font-size: 10pt; font-family: Verdana\" lang=\"ES-MX\">Que se construya una casa de salud digna en Mini Numa y se otorgue la clave correspondiente, para evitar que la asignaci\u00f3n del m\u00e9dico quede sujeta a criterios burocr\u00e1ticos y m\u00e1s all\u00e1 de voluntades pol\u00edticas de los gobernantes.<\/span><span style=\"font-size: 10pt; font-family: Verdana\"><\/span><\/p>\n<p style=\"text-align: justify\"><span style=\"font-size: 10pt; font-family: Verdana\" lang=\"ES-MX\"><\/span><\/p>\n<p style=\"text-indent: -22.5pt; text-align: justify\"><span style=\"font-size: 10pt; font-family: Wingdings\"><span>\u00f0<span style=\"font: 7pt 'Times New Roman'\">\u00a0\u00a0\u00a0\u00a0\u00a0\u00a0\u00a0\u00a0 <\/span><\/span><\/span><span style=\"font-size: 10pt; font-family: Verdana\" lang=\"ES-MX\">La construcci\u00f3n de un hospital de segundo nivel en el municipio m\u00e1s pobre del pa\u00eds, para revertir los \u00edndices vergonzosos de mortalidad materna y contribuir a saldar la demanda hist\u00f3rica con los pueblos originarios de Guerrero.<\/span><span style=\"font-size: 10pt; font-family: Verdana\"><\/span><\/p>\n<p style=\"text-align: justify\"><span style=\"font-size: 10pt; font-family: Verdana\" lang=\"ES-MX\"><\/span><span style=\"font-size: 10pt; font-family: Verdana\"><\/span><\/p>\n<p style=\"text-align: justify\"><span style=\"font-size: 10pt; font-family: Verdana\" lang=\"ES-MX\">Asimismo consideramos que este caso es un ejemplo de lucha efectiva para que los pueblos ind\u00edgenas hagan efectivos el ejercicio de sus derechos a trav\u00e9s de mecanismos jurisdiccionales y a la vez abre una ventana de oportunidades para que los derechos econ\u00f3micos, sociales y culturales sean justiciables, y para el mismo gobierno del estado es otra llamada contundente que hacen los pueblos ind\u00edgenas para que modifiquen sus pol\u00edticas p\u00fablicas que simplemente son simuladores de la discriminaci\u00f3n y se avoquen a atender las causas estructurales del empobrecimiento y el abandono en el que siguen sumidos los pueblos originarios de Guerrero.<\/span><span style=\"font-size: 10pt; font-family: Verdana\"><\/span><\/p>\n<p style=\"text-align: justify\"><span style=\"font-size: 10pt; font-family: Verdana\" lang=\"ES-MX\"><\/span><span style=\"font-size: 10pt; font-family: Verdana\"><\/span><\/p>\n<p style=\"text-align: justify\"><span style=\"font-size: 10pt; font-family: Verdana\" lang=\"ES-MX\"><\/span><span style=\"font-size: 10pt; font-family: Verdana\"><\/span><\/p>\n<p style=\"text-align: justify\"><span style=\"font-size: 10pt; font-family: Verdana\" lang=\"ES-MX\">&#8212;-<\/span><span style=\"font-size: 10pt; font-family: Verdana\"><\/span><\/p>\n<p><strong><span style=\"font-size: 10pt; font-family: Verdana\" lang=\"ES-MX\">Contacto prensa:<\/span><\/strong><span style=\"font-size: 10pt; font-family: Verdana\"><\/span><\/p>\n<p><span style=\"font-size: 10pt; font-family: Verdana\" lang=\"ES-MX\">Teresa de la Cruz <\/span><span style=\"font-size: 10pt; font-family: Verdana\"><\/span><\/p>\n<p><span style=\"font-size: 10pt; font-family: Verdana\" lang=\"ES-MX\">Coordinadora del \u00c1rea de Difusi\u00f3n del Centro de <\/span><span style=\"font-size: 10pt; font-family: Verdana\"><\/span><\/p>\n<p><span style=\"font-size: 10pt; font-family: Verdana\" lang=\"ES-MX\">Derechos Humanos de la Monta\u00f1a Tlachinollan<\/span><span style=\"font-size: 10pt; font-family: Verdana\"><\/span><\/p>\n<p><span style=\"font-size: 10pt; font-family: Verdana\" lang=\"ES-MX\">Mina # 77, col. Centro, Tlapa, Guerrero, M\u00e9xico<\/span><span style=\"font-size: 10pt; font-family: Verdana\"><\/span><\/p>\n<p><span style=\"font-size: 10pt; font-family: Verdana\" lang=\"ES-MX\">Tel\u00e9fonos oficina: 017574761200 \/ 61220<\/span><span style=\"font-size: 10pt; font-family: Verdana\"><\/span><\/p>\n","protected":false},"excerpt":{"rendered":"<p>\u00a0OTORGA JUEZ FEDERAL AMPARO A LA COMUNIDAD DE MINI NUMA QUE EXIGE SU DERECHO A LA SALUD \u00b7\u00a0Confirma que se viol\u00f3 el art\u00edculo 4\u00b0 constitucional sobre el derecho a la salud. \u00b7\u00a0Pide que a Mini Numa se le otorguen servicios de salud de calidad y dignos. \u00b7\u00a0Tambi\u00e9n hace un exhorto para que el centro de [&hellip;]<\/p>\n","protected":false},"author":249,"featured_media":0,"comment_status":"open","ping_status":"closed","sticky":false,"template":"","format":"standard","meta":{"footnotes":""},"categories":[26],"tags":[],"class_list":["post-609","post","type-post","status-publish","format-standard","hentry","category-mundo"],"_links":{"self":[{"href":"http:\/\/eloficiodehistoriar.com.mx\/index.php?rest_route=\/wp\/v2\/posts\/609","targetHints":{"allow":["GET"]}}],"collection":[{"href":"http:\/\/eloficiodehistoriar.com.mx\/index.php?rest_route=\/wp\/v2\/posts"}],"about":[{"href":"http:\/\/eloficiodehistoriar.com.mx\/index.php?rest_route=\/wp\/v2\/types\/post"}],"author":[{"embeddable":true,"href":"http:\/\/eloficiodehistoriar.com.mx\/index.php?rest_route=\/wp\/v2\/users\/249"}],"replies":[{"embeddable":true,"href":"http:\/\/eloficiodehistoriar.com.mx\/index.php?rest_route=%2Fwp%2Fv2%2Fcomments&post=609"}],"version-history":[{"count":0,"href":"http:\/\/eloficiodehistoriar.com.mx\/index.php?rest_route=\/wp\/v2\/posts\/609\/revisions"}],"wp:attachment":[{"href":"http:\/\/eloficiodehistoriar.com.mx\/index.php?rest_route=%2Fwp%2Fv2%2Fmedia&parent=609"}],"wp:term":[{"taxonomy":"category","embeddable":true,"href":"http:\/\/eloficiodehistoriar.com.mx\/index.php?rest_route=%2Fwp%2Fv2%2Fcategories&post=609"},{"taxonomy":"post_tag","embeddable":true,"href":"http:\/\/eloficiodehistoriar.com.mx\/index.php?rest_route=%2Fwp%2Fv2%2Ftags&post=609"}],"curies":[{"name":"wp","href":"https:\/\/api.w.org\/{rel}","templated":true}]}}