{"id":612,"date":"2008-07-22T10:06:26","date_gmt":"2008-07-22T15:06:26","guid":{"rendered":"https:\/\/eloficiodehistoriar.com.mx\/?p=612"},"modified":"2008-07-22T10:06:26","modified_gmt":"2008-07-22T15:06:26","slug":"queretaro-ante-la-patria-en-1867","status":"publish","type":"post","link":"http:\/\/eloficiodehistoriar.com.mx\/?p=612","title":{"rendered":"Quer\u00e9taro ante la patria en 1867&#8230;"},"content":{"rendered":"<p align=\"center\" style=\"margin: 0cm 0cm 0pt; text-align: center\" class=\"MsoNormal\"><strong><span style=\"font-size: 18pt; font-family: Arial\" lang=\"ES-TRAD\">Quer\u00e9taro ante la patria en 1867<\/span><\/strong><\/p>\n<p align=\"center\" style=\"margin: 0cm 0cm 0pt; text-align: center\" class=\"MsoNormal\"><strong><span style=\"font-size: 18pt; font-family: Arial\" lang=\"ES-TRAD\"><\/span><\/strong><\/p>\n<p><strong><span style=\"font-size: 18pt; font-family: Arial\" lang=\"ES-TRAD\"><o:p>\u00a0<\/o:p><\/span><\/strong><strong><span style=\"font-size: 18pt; font-family: Arial\" lang=\"ES-TRAD\"><o:p>\u00a0<\/o:p><\/span><\/strong><\/p>\n<p style=\"margin: 0cm 0cm 0pt\" class=\"MsoNormal\"><strong><span style=\"font-family: Arial\" lang=\"ES-TRAD\"><\/span><\/strong><\/p>\n<p><strong><span style=\"font-family: Arial\" lang=\"ES-TRAD\">\u201cViva M\u00e9xico. Quer\u00e9taro esta en nuestro poder\u201d <\/span><\/strong><span style=\"font-family: Arial\" lang=\"ES-TRAD\">Benito Ju\u00e1rez, el 15 de mayo de 1867.<o:p><\/o:p><\/span><span style=\"font-family: Arial\" lang=\"ES-TRAD\"><o:p>\u00a0<\/o:p><\/span><\/p>\n<p style=\"margin: 0cm 0cm 0pt\" class=\"MsoNormal\"><span style=\"font-family: Arial\" lang=\"ES-TRAD\"><\/span><\/p>\n<p style=\"margin: 0cm 0cm 0pt\" class=\"MsoNormal\"><span style=\"font-family: Arial\" lang=\"ES-TRAD\"><\/span><\/p>\n<p><span style=\"font-family: Arial\" lang=\"ES-TRAD\">A las tres de la ma\u00f1ana hab\u00eda comenzado el ataque final sobre la ciudad, despu\u00e9s de m\u00e1s de 70 d\u00edas de encontrarse sitiada.<o:p><\/o:p><\/span><span style=\"font-family: Arial\" lang=\"ES-TRAD\"><o:p>\u00a0<\/o:p><\/span><\/p>\n<p style=\"margin: 0cm 0cm 0pt; text-align: justify\" class=\"MsoNormal\"><span style=\"font-family: Arial\" lang=\"ES-TRAD\"><\/span><\/p>\n<p style=\"margin: 0cm 0cm 0pt; text-align: justify\" class=\"MsoNormal\"><span style=\"font-family: Arial\" lang=\"ES-TRAD\"><\/span><\/p>\n<p><span style=\"font-family: Arial\" lang=\"ES-TRAD\">S\u00ed en Quer\u00e9taro quedaron sepultadas las propuestas mon\u00e1rquicas y la religi\u00f3n de Estado; en Quer\u00e9taro las balas que cegaron la vida de Maximiliano tambi\u00e9n aniquilaron al partido conservador.<o:p><\/o:p><\/span><span style=\"font-family: Arial\" lang=\"ES-TRAD\"><o:p>\u00a0<\/o:p><\/span><\/p>\n<p style=\"margin: 0cm 0cm 0pt; text-align: justify\" class=\"MsoNormal\"><span style=\"font-family: Arial\" lang=\"ES-TRAD\"><\/span><\/p>\n<p style=\"margin: 0cm 0cm 0pt; text-align: justify\" class=\"MsoNormal\"><span style=\"font-family: Arial\" lang=\"ES-TRAD\"><\/span><\/p>\n<p><span style=\"font-family: Arial\" lang=\"ES-TRAD\">Barrios en ruinas, edificios perforados por la artiller\u00eda republicana, plazas y jardines tapizados de escombros y sus \u00e1rboles talados, cuarteles destruidos, el acueducto averiado y sus calles y caminos devastados.<o:p><\/o:p><\/span><span style=\"font-family: Arial\" lang=\"ES-TRAD\"><o:p>\u00a0<\/o:p><\/span><\/p>\n<p style=\"margin: 0cm 0cm 0pt; text-align: justify\" class=\"MsoNormal\"><span style=\"font-family: Arial\" lang=\"ES-TRAD\"><\/span><\/p>\n<p style=\"margin: 0cm 0cm 0pt; text-align: justify\" class=\"MsoNormal\"><span style=\"font-family: Arial\" lang=\"ES-TRAD\"><\/span><\/p>\n<p><span style=\"font-family: Arial\" lang=\"ES-TRAD\">Las enfermedades, el hambre y el luto, dos meses de sitio a la ciudad acabaron con todo bastimento y agua. Los propietarios arruinados por los ya rutinarios pr\u00e9stamos de guerra, ped\u00edan desesperados el retorno de la paz.<o:p><\/o:p><\/span><span style=\"font-family: Arial\" lang=\"ES-TRAD\"><o:p>\u00a0<\/o:p><\/span><\/p>\n<p style=\"margin: 0cm 0cm 0pt; text-align: justify\" class=\"MsoNormal\"><span style=\"font-family: Arial\" lang=\"ES-TRAD\"><\/span><\/p>\n<p style=\"margin: 0cm 0cm 0pt; text-align: justify\" class=\"MsoNormal\"><span style=\"font-family: Arial\" lang=\"ES-TRAD\"><\/span><\/p>\n<p><span style=\"font-family: Arial\" lang=\"ES-TRAD\">Una pobreza general se palpaba en los mercados, en el erario y en las familias.<o:p><\/o:p><\/span><span style=\"font-family: Arial\" lang=\"ES-TRAD\"><o:p>\u00a0<\/o:p><\/span><\/p>\n<p style=\"margin: 0cm 0cm 0pt; text-align: justify\" class=\"MsoNormal\"><span style=\"font-family: Arial\" lang=\"ES-TRAD\"><\/span><\/p>\n<p style=\"margin: 0cm 0cm 0pt; text-align: justify\" class=\"MsoNormal\"><span style=\"font-family: Arial\" lang=\"ES-TRAD\"><\/span><\/p>\n<p><span style=\"font-family: Arial\" lang=\"ES-TRAD\">La aristocracia expres\u00f3 su descontento ocultando los pocos capitales que sobrevivieron a la rapi\u00f1a y los retiraron de la circulaci\u00f3n.<o:p><\/o:p><\/span><span style=\"font-family: Arial\" lang=\"ES-TRAD\"><o:p>\u00a0<\/o:p><\/span><\/p>\n<p style=\"margin: 0cm 0cm 0pt; text-align: justify\" class=\"MsoNormal\"><span style=\"font-family: Arial\" lang=\"ES-TRAD\"><\/span><\/p>\n<p style=\"margin: 0cm 0cm 0pt; text-align: justify\" class=\"MsoNormal\"><span style=\"font-family: Arial\" lang=\"ES-TRAD\"><\/span><\/p>\n<p><span style=\"font-family: Arial\" lang=\"ES-TRAD\">En Quer\u00e9taro, los robos, la delincuencia y la rapi\u00f1a estuvieron al orden del d\u00eda, m\u00e1s de 90% de los habitantes de Quer\u00e9taro se dedicaban a actividades delictivas y que solo el 3% de la poblaci\u00f3n era honrada y viv\u00eda de su trabajo.<o:p><\/o:p><\/span><span style=\"font-family: Arial\" lang=\"ES-TRAD\"><o:p>\u00a0<\/o:p><\/span><\/p>\n<p style=\"margin: 0cm 0cm 0pt; text-align: justify\" class=\"MsoNormal\"><span style=\"font-family: Arial\" lang=\"ES-TRAD\"><\/span><\/p>\n<p style=\"margin: 0cm 0cm 0pt; text-align: justify\" class=\"MsoNormal\"><span style=\"font-family: Arial\" lang=\"ES-TRAD\"><\/span><\/p>\n<p><span style=\"font-family: Arial\" lang=\"ES-TRAD\">La ciudad estaba en ruinas y hab\u00eda muchos cad\u00e1veres insepultos. Como \u201chorroroso\u201d fue descrito el estado que guardaba la poblaci\u00f3n y sus alrededores, pues todo era un foco de corrupci\u00f3n y f\u00e1cilmente podr\u00edan sobrevenir una peste que diezmara a sus habitantes.<o:p><\/o:p><\/span><span style=\"font-family: Arial\" lang=\"ES-TRAD\"><o:p>\u00a0<\/o:p><\/span><\/p>\n<p style=\"margin: 0cm 0cm 0pt; text-align: justify\" class=\"MsoNormal\"><span style=\"font-family: Arial\" lang=\"ES-TRAD\"><\/span><\/p>\n<p style=\"margin: 0cm 0cm 0pt; text-align: justify\" class=\"MsoNormal\"><span style=\"font-family: Arial\" lang=\"ES-TRAD\"><\/span><\/p>\n<p><span style=\"font-family: Arial\" lang=\"ES-TRAD\">Las ca\u00f1er\u00edas del agua potable quedaron da\u00f1adas y eso ocasion\u00f3 que el vecindario no pudiera surtirse debidamente de ese l\u00edquido. La hermosa alameda qued\u00f3 convertida en un desierto, pues sus jardines sirvieron de pasto a sus caballos.<o:p><\/o:p><\/span><span style=\"font-family: Arial\" lang=\"ES-TRAD\"><o:p>\u00a0<\/o:p><\/span><\/p>\n<p style=\"margin: 0cm 0cm 0pt; text-align: justify\" class=\"MsoNormal\"><span style=\"font-family: Arial\" lang=\"ES-TRAD\"><\/span><\/p>\n<p style=\"margin: 0cm 0cm 0pt; text-align: justify\" class=\"MsoNormal\"><span style=\"font-family: Arial\" lang=\"ES-TRAD\"><\/span><\/p>\n<p><span style=\"font-family: Arial\" lang=\"ES-TRAD\">De las campanas de sus templos se hicieron granadas y metrallas, igual destino cupo a los balcones, el elegante teatro fue destechado y su techumbre, sus puertas y ventanas se convirtieron en combustible para el rancho del soldado. Otros muchos edificios fueron destruidos hasta sus cimientos y de su material se construyeron parapetos.<o:p><\/o:p><\/span><span style=\"font-family: Arial\" lang=\"ES-TRAD\"><o:p>\u00a0<\/o:p><\/span><\/p>\n<p style=\"margin: 0cm 0cm 0pt; text-align: justify\" class=\"MsoNormal\"><span style=\"font-family: Arial\" lang=\"ES-TRAD\"><\/span><\/p>\n<p style=\"margin: 0cm 0cm 0pt; text-align: justify\" class=\"MsoNormal\"><span style=\"font-family: Arial\" lang=\"ES-TRAD\"><\/span><\/p>\n<p><span style=\"font-family: Arial\" lang=\"ES-TRAD\">El Paseo de <st1:personname ProductID=\"la Ca?ada\" w:st=\"on\">la Ca\u00f1ada<\/st1:personname> estaba desairado y poco concurrido debido al abatimiento, enfermedad y miseria en que hab\u00eda quedado el pueblo.<o:p><\/o:p><\/span><span style=\"font-family: Arial\" lang=\"ES-TRAD\"><o:p>\u00a0<\/o:p><\/span><\/p>\n<p style=\"margin: 0cm 0cm 0pt; text-align: justify\" class=\"MsoNormal\"><span style=\"font-family: Arial\" lang=\"ES-TRAD\"><\/span><\/p>\n<p style=\"margin: 0cm 0cm 0pt; text-align: justify\" class=\"MsoNormal\"><span style=\"font-family: Arial\" lang=\"ES-TRAD\"><\/span><\/p>\n<p><span style=\"font-family: Arial\" lang=\"ES-TRAD\">Era tanta la penuria y la escasez&lt; de recursos, que hasta el reloj p\u00fablico de San Francisco dej\u00f3 de funcionar, por falta de pago al encargado de darle cuerda.<o:p><\/o:p><\/span><span style=\"font-family: Arial\" lang=\"ES-TRAD\"><o:p>\u00a0<\/o:p><\/span><\/p>\n<p style=\"margin: 0cm 0cm 0pt; text-align: justify\" class=\"MsoNormal\"><span style=\"font-family: Arial\" lang=\"ES-TRAD\"><\/span><\/p>\n<p style=\"margin: 0cm 0cm 0pt; text-align: justify\" class=\"MsoNormal\"><span style=\"font-family: Arial\" lang=\"ES-TRAD\"><\/span><\/p>\n<p><span style=\"font-family: Arial\" lang=\"ES-TRAD\">Miles de hu\u00e9rfanos, viudas y ancianos recorr\u00edan las ciudades, los pueblos y hasta las m\u00e1s remotas aldeas, en busca de un pedazo de pan. Quer\u00e9taro hab\u00eda quedado completamente arruinado.<o:p><\/o:p><\/span><span style=\"font-family: Arial\" lang=\"ES-TRAD\"><o:p>\u00a0<\/o:p><\/span><\/p>\n<p style=\"margin: 0cm 0cm 0pt; text-align: justify\" class=\"MsoNormal\"><span style=\"font-family: Arial\" lang=\"ES-TRAD\"><\/span><\/p>\n<p style=\"margin: 0cm 0cm 0pt; text-align: justify\" class=\"MsoNormal\"><span style=\"font-family: Arial\" lang=\"ES-TRAD\"><\/span><\/p>\n<p><span style=\"font-family: Arial\" lang=\"ES-TRAD\">Quer\u00e9taro era un cuerpo inanimado, una miseria espantosa devoraba a la mayor parte de sus trabajadores, la ciudad estaba en la ruina. Todo estaba por reconstruirse.<o:p><\/o:p><\/span><span style=\"font-family: Arial\" lang=\"ES-TRAD\"><o:p>\u00a0<\/o:p><\/span><\/p>\n<p style=\"margin: 0cm 0cm 0pt; text-align: justify\" class=\"MsoNormal\"><span style=\"font-family: Arial\" lang=\"ES-TRAD\"><\/span><\/p>\n<p style=\"margin: 0cm 0cm 0pt; text-align: justify\" class=\"MsoNormal\"><span style=\"font-family: Arial\" lang=\"ES-TRAD\"><\/span><\/p>\n<p><span style=\"font-family: Arial\" lang=\"ES-TRAD\">Al cumplirse el primer aniversario del sitio de Quer\u00e9taro. Los reportes eran: Los efectos de la pasada guerra est\u00e1n vivos y a\u00fan no borradas sus sangrientas huellas, nuestros edificios en ruinas, presentan la verdadera imagen del abatimiento de estos habitantes: no tiene vida el comercio; la agricultura lejos de florecer decae; las bellas artes huyen asustadas de tan triste suelo y solo la miseria p\u00fablica impera con todos sus horrores. <o:p><\/o:p><\/span><span style=\"font-family: Arial\" lang=\"ES-TRAD\"><o:p>\u00a0<\/o:p><\/span><\/p>\n<p style=\"margin: 0cm 0cm 0pt; text-align: justify\" class=\"MsoNormal\"><span style=\"font-family: Arial\" lang=\"ES-TRAD\"><\/span><\/p>\n<p style=\"margin: 0cm 0cm 0pt; text-align: justify\" class=\"MsoNormal\"><span style=\"font-family: Arial\" lang=\"ES-TRAD\"><\/span><\/p>\n<p><span style=\"font-family: Arial\" lang=\"ES-TRAD\">Todos o casi todos, resultaron afectados, comerciantes, hacendados, artesanos, obreros, estudiantes, madres de familia, ni\u00f1os. La miseria en la \u201cclase pobre\u201d fue descrita como alarmante. Una multitud de infelices sin hogar, sin pan, sin abrigo, y sin trabajo.<o:p><\/o:p><\/span><span style=\"font-family: Arial\" lang=\"ES-TRAD\"><o:p>\u00a0<\/o:p><\/span><\/p>\n<p style=\"margin: 0cm 0cm 0pt; text-align: justify\" class=\"MsoNormal\"><span style=\"font-family: Arial\" lang=\"ES-TRAD\"><\/span><\/p>\n<p style=\"margin: 0cm 0cm 0pt; text-align: justify\" class=\"MsoNormal\"><span style=\"font-family: Arial\" lang=\"ES-TRAD\"><\/span><\/p>\n<p><span style=\"font-family: Arial\" lang=\"ES-TRAD\">En Quer\u00e9taro no hab\u00eda un hospicio, un orfanatorio, ni una casa de asilo, la beneficencia era inexistente, los agiotistas eran numerosos. Robar, para muchos era el \u00fanico recurso para sobrevivir.<o:p><\/o:p><\/span><span style=\"font-family: Arial\" lang=\"ES-TRAD\"><o:p>\u00a0<\/o:p><\/span><\/p>\n<p style=\"margin: 0cm 0cm 0pt; text-align: justify\" class=\"MsoNormal\"><span style=\"font-family: Arial\" lang=\"ES-TRAD\"><\/span><\/p>\n<p style=\"margin: 0cm 0cm 0pt; text-align: justify\" class=\"MsoNormal\"><span style=\"font-family: Arial\" lang=\"ES-TRAD\"><\/span><\/p>\n<p><span style=\"font-family: Arial\" lang=\"ES-TRAD\">El gobierno se dio a la tarea de escribir varias cartas a las personalidades m\u00e1s destacadas de la localidad, pidi\u00e9ndoles su colaboraci\u00f3n en algunos ramos particularmente en la administraci\u00f3n p\u00fablica d esta manera:<o:p><\/o:p><\/span><span style=\"font-family: Arial\" lang=\"ES-TRAD\"><o:p>\u00a0<\/o:p><\/span><\/p>\n<p style=\"margin: 0cm 0cm 0pt; text-align: justify\" class=\"MsoNormal\"><span style=\"font-family: Arial\" lang=\"ES-TRAD\"><\/span><\/p>\n<p style=\"margin: 0cm 0cm 0pt; text-align: justify\" class=\"MsoNormal\"><span style=\"font-family: Arial\" lang=\"ES-TRAD\"><\/span><\/p>\n<p><span style=\"font-family: Arial\" lang=\"ES-TRAD\">A Hilari\u00f3n Fr\u00edas y Soto, a prospero C, Vega y a Nicol\u00e1s Campa, se les solicit\u00f3 un plan para la instrucci\u00f3n p\u00fablica; A los licenciados Zacar\u00edas O\u00f1ate, Pr\u00f3spero C. Vega, y a<span>\u00a0 <\/span>Agapito Pozo, un proyecto de administraci\u00f3n de justicia; a Jos\u00e9 M. Rivera, Carlos M. Rubio, Bernab\u00e9 Loyola, Manuel Marroqu\u00edn, y Francisco Diez Marina, uno de hacienda; a los se\u00f1ores Rodr\u00edguez y Helguera y al Licenciado Diez Marina, uno para organizar en los caminos una fuerza que diera las garant\u00edas de existencia y propiedad a los viajeros y que no tuviera car\u00e1cter \u201cpol\u00edtico\u201d.<o:p><\/o:p><\/span><span style=\"font-family: Arial\" lang=\"ES-TRAD\"><o:p>\u00a0<\/o:p><\/span><\/p>\n<p style=\"margin: 0cm 0cm 0pt; text-align: justify\" class=\"MsoNormal\"><span style=\"font-family: Arial\" lang=\"ES-TRAD\"><\/span><\/p>\n<p style=\"margin: 0cm 0cm 0pt; text-align: justify\" class=\"MsoNormal\"><span style=\"font-family: Arial\" lang=\"ES-TRAD\"><\/span><\/p>\n<p><span style=\"font-family: Arial\" lang=\"ES-TRAD\">A Francisco Diez Marina, Carlos Rubio, Jos\u00e9 M\u00e9ndez, y Bernab\u00e9 Loyola, uno relativo al camino de Tampico; a Francisco Figueroa y a los se\u00f1ores Guisasola<span>\u00a0 <\/span>y Mena, uno para crear establecimientos de beneficencia; a Manuel Marroqu\u00ed, Jos\u00e9 M. Rivera, Pedro Castro y Joaqu\u00edn Ruiz, uno para reactivar el comercio.<o:p><\/o:p><\/span><span style=\"font-family: Arial\" lang=\"ES-TRAD\"><o:p>\u00a0<\/o:p><\/span><\/p>\n<p style=\"margin: 0cm 0cm 0pt; text-align: justify\" class=\"MsoNormal\"><span style=\"font-family: Arial\" lang=\"ES-TRAD\"><\/span><\/p>\n<p style=\"margin: 0cm 0cm 0pt; text-align: justify\" class=\"MsoNormal\"><span style=\"font-family: Arial\" lang=\"ES-TRAD\"><\/span><\/p>\n<p><span style=\"font-family: Arial\" lang=\"ES-TRAD\">A Jos\u00e9 Ma. Rivera, Silvestre M\u00e9ndez, Manuel Marroqu\u00edn y Luciano Fr\u00edas<span>\u00a0 <\/span>y Soto, una propuesta para fundar una penitenciar\u00eda; a Bernab\u00e9 Loyola y al Licenciado V\u00e1zquez, una para sacar a la agricultura del estado del \u201cdecaimiento en que se encuentra\u201d; a Rodrigo Vald\u00e9s, Agust\u00edn Barbosa y Santiago Carmona, uno para proteger las artes; y a Hilari\u00f3n Fr\u00edas y Soto, Manuel Marroqu\u00edn, Crecencio M. P\u00e9rez y Manuel M. Rubio, un plan para organizar los hospitales.<o:p><\/o:p><\/span><span style=\"font-family: Arial\" lang=\"ES-TRAD\"><o:p>\u00a0<\/o:p><\/span><\/p>\n<p style=\"margin: 0cm 0cm 0pt; text-align: justify\" class=\"MsoNormal\"><span style=\"font-family: Arial\" lang=\"ES-TRAD\"><\/span><\/p>\n<p style=\"margin: 0cm 0cm 0pt; text-align: justify\" class=\"MsoNormal\"><span style=\"font-family: Arial\" lang=\"ES-TRAD\"><\/span><\/p>\n<p><span style=\"font-family: Arial\" lang=\"ES-TRAD\">Poco a poco Quer\u00e9taro se fue recuperando, se organiz\u00f3 la instrucci\u00f3n p\u00fablica, se atendieron los hospitales, las Diligencias, <st1:personname ProductID=\"La Corte Suprema\" w:st=\"on\">La Corte Suprema<\/st1:personname> de Justicia, el tel\u00e9grafo, la reconstrucci\u00f3n de la ciudad, la creaci\u00f3n de hospicios., el gremio de artesanos, <st1:personname ProductID=\"la Academia\" w:st=\"on\">la Academia<\/st1:personname>, la alameda, la imagen de la ciudad se transform\u00f3.<o:p><\/o:p><\/span><span style=\"font-family: Arial\" lang=\"ES-TRAD\"><o:p>\u00a0<\/o:p><\/span><\/p>\n<p style=\"margin: 0cm 0cm 0pt; text-align: justify\" class=\"MsoNormal\"><span style=\"font-family: Arial\" lang=\"ES-TRAD\"><\/span><\/p>\n<p style=\"margin: 0cm 0cm 0pt; text-align: justify\" class=\"MsoNormal\"><span style=\"font-family: Arial\" lang=\"ES-TRAD\"><\/span><\/p>\n<p><span style=\"font-family: Arial\" lang=\"ES-TRAD\">Se acusaba a Quer\u00e9taro de ser una ciudad maldita y traidora. \u201cQuer\u00e9taro no era una ciudad maldita, aclararon. Sus habitantes eran a lo m\u00e1s, v\u00edctimas que tend\u00edan sus escu\u00e1lidas manos al hermano que hab\u00eda venido a libertarla del verdugo y sobre los escombros de sus hogares escribi\u00f3 con tiz\u00f3n apagado, la gloriosa fecha del 15 de mayo, d\u00eda de su libertad\u201d.<o:p><\/o:p><\/span><span style=\"font-family: Arial\" lang=\"ES-TRAD\"><o:p>\u00a0<\/o:p><\/span><\/p>\n<p style=\"margin: 0cm 0cm 0pt; text-align: justify\" class=\"MsoNormal\"><span style=\"font-family: Arial\" lang=\"ES-TRAD\"><\/span><\/p>\n<p style=\"margin: 0cm 0cm 0pt; text-align: justify\" class=\"MsoNormal\"><span style=\"font-family: Arial\" lang=\"ES-TRAD\"><\/span><\/p>\n<p><span style=\"font-family: Arial\" lang=\"ES-TRAD\">\u201cA Quer\u00e9taro no le era permitido ni pensar, pues se encontraba vigilada por la m\u00e1s suspicaz de las polic\u00edas\u201d, deb\u00eda levantarse el anatema que pesaba sobre Quer\u00e9taro.<o:p><\/o:p><\/span><span style=\"font-family: Arial\" lang=\"ES-TRAD\"><o:p>\u00a0<\/o:p><\/span><span style=\"font-family: Arial\" lang=\"ES-TRAD\"><o:p>\u00a0<\/o:p><\/span><\/p>\n<p style=\"margin: 0cm 0cm 0pt; text-align: justify\" class=\"MsoNormal\"><span style=\"font-family: Arial\" lang=\"ES-TRAD\"><\/span><\/p>\n<p><span style=\"font-family: Arial\" lang=\"ES-TRAD\">En Quer\u00e9taro se hab\u00eda luchado contra Santana; se hab\u00eda enviado a los batallones a la batalla de Churubusco; Aqu\u00ed naci\u00f3 la coalici\u00f3n que hab\u00eda salvado al pa\u00eds de la traici\u00f3n de Tacubaya; de aqu\u00ed sali\u00f3 Jos\u00e9 Ma. Arteaga a las cumbres de Acultzingo; de aqu\u00ed salieron las guardias que fueron a tener su parte en el triunfo de la batalla de Puebla; Aqu\u00ed los franceses no pudieron recabar ni siquiera diez firmas de adhesi\u00f3n al llamado imperio.<o:p><\/o:p><\/span><span style=\"font-family: Arial\" lang=\"ES-TRAD\"><o:p>\u00a0<\/o:p><\/span><\/p>\n","protected":false},"excerpt":{"rendered":"<p>Quer\u00e9taro ante la patria en 1867 \u00a0\u00a0 \u201cViva M\u00e9xico. Quer\u00e9taro esta en nuestro poder\u201d Benito Ju\u00e1rez, el 15 de mayo de 1867.\u00a0 A las tres de la ma\u00f1ana hab\u00eda comenzado el ataque final sobre la ciudad, despu\u00e9s de m\u00e1s de 70 d\u00edas de encontrarse sitiada.\u00a0 S\u00ed en Quer\u00e9taro quedaron sepultadas las propuestas mon\u00e1rquicas y la [&hellip;]<\/p>\n","protected":false},"author":249,"featured_media":0,"comment_status":"open","ping_status":"closed","sticky":false,"template":"","format":"standard","meta":{"footnotes":""},"categories":[8,10],"tags":[],"class_list":["post-612","post","type-post","status-publish","format-standard","hentry","category-ciudad-de-queretaro","category-historia"],"_links":{"self":[{"href":"http:\/\/eloficiodehistoriar.com.mx\/index.php?rest_route=\/wp\/v2\/posts\/612","targetHints":{"allow":["GET"]}}],"collection":[{"href":"http:\/\/eloficiodehistoriar.com.mx\/index.php?rest_route=\/wp\/v2\/posts"}],"about":[{"href":"http:\/\/eloficiodehistoriar.com.mx\/index.php?rest_route=\/wp\/v2\/types\/post"}],"author":[{"embeddable":true,"href":"http:\/\/eloficiodehistoriar.com.mx\/index.php?rest_route=\/wp\/v2\/users\/249"}],"replies":[{"embeddable":true,"href":"http:\/\/eloficiodehistoriar.com.mx\/index.php?rest_route=%2Fwp%2Fv2%2Fcomments&post=612"}],"version-history":[{"count":0,"href":"http:\/\/eloficiodehistoriar.com.mx\/index.php?rest_route=\/wp\/v2\/posts\/612\/revisions"}],"wp:attachment":[{"href":"http:\/\/eloficiodehistoriar.com.mx\/index.php?rest_route=%2Fwp%2Fv2%2Fmedia&parent=612"}],"wp:term":[{"taxonomy":"category","embeddable":true,"href":"http:\/\/eloficiodehistoriar.com.mx\/index.php?rest_route=%2Fwp%2Fv2%2Fcategories&post=612"},{"taxonomy":"post_tag","embeddable":true,"href":"http:\/\/eloficiodehistoriar.com.mx\/index.php?rest_route=%2Fwp%2Fv2%2Ftags&post=612"}],"curies":[{"name":"wp","href":"https:\/\/api.w.org\/{rel}","templated":true}]}}