{"id":624,"date":"2008-07-22T11:22:40","date_gmt":"2008-07-22T16:22:40","guid":{"rendered":"https:\/\/eloficiodehistoriar.com.mx\/?p=624"},"modified":"2008-07-22T11:25:40","modified_gmt":"2008-07-22T16:25:40","slug":"los-ocho-obispo-de-queretaro-1864-2008","status":"publish","type":"post","link":"http:\/\/eloficiodehistoriar.com.mx\/?p=624","title":{"rendered":"Los ocho obispo de Quer\u00e9taro: 1864-2008"},"content":{"rendered":"<p><a href=\"https:\/\/eloficiodehistoriar.com.mx\/wp-content\/uploads\/2008\/07\/srobispo.gif\" title=\"srobispo.gif\"><img decoding=\"async\" src=\"https:\/\/eloficiodehistoriar.com.mx\/wp-content\/uploads\/2008\/07\/srobispo.thumbnail.gif\" alt=\"srobispo.gif\" \/><\/a><a href=\"https:\/\/eloficiodehistoriar.com.mx\/wp-content\/uploads\/2008\/07\/septimo-obispo-de-queretaro.jpg\" title=\"septimo-obispo-de-queretaro.jpg\"><img decoding=\"async\" src=\"https:\/\/eloficiodehistoriar.com.mx\/wp-content\/uploads\/2008\/07\/septimo-obispo-de-queretaro.thumbnail.jpg\" alt=\"septimo-obispo-de-queretaro.jpg\" \/><\/a><a href=\"https:\/\/eloficiodehistoriar.com.mx\/wp-content\/uploads\/2008\/07\/sexto-obispo-de-queretaro.jpg\" title=\"sexto-obispo-de-queretaro.jpg\"><img decoding=\"async\" src=\"https:\/\/eloficiodehistoriar.com.mx\/wp-content\/uploads\/2008\/07\/sexto-obispo-de-queretaro.thumbnail.jpg\" alt=\"sexto-obispo-de-queretaro.jpg\" \/><\/a><a href=\"https:\/\/eloficiodehistoriar.com.mx\/wp-content\/uploads\/2008\/07\/quinto-obispo-de-queretaro.jpg\" title=\"quinto-obispo-de-queretaro.jpg\"><img decoding=\"async\" src=\"https:\/\/eloficiodehistoriar.com.mx\/wp-content\/uploads\/2008\/07\/quinto-obispo-de-queretaro.thumbnail.jpg\" alt=\"quinto-obispo-de-queretaro.jpg\" \/><\/a><a href=\"https:\/\/eloficiodehistoriar.com.mx\/wp-content\/uploads\/2008\/07\/cuarto-obispo-de-queretaro.jpg\" title=\"cuarto-obispo-de-queretaro.jpg\"><img decoding=\"async\" src=\"https:\/\/eloficiodehistoriar.com.mx\/wp-content\/uploads\/2008\/07\/cuarto-obispo-de-queretaro.thumbnail.jpg\" alt=\"cuarto-obispo-de-queretaro.jpg\" \/><\/a><a href=\"https:\/\/eloficiodehistoriar.com.mx\/wp-content\/uploads\/2008\/07\/tercer-obispo-de-queretaro.jpg\" title=\"tercer-obispo-de-queretaro.jpg\"><img decoding=\"async\" src=\"https:\/\/eloficiodehistoriar.com.mx\/wp-content\/uploads\/2008\/07\/tercer-obispo-de-queretaro.thumbnail.jpg\" alt=\"tercer-obispo-de-queretaro.jpg\" \/><\/a><a href=\"https:\/\/eloficiodehistoriar.com.mx\/wp-content\/uploads\/2008\/07\/segundo-obispo-de-queretaro.jpg\" title=\"segundo-obispo-de-queretaro.jpg\"><img decoding=\"async\" src=\"https:\/\/eloficiodehistoriar.com.mx\/wp-content\/uploads\/2008\/07\/segundo-obispo-de-queretaro.thumbnail.jpg\" alt=\"segundo-obispo-de-queretaro.jpg\" \/><\/a><a href=\"https:\/\/eloficiodehistoriar.com.mx\/wp-content\/uploads\/2008\/07\/primer-obispo-de-queretaro.jpg\" title=\"primer-obispo-de-queretaro.jpg\"><img decoding=\"async\" src=\"https:\/\/eloficiodehistoriar.com.mx\/wp-content\/uploads\/2008\/07\/primer-obispo-de-queretaro.thumbnail.jpg\" alt=\"primer-obispo-de-queretaro.jpg\" \/><\/a><\/p>\n<p><span style=\"font-size: 16pt; font-family: Arial\">Bernardo Garate L\u00f3pez Arizmendi (1864 -1866)<o:p><\/o:p><\/span><\/p>\n<p style=\"margin: 0cm 0cm 0pt\" class=\"MsoNormal\"><span style=\"font-size: 16pt; font-family: Arial\"><\/p>\n<hr SIZE=\"1\" noShade=\"true\" color=\"#990000\" width=\"100%\" align=\"left\" \/><\/span><\/p>\n<p><span style=\"font-size: 16pt; font-family: Arial\">II. Ram\u00f3n Camacho Garc\u00eda (1869 &#8211; 1884)<o:p><\/o:p><\/span><\/p>\n<p style=\"margin: 0cm 0cm 0pt\" class=\"MsoNormal\"><span style=\"font-size: 16pt; font-family: Arial\"><\/p>\n<hr SIZE=\"1\" noShade=\"true\" color=\"#990000\" width=\"100%\" align=\"left\" \/><\/span><\/p>\n<p><span style=\"font-size: 16pt; font-family: Arial\">III. Rafael Sab\u00e1s Camacho Garc\u00eda (1885-1908)<o:p><\/o:p><\/span><\/p>\n<p style=\"margin: 0cm 0cm 0pt\" class=\"MsoNormal\"><span style=\"font-size: 16pt; font-family: Arial\"><\/p>\n<hr SIZE=\"1\" noShade=\"true\" color=\"#990000\" width=\"100%\" align=\"left\" \/><\/span><\/p>\n<h3 style=\"margin: 0cm 0cm 0pt\"><span style=\"font-weight: normal; font-size: 16pt; font-family: Arial\">IV. Manuel Rivera Mu\u00f1oz (1908-1914)<\/span><span style=\"font-size: 16pt; font-family: Arial\"><o:p><\/o:p><\/span><\/h3>\n<p style=\"margin: 0cm 0cm 0pt\" class=\"MsoNormal\"><span style=\"font-size: 16pt; font-family: Arial\"><\/p>\n<hr SIZE=\"1\" noShade=\"true\" color=\"#990000\" width=\"100%\" align=\"left\" \/><\/span><\/p>\n<h3 style=\"margin: 0cm 0cm 0pt\"><span style=\"font-size: 16pt; font-family: Arial\"><a href=\"http:\/\/www.diocesisdequeretaro.org.mx\/dio_banegas.html\"><span style=\"font-weight: normal; color: windowtext; text-decoration: none; text-underline: none\">V. Francisco Banegas Galv\u00e1n (1919 &#8211; 1932)<\/span><\/a><o:p><\/o:p><\/span><\/h3>\n<p style=\"margin: 0cm 0cm 0pt\" class=\"MsoNormal\"><span style=\"font-size: 16pt; font-family: Arial\"><\/p>\n<hr SIZE=\"1\" noShade=\"true\" color=\"#990000\" width=\"100%\" align=\"left\" \/><\/span><\/p>\n<h3 style=\"margin: 0cm 0cm 0pt\"><span style=\"font-size: 16pt; font-family: Arial\"><a href=\"http:\/\/www.diocesisdequeretaro.org.mx\/dio_tinajero.html\"><span style=\"font-weight: normal; color: windowtext; text-decoration: none; text-underline: none\">VI. Marciano Tinajero y Estrada (1933 &#8211; 1957)<\/span><\/a><o:p><\/o:p><\/span><\/h3>\n<p style=\"margin: 0cm 0cm 0pt\" class=\"MsoNormal\"><span style=\"font-size: 16pt; font-family: Arial\"><\/p>\n<hr SIZE=\"1\" noShade=\"true\" color=\"#990000\" width=\"100%\" align=\"left\" \/><\/span><\/p>\n<h3 style=\"margin: 0cm 0cm 0pt\"><span style=\"font-size: 16pt; font-family: Arial\"><a href=\"http:\/\/www.diocesisdequeretaro.org.mx\/dio_torizcobian.html\"><span style=\"font-weight: normal; color: windowtext; text-decoration: none; text-underline: none\">VII. Alfonso Toriz Cobi\u00e1n (1958 &#8211; 1989)<\/span><\/a><o:p><\/o:p><\/span><\/h3>\n<p style=\"margin: 0cm 0cm 0pt\" class=\"MsoNormal\"><span style=\"font-size: 16pt; font-family: Arial\"><\/p>\n<hr SIZE=\"1\" noShade=\"true\" color=\"#990000\" width=\"100%\" align=\"left\" \/><\/span><\/p>\n<p><span style=\"font-size: 16pt; font-family: Arial\"><o:p>\u00a0Vlll. Mario Gasper\u00edn Gasper\u00edn (1989-&#8230;)<\/o:p><\/span><\/p>\n","protected":false},"excerpt":{"rendered":"<p>Bernardo Garate L\u00f3pez Arizmendi (1864 -1866) II. Ram\u00f3n Camacho Garc\u00eda (1869 &#8211; 1884) III. Rafael Sab\u00e1s Camacho Garc\u00eda (1885-1908) IV. Manuel Rivera Mu\u00f1oz (1908-1914) V. Francisco Banegas Galv\u00e1n (1919 &#8211; 1932) VI. Marciano Tinajero y Estrada (1933 &#8211; 1957) VII. Alfonso Toriz Cobi\u00e1n (1958 &#8211; 1989) \u00a0Vlll. Mario Gasper\u00edn Gasper\u00edn (1989-&#8230;)<\/p>\n","protected":false},"author":249,"featured_media":0,"comment_status":"open","ping_status":"closed","sticky":false,"template":"","format":"standard","meta":{"footnotes":""},"categories":[8,11,10],"tags":[],"class_list":["post-624","post","type-post","status-publish","format-standard","hentry","category-ciudad-de-queretaro","category-fotografia","category-historia"],"_links":{"self":[{"href":"http:\/\/eloficiodehistoriar.com.mx\/index.php?rest_route=\/wp\/v2\/posts\/624","targetHints":{"allow":["GET"]}}],"collection":[{"href":"http:\/\/eloficiodehistoriar.com.mx\/index.php?rest_route=\/wp\/v2\/posts"}],"about":[{"href":"http:\/\/eloficiodehistoriar.com.mx\/index.php?rest_route=\/wp\/v2\/types\/post"}],"author":[{"embeddable":true,"href":"http:\/\/eloficiodehistoriar.com.mx\/index.php?rest_route=\/wp\/v2\/users\/249"}],"replies":[{"embeddable":true,"href":"http:\/\/eloficiodehistoriar.com.mx\/index.php?rest_route=%2Fwp%2Fv2%2Fcomments&post=624"}],"version-history":[{"count":0,"href":"http:\/\/eloficiodehistoriar.com.mx\/index.php?rest_route=\/wp\/v2\/posts\/624\/revisions"}],"wp:attachment":[{"href":"http:\/\/eloficiodehistoriar.com.mx\/index.php?rest_route=%2Fwp%2Fv2%2Fmedia&parent=624"}],"wp:term":[{"taxonomy":"category","embeddable":true,"href":"http:\/\/eloficiodehistoriar.com.mx\/index.php?rest_route=%2Fwp%2Fv2%2Fcategories&post=624"},{"taxonomy":"post_tag","embeddable":true,"href":"http:\/\/eloficiodehistoriar.com.mx\/index.php?rest_route=%2Fwp%2Fv2%2Ftags&post=624"}],"curies":[{"name":"wp","href":"https:\/\/api.w.org\/{rel}","templated":true}]}}