{"id":633,"date":"2008-07-22T11:47:11","date_gmt":"2008-07-22T16:47:11","guid":{"rendered":"https:\/\/eloficiodehistoriar.com.mx\/?p=633"},"modified":"2008-07-22T11:54:37","modified_gmt":"2008-07-22T16:54:37","slug":"633","status":"publish","type":"post","link":"http:\/\/eloficiodehistoriar.com.mx\/?p=633","title":{"rendered":"El Taller \u00abEl Oficio de Historiar\u00bb&#8230;"},"content":{"rendered":"<p><a href=\"https:\/\/eloficiodehistoriar.com.mx\/wp-content\/uploads\/2008\/07\/jfz-1-51.jpg\" title=\"jfz-1-51.jpg\"><img decoding=\"async\" src=\"https:\/\/eloficiodehistoriar.com.mx\/wp-content\/uploads\/2008\/07\/jfz-1-51.thumbnail.jpg\" alt=\"jfz-1-51.jpg\" \/><\/a><a href=\"https:\/\/eloficiodehistoriar.com.mx\/wp-content\/uploads\/2008\/07\/clase-002.jpg\" title=\"clase-002.jpg\"><img decoding=\"async\" src=\"https:\/\/eloficiodehistoriar.com.mx\/wp-content\/uploads\/2008\/07\/clase-002.thumbnail.jpg\" alt=\"clase-002.jpg\" \/><\/a><a href=\"https:\/\/eloficiodehistoriar.com.mx\/wp-content\/uploads\/2008\/07\/jfz-01-2.jpg\" title=\"jfz-01-2.jpg\"><img decoding=\"async\" src=\"https:\/\/eloficiodehistoriar.com.mx\/wp-content\/uploads\/2008\/07\/jfz-01-2.thumbnail.jpg\" alt=\"jfz-01-2.jpg\" \/><\/a><a href=\"https:\/\/eloficiodehistoriar.com.mx\/wp-content\/uploads\/2008\/07\/jfz-01-2.jpg\" title=\"jfz-01-2.jpg\"><\/a><a href=\"https:\/\/eloficiodehistoriar.com.mx\/wp-content\/uploads\/2008\/07\/jfz-01-2.jpg\" title=\"jfz-01-2.jpg\"><\/a><a href=\"https:\/\/eloficiodehistoriar.com.mx\/wp-content\/uploads\/2008\/07\/foto3.JPG\" title=\"foto3.JPG\"><img decoding=\"async\" src=\"https:\/\/eloficiodehistoriar.com.mx\/wp-content\/uploads\/2008\/07\/foto3.thumbnail.JPG\" alt=\"foto3.JPG\" \/><\/a><a href=\"https:\/\/eloficiodehistoriar.com.mx\/wp-content\/uploads\/2008\/07\/01-1.jpg\" title=\"01-1.jpg\"><img decoding=\"async\" src=\"https:\/\/eloficiodehistoriar.com.mx\/wp-content\/uploads\/2008\/07\/01-1.thumbnail.jpg\" alt=\"01-1.jpg\" \/><\/a><a href=\"https:\/\/eloficiodehistoriar.com.mx\/wp-content\/uploads\/2008\/07\/clase-004.jpg\" title=\"clase-004.jpg\"><img decoding=\"async\" src=\"https:\/\/eloficiodehistoriar.com.mx\/wp-content\/uploads\/2008\/07\/clase-004.thumbnail.jpg\" alt=\"clase-004.jpg\" \/><\/a><a href=\"https:\/\/eloficiodehistoriar.com.mx\/wp-content\/uploads\/2008\/07\/clase-003.jpg\" title=\"clase-003.jpg\"><img decoding=\"async\" src=\"https:\/\/eloficiodehistoriar.com.mx\/wp-content\/uploads\/2008\/07\/clase-003.thumbnail.jpg\" alt=\"clase-003.jpg\" \/><\/a><a href=\"https:\/\/eloficiodehistoriar.com.mx\/wp-content\/uploads\/2008\/07\/clase-001.jpg\" title=\"clase-001.jpg\"><img decoding=\"async\" src=\"https:\/\/eloficiodehistoriar.com.mx\/wp-content\/uploads\/2008\/07\/clase-001.thumbnail.jpg\" alt=\"clase-001.jpg\" \/><\/a><\/p>\n<p>El taller \u00abel oficio de Historiar\u00bb es interactivo y ha tenido como sedes El CEFAC del Instituto queretano para la Cultura y Las Artes, El Museo de la ciudad de Quer\u00e9taro, La Casa Jur\u00eddica de Cultura y se extiende a todos los lugares hist\u00f3ricos de la ciudad, la regi\u00f3n y el pa\u00eds.<\/p>\n<p>Su invitado principal, entre muchos que se han presentado a lo largo de los a\u00f1os,\u00a0ha sido el gran historiador y creador de la teoria de la Microhistoria o Historia Matria, Dr. Luis Gonz\u00e1lez y Gonz\u00e1lez en el a\u00f1o 2003\u00a0y por el cual lleva este nombre.<\/p>\n","protected":false},"excerpt":{"rendered":"<p>El taller \u00abel oficio de Historiar\u00bb es interactivo y ha tenido como sedes El CEFAC del Instituto queretano para la Cultura y Las Artes, El Museo de la ciudad de Quer\u00e9taro, La Casa Jur\u00eddica de Cultura y se extiende a todos los lugares hist\u00f3ricos de la ciudad, la regi\u00f3n y el pa\u00eds. Su invitado principal, [&hellip;]<\/p>\n","protected":false},"author":249,"featured_media":0,"comment_status":"open","ping_status":"closed","sticky":false,"template":"","format":"standard","meta":{"footnotes":""},"categories":[8,11,10],"tags":[],"class_list":["post-633","post","type-post","status-publish","format-standard","hentry","category-ciudad-de-queretaro","category-fotografia","category-historia"],"_links":{"self":[{"href":"http:\/\/eloficiodehistoriar.com.mx\/index.php?rest_route=\/wp\/v2\/posts\/633","targetHints":{"allow":["GET"]}}],"collection":[{"href":"http:\/\/eloficiodehistoriar.com.mx\/index.php?rest_route=\/wp\/v2\/posts"}],"about":[{"href":"http:\/\/eloficiodehistoriar.com.mx\/index.php?rest_route=\/wp\/v2\/types\/post"}],"author":[{"embeddable":true,"href":"http:\/\/eloficiodehistoriar.com.mx\/index.php?rest_route=\/wp\/v2\/users\/249"}],"replies":[{"embeddable":true,"href":"http:\/\/eloficiodehistoriar.com.mx\/index.php?rest_route=%2Fwp%2Fv2%2Fcomments&post=633"}],"version-history":[{"count":0,"href":"http:\/\/eloficiodehistoriar.com.mx\/index.php?rest_route=\/wp\/v2\/posts\/633\/revisions"}],"wp:attachment":[{"href":"http:\/\/eloficiodehistoriar.com.mx\/index.php?rest_route=%2Fwp%2Fv2%2Fmedia&parent=633"}],"wp:term":[{"taxonomy":"category","embeddable":true,"href":"http:\/\/eloficiodehistoriar.com.mx\/index.php?rest_route=%2Fwp%2Fv2%2Fcategories&post=633"},{"taxonomy":"post_tag","embeddable":true,"href":"http:\/\/eloficiodehistoriar.com.mx\/index.php?rest_route=%2Fwp%2Fv2%2Ftags&post=633"}],"curies":[{"name":"wp","href":"https:\/\/api.w.org\/{rel}","templated":true}]}}