{"id":641,"date":"2008-07-22T17:36:20","date_gmt":"2008-07-22T22:36:20","guid":{"rendered":"https:\/\/eloficiodehistoriar.com.mx\/?p=641"},"modified":"2008-07-22T17:38:39","modified_gmt":"2008-07-22T22:38:39","slug":"el-observador-periodismo-catolico-que-forma-e-informa","status":"publish","type":"post","link":"http:\/\/eloficiodehistoriar.com.mx\/?p=641","title":{"rendered":"El Observador, periodismo cat\u00f3lico, que forma e informa&#8230;"},"content":{"rendered":"<p><em><span style=\"font-family: Arial\">El transcribir el texto que sobre el origen del semanario oficial del Vaticano, L\u00b7osservatore Romano, enseguida de esta introducci\u00f3n, que publica la p\u00e1gina web de esa casa editorial, no tiene otro fin que el de recordar, con motivo de los 25 a\u00f1os que cumple de ordenado obispo, el Ordinario de <st1:personname ProductID=\"la Di\u00f3cesis\" w:st=\"on\">la Di\u00f3cesis<\/st1:personname> de Quer\u00e9taro, Mons. Mario Gasper\u00edn, al semanario:<span>\u00a0 <\/span>El Observador, como parte importante de ese trabajo pastoral que ha realizado durante 19 a\u00f1os que lleva en esta Iglesia local.<o:p><\/o:p><\/span><\/em><\/p>\n<p style=\"text-align: justify\"><em><span style=\"font-family: Arial\"><\/span><\/em><\/p>\n<p style=\"text-align: justify\"><em><span style=\"font-family: Arial\"><\/span><\/em><\/p>\n<p><em><span style=\"font-family: Arial\">El semanario EL OBSERVADOR lleva 13 a\u00f1os llegando<span>\u00a0 <\/span>a la regi\u00f3n del Centro de M\u00e9xico y que su Director General, el Lic. Jaime Septi\u00e9n Crespo, ha llamado periodismo cat\u00f3lico, sin ning\u00fan empacho, ha su l\u00ednea editorial y demostrando que sus convicciones religiosas no van en contra de una comunicaci\u00f3n \u00e9tica que alimente a la poblaci\u00f3n mayoritariamente cat\u00f3lica, de donde circula, con un tiraje m\u00e1s que aceptable, con temas controvertidos, para quienes se niegan a seguir un camino de informaci\u00f3n, que forme e informe con la verdad.<o:p><\/o:p><\/span><\/em><\/p>\n<p style=\"text-align: justify\"><em><span style=\"font-family: Arial\"><\/span><\/em><\/p>\n<p style=\"text-align: justify\"><em><span style=\"font-family: Arial\"><\/span><\/em><\/p>\n<p><em><span style=\"font-family: Arial\">Este semanario EL OBSERVADOR, cumple ampliamente con su cometido y nuestros lectores encontrar\u00e1n una liga desde esta p\u00e1gina.<o:p><\/o:p><\/span><\/em><span style=\"font-family: Arial\">J F Z<o:p><\/o:p><\/span><span style=\"font-size: 18pt; font-family: Arial\"><o:p>\u00a0<\/o:p><\/span><strong><span style=\"font-size: 18pt; font-family: Arial\"><o:p>\u00a0<\/o:p><\/span><\/strong><strong><span style=\"font-size: 18pt; font-family: Arial\"><o:p><\/o:p><\/span><\/strong>\u00a0<strong><span style=\"font-size: 18pt; font-family: Arial\"><o:p><\/o:p><\/span><\/strong>\u00a0<strong><span style=\"font-size: 18pt; font-family: Arial\"><o:p><\/o:p><\/span><\/strong>\u00a0<strong><span style=\"font-size: 18pt; font-family: Arial\"><o:p><\/o:p><\/span><\/strong>\u00a0<strong><span style=\"font-size: 18pt; font-family: Arial\"><o:p><\/o:p><\/span><\/strong>\u00a0 <strong><span style=\"font-size: 18pt; font-family: Arial\"><o:p><\/o:p><\/span><\/strong><strong><span style=\"font-size: 18pt; font-family: Arial\">\u00a0<\/span><\/strong><strong><span style=\"font-size: 18pt; font-family: Arial\"><\/span><\/strong><\/p>\n<p><strong><span style=\"font-size: 18pt; font-family: Arial\"><\/span><\/strong><\/p>\n<p><strong><span style=\"font-size: 18pt; font-family: Arial\">Los or\u00edgenes de \u00abL&#8217;Osservatore Romano\u00bb<\/span><\/strong><\/p>\n<p><strong><span style=\"font-size: 18pt; font-family: Arial\"><\/span><\/strong><\/p>\n<p><strong><span style=\"font-size: 18pt; font-family: Arial\"><\/span><\/strong><span style=\"font-size: 18pt\"><o:p><\/o:p><\/span>\u00a0<\/p>\n<p style=\"text-align: justify\"><span style=\"font-size: 11pt; font-family: Arial\"><\/span><\/p>\n<p style=\"text-align: justify\"><span style=\"font-size: 11pt; font-family: Arial\"><\/span><\/p>\n<p><span style=\"font-size: 11pt; font-family: Arial\">El primer n\u00famero de L&#8217;Osservatore Romano sali\u00f3 en <st1:personname ProductID=\"la Urbe\" w:st=\"on\">la Urbe<\/st1:personname> el 1 de julio de 1861, pocos meses despu\u00e9s de la proclamaci\u00f3n del Reino de Italia (17 de marzo de 1861). <o:p><\/o:p><\/span><\/p>\n<p style=\"text-align: justify\"><span style=\"font-size: 11pt; font-family: Arial\"><\/span><\/p>\n<p><span style=\"font-size: 11pt; font-family: Arial\">La finalidad de la publicaci\u00f3n era claramente apolog\u00e9tica, para defender el Estado Pontificio, y sus objetivos eran pol\u00e9mico-propagand\u00edsticos. <o:p><\/o:p><\/span><\/p>\n<p style=\"text-align: justify\"><span style=\"font-size: 11pt; font-family: Arial\"><\/span><\/p>\n<p><span style=\"font-size: 11pt; font-family: Arial\">El diario tom\u00f3 el nombre de una hoja privada anterior (5 de septiembre de 1849 &#8211; 2 de septiembre de 1852), dirigida por el abad Francesco Battelli y financiada por un grupo cat\u00f3lico legitimista franc\u00e9s.<\/span><span style=\"font-size: 11pt; font-family: Arial\"><\/span><span style=\"font-size: 11pt; font-family: Arial\"><o:p><\/o:p><\/span><strong><span style=\"font-size: 11pt; font-family: Arial\">El nacimiento de L&#8217;Osservatore Romano est\u00e1 estrechamente vinculado con la derrota b\u00e9lica sufrida por las tropas Pontificias en Castelfidardo (8 de septiembre de 1860). <o:p><\/o:p><\/span><\/strong><\/p>\n<p style=\"text-align: justify\"><span style=\"font-size: 11pt; font-family: Arial\"><\/span><\/p>\n<p><span style=\"font-size: 11pt; font-family: Arial\">Despu\u00e9s de ese acontecimiento, mientras el poder temporal del Pont\u00edfice quedaba muy reducido en su extensi\u00f3n territorial y en toda Europa no parec\u00eda existir una potencia dispuesta a defenderlo, <strong>gran n\u00famero de intelectuales cat\u00f3licos comenzaron a llegar a Roma con el firme deseo de ponerse al servicio de P\u00edo IX.<\/strong><\/span><span style=\"font-size: 11pt; font-family: Arial\"><strong> <\/strong><\/span><span style=\"font-size: 11pt; font-family: Arial\"><strong><o:p><\/o:p><\/strong><\/span><\/p>\n<p style=\"text-align: justify\"><span style=\"font-size: 11pt; font-family: Arial\"><\/span><\/p>\n<p><span style=\"font-size: 11pt; font-family: Arial\">Por ello, las autoridades Pontificias, decididas a reconstituir el status quo ante, comenzaron a pensar en <strong>una publicaci\u00f3n diaria de \u00edndole privada, que saliera en defensa del Estado Pontificio y de los principios que promov\u00eda.<\/strong><\/span><span style=\"font-size: 11pt; font-family: Arial\"><\/span><span style=\"font-size: 11pt; font-family: Arial\"><strong><o:p><\/o:p><\/strong><\/span><span style=\"font-size: 11pt; font-family: Arial\">Ya desde el 20 de julio de 1860, el Ministro sustituto de Interior, Marcantonio Pacelli, quer\u00eda que al bolet\u00edn oficial <strong>Il Giornale di Roma<\/strong> se le a\u00f1adiera una publicaci\u00f3n pol\u00e9mica y aguerrida de \u00edndole oficiosa que llevara el nombre de <strong>L&#8217;Amico della Verit\u00e0.<\/strong> <o:p><\/o:p><\/span><\/p>\n<p style=\"text-align: justify\"><span style=\"font-size: 11pt; font-family: Arial\"><\/span><\/p>\n<p><span style=\"font-size: 11pt; font-family: Arial\">La elaboraci\u00f3n del proyecto requiri\u00f3 tiempo y es probable que llegara a o\u00eddos del marqu\u00e9s Augusto Baviera, conocido publicista, conciudadano de P\u00edo IX, que ese mismo verano (el 19 de agosto) hab\u00eda solicitado licencia para publicar un peri\u00f3dico bisemanal -m\u00e1s de cultura que de pol\u00edtica-, que deber\u00eda tomar el antiguo nombre de L&#8217;Osservatore dirigido por Battelli. <o:p><\/o:p><\/span><\/p>\n<p style=\"text-align: justify\"><span style=\"font-size: 11pt; font-family: Arial\"><\/span><\/p>\n<p><span style=\"font-size: 11pt; font-family: Arial\">En los primeros meses de 1861, vino a pedir ayuda al Gobierno pontificio un famoso polemista de Forl\u00ec, Nicola Zanchini. <o:p><\/o:p><\/span><\/p>\n<p style=\"text-align: justify\"><span style=\"font-size: 11pt; font-family: Arial\"><\/span><\/p>\n<p><span style=\"font-size: 11pt; font-family: Arial\">A \u00e9ste y a otro exiliado, el activo periodista Giuseppe Bastia, que hab\u00eda llegado de Bolonia, les fue concedida la direcci\u00f3n del peri\u00f3dico <strong>proyectado por Pacelli. <o:p><\/o:p><\/strong><\/span><\/p>\n<p style=\"text-align: justify\"><span style=\"font-size: 11pt; font-family: Arial\"><\/span><\/p>\n<p><span style=\"font-size: 11pt; font-family: Arial\">El 22 de junio de 1861, el Ministerio Pontificio de Interior, a cuya competencia estaba <st1:personname ProductID=\"la Prensa\" w:st=\"on\">la Prensa<\/st1:personname>, recibi\u00f3 un manuscrito firmado por los suplicantes Zanchini y Bastia, que solicitaban el permiso de publicaci\u00f3n. <o:p><\/o:p><\/span><\/p>\n<p style=\"text-align: justify\"><span style=\"font-size: 11pt; font-family: Arial\"><\/span><\/p>\n<p><span style=\"font-size: 11pt; font-family: Arial\">Dos d\u00edas despu\u00e9s, la propuesta se estaba ya discutiendo en Consejo de Ministros. <o:p><\/o:p><\/span><\/p>\n<p style=\"text-align: justify\"><span style=\"font-size: 11pt; font-family: Arial\"><\/span><\/p>\n<p><span style=\"font-size: 11pt; font-family: Arial\">Finalmente, el d\u00eda 26, en la audiencia pontificia, <strong>P\u00edo IX conced\u00eda su asentimiento al \u00abReglamento\u00bb de L&#8217;Osservatore. <o:p><\/o:p><\/strong><\/span><span style=\"font-size: 11pt; font-family: Arial\"><\/span><span style=\"font-size: 11pt; font-family: Arial\">He aqu\u00ed algunos de sus art\u00edculos: <o:p><\/o:p><\/span><\/p>\n<p style=\"text-align: justify\"><span style=\"font-size: 11pt; font-family: Arial\"><\/span><\/p>\n<p><span style=\"font-size: 11pt; font-family: Arial\">Art. 1: El diario concedido a los se\u00f1ores abogados Nicola Zanchini y Giuseppe Bastia tendr\u00e1 como t\u00edtulo -L&#8217;Osservatore Romano- y ser\u00e1 publicado con n\u00fameros progresivos, con los que se puedan formar vol\u00famenes. <o:p><\/o:p><\/span><\/p>\n<p style=\"text-align: justify\"><span style=\"font-size: 11pt; font-family: Arial\"><\/span><\/p>\n<p style=\"text-align: justify\"><span style=\"font-size: 11pt; font-family: Arial\">Su publicaci\u00f3n tendr\u00e1 lugar los d\u00edas y horas establecidos en el correspondiente Manifiesto de asociaci\u00f3n, en el que se especificar\u00e1n tambi\u00e9n el formato del papel, la calidad de los tipos, el precio y las dem\u00e1s condiciones de dicha asociaci\u00f3n.<\/span><\/p>\n<p><span style=\"font-size: 11pt; font-family: Arial\">Art. 2: El fin que ha de buscar dicho diario es:<o:p><\/o:p><\/span><\/p>\n<p style=\"text-align: justify\"><span style=\"font-size: 11pt; font-family: Arial\"><\/span><\/p>\n<p><span style=\"font-size: 11pt; font-family: Arial\">1 &#8211; Desenmascarar y refutar las calumnias que se lanzan contra Roma y contra el Pontificado Romano.<\/span><span style=\"font-size: 11pt; font-family: Arial\"><\/span><span style=\"font-size: 11pt; font-family: Arial\"><o:p><\/o:p><\/span><span style=\"font-size: 11pt; font-family: Arial\">2 &#8211; Dar a conocer los acontecimientos m\u00e1s destacados que sucedan en Roma y fuera de ella.<\/span><span style=\"font-size: 11pt; font-family: Arial\"> <o:p><\/o:p><\/span><\/p>\n<p style=\"text-align: justify\"><span style=\"font-size: 11pt; font-family: Arial\"><\/span><\/p>\n<p><span style=\"font-size: 11pt; font-family: Arial\">3 &#8211; Recordar los principios inmutables de <st1:personname ProductID=\"la Religi?n\" w:st=\"on\">la Religi\u00f3n<\/st1:personname> cat\u00f3lica y los de la justicia y del derecho, como bases inconmovibles de toda vida social ordenada.<\/span><span style=\"font-size: 11pt; font-family: Arial\"><\/span><span style=\"font-size: 11pt; font-family: Arial\"><o:p><\/o:p><\/span><span style=\"font-size: 11pt; font-family: Arial\">4 &#8211; Instruir en los deberes para con la patria.<\/span><span style=\"font-size: 11pt; font-family: Arial\"> <o:p><\/o:p><\/span><\/p>\n<p style=\"text-align: justify\"><span style=\"font-size: 11pt; font-family: Arial\"><\/span><\/p>\n<p><span style=\"font-size: 11pt; font-family: Arial\">5 &#8211; Suscitar y promover la veneraci\u00f3n al Augusto Soberano y Pont\u00edfice.<\/span><span style=\"font-size: 11pt; font-family: Arial\"><\/span><span style=\"font-size: 11pt; font-family: Arial\"><o:p><\/o:p><\/span><span style=\"font-size: 11pt; font-family: Arial\">6 &#8211; Recoger e ilustrar todo lo que en las artes, las letras y las ciencias valga la pena se\u00f1alar al p\u00fablico, y especialmente las invenciones y aplicaciones relativas, que se realicen en los Estados Pontificios. <o:p><\/o:p><\/span><span style=\"font-size: 11pt; font-family: Arial\"><o:p>\u00a0<\/o:p><\/span><\/p>\n<p style=\"text-align: justify\"><span style=\"font-size: 11pt; font-family: Arial\"><\/span><\/p>\n<p><span style=\"font-size: 11pt; font-family: Arial\">El primer n\u00famero del diario se presentaba as\u00ed al lector: en la cabecera aparec\u00eda el lema: <o:p><\/o:p><\/span><\/p>\n<p style=\"text-align: justify\"><strong><span style=\"font-size: 11pt; font-family: Arial\"><\/span><\/strong><\/p>\n<p><strong><span style=\"font-size: 11pt; font-family: Arial\">\u00abL&#8217;Osservatore Romano &#8211; diario pol\u00edtico-moral\u00bb,<\/span><\/strong><span style=\"font-size: 11pt; font-family: Arial\"> precio de un n\u00famero 5 baj. <o:p><\/o:p><\/span><\/p>\n<p style=\"text-align: justify\"><span style=\"font-size: 11pt; font-family: Arial\"><\/span><\/p>\n<p><span style=\"font-size: 11pt; font-family: Arial\">Luego se explicaban los \u00abpactos de la asociaci\u00f3n\u00bb para quien quisiera suscribirse.<\/span><span style=\"font-size: 11pt; font-family: Arial\"><\/span><span style=\"font-size: 11pt; font-family: Arial\"><o:p><\/o:p><\/span><span style=\"font-size: 11pt; font-family: Arial\">Un poco m\u00e1s abajo se hallaban el \u00abAviso\u00bb a los posibles asociados y el art\u00edculo de fondo, que llevaba por t\u00edtulo \u00abL&#8217;Osservatore Romano a sus lectores\u00bb, y que era una dura arenga contra la pol\u00edtica de Cavour, que acababa de fallecer.<\/span><span style=\"font-size: 11pt; font-family: Arial\"> <o:p><\/o:p><\/span><\/p>\n<p style=\"text-align: justify\"><span style=\"font-size: 11pt; font-family: Arial\"><\/span><\/p>\n<p><span style=\"font-size: 11pt; font-family: Arial\">Los primeros n\u00fameros se compon\u00edan de cuatro p\u00e1ginas, en las que se trataban todos los asuntos pol\u00e9micos que caracterizar\u00edan la \u00abl\u00ednea editorial\u00bb durante mucho tiempo.<br \/>\nAl final de 1861, eliminado el subt\u00edtulo \u00abdiario pol\u00edtico-moral\u00bb, aparecieron bajo la cabecera los lemas <strong>\u201cunicuique suum y non praevalebunt\u201d,<\/strong> presentes hasta la fecha.<\/span><span style=\"font-size: 11pt; font-family: Arial\"> <\/span><span style=\"font-size: 11pt; font-family: Arial\"><o:p><\/o:p><\/span><\/p>\n<p style=\"text-align: justify\"><span style=\"font-size: 11pt; font-family: Arial\"><\/span><\/p>\n<p><span style=\"font-size: 11pt; font-family: Arial\">Al comienzo, L&#8217;Osservatore no tuvo ni siquiera una sede: los primeros redactores -como Bayard de Volo, Anton Maria Bonetti, Ugo Flandoli, don Nazareno Ignazi, Costantino Pucci, Paolo Pultrini, Telesforo Sarti- se reun\u00edan en la tipograf\u00eda de los Salviucci, en la plaza de los Santos Ap\u00f3stoles, n. 56, donde se imprim\u00eda el diario. <o:p><\/o:p><\/span><\/p>\n<p style=\"text-align: justify\"><span style=\"font-size: 11pt; font-family: Arial\"><\/span><\/p>\n<p><span style=\"font-size: 11pt; font-family: Arial\">S\u00f3lo desde 1862 la redacci\u00f3n tuvo su sede en el palacio Petri, en la plaza de los Crociferi, donde poco despu\u00e9s se establecer\u00eda la tipograf\u00eda propia. <o:p><\/o:p><\/span><\/p>\n<p style=\"text-align: justify\"><span style=\"font-size: 11pt; font-family: Arial\"><\/span><\/p>\n<p><span style=\"font-size: 11pt; font-family: Arial\">El primer n\u00famero se imprimi\u00f3 all\u00ed el 31 de marzo, fecha en que a la cabecera se le a\u00f1adieron las palabras Giornale quotidiano.<\/span><span style=\"font-size: 11pt; font-family: Arial\"><\/span><span style=\"font-size: 11pt; font-family: Arial\"><o:p><\/o:p><\/span><span style=\"font-size: 11pt; font-family: Arial\">El 30 de junio de 1865 los dos abogados Zanchini y Bastia cedieron la propiedad, aunque el cambio entr\u00f3 en vigor s\u00f3lo al inicio del a\u00f1o siguiente, al marqu\u00e9s de Baviera. \u00c9ste, en los primeros meses de direcci\u00f3n, cont\u00f3 con la colaboraci\u00f3n del bolo\u00f1\u00e9s Giovan Battista Casoni que, en 1890, se convertir\u00eda en director \u00fanico. <o:p><\/o:p><\/span><\/p>\n<p style=\"text-align: justify\"><span style=\"font-size: 11pt; font-family: Arial\"><\/span><\/p>\n<p><span style=\"font-size: 11pt; font-family: Arial\">El diario se present\u00f3 inmediatamente con un programa de vanguardia y con un esp\u00edritu de independencia y se enzarz\u00f3 en \u00e1speras pol\u00e9micas con otras publicaciones italianas y extranjeras, defendiendo a <st1:personname ProductID=\"la Iglesia\" w:st=\"on\">la Iglesia<\/st1:personname> y los principios del derecho humano. <o:p><\/o:p><\/span><\/p>\n<p style=\"text-align: justify\"><span style=\"font-size: 11pt; font-family: Arial\"><\/span><\/p>\n<p><span style=\"font-size: 11pt; font-family: Arial\">En su primer decenio de vida L&#8217;Osservatore Romano dedic\u00f3 mucho espacio a los asuntos de pol\u00edtica internacional, incluida la \u00abCuesti\u00f3n romana\u00bb. <o:p><\/o:p><\/span><\/p>\n<p style=\"text-align: justify\"><span style=\"font-size: 11pt; font-family: Arial\"><\/span><\/p>\n<p><span style=\"font-size: 11pt; font-family: Arial\">Casi nunca se discut\u00edan problemas puramente pol\u00edticos; m\u00e1s bien, se destacaban la justicia o injusticia de actos p\u00fablicos y sus consecuencias para la religi\u00f3n cat\u00f3lica y para la moral de la sociedad. <o:p><\/o:p><\/span><\/p>\n<p style=\"text-align: justify\"><span style=\"font-size: 11pt; font-family: Arial\"><\/span><\/p>\n<p><span style=\"font-size: 11pt; font-family: Arial\">Tambi\u00e9n los temas de \u00edndole religiosa, eclesi\u00e1stica y econ\u00f3mico-social, encontraban espacio en la primera p\u00e1gina. <o:p><\/o:p><\/span><\/p>\n<p style=\"text-align: justify\"><span style=\"font-size: 11pt; font-family: Arial\"><\/span><\/p>\n<p><span style=\"font-size: 11pt; font-family: Arial\">De esta forma, pronto el diario se caracteriz\u00f3 como \u00abespejo leal y bastante completo no s\u00f3lo de las opiniones y de los deseos de la mayor\u00eda de los cat\u00f3licos romanos, sino tambi\u00e9n de las opiniones y deseos -al menos en sus formas exteriores y p\u00fablicas- del mismo Gobierno del Papa\u00bb.<o:p><\/o:p><\/span><\/p>\n<p style=\"text-align: justify\"><span style=\"font-size: 11pt; font-family: Arial\"><\/span><\/p>\n<p><span style=\"font-size: 11pt; font-family: Arial\">Con <st1:personname ProductID=\"la Brecha\" w:st=\"on\">la Brecha<\/st1:personname> de \u00abPorta Pia\u00bb (20 de septiembre de 1870), L&#8217;Osservatore Romano dej\u00f3 de ser \u00f3rgano \u00absemioficial\u00bb del Estado Pontificio y se convirti\u00f3 en un diario de oposici\u00f3n dentro del reciente y ampliado Reino de Italia. Despu\u00e9s de cerca de un mes de suspensi\u00f3n, el diario reanud\u00f3 su publicaci\u00f3n el 17 de octubre. <o:p><\/o:p><\/span><\/p>\n<p style=\"text-align: justify\"><span style=\"font-size: 11pt; font-family: Arial\"><\/span><\/p>\n<p><span style=\"font-size: 11pt; font-family: Arial\">En esa ocasi\u00f3n ofreci\u00f3 en primera p\u00e1gina una declaraci\u00f3n de obediencia al Papa y de total adhesi\u00f3n a sus directrices, reafirmando que permanecer\u00eda fiel \u00abal inmutable principio de religi\u00f3n y de moral del que se reconoce \u00fanico depositario y defensor, el Vicario de Jesucristo en la tierra\u00bb. <o:p><\/o:p><\/span><\/p>\n<p style=\"text-align: justify\"><span style=\"font-size: 11pt; font-family: Arial\"><\/span><\/p>\n<p><span style=\"font-size: 11pt; font-family: Arial\">En el clima particularmente ardiente de esos a\u00f1os, el diario fue secuestrado varias veces, pero nada impidi\u00f3 a los redactores reanudar su combate de fe y de ideas. <o:p><\/o:p><\/span><\/p>\n<p style=\"text-align: justify\"><span style=\"font-size: 11pt; font-family: Arial\"><\/span><\/p>\n<p><span style=\"font-size: 11pt; font-family: Arial\">M\u00e1s a\u00fan, pronto L&#8217;Osservatore Romano comenz\u00f3 a sustituir al Giornale di Roma, el \u00f3rgano oficial del Estado Pontificio, en la comunicaci\u00f3n de noticias oficiales relativas a <st1:personname ProductID=\"la Iglesia.\" w:st=\"on\">la Iglesia.<\/st1:personname> <o:p><\/o:p><\/span><\/p>\n<p style=\"text-align: justify\"><span style=\"font-size: 11pt; font-family: Arial\"><\/span><\/p>\n<p><span style=\"font-size: 11pt; font-family: Arial\">Eso aconteci\u00f3 de forma m\u00e1s evidente bajo el pontificado de Le\u00f3n XIII, que adquiri\u00f3 la propiedad del diario y, desde 1885, lo convirti\u00f3 en el \u00f3rgano de informaci\u00f3n de <st1:personname ProductID=\"la Santa Sede.\" w:st=\"on\">la Santa Sede.<\/st1:personname><o:p><\/o:p><\/span><\/p>\n<p style=\"margin: 0cm 0cm 0pt; text-align: justify\" class=\"MsoNormal\"><span style=\"font-size: 11pt; font-family: Arial\"><\/span><\/p>\n<p><span style=\"font-size: 11pt; font-family: Arial\">Fiel a sus or\u00edgenes, en estos 136 a\u00f1os de vida, L&#8217;Osservatore Romano ha continuado su tarea al servicio de <st1:personname ProductID=\"la Verdad.\" w:st=\"on\">la Verdad.<\/st1:personname> <o:p><\/o:p><\/span><span style=\"font-size: 11pt; font-family: Arial\"><o:p>\u00a0<\/o:p><\/span><\/p>\n<p style=\"margin: 0cm 0cm 0pt; text-align: justify\" class=\"MsoNormal\"><span style=\"font-size: 11pt; font-family: Arial\"><\/span><\/p>\n<p><span style=\"font-size: 11pt; font-family: Arial\">Con pasi\u00f3n y sin temor a ser voz que canta fuera del coro, ha documentado la historia de pueblos y naciones. Y sobre todo ha proseguido su servicio privilegiado para la difusi\u00f3n del Magisterio del Sucesor de Pedro.<\/span><span style=\"font-size: 11pt; font-family: Arial\"><\/span><span style=\"font-size: 11pt; font-family: Arial\"><o:p><\/o:p><\/span><strong><span style=\"font-size: 11pt; font-family: Arial\">Con ocasi\u00f3n del centenario de fundaci\u00f3n del diario, Juan XXIII escribi\u00f3:<\/span><\/strong><strong><span style=\"font-size: 11pt; font-family: Arial\"> <o:p><\/o:p><\/span><\/strong><\/p>\n<p style=\"margin: 0cm 0cm 0pt; text-align: justify\" class=\"MsoNormal\"><em><span style=\"font-size: 11pt; font-family: Arial\"><\/span><\/em><\/p>\n<p><em><span style=\"font-size: 11pt; font-family: Arial\">Los cien a\u00f1os transcurridos no s\u00f3lo han hecho a este peri\u00f3dico testigo, sino tambi\u00e9n art\u00edfice de historia: pues, estrechamente unido, por la misma cercan\u00eda del lugar, a <st1:personname ProductID=\"la Sede Apost?lica\" w:st=\"on\">la Sede Apost\u00f3lica<\/st1:personname> y siguiendo diligentemente su magisterio, ha aportado continuamente, al promover el Reino de Cristo en la tierra, lo que tienen en gran estima los fieles cat\u00f3licos y todas las personas honradas: ha afirmado la verdad, defendido la justicia, promovido la causa de la verdadera libertad, tutelado la honradez y el honor de la condici\u00f3n y dignidad humanas. <o:p><\/o:p><\/span><\/em><span style=\"font-size: 11pt; font-family: Arial\"><o:p>\u00a0<\/o:p><\/span><\/p>\n<p style=\"margin: 0cm 0cm 0pt; text-align: justify\" class=\"MsoNormal\"><em><span style=\"font-size: 11pt; font-family: Arial\"><\/span><\/em><\/p>\n<p><em><span style=\"font-size: 11pt; font-family: Arial\">En los tiempos tranquilos y en los agitados, entre los acontecimientos cambiantes, siempre ha mantenido la misma constancia, la misma moderaci\u00f3n y equidad, el mismo sentimiento de piedad hacia el g\u00e9nero humano, alimentado por la caridad cristiana, pues no fundaba su modo de pensar y actuar en las pasiones de los m\u00edseros mortales, sino en la verdad y la justicia divinas. <o:p><\/o:p><\/span><\/em><em><span style=\"font-size: 11pt; font-family: Arial\"><o:p>\u00a0<\/o:p><\/span><\/em><\/p>\n<p style=\"margin: 0cm 0cm 0pt; text-align: justify\" class=\"MsoNormal\"><em><span style=\"font-size: 11pt; font-family: Arial\"><\/span><\/em><\/p>\n<p><em><span style=\"font-size: 11pt; font-family: Arial\">De ese modo, se convert\u00eda en ejemplo excelso de toda publicaci\u00f3n an\u00e1loga, dado que despreciar la religi\u00f3n, desviarse de la verdad con falsas interpretaciones, burlarse de la virtud, exaltar los vicios y los delitos es suma verg\u00fcenza, que resulta a\u00fan m\u00e1s nefasta cuando en nombre de la libertad se act\u00faa la licencia desenfrenada y se prepara as\u00ed la ruina de la sociedad humana.<\/span><\/em><em><span style=\"font-size: 11pt; font-family: Arial\"> <\/span><\/em><em><span style=\"font-size: 11pt; font-family: Arial\"><o:p><\/o:p><\/span><\/em><\/p>\n<p style=\"margin: 0cm 0cm 0pt; text-align: justify\" class=\"MsoNormal\"><strong><span style=\"font-size: 11pt; font-family: Arial\"><\/span><\/strong><\/p>\n<p><strong><span style=\"font-size: 11pt; font-family: Arial\">Y, treinta a\u00f1os despu\u00e9s, con ocasi\u00f3n de la introducci\u00f3n de las nuevas tecnolog\u00edas inform\u00e1ticas en la elaboraci\u00f3n del diario, Juan Pablo II dirigi\u00f3 al Director Responsable la siguiente carta: <o:p><\/o:p><\/span><\/strong><span style=\"font-size: 11pt; font-family: Arial\"><o:p>\u00a0<\/o:p><\/span><\/p>\n<p style=\"margin: 0cm 0cm 0pt; text-align: justify\" class=\"MsoNormal\"><em><span style=\"font-size: 11pt; font-family: Arial\" lang=\"EN-US\"><\/span><\/em><\/p>\n<p><em><span style=\"font-size: 11pt; font-family: Arial\" lang=\"EN-US\">\u00abToday, 1 July <st1:metricconverter ProductID=\"1991, in\" w:st=\"on\">1991, in<\/st1:metricconverter> conjunction with the 130th anniversary of its establishment, \u00abL&#8217;Osservatore Romano\u00bb opens a new chapter in its history as it begins utilizing the technology of photocomposition. This new phase promises even greater fruit in the service which this journal authoratively gives, following the steps of the papal Magisterium, to ecclesial communion and modern social communications<\/span><\/em><span style=\"font-size: 11pt; font-family: Arial\" lang=\"EN-US\">\u201d.<o:p><\/o:p><\/span><span style=\"font-size: 11pt; font-family: Arial\"><span><\/span><\/span><span style=\"font-size: 11pt; font-family: Arial\"><\/span><span style=\"font-size: 11pt; font-family: Arial\"><\/p>\n<p style=\"margin: 0cm 0cm 0pt; text-align: justify\" class=\"MsoNormal\">&nbsp;<\/p>\n<p><em>Hoy, 1\u00b0 de julio de 1991, en coincidencia con el 130\u00b0 aniversario de fundaci\u00f3n, \u00abL&#8217;Osservatore Romano\u00bb abre un nuevo cap\u00edtulo de su historia, comenzando la utilizaci\u00f3n de la tecnolog\u00eda de la fotocomposici\u00f3n. <o:p><\/o:p><\/em><\/span><em><span style=\"font-size: 11pt; font-family: Arial\"><o:p>\u00a0<\/o:p><\/span><\/em><\/p>\n<p style=\"margin: 0cm 0cm 0pt; text-align: justify\" class=\"MsoNormal\"><em><span style=\"font-size: 11pt; font-family: Arial\"><\/span><\/em><\/p>\n<p><em><span style=\"font-size: 11pt; font-family: Arial\">La nueva fase permite esperar frutos a\u00fan mejores en el servicio que este peri\u00f3dico presta autorizadamente, siguiendo al Magisterio pontificio, a la comuni\u00f3n eclesial y a la comunicaci\u00f3n social moderna.<\/span><\/em><em><span style=\"font-size: 11pt; font-family: Arial\"> <\/span><\/em><em><span style=\"font-size: 11pt; font-family: Arial\"><o:p><\/o:p><\/span><\/em><\/p>\n<p style=\"margin: 0cm 0cm 0pt; text-align: justify\" class=\"MsoNormal\"><em><span style=\"font-size: 11pt; font-family: Arial\"><\/span><\/em><\/p>\n<p><em><span style=\"font-size: 11pt; font-family: Arial\">Gustoso invoco la asistencia divina para redactores y t\u00e9cnicos, colaboradores y lectores, llamados, con dones diversos, a hacer presente en el mundo, mediante las nuevas t\u00e9cnicas editoriales, <st1:personname ProductID=\"la Palabra\" w:st=\"on\">la Palabra<\/st1:personname> de Dios y la ense\u00f1anza de <st1:personname ProductID=\"la Iglesia.\" w:st=\"on\">la Iglesia.<\/st1:personname> <o:p><\/o:p><\/span><\/em><em><span style=\"font-size: 11pt; font-family: Arial\"><o:p>\u00a0<\/o:p><\/span><\/em><\/p>\n<p style=\"margin: 0cm 0cm 0pt; text-align: justify\" class=\"MsoNormal\"><em><span style=\"font-size: 11pt; font-family: Arial\"><\/span><\/em><\/p>\n<p><em><span style=\"font-size: 11pt; font-family: Arial\">Es un servicio a la humanidad entera, deseosa de hallar \u00abcanales de esperanza\u00bb de los que se puedan sacar confianza y valent\u00eda evang\u00e9licas.<\/span><\/em><em><span style=\"font-size: 11pt; font-family: Arial\"> <\/span><\/em><em><span style=\"font-size: 11pt; font-family: Arial\"><o:p><\/o:p><\/span><\/em><\/p>\n<p style=\"margin: 0cm 0cm 0pt; text-align: justify\" class=\"MsoNormal\"><em><span style=\"font-size: 11pt; font-family: Arial\"><\/span><\/em><\/p>\n<p><em><span style=\"font-size: 11pt; font-family: Arial\">Al desear que la fatiga diaria, inspirada por la fe y confortada por el amor, ampl\u00ede los espacios de la comprensi\u00f3n y de la solidaridad entre los hombres y los pueblos, reflejando constantemente la \u00abluz de las gentes\u00bb, Cristo, que resplandece en el rostro de <st1:personname ProductID=\"la Iglesia\" w:st=\"on\">la Iglesia<\/st1:personname> universal y de las Iglesias locales, a todos imparto de coraz\u00f3n con estima y afecto mi bendici\u00f3n.<o:p><\/o:p><\/span><\/em><span style=\"font-family: Arial\"><o:p>\u00a0<\/o:p><\/span><span style=\"font-family: Arial\"><o:p>\u00a0<\/o:p><\/span><\/p>\n","protected":false},"excerpt":{"rendered":"<p>El transcribir el texto que sobre el origen del semanario oficial del Vaticano, L\u00b7osservatore Romano, enseguida de esta introducci\u00f3n, que publica la p\u00e1gina web de esa casa editorial, no tiene otro fin que el de recordar, con motivo de los 25 a\u00f1os que cumple de ordenado obispo, el Ordinario de la Di\u00f3cesis de Quer\u00e9taro, Mons. [&hellip;]<\/p>\n","protected":false},"author":249,"featured_media":0,"comment_status":"open","ping_status":"closed","sticky":false,"template":"","format":"standard","meta":{"footnotes":""},"categories":[8,10,9],"tags":[],"class_list":["post-641","post","type-post","status-publish","format-standard","hentry","category-ciudad-de-queretaro","category-historia","category-otros-lugares"],"_links":{"self":[{"href":"http:\/\/eloficiodehistoriar.com.mx\/index.php?rest_route=\/wp\/v2\/posts\/641","targetHints":{"allow":["GET"]}}],"collection":[{"href":"http:\/\/eloficiodehistoriar.com.mx\/index.php?rest_route=\/wp\/v2\/posts"}],"about":[{"href":"http:\/\/eloficiodehistoriar.com.mx\/index.php?rest_route=\/wp\/v2\/types\/post"}],"author":[{"embeddable":true,"href":"http:\/\/eloficiodehistoriar.com.mx\/index.php?rest_route=\/wp\/v2\/users\/249"}],"replies":[{"embeddable":true,"href":"http:\/\/eloficiodehistoriar.com.mx\/index.php?rest_route=%2Fwp%2Fv2%2Fcomments&post=641"}],"version-history":[{"count":0,"href":"http:\/\/eloficiodehistoriar.com.mx\/index.php?rest_route=\/wp\/v2\/posts\/641\/revisions"}],"wp:attachment":[{"href":"http:\/\/eloficiodehistoriar.com.mx\/index.php?rest_route=%2Fwp%2Fv2%2Fmedia&parent=641"}],"wp:term":[{"taxonomy":"category","embeddable":true,"href":"http:\/\/eloficiodehistoriar.com.mx\/index.php?rest_route=%2Fwp%2Fv2%2Fcategories&post=641"},{"taxonomy":"post_tag","embeddable":true,"href":"http:\/\/eloficiodehistoriar.com.mx\/index.php?rest_route=%2Fwp%2Fv2%2Ftags&post=641"}],"curies":[{"name":"wp","href":"https:\/\/api.w.org\/{rel}","templated":true}]}}