{"id":644,"date":"2008-07-23T07:12:49","date_gmt":"2008-07-23T12:12:49","guid":{"rendered":"https:\/\/eloficiodehistoriar.com.mx\/?p=644"},"modified":"2008-07-23T07:12:49","modified_gmt":"2008-07-23T12:12:49","slug":"jose-emilio-pacheco-en-gijon-recitandose","status":"publish","type":"post","link":"http:\/\/eloficiodehistoriar.com.mx\/?p=644","title":{"rendered":"Jos\u00e9 Emilio Pacheco en Gij\u00f3n, recit\u00e1ndose&#8230;"},"content":{"rendered":"<p><strong><span style=\"font-size: 18pt; font-family: Arial\">Jos\u00e9 Emilio Pacheco en Gij\u00f3n, recit\u00e1ndose<o:p><\/o:p><\/span><\/strong><span style=\"font-family: Arial\"><o:p>\u00a0<\/o:p><\/span><span style=\"font-family: Arial\"><\/span><\/p>\n<p><span style=\"font-family: Arial\">Gij\u00f3n, 18 de julio. <o:p><\/o:p><\/span><\/p>\n<p style=\"text-align: justify\"><span style=\"font-family: Arial\"><\/span><\/p>\n<p style=\"text-align: justify\"><span style=\"font-family: Arial\"><\/span><\/p>\n<p><span style=\"font-family: Arial\">Despu\u00e9s de diez a\u00f1os de silencio editorial y al cumplirse medio siglo de la publicaci\u00f3n de su primer poemario, el escritor mexicano, considerado en Espa\u00f1a \u201cel poeta vivo m\u00e1s importante en lengua castellana\u201d, ofreci\u00f3 un in\u00e9dito regalo a sus cientos de admiradores de esta ciudad asturiana: una docena de poemas de su libro in\u00e9dito que consta de cinco cuadernos y que ser\u00e1 publicado el a\u00f1o pr\u00f3ximo en coincidencia con su cumplea\u00f1os 70.<o:p><\/o:p><\/span><\/p>\n<p style=\"text-align: justify\"><span style=\"font-family: Arial\"><\/span><\/p>\n<p style=\"text-align: justify\"><span style=\"font-family: Arial\"><\/span><\/p>\n<p><span style=\"font-family: Arial\">El poeta mexicano agradeci\u00f3 las muestras de cari\u00f1o, se quej\u00f3 de la intensa luz y acept\u00f3 con gusto usar un sombrero rojo y dijo:<o:p><\/o:p><\/span><\/p>\n<p style=\"text-align: justify\"><span style=\"font-family: Arial\"><span><\/span><\/span><\/p>\n<p><span style=\"font-family: Arial\"><span>\u00a0<\/span>\u201cEs l\u00f3gico que yo conociera a Joaqu\u00edn Sabina, pero nunca pens\u00e9 que \u00e9l me conociera a mi\u201d. <o:p><\/o:p><\/span><\/p>\n<p style=\"text-align: justify\"><span style=\"font-family: Arial\"><\/span><\/p>\n<p><span style=\"font-family: Arial\">Y a continuaci\u00f3n ley\u00f3 dos poemas peque\u00f1os sobre el agua, advirtiendo antes que le resultaba sumamente raro hablar con micr\u00f3fono en mano. <o:p><\/o:p><\/span><span style=\"font-family: Arial\"><\/span><\/p>\n<p><span style=\"font-family: Arial\">El primer poema, titulado <em><span style=\"font-family: Arial\">Posesi\u00f3n<\/span><\/em>, dice: <o:p><\/o:p><\/span><span style=\"font-family: Arial\"><o:p>\u00a0<\/o:p><\/span><em><span style=\"font-family: Arial\"><\/span><\/em><\/p>\n<p><em><span style=\"font-family: Arial\">\u201cTe hice m\u00eda. Bebiste agua de lluvia. <o:p><\/o:p><\/span><\/em><em><span style=\"font-family: Arial\"><\/span><\/em><\/p>\n<p><em><span style=\"font-family: Arial\">El agua se ri\u00f3 de mi y se me fue entre los dedos\u201d. <o:p><\/o:p><\/span><\/em><span style=\"font-family: Arial\"><o:p>\u00a0<\/o:p><\/span><span style=\"font-family: Arial\"><\/span><\/p>\n<p><span style=\"font-family: Arial\">El segundo lo llam\u00f3 <em><span style=\"font-family: Arial\">Fracaso<\/span><\/em>: <o:p><\/o:p><\/span><span style=\"font-family: Arial\"><o:p>\u00a0<\/o:p><\/span><em><span style=\"font-family: Arial\">\u201cMiseria de la poes\u00eda. <o:p><\/o:p><\/span><\/em><em><span style=\"font-family: Arial\">Inventar un poema que describa a qu\u00e9 sabe el sabor del agua<o:p><\/o:p><\/span><\/em><\/p>\n<p style=\"text-align: justify\"><span style=\"font-family: Arial\"><\/span><\/p>\n<p style=\"text-align: justify\"><span style=\"font-family: Arial\"><\/span><\/p>\n<p><span style=\"font-family: Arial\">Pacheco se mostr\u00f3 ciertamente abrumado y cohibido ante la multitud que solicitaba al t\u00e9rmino del acto, su firma.<o:p><\/o:p><\/span><\/p>\n<p style=\"text-align: justify\"><span style=\"font-family: Arial\"><\/span><\/p>\n<p style=\"text-align: justify\"><span style=\"font-family: Arial\"><\/span><\/p>\n<p><span style=\"font-family: Arial\">\u201cMe siento muy contento, pero sigo inhibido\u201d, dice a la ma\u00f1ana siguiente sentado en la cafeter\u00eda del hotel Don Manuel, mientras desayuna una tostada con tomate y aceite de oliva. <o:p><\/o:p><\/span><\/p>\n<p style=\"text-align: justify\"><span style=\"font-family: Arial\"><\/span><\/p>\n<p style=\"text-align: justify\"><span style=\"font-family: Arial\"><\/span><\/p>\n<p><span style=\"font-family: Arial\">\u201cYo soy de una \u00e9poca que no consideraba esto. Escribir era una cosa solitaria que hac\u00edas en tu cuarto. Se hac\u00eda el libro y nunca ten\u00edas que dar la cara, porque la p\u00e1gina y ahora la pantalla te la cubre. <o:p><\/o:p><\/span><\/p>\n<p style=\"text-align: justify\"><span style=\"font-family: Arial\"><\/span><\/p>\n<p style=\"text-align: justify\"><span style=\"font-family: Arial\"><\/span><\/p>\n<p><span style=\"font-family: Arial\">En este momento yo estoy bajo tu mirada y eso no existe cuando escribes. Hay una gran libertad\u201d.<o:p><\/o:p><\/span><\/p>\n<p style=\"text-align: justify\"><span style=\"font-family: Arial\"><\/span><\/p>\n<p style=\"text-align: justify\"><span style=\"font-family: Arial\"><\/span><\/p>\n<p><span style=\"font-family: Arial\">A\u00f1ade: \u201cFue una experiencia maravillosa. Yo he le\u00eddo frente a dos o cuatro personas, pero nunca esto. <o:p><\/o:p><\/span><\/p>\n<p style=\"text-align: justify\"><span style=\"font-family: Arial\"><\/span><\/p>\n<p style=\"text-align: justify\"><span style=\"font-family: Arial\"><\/span><\/p>\n<p><span style=\"font-family: Arial\">Cuando yo presento, pienso: voy a rifar un pollo rostizado a ver si va alguien. <o:p><\/o:p><\/span><\/p>\n<p style=\"text-align: justify\"><span style=\"font-family: Arial\"><\/span><\/p>\n<p style=\"text-align: justify\"><span style=\"font-family: Arial\"><\/span><\/p>\n<p><span style=\"font-family: Arial\">Ahora despu\u00e9s de esto, voy a decir: yo no leo si no viene conmigo Sabina, porque esa es la diferencia entre cuatro personas y <st1:metricconverter ProductID=\"400\u201d\" w:st=\"on\">400\u201d<\/st1:metricconverter>. (Risas)<o:p><\/o:p><\/span><\/p>\n<p style=\"text-align: justify\"><span style=\"font-family: Arial\"><\/span><\/p>\n<p><span style=\"font-family: Arial\">El poeta mexicano advierte: <o:p><\/o:p><\/span><\/p>\n<p style=\"text-align: justify\"><span style=\"font-family: Arial\"><\/span><\/p>\n<p style=\"text-align: justify\"><span style=\"font-family: Arial\"><\/span><\/p>\n<p><span style=\"font-family: Arial\">\u201cMe da verg\u00fcenza leer en publico, como que son cosas muy personales. Los tres somos muy distintos. Me sorprendi\u00f3 tanto que \u00e9l hiciera el dibujo de mi libro (editorial Visor), por eso me pareci\u00f3 l\u00f3gico que yo conociera a Sabina, lo que nunca cre\u00ed es que \u00e9l me conociera y me leyera. <o:p><\/o:p><\/span><\/p>\n<p style=\"text-align: justify\"><span style=\"font-family: Arial\"><\/span><\/p>\n<p style=\"text-align: justify\"><span style=\"font-family: Arial\"><\/span><\/p>\n<p><span style=\"font-family: Arial\">\u00bfViste que ten\u00eda mi libro subrayado y todo? <o:p><\/o:p><\/span><\/p>\n<p style=\"text-align: justify\"><span style=\"font-family: Arial\"><\/span><\/p>\n<p><span style=\"font-family: Arial\">Fue muy sorprendente y muy grato\u201d.<o:p><\/o:p><\/span><\/p>\n<p style=\"text-align: justify\"><span style=\"font-family: Arial\"><\/span><\/p>\n<p style=\"text-align: justify\"><span style=\"font-family: Arial\"><\/span><\/p>\n<p><span style=\"font-family: Arial\">Luego de diez a\u00f1os sin publicar libros de poes\u00eda, Pacheco se prepara para editar con Era en M\u00e9xico y Visor en Espa\u00f1a, dos nuevos libros, uno que consta de cinco cuadernos que no ha querido publicarlos por separado y otro m\u00e1s compuesto de poemas en prosa: <o:p><\/o:p><\/span><\/p>\n<p style=\"text-align: justify\"><span style=\"font-family: Arial\"><\/span><\/p>\n<p style=\"text-align: justify\"><span style=\"font-family: Arial\"><\/span><\/p>\n<p><span style=\"font-family: Arial\">\u201cMe he tardado mucho. Es una cosa inconsciente porque pienso que nunca m\u00e1s volver\u00e9 a escribir nada. Voy a cumplir 70 a\u00f1os\u201d. <o:p><\/o:p><\/span><\/p>\n<p style=\"text-align: justify\"><span style=\"font-family: Arial\"><\/span><\/p>\n<p style=\"text-align: justify\"><span style=\"font-family: Arial\"><\/span><\/p>\n<p><span style=\"font-family: Arial\">Adem\u00e1s prepara el libro de las <em><span style=\"font-family: Arial\">Versiones po\u00e9ticas<\/span><\/em> que empez\u00f3 a escribir en 1958 y lo entregar\u00e1 este a\u00f1o para publicarse tambi\u00e9n en 2009.<o:p><\/o:p><\/span><\/p>\n<p style=\"text-align: justify\"><span style=\"font-family: Arial\"><\/span><\/p>\n<p style=\"text-align: justify\"><span style=\"font-family: Arial\"><\/span><\/p>\n<p><span style=\"font-family: Arial\">El autor de <em><span style=\"font-family: Arial\">La intimidad de la serpiente<\/span><\/em> reconoce que su poes\u00eda no es del dominio generalizado de los espa\u00f1oles, pero recuerda lo que dijo Francisco Brines: \u201cLa poes\u00eda no tiene p\u00fablico, tiene lectores\u201d.<o:p><\/o:p><\/span><\/p>\n<p style=\"text-align: justify\"><span style=\"font-family: Arial\"><\/span><\/p>\n<p style=\"text-align: justify\"><span style=\"font-family: Arial\"><\/span><\/p>\n<p><span style=\"font-family: Arial\">\u201cA mi no me conoce el gran publico espa\u00f1ol, pero siempre he tenido lectores muy generosos, sobre todo, dir\u00eda que son lectoras\u201d, se\u00f1ala al aclarar que siempre ha sido un poeta favorecido por las mujeres.<o:p><\/o:p><\/span><\/p>\n<p style=\"text-align: justify\"><span style=\"font-family: Arial\"><\/span><\/p>\n<p style=\"text-align: justify\"><span style=\"font-family: Arial\"><\/span><\/p>\n<p><span style=\"font-family: Arial\">Recomienda a los nuevos escritores no tener prisa por ser conocidos: \u201cYo les digo: no se apresuren. Las cosas te llegan o no. A mi me encantar\u00eda tener el publico de Sabina, pero no lo tengo.<o:p><\/o:p><\/span><span style=\"font-family: Arial\"><\/span><\/p>\n<p><span style=\"font-family: Arial\"><\/span><\/p>\n<p><span style=\"font-family: Arial\">\u00bfLa poes\u00eda no es masiva? <o:p><\/o:p><\/span><span style=\"font-family: Arial\"><\/span><\/p>\n<p><span style=\"font-family: Arial\">\u00bfSigue siendo gusto de c\u00edrculos peque\u00f1os?<o:p><\/o:p><\/span><\/p>\n<p style=\"text-align: justify\"><span style=\"font-family: Arial\"><\/span><\/p>\n<p style=\"text-align: justify\"><span style=\"font-family: Arial\"><\/span><\/p>\n<p><span style=\"font-family: Arial\">A las personas j\u00f3venes les interesa mucho m\u00e1s la poes\u00eda como espect\u00e1culo, como algo que escuchas, y para m\u00ed que soy de una vieja generaci\u00f3n es algo que t\u00fa lees en silencio. Es una comunicaci\u00f3n muy \u00edntima que no puede existir en p\u00fablico\u201d.<o:p><\/o:p><\/span><\/p>\n<p style=\"text-align: justify\"><span style=\"font-family: Arial\"><\/span><\/p>\n<p style=\"text-align: justify\"><span style=\"font-family: Arial\"><\/span><\/p>\n<p><span style=\"font-family: Arial\">Recorriendo las calles de Gij\u00f3n, ciudad que visita por primera vez, Pacheco record\u00f3 al gran poeta neocl\u00e1sico nacido en esta ciudad, Gaspar Melchor de Jovellanos: <o:p><\/o:p><\/span><\/p>\n<p style=\"text-align: justify\"><span style=\"font-family: Arial\"><\/span><\/p>\n<p style=\"text-align: justify\"><span style=\"font-family: Arial\"><\/span><\/p>\n<p><span style=\"font-family: Arial\">\u201cle\u00ed a Jovellanos y fue muy bueno para m\u00ed. Dudo que si no me lo hubieran dado en la escuela yo hubiera ido a una librer\u00eda a buscarlo, a \u00e9l o a Juan Valera\u201d.<o:p><\/o:p><\/span><\/p>\n<p style=\"text-align: justify\"><span style=\"font-family: Arial\"><\/span><\/p>\n<p style=\"text-align: justify\"><span style=\"font-family: Arial\"><\/span><\/p>\n<p><span style=\"font-family: Arial\">Pacheco est\u00e1 ligado a la vida del exilio espa\u00f1ol: tom\u00f3 clases con Cernuda y conoci\u00f3 a Emilio Prados y despu\u00e9s a Alberti.<o:p><\/o:p><\/span><\/p>\n<p style=\"text-align: justify\"><span style=\"font-family: Arial\"><span><\/span><\/span><\/p>\n<p style=\"text-align: justify\"><span style=\"font-family: Arial\"><span><\/span><\/span><\/p>\n<p><span style=\"font-family: Arial\"><span>\u00a0<\/span>\u201cquien por cierto vivi\u00f3 en el edificio Ermita cerca de <st1:personname ProductID=\"la Plaza\" w:st=\"on\">la Plaza<\/st1:personname> del Toreo que ahora quieren derrumbar y deber\u00edamos rescatar porque es una joya del arquitecto Juan Segura. De all\u00ed sali\u00f3 Ram\u00f3n Mercader para matar a Trotsky\u201d.<o:p><\/o:p><\/span><\/p>\n<p style=\"text-align: justify\"><span style=\"font-family: Arial\"><\/span><\/p>\n<p style=\"text-align: justify\"><span style=\"font-family: Arial\"><\/span><\/p>\n<p><span style=\"font-family: Arial\">Pacheco analiza la forma en la que un poeta puede sobrevivir a las intrigas del entorno intelectual mexicano: \u201cSobrevivo en parte porque no me interesa el triunfo, la notoriedad, ni nada\u201d.<o:p><\/o:p><\/span><\/p>\n<p style=\"text-align: justify\"><span style=\"font-family: Arial\"><\/span><\/p>\n<p style=\"text-align: justify\"><span style=\"font-family: Arial\"><\/span><\/p>\n<p><span style=\"font-family: Arial\">El grupo de los intelectuales no me parece m\u00e1s cruel que el mundo de los peluqueros o de los m\u00e9dicos. <o:p><\/o:p><\/span><\/p>\n<p style=\"text-align: justify\"><span style=\"font-family: Arial\"><\/span><\/p>\n<p style=\"text-align: justify\"><span style=\"font-family: Arial\"><\/span><\/p>\n<p><span style=\"font-family: Arial\">Recuerda que vivir con subsidio del Estado no es subsidio del gobierno. Es una posici\u00f3n muy dif\u00edcil. <o:p><\/o:p><\/span><\/p>\n<p style=\"text-align: justify\"><span style=\"font-family: Arial\"><\/span><\/p>\n<p style=\"text-align: justify\"><span style=\"font-family: Arial\"><\/span><\/p>\n<p><span style=\"font-family: Arial\">\u00bfDe que vas a sobrevivir si no es del poder? Lo ideal ser\u00eda que pudieras vivir de tu trabajo. <o:p><\/o:p><\/span><\/p>\n<p style=\"text-align: justify\"><span style=\"font-family: Arial\"><\/span><\/p>\n<p><span style=\"font-family: Arial\">Yo lo hago, pero tengo subsidio. <o:p><\/o:p><\/span><\/p>\n<p style=\"text-align: justify\"><span style=\"font-family: Arial\"><\/span><\/p>\n<p><span style=\"font-family: Arial\">Monsiv\u00e1is y yo tratamos de vivir de escribir. Pero es muy dif\u00edcil. A\u00fan as\u00ed seguimos criticando todo lo que queremos. <o:p><\/o:p><\/span><\/p>\n<p style=\"text-align: justify\"><span style=\"font-family: Arial\"><\/span><\/p>\n<p><span style=\"font-family: Arial\">No ha habido una cr\u00edtica m\u00e1s feroz contra Fox que la de Monsiv\u00e1is. Adem\u00e1s ya no se puede vivir totalmente de la escritura. La traducci\u00f3n ya no existe en M\u00e9xico, porque lo traducido se hace primero en Espa\u00f1a. <o:p><\/o:p><\/span><\/p>\n<p style=\"text-align: justify\"><span style=\"font-family: Arial\"><\/span><\/p>\n<p style=\"text-align: justify\"><span style=\"font-family: Arial\"><\/span><\/p>\n<p><span style=\"font-family: Arial\">El periodismo literario est\u00e1 desapareciendo, porque en vez de pagar un art\u00edculo lo toman de <st1:personname ProductID=\"La Vanguardia\" w:st=\"on\"><em><span style=\"font-family: Arial\">La Vanguardia<\/span><\/em><\/st1:personname> o de <em><span style=\"font-family: Arial\">El Pa\u00eds<\/span><\/em>.<o:p><\/o:p><\/span><\/p>\n<p style=\"text-align: justify\"><span style=\"font-family: Arial\"><\/span><\/p>\n<p style=\"text-align: justify\"><span style=\"font-family: Arial\"><\/span><\/p>\n<p><span style=\"font-family: Arial\">Pacheco cuenta que tiene un poema sobre Guant\u00e1namo que inicia en <st1:personname ProductID=\"la Plaza\" w:st=\"on\">la Plaza<\/st1:personname> de Santo Domingo y que hace referencia al <em><span style=\"font-family: Arial\">tehuacanazo<\/span><\/em>: <o:p><\/o:p><\/span><\/p>\n<p style=\"text-align: justify\"><span style=\"font-family: Arial\"><\/span><\/p>\n<p style=\"text-align: justify\"><span style=\"font-family: Arial\"><\/span><\/p>\n<p><span style=\"font-family: Arial\">\u201cEs una gran innovaci\u00f3n de la polic\u00eda mexicana. El tehuac\u00e1n surgi\u00f3 en 1928 y desde entonces lo usan para torturar. Es horrible\u201d.<o:p><\/o:p><\/span><span style=\"font-family: Arial\"><\/span><\/p>\n<p><span style=\"font-family: Arial\"><\/span><\/p>\n<p><span style=\"font-family: Arial\">Precisamente M\u00e9xico vive una involuci\u00f3n en sus garant\u00edas individuales en el presente sexenio y un aumento en la violaci\u00f3n de derechos humanos<o:p><\/o:p><\/span><span style=\"font-family: Arial\"><\/span><\/p>\n<p><span style=\"font-family: Arial\"><\/span><\/p>\n<p><span style=\"font-family: Arial\">\u00bfQu\u00e9 opina de Felipe Calder\u00f3n?<o:p><\/o:p><\/span><span style=\"font-family: Arial\"><\/span><\/p>\n<p><span style=\"font-family: Arial\"><\/span><\/p>\n<p><span style=\"font-family: Arial\">Le agradezco que no se haya ocupado de la cultura. No ha habido censura a los creadores. No les interesa nada la cultura. Y eso es de agradecer\u201d.<o:p><\/o:p><\/span><span style=\"font-family: Arial\"><\/span><\/p>\n<p><span style=\"font-family: Arial\"><\/span><\/p>\n<p><span style=\"font-family: Arial\">Era la una de la ma\u00f1ana. Tras bambalinas, Jos\u00e9 Emilio Pacheco, Joaqu\u00edn Sabina y Luis Garc\u00eda Montejo esperaban el momento esperado para salir al escenario. <o:p><\/o:p><\/span><\/p>\n<p style=\"text-align: justify\"><span style=\"font-family: Arial\"><\/span><\/p>\n<p style=\"text-align: justify\"><span style=\"font-family: Arial\"><\/span><\/p>\n<p><span style=\"font-family: Arial\">La multitud expresaba su impaciencia, mientras los tres re\u00edan ansiosos por apoderarse de la palabra. Alrededor de los temas detectivescos llenos de intrigas de <st1:personname ProductID=\"la Semana Negra\" w:st=\"on\">la Semana Negra<\/st1:personname> dirigida por Paco Ignacio Taibo,<o:p><\/o:p><\/span><\/p>\n<p style=\"text-align: justify\"><span style=\"font-family: Arial\"><\/span><\/p>\n<p style=\"text-align: justify\"><span style=\"font-family: Arial\"><\/span><\/p>\n<p><span style=\"font-family: Arial\">Fue una noche memorable que los uni\u00f3 a trav\u00e9s de la poes\u00eda en la carpa del encuentro de <st1:personname ProductID=\"la Semana Negra.\" w:st=\"on\">la Semana Negra.<\/st1:personname><o:p><\/o:p><\/span><span style=\"font-family: Arial\"><o:p>\u00a0<\/o:p><\/span><\/p>\n<p align=\"right\" style=\"text-align: right\"><span style=\"font-family: Arial\"><\/span><\/p>\n<p><span style=\"font-family: Arial\">Tomado de la nota de Sanjuana Mart\u00ednez<o:p><\/o:p><\/span><\/p>\n","protected":false},"excerpt":{"rendered":"<p>Jos\u00e9 Emilio Pacheco en Gij\u00f3n, recit\u00e1ndose\u00a0 Gij\u00f3n, 18 de julio. Despu\u00e9s de diez a\u00f1os de silencio editorial y al cumplirse medio siglo de la publicaci\u00f3n de su primer poemario, el escritor mexicano, considerado en Espa\u00f1a \u201cel poeta vivo m\u00e1s importante en lengua castellana\u201d, ofreci\u00f3 un in\u00e9dito regalo a sus cientos de admiradores de esta ciudad [&hellip;]<\/p>\n","protected":false},"author":249,"featured_media":0,"comment_status":"open","ping_status":"closed","sticky":false,"template":"","format":"standard","meta":{"footnotes":""},"categories":[26],"tags":[],"class_list":["post-644","post","type-post","status-publish","format-standard","hentry","category-mundo"],"_links":{"self":[{"href":"http:\/\/eloficiodehistoriar.com.mx\/index.php?rest_route=\/wp\/v2\/posts\/644","targetHints":{"allow":["GET"]}}],"collection":[{"href":"http:\/\/eloficiodehistoriar.com.mx\/index.php?rest_route=\/wp\/v2\/posts"}],"about":[{"href":"http:\/\/eloficiodehistoriar.com.mx\/index.php?rest_route=\/wp\/v2\/types\/post"}],"author":[{"embeddable":true,"href":"http:\/\/eloficiodehistoriar.com.mx\/index.php?rest_route=\/wp\/v2\/users\/249"}],"replies":[{"embeddable":true,"href":"http:\/\/eloficiodehistoriar.com.mx\/index.php?rest_route=%2Fwp%2Fv2%2Fcomments&post=644"}],"version-history":[{"count":0,"href":"http:\/\/eloficiodehistoriar.com.mx\/index.php?rest_route=\/wp\/v2\/posts\/644\/revisions"}],"wp:attachment":[{"href":"http:\/\/eloficiodehistoriar.com.mx\/index.php?rest_route=%2Fwp%2Fv2%2Fmedia&parent=644"}],"wp:term":[{"taxonomy":"category","embeddable":true,"href":"http:\/\/eloficiodehistoriar.com.mx\/index.php?rest_route=%2Fwp%2Fv2%2Fcategories&post=644"},{"taxonomy":"post_tag","embeddable":true,"href":"http:\/\/eloficiodehistoriar.com.mx\/index.php?rest_route=%2Fwp%2Fv2%2Ftags&post=644"}],"curies":[{"name":"wp","href":"https:\/\/api.w.org\/{rel}","templated":true}]}}