{"id":645,"date":"2008-07-23T07:16:51","date_gmt":"2008-07-23T12:16:51","guid":{"rendered":"https:\/\/eloficiodehistoriar.com.mx\/?p=645"},"modified":"2008-07-23T07:16:51","modified_gmt":"2008-07-23T12:16:51","slug":"en-cruzton-el-frayba-informa-sobre-violacion-a-derechos-humanos","status":"publish","type":"post","link":"http:\/\/eloficiodehistoriar.com.mx\/?p=645","title":{"rendered":"En Cruzt\u00f3n el FRAYBA informa sobre violaci\u00f3n a Derechos Humanos"},"content":{"rendered":"<p align=\"right\" style=\"text-align: right\" class=\"EC_MsoNormal\">Comunidad de Cruzt\u00f3n, Municipio de Venustiano Carranza, Chiapas.<\/p>\n<p align=\"right\" style=\"text-align: right\" class=\"EC_MsoNormal\">A 22 de julio de 2008<\/p>\n<p class=\"EC_MsoNormal\">&nbsp;<\/p>\n<p class=\"EC_MsoNormal\"><strong>AL CCRI-CG DEL EZLN<\/strong><\/p>\n<p class=\"EC_MsoNormal\"><strong>A LA JUNTA DE BUEN GOBIERNO DE LOS ALTOS DE CHIAPAS<\/strong><\/p>\n<p class=\"EC_MsoNormal\"><strong>A LA ZEZTA INTERNACIONAL<\/strong><\/p>\n<p class=\"EC_MsoNormal\"><strong>A LA OTRA CAMPA\u00d1A <\/strong><\/p>\n<p class=\"EC_MsoNormal\"><strong>A LOS MEDIOS ALTERNATIVOS DE COMUNICACI\u00d3N<\/strong><\/p>\n<p class=\"EC_MsoNormal\"><strong>A LAS ORGANIZACIONES NO GUBERNAMENTALES DE DERECHOS HUMANOS<\/strong><\/p>\n<p class=\"EC_MsoNormal\">&nbsp;<\/p>\n<p class=\"EC_MsoNormal\"><strong>Compa\u00f1eras y compa\u00f1eros,<\/strong><\/p>\n<p class=\"EC_MsoNormal\">&nbsp;<\/p>\n<p style=\"text-align: justify\" class=\"EC_MsoNormal\">Por medio de esta denuncia les damos a conocer los hechos ocurridos el d\u00eda de hoy,<span>\u00a0 <\/span>ya que a las 7:30 de la ma\u00f1ana, nosotros las 28 familias adherentes a La Otra Campa\u00f1a y 2 familias bases de apoyo zapatista de la comunidad de Cruzton, decidimos limpiar nuestro manantial de agua y nuestras milpas, invitando como observadores a compa\u00f1eros de La Otra Jovel.<\/p>\n<p class=\"EC_MsoNormal\">&nbsp;<\/p>\n<p style=\"text-align: justify\" class=\"EC_MsoNormal\">A las 8:20 horas de la ma\u00f1ana, <span>\u00a0<\/span>6 elementos de la Polic\u00eda Estatal Preventiva destacamentados en un campamento dentro de nuestros terrenos que leg\u00edtimamente nos corresponden, los polic\u00edas comenzaron a dispersarse rodeando <span>\u00a0<\/span>a un grupo de mujeres de la comunidad que se encontraban cuidando la seguridad de nuestros compa\u00f1eros. Los polic\u00edas amenazaron a las mujeres dici\u00e9ndoles \u201c<em>Que chingados hacen aqu\u00ed, vamos a pedir refuerzos para detener a los que tienen orden de aprehensi\u00f3n<\/em>\u201d. Tambi\u00e9n dijeron que iban agarrar a todos los que estuvieran provocando conflicto. Nuestras compa\u00f1eras contestaron que lo \u00fanico que estaban haciendo era limpiar el manantial de agua y las milpas, que no nos molestaran<span>\u00a0 <\/span>por lo que nuestros compa\u00f1eros siguieron trabajando.<\/p>\n<p style=\"text-align: justify\" class=\"EC_MsoNormal\">&nbsp;<\/p>\n<p style=\"text-align: justify\" class=\"EC_MsoNormal\">A las 12:30 de la tarde, los compa\u00f1eros y compa\u00f1eras terminaron su trabajo de limpia y se retiraron a sus casas qued\u00e1ndose s\u00f3lo unos compa\u00f1eros a la orilla de la comunidad para vigilar.<\/p>\n<p class=\"EC_MsoNormal\">&nbsp;<\/p>\n<p style=\"text-align: justify\" class=\"EC_MsoNormal\">A las 2:30 de la tarde, los compa\u00f1eros que guardaban vigilancia, avisaron que estaban<span>\u00a0 <\/span>llegando 4 patrullas de la Polic\u00eda Estatal Preventiva que se estacionaron a la orilla de nuestro predio y de ella bajaron aproximadamente 30 elementos que se dispersaron por todo el predio dirigi\u00e9ndose a la comunidad. Los polic\u00edas iban acompa\u00f1ados de un grupo de pri\u00edstas del supuesto Ejido San Jos\u00e9 Cerro Grande I.<\/p>\n<p style=\"text-align: justify\" class=\"EC_MsoNormal\">&nbsp;<\/p>\n<p style=\"text-align: justify\" class=\"EC_MsoNormal\">Por lo que nuestros compa\u00f1eros, nos avisaron de la presencia de la polic\u00eda y de inmediato aproximadamente 50 compa\u00f1eros entre hombres y mujeres, fuimos a ver lo que estaba pasando, momentos despu\u00e9s vimos que subieron todos los polic\u00edas al cerrito de la vigilancia y una persona vestida de civil. Sabemos que es el Fiscal del Distrito Centro del Ministerio de Justicia del Estado con apellido Carboney con el n\u00famero de identificaci\u00f3n CR1420, porque su credencial se le qued\u00f3 tirado al forcejear con nuestros compa\u00f1eros al intentar detenerlos. Los pri\u00edstas se quedaron en la orilla del cerrito.<\/p>\n<p style=\"text-align: justify\" class=\"EC_MsoNormal\">&nbsp;<\/p>\n<p style=\"text-align: justify\" class=\"EC_MsoNormal\">De inmediato los polic\u00edas rodearon a nuestros compa\u00f1eros y compa\u00f1eras exigiendo que les entregaran las c\u00e1maras y los radios de comunicaci\u00f3n. Tambi\u00e9n exig\u00edan que apagaran las c\u00e1maras de video porque no quer\u00edan ser grabados, lo que nos indic\u00f3 que ven\u00edan con malas intenciones. Al no cumplir con sus exigencias, los polic\u00edas y especialmente el Fiscal comenzaron a agredirnos violentamente.<\/p>\n<p style=\"text-align: justify\" class=\"EC_MsoNormal\">&nbsp;<\/p>\n<p style=\"text-align: justify\" class=\"EC_MsoNormal\">Los polic\u00edas intentaron arrebatarle la video c\u00e1mara de una de nuestras compa\u00f1eras de la comunidad que valientemente la defendi\u00f3. Tambi\u00e9n empezaron a agarrar violentamente a los compa\u00f1eros y compa\u00f1eras y de inmediato agarraron a nuestro compa\u00f1ero V\u00edctor Manuel Escobar, de La Otra Jovel, lo golpearon y se lo llevaron al campamento. Sabemos que hasta ahora lo tienen detenido en Tuxtla Guti\u00e9rrez y no lo han soltado.<\/p>\n<p style=\"text-align: justify\" class=\"EC_MsoNormal\">&nbsp;<\/p>\n<p style=\"text-align: justify\" class=\"EC_MsoNormal\">Tambi\u00e9n intentaron agarrar a otros compa\u00f1eros pero<span>\u00a0 <\/span>lograron escaparse. Golpearon a otros compa\u00f1eros<span>\u00a0 <\/span>y compa\u00f1eras y nuestro compa\u00f1ero Adulfo P\u00e9rez V\u00e1zquez fue empujado por la falda del cerrito al ser golpeado por el Fiscal Carboney, provoc\u00e1ndole una herida en la cabeza.<\/p>\n<p style=\"text-align: justify\" class=\"EC_MsoNormal\">&nbsp;<\/p>\n<p style=\"text-align: justify\" class=\"EC_MsoNormal\">Los compa\u00f1eros y compa\u00f1eras entonces empezaron a defenderse<span>\u00a0 <\/span>hasta que los polic\u00edas empezaron a retirarse. Al empezar a bajar el cerrito, los polic\u00edas tiraron por lo menos 7 cartuchos de gas lacrim\u00f3geno hacia los compa\u00f1eros y compa\u00f1eras que estaban arriba, por lo que varios miembros de la comunidad sufrieron ardor por el gas que les lleg\u00f3 en los ojos y especialmente nuestra compa\u00f1erita Julia sufri\u00f3 mayores da\u00f1os en los ojos y la garganta.<span>\u00a0 <\/span><\/p>\n<p style=\"text-align: justify\" class=\"EC_MsoNormal\">&nbsp;<\/p>\n<p style=\"text-align: justify\" class=\"EC_MsoNormal\">&nbsp;<\/p>\n<p style=\"text-align: justify\" class=\"EC_MsoNormal\"><strong>Por todo lo antes denunciado, exigimos al mal gobierno.<\/strong><\/p>\n<p style=\"text-align: justify\" class=\"EC_MsoNormal\">&nbsp;<\/p>\n<p style=\"margin-left: 5.65pt; text-indent: -5.65pt; text-align: justify\" class=\"EC_MsoNormal\"><span style=\"font-family: Symbol\"><span>\u00b7<span style=\"font: 7pt 'Times New Roman'\">\u00a0\u00a0\u00a0\u00a0\u00a0\u00a0\u00a0\u00a0\u00a0\u00a0\u00a0\u00a0\u00a0\u00a0\u00a0\u00a0\u00a0\u00a0\u00a0 <\/span><\/span><\/span>El respeto a nuestros derechos leg\u00edtimos y el retiro de la Polic\u00eda Estatal Preventiva de nuestras tierras.<\/p>\n<p style=\"margin-left: 5.65pt; text-indent: -5.65pt; text-align: justify\" class=\"EC_MsoNormal\"><span style=\"font-family: Symbol\"><span>\u00b7<span style=\"font: 7pt 'Times New Roman'\">\u00a0\u00a0\u00a0\u00a0\u00a0\u00a0\u00a0\u00a0\u00a0\u00a0\u00a0\u00a0\u00a0\u00a0\u00a0\u00a0\u00a0\u00a0\u00a0 <\/span><\/span><\/span>El retiro de la gente del supuesto Ejido San Jos\u00e9 Cerro Grande I de nuestro predio.<\/p>\n<p style=\"margin-left: 5.65pt; text-indent: -5.65pt; text-align: justify\" class=\"EC_MsoNormal\"><span style=\"font-family: Symbol\"><span>\u00b7<span style=\"font: 7pt 'Times New Roman'\">\u00a0\u00a0\u00a0\u00a0\u00a0\u00a0\u00a0\u00a0\u00a0\u00a0\u00a0\u00a0\u00a0\u00a0\u00a0\u00a0\u00a0\u00a0\u00a0 <\/span><\/span><\/span>La libertad inmediata de nuestro compa\u00f1ero V\u00edctor Manuel Escobar, adherente a La Otra Campa\u00f1a.<\/p>\n<p style=\"margin-left: 5.65pt; text-indent: -5.65pt; text-align: justify\" class=\"EC_MsoNormal\"><span style=\"font-family: Symbol\"><span>\u00b7<span style=\"font: 7pt 'Times New Roman'\">\u00a0\u00a0\u00a0\u00a0\u00a0\u00a0\u00a0\u00a0\u00a0\u00a0\u00a0\u00a0\u00a0\u00a0\u00a0\u00a0\u00a0\u00a0\u00a0 <\/span><\/span><\/span>Que dejen de causar da\u00f1os en nuestro predio y a nuestro manantial y que se proceda a la reparaci\u00f3n de todos los da\u00f1os.<\/p>\n<p style=\"text-align: justify\" class=\"EC_MsoNormal\">&nbsp;<\/p>\n<p align=\"center\" style=\"text-align: center\" class=\"EC_MsoNormal\"><strong>Respetuosamente compa\u00f1eros y compa\u00f1eras,<\/strong><\/p>\n<p align=\"center\" style=\"text-align: center\" class=\"EC_MsoNormal\">&nbsp;<\/p>\n<p align=\"center\" style=\"text-align: center\" class=\"EC_MsoNormal\"><strong>La Comunidad<\/strong><strong> de Cruzt\u00f3n<\/strong><\/p>\n<p align=\"center\" style=\"text-align: center\" class=\"EC_MsoNormal\"><strong>Adherentes a La Otra Campa\u00f1a<\/strong><\/p>\n","protected":false},"excerpt":{"rendered":"<p>Comunidad de Cruzt\u00f3n, Municipio de Venustiano Carranza, Chiapas. A 22 de julio de 2008 &nbsp; AL CCRI-CG DEL EZLN A LA JUNTA DE BUEN GOBIERNO DE LOS ALTOS DE CHIAPAS A LA ZEZTA INTERNACIONAL A LA OTRA CAMPA\u00d1A A LOS MEDIOS ALTERNATIVOS DE COMUNICACI\u00d3N A LAS ORGANIZACIONES NO GUBERNAMENTALES DE DERECHOS HUMANOS &nbsp; Compa\u00f1eras y [&hellip;]<\/p>\n","protected":false},"author":249,"featured_media":0,"comment_status":"open","ping_status":"closed","sticky":false,"template":"","format":"standard","meta":{"footnotes":""},"categories":[26],"tags":[],"class_list":["post-645","post","type-post","status-publish","format-standard","hentry","category-mundo"],"_links":{"self":[{"href":"http:\/\/eloficiodehistoriar.com.mx\/index.php?rest_route=\/wp\/v2\/posts\/645","targetHints":{"allow":["GET"]}}],"collection":[{"href":"http:\/\/eloficiodehistoriar.com.mx\/index.php?rest_route=\/wp\/v2\/posts"}],"about":[{"href":"http:\/\/eloficiodehistoriar.com.mx\/index.php?rest_route=\/wp\/v2\/types\/post"}],"author":[{"embeddable":true,"href":"http:\/\/eloficiodehistoriar.com.mx\/index.php?rest_route=\/wp\/v2\/users\/249"}],"replies":[{"embeddable":true,"href":"http:\/\/eloficiodehistoriar.com.mx\/index.php?rest_route=%2Fwp%2Fv2%2Fcomments&post=645"}],"version-history":[{"count":0,"href":"http:\/\/eloficiodehistoriar.com.mx\/index.php?rest_route=\/wp\/v2\/posts\/645\/revisions"}],"wp:attachment":[{"href":"http:\/\/eloficiodehistoriar.com.mx\/index.php?rest_route=%2Fwp%2Fv2%2Fmedia&parent=645"}],"wp:term":[{"taxonomy":"category","embeddable":true,"href":"http:\/\/eloficiodehistoriar.com.mx\/index.php?rest_route=%2Fwp%2Fv2%2Fcategories&post=645"},{"taxonomy":"post_tag","embeddable":true,"href":"http:\/\/eloficiodehistoriar.com.mx\/index.php?rest_route=%2Fwp%2Fv2%2Ftags&post=645"}],"curies":[{"name":"wp","href":"https:\/\/api.w.org\/{rel}","templated":true}]}}