{"id":657,"date":"2008-07-23T07:54:26","date_gmt":"2008-07-23T12:54:26","guid":{"rendered":"https:\/\/eloficiodehistoriar.com.mx\/?p=657"},"modified":"2008-07-23T07:54:26","modified_gmt":"2008-07-23T12:54:26","slug":"el-oficio-de-historiar-el-17-de-julio-del-2008","status":"publish","type":"post","link":"http:\/\/eloficiodehistoriar.com.mx\/?p=657","title":{"rendered":"El Oficio de Historiar el 17 de Julio del 2008&#8230;"},"content":{"rendered":"<p><span style=\"font-size: 18pt; font-family: Arial\" lang=\"ES-TRAD\">El Oficio de Historiar a 60 d\u00edas<o:p><\/o:p><\/span><span lang=\"ES-TRAD\"><o:p><font face=\"Times New Roman\">\u00a0<\/font><\/o:p><\/span><\/p>\n<p style=\"margin: 0cm 0cm 0pt; text-align: justify\" class=\"MsoNormal\"><span style=\"font-family: Arial\" lang=\"ES-TRAD\"><\/span><\/p>\n<p style=\"margin: 0cm 0cm 0pt; text-align: justify\" class=\"MsoNormal\"><span style=\"font-family: Arial\" lang=\"ES-TRAD\">Esperamos de ustedes sus colaboraciones y apoyo: J F Z\u00a0<\/span><\/p>\n<p style=\"margin: 0cm 0cm 0pt; text-align: justify\" class=\"MsoNormal\"><span style=\"font-family: Arial\" lang=\"ES-TRAD\"><\/span><\/p>\n<p style=\"margin: 0cm 0cm 0pt; text-align: justify\" class=\"MsoNormal\"><span style=\"font-family: Arial\" lang=\"ES-TRAD\"><\/span><\/p>\n<p style=\"margin: 0cm 0cm 0pt; text-align: justify\" class=\"MsoNormal\"><span style=\"font-family: Arial\" lang=\"ES-TRAD\"><\/span><\/p>\n<p><span style=\"font-family: Arial\" lang=\"ES-TRAD\">Esta p\u00e1gina web<span>\u00a0 <\/span><a href=\"https:\/\/eloficiodehistoriar.com.mx\/\">www.eloficiodehistoriar.com.mx<\/a><span>\u00a0 <\/span>que tiene como prop\u00f3sito fundamental el de recrear la historia regional de Quer\u00e9taro y de algunas partes de nuestro M\u00e9xico, al mismo tiempo que el de difundir los eventos culturales que en ella se dan, m\u00e1s la de hacer p\u00fablicos los manifiestos de las organizaciones no gubernamentales de Derechos Humanos, ha cumplido de estar en Internet sus primeros 60 d\u00edas.<o:p><\/o:p><\/span><span style=\"font-family: Arial\" lang=\"ES-TRAD\"><o:p>\u00a0<\/o:p><\/span><\/p>\n<p style=\"margin: 0cm 0cm 0pt; text-align: justify\" class=\"MsoNormal\"><span style=\"font-family: Arial\" lang=\"ES-TRAD\"><\/span><\/p>\n<p style=\"margin: 0cm 0cm 0pt; text-align: justify\" class=\"MsoNormal\"><span style=\"font-family: Arial\" lang=\"ES-TRAD\"><\/span><\/p>\n<p><span style=\"font-family: Arial\" lang=\"ES-TRAD\">Ha recibido en estos primeros 60 d\u00edas a cerca de 12 mil lectores, principalmente de Quer\u00e9taro, de M\u00e9xico, de todos los pa\u00edses del continente americano, de Alaska a Tierra del Fuego, siendo muy de se\u00f1alar por el n\u00famero de lectores los de Estados Unidos de Am\u00e9rica, Argentina, Chile y Per\u00fa.<o:p><\/o:p><\/span><span style=\"font-family: Arial\" lang=\"ES-TRAD\"><o:p>\u00a0<\/o:p><\/span><\/p>\n<p style=\"margin: 0cm 0cm 0pt; text-align: justify\" class=\"MsoNormal\"><span style=\"font-family: Arial\" lang=\"ES-TRAD\"><\/span><\/p>\n<p><span style=\"font-family: Arial\" lang=\"ES-TRAD\">Ha recibido en forma peri\u00f3dica lectores del continente europeo de Suecia, Italia, Polonia, Francia, Alemania, <st1:personname ProductID=\"La Uni?n Europea\" w:st=\"on\"><st1:personname ProductID=\"La Uni?n\" w:st=\"on\">La Uni\u00f3n<\/st1:personname> Europea<\/st1:personname>, <st1:personname ProductID=\"La UNESCO\" w:st=\"on\">La UNESCO<\/st1:personname> y sobresale por n\u00famero de usuarios Espa\u00f1a.<o:p><\/o:p><\/span><span style=\"font-family: Arial\" lang=\"ES-TRAD\"><o:p>\u00a0<\/o:p><\/span><\/p>\n<p style=\"margin: 0cm 0cm 0pt; text-align: justify\" class=\"MsoNormal\"><span style=\"font-family: Arial\" lang=\"ES-TRAD\"><\/span><\/p>\n<p><span style=\"font-family: Arial\" lang=\"ES-TRAD\">Del continente asi\u00e1tico hemos recibido lectores de Filipinas, China y Jap\u00f3n y del continente Australiano de la ciudad de Sidney. Son 36 pa\u00edses donde a algunos lectores les hemos sido de alguna manera \u00fatiles.<o:p><\/o:p><\/span><span style=\"font-family: Arial\" lang=\"ES-TRAD\"><o:p>\u00a0<\/o:p><\/span><\/p>\n<p style=\"margin: 0cm 0cm 0pt; text-align: justify\" class=\"MsoNormal\"><span style=\"font-family: Arial\" lang=\"ES-TRAD\"><\/span><\/p>\n<p style=\"margin: 0cm 0cm 0pt; text-align: justify\" class=\"MsoNormal\"><span style=\"font-family: Arial\" lang=\"ES-TRAD\"><\/span><\/p>\n<p><span style=\"font-family: Arial\" lang=\"ES-TRAD\">Hemos atendido cerca de dos mil b\u00fasquedas y producido m\u00e1s de 460 art\u00edculos.<o:p><\/o:p><\/span><span style=\"font-family: Arial\" lang=\"ES-TRAD\"><o:p>\u00a0<\/o:p><\/span><\/p>\n<p style=\"margin: 0cm 0cm 0pt; text-align: justify\" class=\"MsoNormal\"><span style=\"font-family: Arial\" lang=\"ES-TRAD\"><\/span><\/p>\n<p style=\"margin: 0cm 0cm 0pt; text-align: justify\" class=\"MsoNormal\"><span style=\"font-family: Arial\" lang=\"ES-TRAD\"><\/span><\/p>\n<p><span style=\"font-family: Arial\" lang=\"ES-TRAD\">Tenemos desde nuestro sitio ligas con las p\u00e1ginas del Municipio de Quer\u00e9taro, del Instituto para <st1:personname ProductID=\"La Cultura\" w:st=\"on\">La Cultura<\/st1:personname> y Las Artes de Quer\u00e9taro, del Centro Cultural \u201cManuel G\u00f3mez Mor\u00edn de Quer\u00e9taro\u201d, del Semanario \u201cEl Observador\u201d, de la p\u00e1gina web <a href=\"http:\/\/www.di\u00e1logoqueretano.com.mx\/\">www.di\u00e1logoqueretano.com.mx<\/a> entre otros sitios de inter\u00e9s para cualquier persona en el mundo.<o:p><\/o:p><\/span><span style=\"font-family: Arial\" lang=\"ES-TRAD\"><o:p>\u00a0<\/o:p><\/span><\/p>\n<p style=\"margin: 0cm 0cm 0pt; text-align: justify\" class=\"MsoNormal\"><span style=\"font-family: Arial\" lang=\"ES-TRAD\"><\/span><\/p>\n<p style=\"margin: 0cm 0cm 0pt; text-align: justify\" class=\"MsoNormal\"><span style=\"font-family: Arial\" lang=\"ES-TRAD\"><\/span><\/p>\n<p><span style=\"font-family: Arial\" lang=\"ES-TRAD\">No contamos con ning\u00fan patrocinio para el servicio de nuestra p\u00e1gina por lo que ponemos a las \u00f3rdenes de quien as\u00ed lo desea la posibilidad de apoyar enviando su cooperaci\u00f3n a nombre del Administrador<span>\u00a0 <\/span>JOSE FELIX ZAVALA en la cuenta n\u00famero<span>\u00a0 <\/span>4915 6623 9684 6985 de la instituci\u00f3n bancaria BANORTE en MEXICO.<o:p><\/o:p><\/span><span style=\"font-family: Arial\" lang=\"ES-TRAD\"><o:p>\u00a0<\/o:p><\/span><\/p>\n<p style=\"margin: 0cm 0cm 0pt; text-align: justify\" class=\"MsoNormal\"><span style=\"font-family: Arial\" lang=\"ES-TRAD\"><\/span><\/p>\n<p style=\"margin: 0cm 0cm 0pt; text-align: justify\" class=\"MsoNormal\"><span style=\"font-family: Arial\" lang=\"ES-TRAD\"><\/span><\/p>\n<p><span style=\"font-family: Arial\" lang=\"ES-TRAD\">Sus comentarios ser\u00e1n bien recibidos en <a href=\"mailto:BUZON@eloficiodehistoriar.com\">BUZON@eloficiodehistoriar.com<\/a> y en nuestra p\u00e1gina les daremos la debida contestaci\u00f3n.<o:p><\/o:p><\/span><span style=\"font-family: Arial\" lang=\"ES-TRAD\"><o:p>\u00a0<\/o:p><\/span><span style=\"font-family: Arial\" lang=\"ES-TRAD\"><o:p>\u00a0<\/o:p><\/span><\/p>\n<p style=\"margin: 0cm 0cm 0pt; text-align: justify\" class=\"MsoNormal\"><span style=\"font-family: Arial\" lang=\"ES-TRAD\"><\/span><\/p>\n<p><span style=\"font-family: Arial\" lang=\"ES-TRAD\">Esperamos seguir contando con sus visitas y nosotros poder servirles<o:p><\/o:p><\/span><span style=\"font-family: Arial\" lang=\"ES-TRAD\"><o:p>\u00a0<\/o:p><\/span><span style=\"font-family: Arial\" lang=\"ES-TRAD\"><o:p>\u00a0<\/o:p><\/span><\/p>\n<p align=\"right\" style=\"margin: 0cm 0cm 0pt; text-align: right\" class=\"MsoNormal\"><span style=\"font-family: Arial\" lang=\"ES-TRAD\"><\/span><\/p>\n<p align=\"right\" style=\"margin: 0cm 0cm 0pt; text-align: right\" class=\"MsoNormal\"><span style=\"font-family: Arial\" lang=\"ES-TRAD\"><\/span><\/p>\n<p><span style=\"font-family: Arial\" lang=\"ES-TRAD\">EL ADMINISTRADOR <o:p><\/o:p><\/span><\/p>\n<p style=\"margin: 0cm 0cm 0pt; text-align: justify\" class=\"MsoNormal\"><span style=\"font-family: Arial\" lang=\"ES-TRAD\"><\/span><\/p>\n<p style=\"margin: 0cm 0cm 0pt; text-align: justify\" class=\"MsoNormal\"><span style=\"font-family: Arial\" lang=\"ES-TRAD\"><\/span><\/p>\n<p><span style=\"font-family: Arial\" lang=\"ES-TRAD\"><a href=\"mailto:eloficiodehistoriar@hotmail.com\">eloficiodehistoriar@hotmail.com<\/a> <o:p><\/o:p><\/span><span style=\"font-family: Arial\" lang=\"ES-TRAD\"><o:p>\u00a0<\/o:p><\/span><\/p>\n","protected":false},"excerpt":{"rendered":"<p>El Oficio de Historiar a 60 d\u00edas\u00a0 Esperamos de ustedes sus colaboraciones y apoyo: J F Z\u00a0 Esta p\u00e1gina web\u00a0 www.eloficiodehistoriar.com.mx\u00a0 que tiene como prop\u00f3sito fundamental el de recrear la historia regional de Quer\u00e9taro y de algunas partes de nuestro M\u00e9xico, al mismo tiempo que el de difundir los eventos culturales que en ella se [&hellip;]<\/p>\n","protected":false},"author":249,"featured_media":0,"comment_status":"open","ping_status":"closed","sticky":false,"template":"","format":"standard","meta":{"footnotes":""},"categories":[8,11,10,9],"tags":[],"class_list":["post-657","post","type-post","status-publish","format-standard","hentry","category-ciudad-de-queretaro","category-fotografia","category-historia","category-otros-lugares"],"_links":{"self":[{"href":"http:\/\/eloficiodehistoriar.com.mx\/index.php?rest_route=\/wp\/v2\/posts\/657","targetHints":{"allow":["GET"]}}],"collection":[{"href":"http:\/\/eloficiodehistoriar.com.mx\/index.php?rest_route=\/wp\/v2\/posts"}],"about":[{"href":"http:\/\/eloficiodehistoriar.com.mx\/index.php?rest_route=\/wp\/v2\/types\/post"}],"author":[{"embeddable":true,"href":"http:\/\/eloficiodehistoriar.com.mx\/index.php?rest_route=\/wp\/v2\/users\/249"}],"replies":[{"embeddable":true,"href":"http:\/\/eloficiodehistoriar.com.mx\/index.php?rest_route=%2Fwp%2Fv2%2Fcomments&post=657"}],"version-history":[{"count":0,"href":"http:\/\/eloficiodehistoriar.com.mx\/index.php?rest_route=\/wp\/v2\/posts\/657\/revisions"}],"wp:attachment":[{"href":"http:\/\/eloficiodehistoriar.com.mx\/index.php?rest_route=%2Fwp%2Fv2%2Fmedia&parent=657"}],"wp:term":[{"taxonomy":"category","embeddable":true,"href":"http:\/\/eloficiodehistoriar.com.mx\/index.php?rest_route=%2Fwp%2Fv2%2Fcategories&post=657"},{"taxonomy":"post_tag","embeddable":true,"href":"http:\/\/eloficiodehistoriar.com.mx\/index.php?rest_route=%2Fwp%2Fv2%2Ftags&post=657"}],"curies":[{"name":"wp","href":"https:\/\/api.w.org\/{rel}","templated":true}]}}