{"id":659,"date":"2008-07-23T08:21:57","date_gmt":"2008-07-23T13:21:57","guid":{"rendered":"https:\/\/eloficiodehistoriar.com.mx\/?p=659"},"modified":"2008-07-23T08:21:57","modified_gmt":"2008-07-23T13:21:57","slug":"san-jose-iturbide-en-la-sierra-gorda","status":"publish","type":"post","link":"http:\/\/eloficiodehistoriar.com.mx\/?p=659","title":{"rendered":"San Jos\u00e9 Iturbide en La Sierra Gorda&#8230;"},"content":{"rendered":"<p><a href=\"https:\/\/eloficiodehistoriar.com.mx\/wp-content\/uploads\/2008\/07\/jfz-406.jpg\" title=\"jfz-406.jpg\"><img decoding=\"async\" src=\"https:\/\/eloficiodehistoriar.com.mx\/wp-content\/uploads\/2008\/07\/jfz-406.thumbnail.jpg\" alt=\"jfz-406.jpg\" \/><\/a><a href=\"https:\/\/eloficiodehistoriar.com.mx\/wp-content\/uploads\/2008\/07\/jfz-174.jpg\" title=\"jfz-174.jpg\"><img decoding=\"async\" src=\"https:\/\/eloficiodehistoriar.com.mx\/wp-content\/uploads\/2008\/07\/jfz-174.thumbnail.jpg\" alt=\"jfz-174.jpg\" \/><\/a><a href=\"https:\/\/eloficiodehistoriar.com.mx\/wp-content\/uploads\/2008\/07\/casa-vieja.jpg\" title=\"casa-vieja.jpg\"><img decoding=\"async\" src=\"https:\/\/eloficiodehistoriar.com.mx\/wp-content\/uploads\/2008\/07\/casa-vieja.thumbnail.jpg\" alt=\"casa-vieja.jpg\" \/><\/a><a href=\"https:\/\/eloficiodehistoriar.com.mx\/wp-content\/uploads\/2008\/07\/2.jpg\" title=\"2.jpg\"><img decoding=\"async\" src=\"https:\/\/eloficiodehistoriar.com.mx\/wp-content\/uploads\/2008\/07\/2.thumbnail.jpg\" alt=\"2.jpg\" \/><\/a><a href=\"https:\/\/eloficiodehistoriar.com.mx\/wp-content\/uploads\/2008\/07\/1.jpg\" title=\"1.jpg\"><img decoding=\"async\" src=\"https:\/\/eloficiodehistoriar.com.mx\/wp-content\/uploads\/2008\/07\/1.thumbnail.jpg\" alt=\"1.jpg\" \/><\/a><a href=\"https:\/\/eloficiodehistoriar.com.mx\/wp-content\/uploads\/2008\/07\/1-1.jpg\" title=\"1-1.jpg\"><img decoding=\"async\" src=\"https:\/\/eloficiodehistoriar.com.mx\/wp-content\/uploads\/2008\/07\/1-1.thumbnail.jpg\" alt=\"1-1.jpg\" \/><\/a><\/p>\n<p>Esta ciudad de San Jos\u00e9 Iturbide, conocida antiguamente como Casas Viejas por sus asentamientos prehisp\u00e1nicos y por las diversas destrucciones de las que fue objeto durante su historia, guarda a\u00fan con su cercan\u00eda con la ciudad de Quer\u00e9taro, debido a la carretera 57 y su cercan\u00eda con San Luis de la Paz, capital natural de La Sierra Gorda toda la tradici\u00f3n de estos pueblos serranos y su tesoro principal ahora es su templo parroquial comenzado por el queretano P. Nicol\u00e1s Campa.<\/p>\n","protected":false},"excerpt":{"rendered":"<p>Esta ciudad de San Jos\u00e9 Iturbide, conocida antiguamente como Casas Viejas por sus asentamientos prehisp\u00e1nicos y por las diversas destrucciones de las que fue objeto durante su historia, guarda a\u00fan con su cercan\u00eda con la ciudad de Quer\u00e9taro, debido a la carretera 57 y su cercan\u00eda con San Luis de la Paz, capital natural de [&hellip;]<\/p>\n","protected":false},"author":249,"featured_media":0,"comment_status":"open","ping_status":"closed","sticky":false,"template":"","format":"standard","meta":{"footnotes":""},"categories":[11,10,9],"tags":[],"class_list":["post-659","post","type-post","status-publish","format-standard","hentry","category-fotografia","category-historia","category-otros-lugares"],"_links":{"self":[{"href":"http:\/\/eloficiodehistoriar.com.mx\/index.php?rest_route=\/wp\/v2\/posts\/659","targetHints":{"allow":["GET"]}}],"collection":[{"href":"http:\/\/eloficiodehistoriar.com.mx\/index.php?rest_route=\/wp\/v2\/posts"}],"about":[{"href":"http:\/\/eloficiodehistoriar.com.mx\/index.php?rest_route=\/wp\/v2\/types\/post"}],"author":[{"embeddable":true,"href":"http:\/\/eloficiodehistoriar.com.mx\/index.php?rest_route=\/wp\/v2\/users\/249"}],"replies":[{"embeddable":true,"href":"http:\/\/eloficiodehistoriar.com.mx\/index.php?rest_route=%2Fwp%2Fv2%2Fcomments&post=659"}],"version-history":[{"count":0,"href":"http:\/\/eloficiodehistoriar.com.mx\/index.php?rest_route=\/wp\/v2\/posts\/659\/revisions"}],"wp:attachment":[{"href":"http:\/\/eloficiodehistoriar.com.mx\/index.php?rest_route=%2Fwp%2Fv2%2Fmedia&parent=659"}],"wp:term":[{"taxonomy":"category","embeddable":true,"href":"http:\/\/eloficiodehistoriar.com.mx\/index.php?rest_route=%2Fwp%2Fv2%2Fcategories&post=659"},{"taxonomy":"post_tag","embeddable":true,"href":"http:\/\/eloficiodehistoriar.com.mx\/index.php?rest_route=%2Fwp%2Fv2%2Ftags&post=659"}],"curies":[{"name":"wp","href":"https:\/\/api.w.org\/{rel}","templated":true}]}}