{"id":665,"date":"2008-07-23T09:07:58","date_gmt":"2008-07-23T14:07:58","guid":{"rendered":"https:\/\/eloficiodehistoriar.com.mx\/?p=665"},"modified":"2008-07-23T09:07:58","modified_gmt":"2008-07-23T14:07:58","slug":"chametla-zona-prehispanica-en-sinaloa-saqueada","status":"publish","type":"post","link":"http:\/\/eloficiodehistoriar.com.mx\/?p=665","title":{"rendered":"Chametla: Zona prehisp\u00e1nica en Sinaloa saqueada&#8230;"},"content":{"rendered":"<p style=\"border-right: medium none; border-top: medium none; border-left: medium none; border-bottom: #dddddd 1pt solid; padding: 0cm\">\n<h1 align=\"center\" style=\"margin: 0cm 0cm 3pt; text-align: center\"><strong><span style=\"font-size: 18pt; font-family: Arial\">Chametla, v\u00edctima del saqueo y el olvido<o:p><\/o:p><\/span><\/strong><\/h1>\n<p align=\"center\" style=\"margin: auto 0cm; text-align: center\" class=\"bullet\"><strong><span style=\"font-family: Arial\"><\/span><\/strong><\/p>\n<p><strong><span style=\"font-family: Arial\">Irene S\u00e1nchez<o:p><\/o:p><\/span><\/strong><\/p>\n<p style=\"text-align: justify\"><span style=\"font-family: Arial\"><\/span><\/p>\n<p style=\"text-align: justify\"><span style=\"font-family: Arial\"><\/span><\/p>\n<p><span style=\"font-family: Arial\">La zona arqueol\u00f3gica ubicada en la comunidad Chametla, que fue habitada por la cultura aztatl\u00e1n, naci\u00f3n ind\u00edgena que se extend\u00eda desde el sur de Jalisco hasta el norte de Sinaloa, es uno de los sitios m\u00e1s saqueados de M\u00e9xico, sostuvo Joel Santos Ram\u00edrez, quien encabeza trabajos de rescate en la regi\u00f3n.<o:p><\/o:p><\/span><\/p>\n<p style=\"text-align: justify\"><span style=\"font-family: Arial\"><\/span><\/p>\n<p style=\"text-align: justify\"><span style=\"font-family: Arial\"><\/span><\/p>\n<p><span style=\"font-family: Arial\">El investigador lament\u00f3 el saqueo perpetrado en Chametla, que es una regi\u00f3n llena de vestigios, pero ha sido v\u00edctima de ladrones de piezas arqueol\u00f3gicas desde la d\u00e9cada de los 50, situaci\u00f3n que inici\u00f3 cuando se construy\u00f3 la carretera que llega al pueblo. <o:p><\/o:p><\/span><\/p>\n<p style=\"text-align: justify\"><span style=\"font-family: Arial\"><\/span><\/p>\n<p style=\"text-align: justify\"><span style=\"font-family: Arial\"><\/span><\/p>\n<p><span style=\"font-family: Arial\">La cantidad de hurtos fue tal que al momento apenas se exhiben 300 piezas en el museo comunitario, que se lograron rescatar a partir de que se integr\u00f3 <st1:personname ProductID=\"la Junta Municipal\" w:st=\"on\">la Junta Municipal<\/st1:personname> Proconservaci\u00f3n del Patrimonio Arqueol\u00f3gico, Hist\u00f3rico y Cultural de Rosario, Sinaloa, en 1995.<o:p><\/o:p><\/span><\/p>\n<p style=\"text-align: justify\"><span style=\"font-family: Arial\"><\/span><\/p>\n<p style=\"text-align: justify\"><span style=\"font-family: Arial\"><\/span><\/p>\n<p><span style=\"font-family: Arial\">En el paraje Hacienda El Tamarindo, justo frente al poblado de Chametla,<span>\u00a0 <\/span>durante los trabajos de nivelaci\u00f3n del terreno, se localiz\u00f3 una pieza completa que representa a un var\u00f3n jorobado, hecha con cer\u00e1mica roja y con un recubrimiento que sirve de pulimiento, que le da un color intenso. Tambi\u00e9n se descubrieron urnas funerarias, de valor incalculable, se\u00f1al\u00f3 Joel Santos.<o:p><\/o:p><\/span><\/p>\n<p style=\"text-align: justify\"><span style=\"font-family: Arial\"><\/span><\/p>\n<p><span style=\"font-family: Arial\">Los trabajos de exploraci\u00f3n, en esta zona, apenas iniciaron a finales de junio, debido a que el Instituto Nacional de Antropolog\u00eda e Historia realizaba trabajos de rescate en el \u00e1rea de Malpica, de donde se obtuvieron nuevos informes sobre la cultura totorame.<o:p><\/o:p><\/span><\/p>\n<p style=\"text-align: justify\"><span style=\"font-family: Arial\"><\/span><\/p>\n<p><span style=\"font-family: Arial\">De acuerdo con Santos Ram\u00edrez, los asentamientos en Malpica y Chametla fueron contempor\u00e1neos, por lo que consider\u00f3 la posibilidad de que se pueda encontrar una relaci\u00f3n cultural entre estos dos sitios, en los cuales se observan patrones similares en el tipo de cer\u00e1mica, que data del a\u00f1o 700 de la era actual, as\u00ed como en enterramientos que se realizaban en las faldas de cerros, y en las urnas funerarias, que contienen ofrendas en su interior.<o:p><\/o:p><\/span><\/p>\n<p style=\"text-align: justify\"><span style=\"font-family: Arial\"><\/span><\/p>\n<p><span style=\"font-family: Arial\">Afirm\u00f3 que la historia de la \u00e9poca prehisp\u00e1nica en el sur de Sinaloa est\u00e1 incompleta, pues no se conocen datos para su estudio, adem\u00e1s que durante d\u00e9cadas, los arque\u00f3logos no tomaron en cuenta la cultura ind\u00edgena totorame, que actualmente habita la regi\u00f3n y \u201ctuvo sus ancestros en las culturas antiguas como la aztatl\u00e1n, que desapareci\u00f3 en <st1:metricconverter ProductID=\"1200\u201d\" w:st=\"on\">1200\u201d<\/st1:metricconverter>, si bien los vestigios m\u00e1s recientes conocidos datan del siglo XVII.<o:p><\/o:p><\/span><\/p>\n<p style=\"text-align: justify\"><span style=\"font-family: Arial\"><\/span><\/p>\n<p><span style=\"font-family: Arial\">El arque\u00f3logo del INAH record\u00f3 que los conquistadores espa\u00f1oles no describen en sus cr\u00f3nicas a la cultura ind\u00edgena que habit\u00f3 Sinaloa, ni dejaron testimonios de las tumbas, de los enterramientos, de los dioses adorados en la zona, ni de la alimentaci\u00f3n de los habitantes originales; tampoco de los asentamientos que existieron en Chametla, que fueron de los m\u00e1s grandes en lo que ahora es el territorio sinaloense.<o:p><\/o:p><\/span><\/p>\n<p style=\"text-align: justify\"><span style=\"font-family: Arial\"><\/span><\/p>\n<p><span style=\"font-family: Arial\">\u201cLo que parece raro, es que esta parte tan importante se les haya pasado\u201d, se\u00f1al\u00f3.<o:p><\/o:p><\/span><\/p>\n<p style=\"text-align: justify\"><span style=\"font-family: Arial\"><\/span><\/p>\n<p style=\"text-align: justify\"><span style=\"font-family: Arial\">Seg\u00fan el investigador, <st1:personname ProductID=\"la Hacienda El\" w:st=\"on\">la Hacienda El<\/st1:personname> Tamarindo y el paraje <st1:personname ProductID=\"La Tierra\" w:st=\"on\">La Tierra<\/st1:personname> del Padre son los dos sitios m\u00e1s antiguos de las culturas prehisp\u00e1nicas en el sur de la entidad, incluso anteriores al sitio en que actualmente se ubica el poblado de Chametla, fundado en el siglo XVI, donde al momento se efect\u00faan excavaciones con las cuales se espera aportar m\u00e1s elementos para las investigaciones de la arqueolog\u00eda y de la historia sinaloense<\/span><font face=\"Times New Roman\">.<\/font><\/p>\n","protected":false},"excerpt":{"rendered":"<p>Chametla, v\u00edctima del saqueo y el olvido Irene S\u00e1nchez La zona arqueol\u00f3gica ubicada en la comunidad Chametla, que fue habitada por la cultura aztatl\u00e1n, naci\u00f3n ind\u00edgena que se extend\u00eda desde el sur de Jalisco hasta el norte de Sinaloa, es uno de los sitios m\u00e1s saqueados de M\u00e9xico, sostuvo Joel Santos Ram\u00edrez, quien encabeza trabajos [&hellip;]<\/p>\n","protected":false},"author":249,"featured_media":0,"comment_status":"open","ping_status":"closed","sticky":false,"template":"","format":"standard","meta":{"footnotes":""},"categories":[9],"tags":[],"class_list":["post-665","post","type-post","status-publish","format-standard","hentry","category-otros-lugares"],"_links":{"self":[{"href":"http:\/\/eloficiodehistoriar.com.mx\/index.php?rest_route=\/wp\/v2\/posts\/665","targetHints":{"allow":["GET"]}}],"collection":[{"href":"http:\/\/eloficiodehistoriar.com.mx\/index.php?rest_route=\/wp\/v2\/posts"}],"about":[{"href":"http:\/\/eloficiodehistoriar.com.mx\/index.php?rest_route=\/wp\/v2\/types\/post"}],"author":[{"embeddable":true,"href":"http:\/\/eloficiodehistoriar.com.mx\/index.php?rest_route=\/wp\/v2\/users\/249"}],"replies":[{"embeddable":true,"href":"http:\/\/eloficiodehistoriar.com.mx\/index.php?rest_route=%2Fwp%2Fv2%2Fcomments&post=665"}],"version-history":[{"count":0,"href":"http:\/\/eloficiodehistoriar.com.mx\/index.php?rest_route=\/wp\/v2\/posts\/665\/revisions"}],"wp:attachment":[{"href":"http:\/\/eloficiodehistoriar.com.mx\/index.php?rest_route=%2Fwp%2Fv2%2Fmedia&parent=665"}],"wp:term":[{"taxonomy":"category","embeddable":true,"href":"http:\/\/eloficiodehistoriar.com.mx\/index.php?rest_route=%2Fwp%2Fv2%2Fcategories&post=665"},{"taxonomy":"post_tag","embeddable":true,"href":"http:\/\/eloficiodehistoriar.com.mx\/index.php?rest_route=%2Fwp%2Fv2%2Ftags&post=665"}],"curies":[{"name":"wp","href":"https:\/\/api.w.org\/{rel}","templated":true}]}}