{"id":667,"date":"2008-07-23T13:11:40","date_gmt":"2008-07-23T18:11:40","guid":{"rendered":"https:\/\/eloficiodehistoriar.com.mx\/?p=667"},"modified":"2008-07-23T13:11:40","modified_gmt":"2008-07-23T18:11:40","slug":"miguel-leon-portillaun-mexicano-ejemplar","status":"publish","type":"post","link":"http:\/\/eloficiodehistoriar.com.mx\/?p=667","title":{"rendered":"Miguel Le\u00f3n Portilla&#8230;Un mexicano ejemplar"},"content":{"rendered":"<p><strong><span style=\"font-size: 18pt; color: black; font-family: Arial\">Miguel Le\u00f3n-Portilla<o:p><\/o:p><\/span><\/strong><\/p>\n<p style=\"background: white; margin: 0cm 0cm 1.2pt; line-height: 18pt; text-align: justify\" class=\"MsoNormal\"><strong><span style=\"color: black; font-family: Arial\"><\/span><\/strong><\/p>\n<p style=\"background: white; margin: 0cm 0cm 1.2pt; line-height: 18pt; text-align: justify\" class=\"MsoNormal\"><strong><span style=\"color: black; font-family: Arial\"><\/span><\/strong><\/p>\n<p><strong><span style=\"color: black; font-family: Arial\">Le\u00f3n-Portilla declara que lo que los <a href=\"http:\/\/es.wikipedia.org\/wiki\/Europa\" title=\"Europa\"><span style=\"color: black\">europeos<\/span><\/a> entendieron como dioses, los aztecas lo percib\u00edan como diferentes manifestaciones del dios dual <a href=\"http:\/\/es.wikipedia.org\/wiki\/Ometeotl\" title=\"Ometeotl\"><span style=\"color: black\">Ometeotl\/Omecihuatl<\/span><\/a>, Nuestro se\u00f1or \/Nuestra se\u00f1ora de la dualidad. <o:p><\/o:p><\/span><\/strong><\/p>\n<p style=\"background: white; margin: 0cm 0cm 1.2pt; line-height: 18pt; text-align: justify\" class=\"MsoNormal\"><strong><span style=\"color: black; font-family: Arial\"><\/span><\/strong><\/p>\n<p style=\"background: white; margin: 0cm 0cm 1.2pt; line-height: 18pt; text-align: justify\" class=\"MsoNormal\"><strong><span style=\"color: black; font-family: Arial\"><\/span><\/strong><\/p>\n<p><strong><span style=\"color: black; font-family: Arial\">Esta tesis la ampli\u00f3 en \u201cPensamiento y cultura azteca: estudio de la mente antigua n\u00e1huatl.\u201d. <o:p><\/o:p><\/span><\/strong><\/p>\n<p style=\"background: white; margin: 0cm 0cm 1.2pt; line-height: 18pt; text-align: justify\" class=\"MsoNormal\"><strong><span style=\"font-family: Arial\"><\/span><\/strong><\/p>\n<p style=\"background: white; margin: 0cm 0cm 1.2pt; line-height: 18pt; text-align: justify\" class=\"MsoNormal\"><strong><span style=\"font-family: Arial\"><\/span><\/strong><\/p>\n<p><strong><span style=\"font-family: Arial\">\u201cEl arzobispo de M\u00e9xico Francisco Antonio de Lorenzana, despu\u00e9s cardenal de Toledo, manifest\u00f3 en una carta pastoral que era falta de respeto dirigirse a Dios en las lenguas de los indios\u201d.<\/p>\n<p><\/span><\/strong><strong><span style=\"font-family: Arial\"><o:p><\/o:p><\/span><\/strong><\/p>\n<p style=\"background: white; margin: 0cm 0cm 1.2pt; line-height: 18pt; text-align: justify\" class=\"MsoNormal\"><strong><em><span style=\"color: black; font-family: Arial\"><\/span><\/em><\/strong><\/p>\n<p><strong><em><span style=\"color: black; font-family: Arial\">Su obra \u201c<a href=\"http:\/\/es.wikipedia.org\/w\/index.php?title=La_filosof%C3%ADa_nahuatl_estudiada_en_sus_fuentes&amp;action=edit&amp;redlink=1\" title=\"La filosof\u00eda nahuatl estudiada en sus fuentes (a\u00fan no redactado)\"><span style=\"color: black\">La filosof\u00eda nahuatl estudiada en sus fuentes<\/span><\/a>\u201d<\/span><\/em><\/strong><span style=\"color: black; font-family: Arial\">. Fue su tesis doctoral y desde entonces se ha editado 10 veces y traducido a diversos idiomas como el ingl\u00e9s, el italiano y el alem\u00e1n. <\/span><strong><span style=\"font-family: Arial\"><o:p><\/o:p><\/span><\/strong><\/p>\n<p style=\"background: white; margin: 0cm 0cm 1.2pt; line-height: 18pt; text-align: justify\" class=\"MsoNormal\"><span style=\"color: black; font-family: Arial\"><\/span><\/p>\n<p style=\"background: white; margin: 0cm 0cm 1.2pt; line-height: 18pt; text-align: justify\" class=\"MsoNormal\"><span style=\"color: black; font-family: Arial\"><\/span><\/p>\n<p><span style=\"color: black; font-family: Arial\">Le\u00f3n-Portilla explica que si bien los <a href=\"http:\/\/es.wikipedia.org\/wiki\/Aztecas\" title=\"Aztecas\"><span style=\"color: black\">aztecas<\/span><\/a> no ten\u00edan filosof\u00eda como tal desde el punto de vista moderno, sus <strong><em>tlamatinim\u00ea<\/em> <\/strong>procuraban entender el mundo, haciendo preguntas e indagando al respecto. <o:p><\/o:p><\/span><\/p>\n<p style=\"background: white; margin: 0cm 0cm 1.2pt; line-height: 18pt; text-align: justify\" class=\"MsoNormal\"><strong><em><span style=\"color: black; font-family: Arial\"><\/span><\/em><\/strong><\/p>\n<p style=\"background: white; margin: 0cm 0cm 1.2pt; line-height: 18pt; text-align: justify\" class=\"MsoNormal\"><strong><em><span style=\"color: black; font-family: Arial\"><\/span><\/em><\/strong><\/p>\n<p style=\"background: white; margin: 0cm 0cm 1.2pt; line-height: 18pt; text-align: justify\" class=\"MsoNormal\"><strong><em><span style=\"color: black; font-family: Arial\"><\/span><\/em><\/strong><\/p>\n<p><strong><em><span style=\"color: black; font-family: Arial\"><a href=\"http:\/\/es.wikipedia.org\/wiki\/Visi%C3%B3n_de_los_vencidos\" title=\"Visi\u00f3n de los vencidos\"><span style=\"color: black\">Visi\u00f3n de los vencidos<\/span><\/a><\/span><\/em><\/strong><strong><span style=\"color: black; font-family: Arial\">.<\/span><\/strong><span style=\"color: black; font-family: Arial\"><span>\u00a0 <\/span>Es su obra m\u00e1s popular y m\u00e1s famosa, ya traducida a una docena de idiomas. <o:p><\/o:p><\/span><\/p>\n<p style=\"background: white; margin: 0cm 0cm 1.2pt; line-height: 18pt; text-align: justify\" class=\"MsoNormal\"><span style=\"color: black; font-family: Arial\"><\/span><\/p>\n<p style=\"background: white; margin: 0cm 0cm 1.2pt; line-height: 18pt; text-align: justify\" class=\"MsoNormal\"><span style=\"color: black; font-family: Arial\"><\/span><\/p>\n<p style=\"background: white; margin: 0cm 0cm 1.2pt; line-height: 18pt; text-align: justify\" class=\"MsoNormal\"><span style=\"color: black; font-family: Arial\"><\/span><\/p>\n<p><span style=\"color: black; font-family: Arial\">En este breve libro, Le\u00f3n-Portilla re\u00fane varios fragmentos de la visi\u00f3n nahua de la conquista espa\u00f1ola, desde las premoniciones de <a href=\"http:\/\/es.wikipedia.org\/wiki\/Moctezuma\" title=\"Moctezuma\"><span style=\"color: black\">Moctezuma<\/span><\/a> hasta los \u201ccantos tristes\u201d posteriores a la conquista. <o:p><\/o:p><\/span><\/p>\n<p style=\"background: white; margin: 0cm 0cm 1.2pt; line-height: 18pt; text-align: justify\" class=\"MsoNormal\"><span style=\"color: black; font-family: Arial\"><\/span><\/p>\n<p style=\"background: white; margin: 0cm 0cm 1.2pt; line-height: 18pt; text-align: justify\" class=\"MsoNormal\"><span style=\"color: black; font-family: Arial\"><\/span><\/p>\n<p style=\"background: white; margin: 0cm 0cm 1.2pt; line-height: 18pt; text-align: justify\" class=\"MsoNormal\"><span style=\"color: black; font-family: Arial\"><\/span><\/p>\n<p><span style=\"color: black; font-family: Arial\">Este libro fue seguido por otras recopilaciones de fuentes <a href=\"http:\/\/es.wikipedia.org\/wiki\/Inca\" title=\"Inca\"><span style=\"color: black\">incas<\/span><\/a> y <a href=\"http:\/\/es.wikipedia.org\/wiki\/Maya\" title=\"Maya\"><span style=\"color: black\">mayas<\/span><\/a>. <o:p><\/o:p><\/span><o:p><font face=\"Times New Roman\">\u00a0<\/font><\/o:p><\/p>\n<p style=\"background: white; text-align: justify\"><span style=\"color: black; font-family: Arial\"><\/span><\/p>\n<p><span style=\"color: black; font-family: Arial\">Nacido en <st1:personname ProductID=\"La ????????????????????????????????????????????????????????????????????????????????????????Ciudad\" w:st=\"on\">La <a href=\"http:\/\/es.wikipedia.org\/wiki\/Ciudad_de_M%C3%A9xico\" title=\"Ciudad de M\u00e9xico\"><span style=\"color: black\">Ciudad<\/span><span style=\"color: black\"> de M\u00e9xico<\/span><\/a>; el <a href=\"http:\/\/es.wikipedia.org\/wiki\/22_de_febrero\" title=\"22 de febrero\"><span style=\"color: black\">22 de febrero<\/span><\/a> de <a href=\"http:\/\/es.wikipedia.org\/wiki\/1926\" title=\"1926\"><span style=\"color: black\">1926<\/span><\/a>. <o:p><\/o:p><\/st1:personname><\/span><\/p>\n<p style=\"margin: 4.8pt 0cm 6pt\" class=\"biog\"><span style=\"font-size: 12pt; font-family: Arial\"><\/span><\/p>\n<p><span style=\"font-size: 12pt; font-family: Arial\">Estudi\u00f3 en <st1:personname ProductID=\"la Universidad\" w:st=\"on\">la Universidad<\/st1:personname> de Loyola, en Los \u00c1ngeles, California, donde obtuvo un grado en artes en 1951. <o:p><\/o:p><\/span><\/p>\n<p style=\"margin: 4.8pt 0cm 6pt\" class=\"biog\"><span style=\"font-size: 12pt; font-family: Arial\"><\/span><\/p>\n<p style=\"margin: 4.8pt 0cm 6pt\" class=\"biog\"><span style=\"font-size: 12pt; font-family: Arial\"><\/span><\/p>\n<p style=\"margin: 4.8pt 0cm 6pt\" class=\"biog\"><span style=\"font-size: 12pt; font-family: Arial\"><\/span><\/p>\n<p><span style=\"font-size: 12pt; font-family: Arial\">En 1956 recibi\u00f3 el doctorado en filosof\u00eda por <st1:personname ProductID=\"la ???????????????????????????????????????????????????????????????????????????????????????????????????????????????????????????????????????????Universidad Nacional\" w:st=\"on\">la Universidad Nacional<\/st1:personname> Aut\u00f3noma de M\u00e9xico (UNAM). <o:p><\/o:p><\/span><\/p>\n<p style=\"margin: 4.8pt 0cm 6pt\" class=\"biog\"><span style=\"font-size: 12pt; font-family: Arial\"><\/span><\/p>\n<p style=\"margin: 4.8pt 0cm 6pt\" class=\"biog\"><span style=\"font-size: 12pt; font-family: Arial\"><\/span><\/p>\n<p style=\"margin: 4.8pt 0cm 6pt\" class=\"biog\"><span style=\"font-size: 12pt; font-family: Arial\"><\/span><\/p>\n<p><span style=\"font-size: 12pt; font-family: Arial\">Entre 1955 y 1963 desempe\u00f1\u00f3 los cargos de subdirector y director del Instituto Nacional Indigenista Interamericano. <o:p><\/o:p><\/span><\/p>\n<p style=\"margin: 4.8pt 0cm 6pt\" class=\"biog\"><span style=\"font-size: 12pt; font-family: Arial\"><\/span><\/p>\n<p style=\"margin: 4.8pt 0cm 6pt\" class=\"biog\"><span style=\"font-size: 12pt; font-family: Arial\"><\/span><\/p>\n<p style=\"margin: 4.8pt 0cm 6pt\" class=\"biog\"><span style=\"font-size: 12pt; font-family: Arial\"><\/span><\/p>\n<p><span style=\"font-size: 12pt; font-family: Arial\">Desde 1963 y durante m\u00e1s de una d\u00e9cada fue director del Instituto de Investigaciones Hist\u00f3ricas de <st1:personname ProductID=\"la UNAM\" w:st=\"on\">la UNAM<\/st1:personname> y entre 1974 y 1975 fue nombrado cronista de <st1:personname ProductID=\"La ????????????????????????????????????????????????????????????????????????????????????????Ciudad\" w:st=\"on\">la Ciudad<\/st1:personname> de M\u00e9xico. <o:p><\/o:p><\/span><\/p>\n<p style=\"margin: 4.8pt 0cm 6pt\" class=\"biog\"><span style=\"font-size: 12pt; font-family: Arial\"><\/span><\/p>\n<p style=\"margin: 4.8pt 0cm 6pt\" class=\"biog\"><span style=\"font-size: 12pt; font-family: Arial\"><\/span><\/p>\n<p style=\"margin: 4.8pt 0cm 6pt\" class=\"biog\"><span style=\"font-size: 12pt; font-family: Arial\"><\/span><\/p>\n<p><span style=\"font-size: 12pt; font-family: Arial\">En 1995 ingres\u00f3 a <st1:personname ProductID=\"la Academia Nacional\" w:st=\"on\">la Academia Nacional<\/st1:personname> de Ciencias de Estados Unidos en el \u00e1rea especial de antropolog\u00eda e historia. <o:p><\/o:p><\/span><\/p>\n<p style=\"margin: 4.8pt 0cm 6pt\" class=\"biog\"><span style=\"font-size: 12pt; font-family: Arial\"><\/span><\/p>\n<p style=\"margin: 4.8pt 0cm 6pt\" class=\"biog\"><span style=\"font-size: 12pt; font-family: Arial\"><\/span><\/p>\n<p style=\"margin: 4.8pt 0cm 6pt\" class=\"biog\"><span style=\"font-size: 12pt; font-family: Arial\"><\/span><\/p>\n<p><span style=\"font-size: 12pt; font-family: Arial\">Entre sus libros m\u00e1s importantes cabe destacar <em>La filosof\u00eda n\u00e1huatl<\/em> (1956), <em>La visi\u00f3n de los vencidos<\/em> (1959), <em>Los antiguos mexicanos a trav\u00e9s de sus cr\u00f3nicas y cantares<\/em> (1961), <em>El reverso de <st1:personname ProductID=\"la Conquista\" w:st=\"on\">la Conquista<\/st1:personname><\/em> (1964)<em>, Trece poetas del mundo azteca<\/em> (1967), <em>Nezahualc\u00f3yotl. Poes\u00eda y pensamiento<\/em> (1972)<em>, Literaturas ind\u00edgenas de M\u00e9xico<\/em> (1992) y <em>Quince poetas del mundo n\u00e1huatl<\/em> (1994).<o:p><\/o:p><\/span><\/p>\n<p style=\"background: white; text-align: justify\"><span style=\"color: black; font-family: Arial\"><\/span><\/p>\n<p style=\"background: white; text-align: justify\"><span style=\"color: black; font-family: Arial\"><\/span><\/p>\n<p><span style=\"color: black; font-family: Arial\">Es un <a href=\"http:\/\/es.wikipedia.org\/wiki\/Antropolog%C3%ADa\" title=\"Antropolog\u00eda\"><span style=\"color: black\">antrop\u00f3logo<\/span><\/a> e <a href=\"http:\/\/es.wikipedia.org\/wiki\/Historia\" title=\"Historia\"><span style=\"color: black\">historiador<\/span><\/a> <a href=\"http:\/\/es.wikipedia.org\/wiki\/M%C3%A9xico\" title=\"M\u00e9xico\"><span style=\"color: black\">mexicano<\/span><\/a> y autoridad principal en materia del pensamiento y la literatura <a href=\"http:\/\/es.wikipedia.org\/wiki\/N%C3%A1huatl\" title=\"N\u00e1huatl\"><span style=\"color: black\">n\u00e1huatl<\/span><\/a>. <o:p><\/o:p><\/span><\/p>\n<p style=\"background: white; text-align: justify\"><span style=\"color: black; font-family: Arial\"><\/span><\/p>\n<p style=\"background: white; text-align: justify\"><span style=\"color: black; font-family: Arial\"><\/span><\/p>\n<p><span style=\"color: black; font-family: Arial\">Desde 1988 es investigador em\u00e9rito de <st1:personname ProductID=\"la ???????????????????????????????????????????????????????????????????????????????????????????????????????????????????????????????????????????Universidad Nacional\" w:st=\"on\">la <a href=\"http:\/\/es.wikipedia.org\/wiki\/Universidad_Nacional_Aut%C3%B3noma_de_M%C3%A9xico\" title=\"Universidad Nacional Aut\u00f3noma de M\u00e9xico\"><span style=\"color: black\">Universidad Nacional<\/span><span style=\"color: black\"> Aut\u00f3noma de M\u00e9xico<\/span><\/a>.<o:p><\/o:p><\/st1:personname><\/span><\/p>\n<p style=\"background: white; text-align: justify\"><span style=\"color: black; font-family: Arial\"><\/span><\/p>\n<p><span style=\"color: black; font-family: Arial\">Su tesis doctoral \u00abLa filosof\u00eda n\u00e1huatl estudiada en sus fuentes\u00bb escrita en 1956 bajo la orientaci\u00f3n de un notable nahuatlato, hablante de n\u00e1huatl, el padre <a href=\"http:\/\/es.wikipedia.org\/wiki\/%C3%81ngel_Mar%C3%ADa_Garibay\" title=\"\u00c1ngel Mar\u00eda Garibay\"><span style=\"color: black\">\u00c1ngel Mar\u00eda Garibay<\/span><\/a>. <o:p><\/o:p><\/span><\/p>\n<p style=\"background: white; text-align: justify\"><span style=\"color: black; font-family: Arial\"><\/span><\/p>\n<p><span style=\"color: black; font-family: Arial\">Tambi\u00e9n logr\u00f3 reconocimiento a trav\u00e9s de la traducci\u00f3n, interpretaci\u00f3n y publicaci\u00f3n de varias recopilaciones de obras en n\u00e1huatl.<o:p><\/o:p><\/span><\/p>\n<p style=\"background: white; text-align: justify\"><span style=\"color: black; font-family: Arial\"><\/span><\/p>\n<p><span style=\"color: black; font-family: Arial\">Le\u00f3n-Portilla ha encabezado un movimiento para entender y revaluar la literatura n\u00e1huatl, no s\u00f3lo de la era <a href=\"http:\/\/es.wikipedia.org\/wiki\/Precolombina\" title=\"Precolombina\"><span style=\"color: black\">precolombina<\/span><\/a>, sino tambi\u00e9n la actual, ya que el n\u00e1huatl sigue siendo la lengua materna de 1,5 millones de personas. <o:p><\/o:p><\/span><\/p>\n<p style=\"background: white; text-align: justify\"><span style=\"color: black; font-family: Arial\"><\/span><\/p>\n<p><span style=\"color: black; font-family: Arial\">Ha contribuido a establecer la educaci\u00f3n biling\u00fce rural en M\u00e9xico.<o:p><\/o:p><\/span><\/p>\n<p style=\"background: white; text-align: justify\"><span style=\"color: black; font-family: Arial\"><\/span><\/p>\n<p><span style=\"color: black; font-family: Arial\">Le\u00f3n-Portilla<span>\u00a0 <\/span>ha contribuido a descubrir las obras de Fray <a href=\"http:\/\/es.wikipedia.org\/wiki\/Bernardino_de_Sahag%C3%BAn\" title=\"Bernardino de Sahag\u00fan\"><span style=\"color: black\">Bernardino de Sahag\u00fan<\/span><\/a>, fuente primaria sobre la civilizaci\u00f3n <a href=\"http:\/\/es.wikipedia.org\/wiki\/Azteca\" title=\"Azteca\"><span style=\"color: black\">azteca<\/span><\/a>, a quien pol\u00e9micamente declar\u00f3 primer <a href=\"http:\/\/es.wikipedia.org\/wiki\/Antropolog%C3%ADa\" title=\"Antropolog\u00eda\"><span style=\"color: black\">antrop\u00f3logo<\/span><\/a> de los nahuas. <o:p><\/o:p><\/span><\/p>\n<p style=\"background: white; text-align: justify\"><span style=\"color: black; font-family: Arial\"><\/span><\/p>\n<p><span style=\"color: black; font-family: Arial\">Sahag\u00fan registr\u00f3 el conocimiento de los sabios nahuas (<em>tlamatinim\u00ea<\/em>) en lengua vern\u00e1cula. <o:p><\/o:p><\/span><\/p>\n<p style=\"background: white; text-align: justify\"><span style=\"color: black; font-family: Arial\"><\/span><\/p>\n<p><span style=\"color: black; font-family: Arial\">A solicitud de las autoridades <a href=\"http:\/\/es.wikipedia.org\/wiki\/Espa%C3%B1a\" title=\"Espa\u00f1a\"><span style=\"color: black\">espa\u00f1olas<\/span><\/a>, escribi\u00f3 en <a href=\"http:\/\/es.wikipedia.org\/wiki\/Idioma_espa%C3%B1ol\" title=\"Idioma espa\u00f1ol\"><span style=\"color: black\">castellano<\/span><\/a> una versi\u00f3n de dicho conocimiento en su <a href=\"http:\/\/es.wikipedia.org\/wiki\/Historia_general_de_las_cosas_de_la_Nueva_Espa%C3%B1a\" title=\"Historia general de las cosas de la Nueva Espa\u00f1a\"><span style=\"color: black\">Historia general de las cosas de la Nueva Espa\u00f1a<\/span><\/a>, pero su obra original, el <a href=\"http:\/\/es.wikipedia.org\/wiki\/C%C3%B3dice_Florentino\" title=\"C\u00f3dice Florentino\"><span style=\"color: black\">C\u00f3dice Florentino<\/span><\/a>, nunca se public\u00f3. <o:p><\/o:p><\/span><\/p>\n<p style=\"background: white; text-align: justify\"><span style=\"color: black; font-family: Arial\"><\/span><\/p>\n<p><span style=\"color: black; font-family: Arial\">Antes de Le\u00f3n-Portilla, el c\u00f3dice hab\u00eda sido traducido s\u00f3lo una vez al <a href=\"http:\/\/es.wikipedia.org\/wiki\/Alem%C3%A1n\" title=\"Alem\u00e1n\"><span style=\"color: black\">alem\u00e1n<\/span><\/a>, y a\u00fan esa versi\u00f3n era incompleta.<o:p><\/o:p><\/span><\/p>\n<p style=\"background: white; text-align: justify\"><span style=\"color: black; font-family: Arial\"><\/span><\/p>\n<p><span style=\"color: black; font-family: Arial\">Le\u00f3n-Portilla nos brinda una comprensi\u00f3n de la figura de <a href=\"http:\/\/es.wikipedia.org\/wiki\/Tlaca%C3%A9lel\" title=\"Tlaca\u00e9lel\"><span style=\"color: black\">Tlaca\u00e9lel<\/span><\/a>. Originalmente nombre turbio en algunas cr\u00f3nicas, hoy se ve a Tlaca\u00e9lel como arquitecto del <a href=\"http:\/\/es.wikipedia.org\/wiki\/Imperio_Azteca\" title=\"Imperio Azteca\"><span style=\"color: black\">Imperio Azteca<\/span><\/a>.<o:p><\/o:p><\/span><\/p>\n<p style=\"background: white; text-align: justify\"><span style=\"color: black; font-family: Arial\"><\/span><\/p>\n<p><span style=\"color: black; font-family: Arial\">Le\u00f3n-Portilla ha merecido varios t\u00edtulos acad\u00e9micos y condecoraciones, como el XV <a href=\"http:\/\/es.wikipedia.org\/wiki\/Premio_Internacional_Men%C3%A9ndez_Pelayo\" title=\"Premio Internacional Men\u00e9ndez Pelayo\"><span style=\"color: black\">Premio Internacional Men\u00e9ndez Pelayo<\/span><\/a> en el <a href=\"http:\/\/es.wikipedia.org\/wiki\/2001\" title=\"2001\"><span style=\"color: black\">2001<\/span><\/a>. <o:p><\/o:p><\/span><\/p>\n<p style=\"background: white; text-align: justify\"><span style=\"color: black; font-family: Arial\"><\/span><\/p>\n<p><span style=\"color: black; font-family: Arial\">Su disc\u00edpulo m\u00e1s destacado es el mexicano-franc\u00e9s Patrick Johansson, autor de <em>La palabra de los Aztecas<\/em>.<o:p><\/o:p><\/span><a name=\"Principales_campos_de_investigaci.C3.B3n\"><\/a><span style=\"font-size: 10pt; color: black; font-family: Wingdings\"><span><span style=\"font: 7pt 'Times New Roman'\">\u00a0\u00a0\u00a0\u00a0\u00a0\u00a0\u00a0<\/span><\/span><\/span><span style=\"color: black; font-family: Arial\"><o:p>\u00a0<\/o:p><\/span><span style=\"font-size: 10pt; color: black; font-family: Wingdings\"><span><span style=\"font: 7pt 'Times New Roman'\">\u00a0\u00a0\u00a0\u00a0\u00a0\u00a0\u00a0<\/span><\/span><\/span><span style=\"color: black; font-family: Arial\"><o:p>\u00a0<\/o:p><\/span><span style=\"font-size: 10pt; color: black; font-family: Wingdings\"><span><img loading=\"lazy\" decoding=\"async\" width=\"13\" src=\"http:\/\/null\/PicExportError\" alt=\"*\" height=\"13\" \/><span style=\"font: 7pt 'Times New Roman'\">\u00a0\u00a0\u00a0\u00a0\u00a0\u00a0 <\/span><\/span><\/span><strong><span style=\"color: black; font-family: Arial\">Sus principales campos en la investigaci\u00f3n han sido:<o:p><\/o:p><\/span><\/strong><span style=\"font-size: 10pt; color: black; font-family: Wingdings\"><span><img loading=\"lazy\" decoding=\"async\" width=\"11\" src=\"http:\/\/null\/PicExportError\" alt=\"*\" height=\"11\" \/><span style=\"font: 7pt 'Times New Roman'\">\u00a0\u00a0\u00a0\u00a0\u00a0\u00a0 <\/span><\/span><\/span><em><span style=\"font-size: 10pt; color: black; font-family: Arial\">Las culturas prehisp\u00e1nicas del centro de M\u00e9xico. <o:p><\/o:p><\/span><\/em><span style=\"font-size: 10pt; color: black; font-family: Wingdings\"><span><img loading=\"lazy\" decoding=\"async\" width=\"11\" src=\"http:\/\/null\/PicExportError\" alt=\"*\" height=\"11\" \/><span style=\"font: 7pt 'Times New Roman'\">\u00a0\u00a0\u00a0\u00a0\u00a0\u00a0 <\/span><\/span><\/span><em><span style=\"font-size: 10pt; color: black; font-family: Arial\">Lengua y literatura n\u00e1huatl, y contenido de c\u00f3dices ind\u00edgenas. <o:p><\/o:p><\/span><\/em><span style=\"font-size: 10pt; color: black; font-family: Wingdings\"><span><img loading=\"lazy\" decoding=\"async\" width=\"11\" src=\"http:\/\/null\/PicExportError\" alt=\"*\" height=\"11\" \/><span style=\"font: 7pt 'Times New Roman'\">\u00a0\u00a0\u00a0\u00a0\u00a0\u00a0 <\/span><\/span><\/span><em><span style=\"font-size: 10pt; color: black; font-family: Arial\">Defensa de los derechos ind\u00edgenas. <o:p><\/o:p><\/span><\/em><span style=\"font-size: 10pt; color: black; font-family: Wingdings\"><span><img loading=\"lazy\" decoding=\"async\" width=\"11\" src=\"http:\/\/null\/PicExportError\" alt=\"*\" height=\"11\" \/><span style=\"font: 7pt 'Times New Roman'\">\u00a0\u00a0\u00a0\u00a0\u00a0\u00a0 <\/span><\/span><\/span><em><span style=\"font-size: 10pt; color: black; font-family: Arial\">Humanismo hisp\u00e1nico en M\u00e9xico. <o:p><\/o:p><\/span><\/em><span style=\"font-size: 10pt; color: black; font-family: Wingdings\"><span><img loading=\"lazy\" decoding=\"async\" width=\"11\" src=\"http:\/\/null\/PicExportError\" alt=\"*\" height=\"11\" \/><span style=\"font: 7pt 'Times New Roman'\">\u00a0\u00a0\u00a0\u00a0\u00a0\u00a0 <\/span><\/span><\/span><em><span style=\"font-size: 10pt; color: black; font-family: Arial\">Etnohistoria de Baja California. <o:p><\/o:p><\/span><\/em><span style=\"font-size: 10pt; color: black; font-family: Wingdings\"><span><img loading=\"lazy\" decoding=\"async\" width=\"11\" src=\"http:\/\/null\/PicExportError\" alt=\"*\" height=\"11\" \/><span style=\"font: 7pt 'Times New Roman'\">\u00a0\u00a0\u00a0\u00a0\u00a0\u00a0 <\/span><\/span><\/span><em><span style=\"font-size: 10pt; color: black; font-family: Arial\">Interrelaciones culturales entre el noroeste de M\u00e9xico y el suroeste de Estados Unidos. <o:p><\/o:p><\/span><\/em><\/p>\n<p style=\"background: white; margin: 0cm 0cm 1.2pt; line-height: 18pt; text-align: justify\" class=\"MsoNormal\"><st1:personname ProductID=\"La Muerte\" w:st=\"on\"><strong><em><span style=\"font-size: 10pt; color: black; font-family: Arial\">\u00a0<\/span><\/em><\/strong><\/st1:personname><\/p>\n<p style=\"background: white; margin: 0cm 0cm 1.2pt; line-height: 18pt; text-align: justify\" class=\"MsoNormal\"><st1:personname ProductID=\"La Muerte\" w:st=\"on\"><strong><em><span style=\"font-size: 10pt; color: black; font-family: Arial\">\u00a0<\/span><\/em><\/strong><\/st1:personname><\/p>\n<p style=\"background: white; margin: 0cm 0cm 1.2pt; line-height: 18pt; text-align: justify\" class=\"MsoNormal\"><st1:personname ProductID=\"La Muerte\" w:st=\"on\"><strong><em><span style=\"font-size: 10pt; color: black; font-family: Arial\">\u00a0<\/span><\/em><\/strong><\/st1:personname><\/p>\n<p><st1:personname ProductID=\"La Muerte\" w:st=\"on\"><strong><em><span style=\"font-size: 10pt; color: black; font-family: Arial\">La Muerte<\/span><\/em><\/strong><\/st1:personname><strong><em><span style=\"font-size: 10pt; color: black; font-family: Arial\"> de una lengua<o:p><\/o:p><\/span><\/em><\/strong><\/p>\n<p style=\"background: white; margin: 0cm 0cm 1.2pt; line-height: 18pt\" class=\"MsoNormal\"><span style=\"font-size: 10pt; font-family: Arial\"><\/span><\/p>\n<p style=\"background: white; margin: 0cm 0cm 1.2pt; line-height: 18pt\" class=\"MsoNormal\"><span style=\"font-size: 10pt; font-family: Arial\"><\/span><\/p>\n<p style=\"background: white; margin: 0cm 0cm 1.2pt; line-height: 18pt\" class=\"MsoNormal\"><span style=\"font-size: 10pt; font-family: Arial\">\u00a0\u00a0\u00a0\u00a0\u00a0Cuando muere una lengua Ihcuac tlahtolli ye miqui<br \/>\n\u00a0\u00a0\u00a0\u00a0\u00a0las cosas divinas, mochi in teoyotl,<br \/>\n\u00a0\u00a0\u00a0\u00a0\u00a0estrellas, sol y luna, cicitlaltin, tonatiuh ihuan metztli,<br \/>\n\u00a0\u00a0\u00a0\u00a0\u00a0las cosas humanas, mochi in tlacayotl,<br \/>\n\u00a0\u00a0\u00a0\u00a0\u00a0pensar y sentir, neyolnonotzaliztli ihuan huelicamatiliztli,<br \/>\n\u00a0\u00a0\u00a0\u00a0\u00a0no se reflejan ya ayocmo neci<br \/>\n\u00a0\u00a0\u00a0\u00a0\u00a0en ese espejo. inon tezcapan.<br \/>\n\u00a0\u00a0\u00a0\u00a0\u00a0Cuando muere una lengua Ihcuac tlahtolli ye miqui,<br \/>\n\u00a0\u00a0\u00a0\u00a0\u00a0todo lo que hay en el mundo, mochi tlamantli in cemanahuac,<br \/>\n\u00a0\u00a0\u00a0\u00a0\u00a0mares y r\u00edos, teoatl, atoyatl,<br \/>\n\u00a0\u00a0\u00a0\u00a0\u00a0animales y plantas, yolcame, cuauhtin ihuan xihuitl<br \/>\n\u00a0\u00a0\u00a0\u00a0\u00a0ni se piensan, ni pronuncian ayocmo nemililoh, ayocmo tenehualoh,<br \/>\n\u00a0\u00a0\u00a0\u00a0\u00a0con atisbos y sonidos tlachializtica ihuan caquiliztica<br \/>\n\u00a0\u00a0\u00a0\u00a0\u00a0que no existen ya. ayocmo nemih.<br \/>\n\u00a0\u00a0\u00a0\u00a0\u00a0\u00a0<br \/>\n<\/span><\/p>\n<p style=\"background: white; margin: 0cm 0cm 1.2pt; line-height: 18pt\" class=\"MsoNormal\"><span style=\"font-size: 10pt; font-family: Arial\"><\/span><\/p>\n<p><span style=\"font-size: 10pt; font-family: Arial\">\u00a0\u00a0\u00a0\u00a0\u00a0Cuando muere una lengua Ihcuac tlahtolli ye miqui,<br \/>\n\u00a0\u00a0\u00a0\u00a0\u00a0para siempre se cierran cemihcac motzacuah<br \/>\n\u00a0\u00a0\u00a0\u00a0\u00a0a todos los pueblos del mundo nohuian altepepan<br \/>\n\u00a0\u00a0\u00a0\u00a0\u00a0una ventana, una puerta, in tlanexillotl, in quixohuayan,<br \/>\n\u00a0\u00a0\u00a0\u00a0\u00a0un asomarse in ye tlamahuizolo<br \/>\n\u00a0\u00a0\u00a0\u00a0\u00a0de modo distinto occetica<br \/>\n\u00a0\u00a0\u00a0\u00a0\u00a0a cuanto es ser y vida en la tierra. in mochi mani ihuan yoli in tlalticpac.<br \/>\n\u00a0\u00a0\u00a0\u00a0\u00a0Cuando muere una lengua, Ihcuac tlahtolli ye miqui,<br \/>\n\u00a0\u00a0\u00a0\u00a0\u00a0sus palabras de amor, itlazohticatlahtol,<br \/>\n\u00a0\u00a0\u00a0\u00a0\u00a0entonaci\u00f3n de dolor y querencia, imehualizeltemiliztli ihuan tetlazoltlaliztli,<br \/>\n\u00a0\u00a0\u00a0\u00a0\u00a0tal vez viejos cantos, ahzo huehueh cuicatl,<br \/>\n\u00a0\u00a0\u00a0\u00a0\u00a0relatos, discursos, plegarias, ahnozo tlahtolli, tlatlauhtiliztli,<br \/>\n\u00a0\u00a0\u00a0\u00a0\u00a0nadie, cual fueron, amaca, in yuh ocatcah,<br \/>\n\u00a0\u00a0\u00a0\u00a0\u00a0alcanzar\u00e1 a repetir. hueliz occepa quintequixtiz.<br \/>\n\u00a0\u00a0\u00a0\u00a0\u00a0Cuando muere una lengua, Ihcuac tlahtolli ye miqui,<br \/>\n\u00a0\u00a0\u00a0\u00a0\u00a0ya muchas han muerto occequintin ye omiqueh<br \/>\n\u00a0\u00a0\u00a0\u00a0\u00a0y muchas pueden morir. ihuan miec huel miquizqueh.<br \/>\n\u00a0\u00a0\u00a0\u00a0\u00a0Espejos para siempre quebrados, Tezcatl mianiz puztequi,<br \/>\n\u00a0\u00a0\u00a0\u00a0\u00a0sombra de voces netzatzililiztli icehuallo<br \/>\n\u00a0\u00a0\u00a0\u00a0\u00a0para siempre acalladas: cemihcac necahualoh:<br \/>\n\u00a0\u00a0\u00a0\u00a0\u00a0la humanidad se empobrece. totlacayo motolinia. &#8211;<\/span><span style=\"color: black; font-family: Arial\"><o:p><\/o:p><\/span><\/p>\n<p align=\"center\" style=\"background: white; margin: 0cm 0cm 1.2pt; line-height: 18pt; text-align: center\" class=\"MsoNormal\"><strong><span style=\"font-size: 10pt; color: black; font-family: Arial\"><\/span><\/strong><\/p>\n<p align=\"center\" style=\"background: white; margin: 0cm 0cm 1.2pt; line-height: 18pt; text-align: center\" class=\"MsoNormal\"><strong><span style=\"font-size: 10pt; color: black; font-family: Arial\"><\/span><\/strong><\/p>\n<p><strong><span style=\"font-size: 10pt; color: black; font-family: Arial\">Miguel Le\u00f3n Portilla<o:p><\/o:p><\/span><\/strong><strong><em><span style=\"font-size: 10pt; color: black; font-family: Arial\"><o:p>\u00a0<\/o:p><\/span><\/em><\/strong><em><span style=\"font-size: 10pt; color: black; font-family: Arial\"><o:p>\u00a0<\/o:p><\/span><\/em><\/p>\n<p style=\"background: white; margin: 0cm 0cm 1.2pt; line-height: 18pt; text-align: justify\" class=\"MsoNormal\"><a name=\"Cargos_acad.C3.A9micos\"><\/a><strong><span style=\"color: black; font-family: Arial\"><\/span><\/strong><\/p>\n<p style=\"background: white; margin: 0cm 0cm 1.2pt; line-height: 18pt; text-align: justify\" class=\"MsoNormal\"><strong><span style=\"color: black; font-family: Arial\"><\/span><\/strong><\/p>\n<p><strong><span style=\"color: black; font-family: Arial\">Ha sido tambi\u00e9n:<o:p><\/o:p><\/span><\/strong><\/p>\n<p style=\"background: white; margin: 0cm 0cm 1.2pt; line-height: 18pt; text-align: justify\" class=\"MsoNormal\"><span style=\"font-size: 10pt; color: black; font-family: Arial\"><\/span><\/p>\n<p style=\"background: white; margin: 0cm 0cm 1.2pt; line-height: 18pt; text-align: justify\" class=\"MsoNormal\"><span style=\"font-size: 10pt; color: black; font-family: Arial\"><\/span><\/p>\n<p style=\"background: white; margin: 0cm 0cm 1.2pt; line-height: 18pt; text-align: justify\" class=\"MsoNormal\"><span style=\"font-size: 10pt; color: black; font-family: Arial\"><\/span><\/p>\n<p><span style=\"font-size: 10pt; color: black; font-family: Arial\">Profesor en <st1:personname ProductID=\"la Facultad\" w:st=\"on\">la Facultad<\/st1:personname> de Filosof\u00eda y Letras de <st1:personname ProductID=\"la ???????????????????????????????????????????????????????????????????????????????????????????????????????????????????????????????????????????Universidad Nacional\" w:st=\"on\">la Universidad Nacional<\/st1:personname> Aut\u00f3noma de M\u00e9xico (1957-). <\/span><strong><span style=\"color: black; font-family: Arial\"><o:p><\/o:p><\/span><\/strong><\/p>\n<p style=\"background: white; margin: 0cm 0cm 1.2pt; line-height: 18pt; text-align: justify\" class=\"MsoNormal\"><span style=\"font-size: 10pt; color: black; font-family: Arial\"><\/span><\/p>\n<p style=\"background: white; margin: 0cm 0cm 1.2pt; line-height: 18pt; text-align: justify\" class=\"MsoNormal\"><span style=\"font-size: 10pt; color: black; font-family: Arial\"><\/span><\/p>\n<p><span style=\"font-size: 10pt; color: black; font-family: Arial\">Director del Instituto Indigenista Interamericano (1960-1966). <o:p><\/o:p><\/span><\/p>\n<p style=\"background: white; margin: 0cm 0cm 1.2pt; line-height: 18pt; text-align: justify\" class=\"MsoNormal\"><span style=\"font-size: 10pt; color: black; font-family: Arial\"><\/span><\/p>\n<p style=\"background: white; margin: 0cm 0cm 1.2pt; line-height: 18pt; text-align: justify\" class=\"MsoNormal\"><span style=\"font-size: 10pt; color: black; font-family: Arial\"><\/span><\/p>\n<p style=\"background: white; margin: 0cm 0cm 1.2pt; line-height: 18pt; text-align: justify\" class=\"MsoNormal\"><span style=\"font-size: 10pt; color: black; font-family: Arial\"><\/span><\/p>\n<p><span style=\"font-size: 10pt; color: black; font-family: Arial\">Director del Instituto de Investigaciones Hist\u00f3ricas, Universidad Nacional Aut\u00f3noma de M\u00e9xico (1966-1976). <o:p><\/o:p><\/span><\/p>\n<p style=\"background: white; margin: 0cm 0cm 1.2pt; line-height: 18pt; text-align: justify\" class=\"MsoNormal\"><span style=\"font-size: 10pt; color: black; font-family: Arial\"><\/span><\/p>\n<p><span style=\"font-size: 10pt; color: black; font-family: Arial\">Miembro de <st1:personname ProductID=\"la Junta\" w:st=\"on\">la Junta<\/st1:personname> de Gobierno de <st1:personname ProductID=\"la ???????????????????????????????????????????????????????????????????????????????????????????????????????????????????????????????????????????Universidad Nacional\" w:st=\"on\">la Universidad Nacional<\/st1:personname> Aut\u00f3noma de M\u00e9xico (1976-1986). <o:p><\/o:p><\/span><\/p>\n<p style=\"background: white; margin: 0cm 0cm 1.2pt; line-height: 18pt; text-align: justify\" class=\"MsoNormal\"><span style=\"font-size: 10pt; color: black; font-family: Arial\"><\/span><\/p>\n<p><span style=\"font-size: 10pt; color: black; font-family: Arial\">Investigador, Instituto de Investigaciones Hist\u00f3ricas, Universidad Nacional Aut\u00f3noma de M\u00e9xico (1957). <o:p><\/o:p><\/span><\/p>\n<p style=\"background: white; margin: 0cm 0cm 1.2pt; line-height: 18pt; text-align: justify\" class=\"MsoNormal\"><span style=\"font-size: 10pt; color: black; font-family: Arial\"><\/span><\/p>\n<p><span style=\"font-size: 10pt; color: black; font-family: Arial\">Investigador em\u00e9rito de <st1:personname ProductID=\"la ???????????????????????????????????????????????????????????????????????????????????????????????????????????????????????????????????????????Universidad Nacional\" w:st=\"on\">la Universidad Nacional<\/st1:personname> Aut\u00f3noma de M\u00e9xico (1988). <o:p><\/o:p><\/span><\/p>\n<p style=\"background: white; margin: 0cm 0cm 1.2pt; line-height: 18pt; text-align: justify\" class=\"MsoNormal\"><span style=\"font-size: 10pt; color: black; font-family: Arial\"><\/span><\/p>\n<p><span style=\"font-size: 10pt; color: black; font-family: Arial\">Editor de Estudios de Cultura N\u00e1huatl UNAM, (1959). <o:p><\/o:p><\/span><\/p>\n<p style=\"background: white; margin: 0cm 0cm 1.2pt; line-height: 18pt; text-align: justify\" class=\"MsoNormal\"><span style=\"font-size: 10pt; color: black; font-family: Arial\"><\/span><\/p>\n<p><span style=\"font-size: 10pt; color: black; font-family: Arial\">Ha publicado 37 vol\u00famenes<\/span><span style=\"color: black; font-family: Arial\">. <o:p><\/o:p><\/span><\/p>\n<p style=\"background: white; margin: 0cm 0cm 1.2pt; line-height: 18pt; text-align: justify\" class=\"MsoNormal\"><a name=\"Doctorados_Honoris_Causa_recibidos\"><\/a><strong><span style=\"color: black; font-family: Arial\"><\/span><\/strong><\/p>\n<p style=\"background: white; margin: 0cm 0cm 1.2pt; line-height: 18pt; text-align: justify\" class=\"MsoNormal\"><strong><span style=\"color: black; font-family: Arial\"><\/span><\/strong><\/p>\n<p style=\"background: white; margin: 0cm 0cm 1.2pt; line-height: 18pt; text-align: justify\" class=\"MsoNormal\"><strong><span style=\"color: black; font-family: Arial\"><\/span><\/strong><\/p>\n<p><strong><span style=\"color: black; font-family: Arial\">Ha recibido diferentes reconocimiento acad\u00e9micos como los doctorados:<o:p><\/o:p><\/span><\/strong><span style=\"font-size: 10pt; color: black; font-family: Wingdings\"><span><img loading=\"lazy\" decoding=\"async\" width=\"11\" src=\"http:\/\/null\/PicExportError\" alt=\"*\" height=\"11\" \/><span style=\"font: 7pt 'Times New Roman'\">\u00a0\u00a0\u00a0\u00a0\u00a0\u00a0 <\/span><\/span><\/span><strong><em><span style=\"font-size: 10pt; color: black; font-family: Arial\"><o:p>\u00a0<\/o:p><\/span><\/em><\/strong><\/p>\n<p style=\"background: white; margin: 0cm 0cm 1.2pt; line-height: 18pt; text-align: justify\" class=\"MsoNormal\"><em><span style=\"font-size: 10pt; color: black; font-family: Arial\" lang=\"EN-US\"><\/span><\/em><\/p>\n<p style=\"background: white; margin: 0cm 0cm 1.2pt; line-height: 18pt; text-align: justify\" class=\"MsoNormal\"><em><span style=\"font-size: 10pt; color: black; font-family: Arial\" lang=\"EN-US\"><\/span><\/em><\/p>\n<p><em><span style=\"font-size: 10pt; color: black; font-family: Arial\" lang=\"EN-US\">Doctor Humane Letters, Southern Methodist University, Dallas, Tex., 18 mayo de 1980. <o:p><\/o:p><\/span><\/em><em><span style=\"font-size: 10pt; color: black; font-family: Arial\">Doctor Honoris Causa (Philosophy), Universidad de Tel Aviv, 27 de mayo de 1987. <o:p><\/o:p><\/span><\/em><em><span style=\"font-size: 10pt; color: black; font-family: Arial\">Doctor Honoris Causa (Historia), Universidad Aut\u00f3noma de Baja California, 22 de febrero de 1990. <o:p><\/o:p><\/span><\/em><em><span style=\"font-size: 10pt; color: black; font-family: Arial\">Doctor Honoris Causa (Histoire), Universit\u00e9 Toulouse Le Mirail, Francia, Toulouse, 21 de mayo de 1990. <o:p><\/o:p><\/span><\/em><em><span style=\"font-size: 10pt; color: black; font-family: Arial\">Doctor Honoris Causa, Universidad de Colima, 22 de septiembre de 1994. <o:p><\/o:p><\/span><\/em><em><span style=\"font-size: 10pt; color: black; font-family: Arial\">Doctor Honoris Causa, Universidad Mayor de San Andr\u00e9s, <st1:personname ProductID=\"La Paz\" w:st=\"on\">La Paz<\/st1:personname>, Bolivia, 25 de octubre de 1994. <o:p><\/o:p><\/span><\/em><em><span style=\"font-size: 10pt; color: black; font-family: Arial\" lang=\"EN-US\">Doctor Honoris Causa, Brown University, Providence, Rodhe Island, octubre, 1996. <o:p><\/o:p><\/span><\/em><em><span style=\"font-size: 10pt; color: black; font-family: Arial\">Doctor Honoris Causa, Universidad Nacional Aut\u00f3noma de M\u00e9xico, octubre 15 de 1998. <o:p><\/o:p><\/span><\/em><em><span style=\"font-size: 10pt; color: black; font-family: Arial\">Doctor Honoris Causa, Universidad Carolina de Praga, 27 de mayo de 2000. <o:p><\/o:p><\/span><\/em><em><span style=\"font-size: 10pt; color: black; font-family: Arial\">Doctor Honoris Causa, University State San Diego, abril 2002. <o:p><\/o:p><\/span><\/em><em><span style=\"font-size: 10pt; color: black; font-family: Arial\">Doctor Honoris Causa, Universidad Iberom\u00e9ricana, M\u00e9xico, D. F., noviembre 2002. Doctor Honoris Causa, Pontificia Universidad Cat\u00f3lica del Per\u00fa, Lima, Per\u00fa, abril 2003. <o:p><\/o:p><\/span><\/em><em><span style=\"font-size: 10pt; color: black; font-family: Arial\">Doctor Honoris Causa, Universidad Aut\u00f3noma del Estado de Hidalgo UAEH), Pachuca, 21 de noviembre de 2007. <o:p><\/o:p><\/span><\/em><\/p>\n<p style=\"background: white; margin: 0cm 0cm 1.2pt; line-height: 18pt; text-align: justify\" class=\"MsoNormal\"><span style=\"font-size: 11pt; font-family: Arial\"><\/span><\/p>\n<p style=\"background: white; margin: 0cm 0cm 1.2pt; line-height: 18pt; text-align: justify\" class=\"MsoNormal\"><span style=\"font-size: 11pt; font-family: Arial\"><\/span><\/p>\n<p style=\"background: white; margin: 0cm 0cm 1.2pt; line-height: 18pt; text-align: justify\" class=\"MsoNormal\"><span style=\"font-size: 11pt; font-family: Arial\"><\/span><\/p>\n<p><span style=\"font-size: 11pt; font-family: Arial\">Recordar\u00e9 un hecho que mucho ata\u00f1e a la lengua espa\u00f1ola, que cerca de 400 millones de mujeres y hombres tenemos como materna.<o:p><\/o:p><\/span><\/p>\n<p style=\"background: white; margin: 0cm 0cm 1.2pt; line-height: 18pt; text-align: justify\" class=\"MsoNormal\"><span style=\"font-size: 11pt; font-family: Arial\"><\/span><\/p>\n<p style=\"background: white; margin: 0cm 0cm 1.2pt; line-height: 18pt; text-align: justify\" class=\"MsoNormal\"><span style=\"font-size: 11pt; font-family: Arial\"><\/span><\/p>\n<p><span style=\"font-size: 11pt; font-family: Arial\">El que llamar\u00e9 romance castellano se fue formando a partir sobre todo del lat\u00edn, haciendo suyos a la vez elementos de otras lenguas.<o:p><\/o:p><\/span><\/p>\n<p style=\"background: white; margin: 0cm 0cm 1.2pt; line-height: 18pt; text-align: justify\" class=\"MsoNormal\"><span style=\"font-size: 11pt; font-family: Arial\"><span><\/span><\/span><\/p>\n<p style=\"background: white; margin: 0cm 0cm 1.2pt; line-height: 18pt; text-align: justify\" class=\"MsoNormal\"><span style=\"font-size: 11pt; font-family: Arial\"><span><\/span><\/span><\/p>\n<p><span style=\"font-size: 11pt; font-family: Arial\"><span>\u00a0<\/span>De ello dan testimonio sus helenismos, hebra\u00edsmos, arabismos y ger-<br \/>\nmanismos, para s\u00f3lo nombrar los m\u00e1s obvios. <o:p><\/o:p><\/span><span style=\"font-size: 11pt; font-family: Arial\">Tambi\u00e9n se fue formando al lado de otras lenguas. <o:p><\/o:p><\/span><\/p>\n<p style=\"background: white; margin: 0cm 0cm 1.2pt; line-height: 18pt; text-align: justify\" class=\"MsoNormal\"><span style=\"font-size: 11pt; font-family: Arial\"><\/span><\/p>\n<p style=\"background: white; margin: 0cm 0cm 1.2pt; line-height: 18pt; text-align: justify\" class=\"MsoNormal\"><span style=\"font-size: 11pt; font-family: Arial\"><\/span><\/p>\n<p><span style=\"font-size: 11pt; font-family: Arial\">Me refiero a su coexistencia con el eusquera o vasco, a su proximidad con el galaicoportugu\u00e9s, el aragon\u00e9s, el catal\u00e1n y aun el occitano, el franc\u00e9s o el italiano. <o:p><\/o:p><\/span><\/p>\n<p style=\"background: white; margin: 0cm 0cm 1.2pt; line-height: 18pt; text-align: justify\" class=\"MsoNormal\"><span style=\"font-size: 11pt; font-family: Arial\"><\/span><\/p>\n<p style=\"background: white; margin: 0cm 0cm 1.2pt; line-height: 18pt; text-align: justify\" class=\"MsoNormal\"><span style=\"font-size: 11pt; font-family: Arial\"><\/span><\/p>\n<p><span style=\"font-size: 11pt; font-family: Arial\">De esas lenguas, varias tambi\u00e9n en proceso de formaci\u00f3n, tom\u00f3 el romance de Castilla no pocos elementos en su l\u00e9xico, morfolog\u00eda y sintaxis.<br \/>\n\u00a0\u00a0\u00a0\u00a0\u00a0<o:p><\/o:p><\/span><\/p>\n<p style=\"background: white; margin: 0cm 0cm 1.2pt; line-height: 18pt; text-align: justify\" class=\"MsoNormal\"><span style=\"font-size: 11pt; font-family: Arial\"><\/span><\/p>\n<p style=\"background: white; margin: 0cm 0cm 1.2pt; line-height: 18pt; text-align: justify\" class=\"MsoNormal\"><span style=\"font-size: 11pt; font-family: Arial\"><\/span><\/p>\n<p><span style=\"font-size: 11pt; font-family: Arial\">Traigo esto a la memoria porque quiero fijar la atenci\u00f3n en lo que ha ocurrido y ocurre hoy al espa\u00f1ol en su situaci\u00f3n de contacto con diversas lenguas. <o:p><\/o:p><\/span><\/p>\n<p style=\"background: white; margin: 0cm 0cm 1.2pt; line-height: 18pt; text-align: justify\" class=\"MsoNormal\"><span style=\"font-size: 11pt; font-family: Arial\"><\/span><\/p>\n<p style=\"background: white; margin: 0cm 0cm 1.2pt; line-height: 18pt; text-align: justify\" class=\"MsoNormal\"><span style=\"font-size: 11pt; font-family: Arial\"><\/span><\/p>\n<p><span style=\"font-size: 11pt; font-family: Arial\">Pienso sobre todo en el ingl\u00e9s y en las amerindias que, como consecuencia del encuentro entre dos mundos, le salieron al paso. <o:p><\/o:p><\/span><\/p>\n<p style=\"background: white; margin: 0cm 0cm 1.2pt; line-height: 18pt; text-align: justify\" class=\"MsoNormal\"><span style=\"font-size: 11pt; font-family: Arial\"><\/span><\/p>\n<p style=\"background: white; margin: 0cm 0cm 1.2pt; line-height: 18pt; text-align: justify\" class=\"MsoNormal\"><span style=\"font-size: 11pt; font-family: Arial\"><\/span><\/p>\n<p><span style=\"font-size: 11pt; font-family: Arial\">Me refiero a las que se hablaban al tiempo del encuentro original, las no pocas que han muerto y las que hasta hoy siguen vivas.<br \/>\n\u00a0\u00a0\u00a0\u00a0<o:p><\/o:p><\/span><\/p>\n<p style=\"background: white; margin: 0cm 0cm 1.2pt; line-height: 18pt; text-align: justify\" class=\"MsoNormal\"><span style=\"font-size: 11pt; font-family: Arial\"><\/span><\/p>\n<p style=\"background: white; margin: 0cm 0cm 1.2pt; line-height: 18pt; text-align: justify\" class=\"MsoNormal\"><span style=\"font-size: 11pt; font-family: Arial\"><\/span><\/p>\n<p><span style=\"font-size: 11pt; font-family: Arial\">Mientras hay quienes temen la influencia del ingl\u00e9s, la mayor\u00eda contempla con desd\u00e9n a los idiomas ind\u00edgenas, design\u00e1ndolos frecuentemente como meros \u00abdialectos\u00bb. <o:p><\/o:p><\/span><\/p>\n<p style=\"background: white; margin: 0cm 0cm 1.2pt; line-height: 18pt; text-align: justify\" class=\"MsoNormal\"><span style=\"font-size: 11pt; font-family: Arial\"><\/span><\/p>\n<p style=\"background: white; margin: 0cm 0cm 1.2pt; line-height: 18pt; text-align: justify\" class=\"MsoNormal\"><span style=\"font-size: 11pt; font-family: Arial\"><\/span><\/p>\n<p><span style=\"font-size: 11pt; font-family: Arial\">Volvamos ya la mirada precisamente a la convivencia del espa\u00f1ol con los centenares de lenguas amerindias que a\u00fan perduran. <o:p><\/o:p><\/span><\/p>\n<p style=\"background: white; margin: 0cm 0cm 1.2pt; line-height: 18pt; text-align: justify\" class=\"MsoNormal\"><span style=\"font-size: 11pt; font-family: Arial\"><\/span><\/p>\n<p style=\"background: white; margin: 0cm 0cm 1.2pt; line-height: 18pt; text-align: justify\" class=\"MsoNormal\"><span style=\"font-size: 11pt; font-family: Arial\"><\/span><\/p>\n<p style=\"background: white; margin: 0cm 0cm 1.2pt; line-height: 18pt; text-align: justify\" class=\"MsoNormal\"><span style=\"font-size: 11pt; font-family: Arial\">El tema es de enorme inter\u00e9s puesto que ning\u00fan otro idioma, de modo tan intenso, comenz\u00f3 a convivir con una Babel ling\u00fc\u00edstica de tal magnitud desde fines del siglo XV y en las centurias siguientes hasta hoy.<br \/>\n\u00a0\u00a0\u00a0\u00a0\u00a0\u00a0<br \/>\n<\/span><\/p>\n<p style=\"background: white; margin: 0cm 0cm 1.2pt; line-height: 18pt; text-align: justify\" class=\"MsoNormal\"><span style=\"font-size: 11pt; font-family: Arial\"><\/span><\/p>\n<p style=\"background: white; margin: 0cm 0cm 1.2pt; line-height: 18pt; text-align: justify\" class=\"MsoNormal\"><span style=\"font-size: 11pt; font-family: Arial\">\u00a0\u00a0\u00a0\u00a0\u00a0<span>Las lenguas ind\u00edgenas desde la \u00e9poca colonial hasta tiempos recientes<\/span><br \/>\n<\/span><\/p>\n<p style=\"background: white; margin: 0cm 0cm 1.2pt; line-height: 18pt; text-align: justify\" class=\"MsoNormal\"><span style=\"font-size: 11pt; font-family: Arial\"><\/span><\/p>\n<p><span style=\"font-size: 11pt; font-family: Arial\">\u00a0\u00a0\u00a0\u00a0\u00a0La postura de <st1:personname ProductID=\"la Corona Espa?ola\" w:st=\"on\">la Corona Espa\u00f1ola<\/st1:personname> en tiempos de los Austrias \u2014siglos XVI y XVII\u2014 fue con frecuencia ambivalente. <o:p><\/o:p><\/span><\/p>\n<p style=\"background: white; margin: 0cm 0cm 1.2pt; line-height: 18pt; text-align: justify\" class=\"MsoNormal\"><span style=\"font-size: 11pt; font-family: Arial\"><\/span><\/p>\n<p style=\"background: white; margin: 0cm 0cm 1.2pt; line-height: 18pt; text-align: justify\" class=\"MsoNormal\"><span style=\"font-size: 11pt; font-family: Arial\"><\/span><\/p>\n<p><span style=\"font-size: 11pt; font-family: Arial\">En las Leyes de Indias encontramos reales c\u00e9dulas que ordenan que los misioneros, curas y determinados funcionarios aprendan las lenguas ind\u00edgenas. <o:p><\/o:p><\/span><\/p>\n<p style=\"background: white; margin: 0cm 0cm 1.2pt; line-height: 18pt; text-align: justify\" class=\"MsoNormal\"><span style=\"font-size: 11pt; font-family: Arial\"><\/span><\/p>\n<p style=\"background: white; margin: 0cm 0cm 1.2pt; line-height: 18pt; text-align: justify\" class=\"MsoNormal\"><span style=\"font-size: 11pt; font-family: Arial\"><\/span><\/p>\n<p><span style=\"font-size: 11pt; font-family: Arial\">Otras hay tambi\u00e9n en que se ordena se ense\u00f1e el espa\u00f1ol a los indios. <o:p><\/o:p><\/span><\/p>\n<p style=\"background: white; margin: 0cm 0cm 1.2pt; line-height: 18pt; text-align: justify\" class=\"MsoNormal\"><span style=\"font-size: 11pt; font-family: Arial\"><\/span><\/p>\n<p style=\"background: white; margin: 0cm 0cm 1.2pt; line-height: 18pt; text-align: justify\" class=\"MsoNormal\"><span style=\"font-size: 11pt; font-family: Arial\"><\/span><\/p>\n<p><span style=\"font-size: 11pt; font-family: Arial\">El resultado, con algunas variantes, fue que, gracias al establecimiento de escuelas para los indios y a la portentosa labor ling\u00fc\u00edstica de los frailes que prepararon gram\u00e1ticas y vocabularios de cientos de idiomas abor\u00edgenes, muchos de \u00e9stos continuaron vivos, en tanto que lentamente se iniciaba la difusi\u00f3n del espa\u00f1ol. <o:p><\/o:p><\/span><\/p>\n<p style=\"background: white; margin: 0cm 0cm 1.2pt; line-height: 18pt; text-align: justify\" class=\"MsoNormal\"><span style=\"font-size: 11pt; font-family: Arial\"><\/span><\/p>\n<p style=\"background: white; margin: 0cm 0cm 1.2pt; line-height: 18pt; text-align: justify\" class=\"MsoNormal\"><span style=\"font-size: 11pt; font-family: Arial\"><\/span><\/p>\n<p><span style=\"font-size: 11pt; font-family: Arial\">Digno de subrayarse es que en esos mismos siglos XVI y XVII fueran transcritas por indios sabios, a veces en colaboraci\u00f3n con frailes humanistas, obras de la tradici\u00f3n prehisp\u00e1nica, verdaderas joyas de la literatura universal. <o:p><\/o:p><\/span><\/p>\n<p style=\"background: white; margin: 0cm 0cm 1.2pt; line-height: 18pt; text-align: justify\" class=\"MsoNormal\"><span style=\"font-size: 11pt; font-family: Arial\"><\/span><\/p>\n<p style=\"background: white; margin: 0cm 0cm 1.2pt; line-height: 18pt; text-align: justify\" class=\"MsoNormal\"><span style=\"font-size: 11pt; font-family: Arial\"><\/span><\/p>\n<p><span style=\"font-size: 11pt; font-family: Arial\">Mencionar\u00e9 al <span>Popol Vuh<\/span>, libro del Consejo de los quich\u00e9s, los <span>Huehuehtlahtolli<\/span>, <st1:personname ProductID=\"la Antigua Palabra\" w:st=\"on\">la Antigua Palabra<\/st1:personname> de los nahuas, los libros de <span>Chilam Balam<\/span> de los mayas yucatecos, y los textos de <span>Huarochir\u00ed<\/span> de los quechuas del Per\u00fa.<br \/>\n\u00a0\u00a0\u00a0\u00a0<o:p><\/o:p><\/span><\/p>\n<p style=\"background: white; margin: 0cm 0cm 1.2pt; line-height: 18pt; text-align: justify\" class=\"MsoNormal\"><span style=\"font-size: 11pt; font-family: Arial\"><\/span><\/p>\n<p><span style=\"font-size: 11pt; font-family: Arial\">\u00a0El siglo XVIII fue, en cambio, adverso a las lenguas ind\u00edgenas. <o:p><\/o:p><\/span><span style=\"font-size: 11pt; font-family: Arial\">Un creciente centralismo introducido por los monarcas de <st1:personname ProductID=\"la Casa\" w:st=\"on\">la Casa<\/st1:personname> de Borb\u00f3n, impuso cada vez m\u00e1s la implantaci\u00f3n del espa\u00f1ol. <o:p><\/o:p><\/span><\/p>\n<p style=\"background: white; margin: 0cm 0cm 1.2pt; line-height: 18pt\" class=\"MsoNormal\"><span style=\"font-size: 11pt; font-family: Arial\"><\/span><\/p>\n<p style=\"background: white; margin: 0cm 0cm 1.2pt; line-height: 18pt\" class=\"MsoNormal\"><span style=\"font-size: 11pt; font-family: Arial\"><\/span><\/p>\n<p style=\"background: white; margin: 0cm 0cm 1.2pt; line-height: 18pt\" class=\"MsoNormal\"><span style=\"font-size: 11pt; font-family: Arial\"><\/span><\/p>\n<p><span style=\"font-size: 11pt; font-family: Arial\">El arzobispo de M\u00e9xico Francisco Antonio de Lorenzana, despu\u00e9s cardenal de Toledo, manifest\u00f3 en una carta pastoral que era falta de respeto dirigirse a Dios en las lenguas de <strong>los indios.<\/strong><br \/>\n\u00a0\u00a0\u00a0\u00a0\u00a0<o:p><\/o:p><\/span><\/p>\n<p style=\"background: white; margin: 0cm 0cm 1.2pt; line-height: 18pt; text-align: justify\" class=\"MsoNormal\"><span style=\"font-size: 11pt; font-family: Arial\"><\/span><\/p>\n<p><span style=\"font-size: 11pt; font-family: Arial\">Cuando los pa\u00edses hispanoamericanos alcanzaron su independencia, la situaci\u00f3n de los pueblos ind\u00edgenas y sus lenguas, contra lo que pudiera esperarse, empeor\u00f3. <o:p><\/o:p><\/span><span style=\"font-size: 11pt; font-family: Arial\">Con la idea de lograr la integraci\u00f3n de Estados nacionales, se suprimi\u00f3 cualquier ordenamiento que reconociera diferencias culturales y ling\u00fc\u00edsticas. <o:p><\/o:p><\/span><\/p>\n<p style=\"background: white; margin: 0cm 0cm 1.2pt; line-height: 18pt; text-align: justify\" class=\"MsoNormal\"><span style=\"font-size: 11pt; font-family: Arial\"><\/span><\/p>\n<p style=\"background: white; margin: 0cm 0cm 1.2pt; line-height: 18pt; text-align: justify\" class=\"MsoNormal\"><span style=\"font-size: 11pt; font-family: Arial\"><\/span><\/p>\n<p style=\"background: white; margin: 0cm 0cm 1.2pt; line-height: 18pt; text-align: justify\" class=\"MsoNormal\"><span style=\"font-size: 11pt; font-family: Arial\"><\/span><\/p>\n<p><span style=\"font-size: 11pt; font-family: Arial\">Consecuencia de ello fue que no pocas lenguas ind\u00edgenas murieran y que las que alcanzaron a sobrevivir cayeran en arrinconamiento y postraci\u00f3n. <o:p><\/o:p><\/span><span style=\"font-size: 11pt; font-family: Arial\">De esto pudiera aducir muchos trist\u00edsimos casos.<\/span><span style=\"font-family: Arial\"> <o:p><\/o:p><\/span><\/p>\n<p align=\"right\" style=\"background: white; margin: 0cm 0cm 1.2pt; line-height: 18pt; text-align: right\" class=\"MsoNormal\"><strong><em><span style=\"font-size: 11pt; font-family: Arial\"><\/span><\/em><\/strong><\/p>\n<p align=\"right\" style=\"background: white; margin: 0cm 0cm 1.2pt; line-height: 18pt; text-align: right\" class=\"MsoNormal\"><strong><em><span style=\"font-size: 11pt; font-family: Arial\"><\/span><\/em><\/strong><\/p>\n<p align=\"right\" style=\"background: white; margin: 0cm 0cm 1.2pt; line-height: 18pt; text-align: right\" class=\"MsoNormal\"><strong><em><span style=\"font-size: 11pt; font-family: Arial\"><\/span><\/em><\/strong><\/p>\n<p><strong><em><span style=\"font-size: 11pt; font-family: Arial\">Miguel Le\u00f3n Portilla<o:p><\/o:p><\/span><\/em><\/strong><strong><em><span style=\"font-size: 11pt; font-family: Arial\"><br \/>\n<\/span><\/em><\/strong><span style=\"font-family: Arial\">\u00a0\u00a0\u00a0\u00a0\u00a0\u00a0<br \/>\n\u00a0\u00a0\u00a0\u00a0\u00a0<o:p><\/o:p><\/span><strong><em><span style=\"font-family: Arial\"><o:p>\u00a0<\/o:p><\/span><\/em><\/strong><strong><em><span style=\"font-family: Arial\"><o:p>\u00a0<\/o:p><\/span><\/em><\/strong><strong><em><span style=\"font-family: Arial\"><o:p>\u00a0<\/o:p><\/span><\/em><\/strong><strong><em><span style=\"font-family: Arial\"><o:p>\u00a0<\/o:p><\/span><\/em><\/strong><strong><em><span style=\"font-family: Arial\"><o:p>\u00a0<\/o:p><\/span><\/em><\/strong><strong><em><span style=\"font-family: Arial\"><o:p>\u00a0<\/o:p><\/span><\/em><\/strong><strong><em><span style=\"font-family: Arial\">La situaci\u00f3n contempor\u00e1nea<\/span><\/em><\/strong><strong><span style=\"font-family: Arial\"><br \/>\n\u00a0\u00a0\u00a0\u00a0\u00a0<o:p><\/o:p><\/span><\/strong><span style=\"font-family: Arial\"><o:p>\u00a0<\/o:p><\/span><\/p>\n<p style=\"background: white; margin: 0cm 0cm 1.2pt; line-height: 18pt; text-align: justify\" class=\"MsoNormal\"><span style=\"font-family: Arial\">S\u00f3lo en las \u00faltimas d\u00e9cadas del siglo XX la palabra de algunos de lo<\/span><\/p>\n<p style=\"background: white; margin: 0cm 0cm 1.2pt; line-height: 18pt; text-align: justify\" class=\"MsoNormal\"><span style=\"font-family: Arial\">s cerca de cuarenta millones de amerindios sobrevivientes se ha alzado y comienza a ser escuchada. Ello ha ocurrido casi siempre de forma pac\u00edfica, aunque algunas veces con violencia, como en el caso de Chiapas en M\u00e9xico. Los ind\u00edgenas demandan respeto y, como ocurre en otros muchos lugares del mundo, incluyendo algunos de Europa, exigen se reconozcan sus diferencias culturales y el derecho al uso y cultivo de sus lenguas. A la luz de las demandas de los pueblos amerindios, vuelve a plantearse de forma apremiante la pregunta acerca del destino de estas lenguas.<br \/>\n<\/span><\/p>\n<p style=\"background: white; margin: 0cm 0cm 1.2pt; line-height: 18pt; text-align: justify\" class=\"MsoNormal\"><span style=\"font-family: Arial\"><\/span><\/p>\n<p style=\"background: white; margin: 0cm 0cm 1.2pt; line-height: 18pt; text-align: justify\" class=\"MsoNormal\"><span style=\"font-family: Arial\"><\/span><\/p>\n<p style=\"background: white; margin: 0cm 0cm 1.2pt; line-height: 18pt; text-align: justify\" class=\"MsoNormal\"><span style=\"font-family: Arial\">\u00a0\u00a0\u00a0\u00a0\u00a0Hay, por supuesto, personas que consideran que la muerte de ellas es inevitable y que, adem\u00e1s, no hay raz\u00f3n para dolerse de ello, ya que la unificaci\u00f3n ling\u00fc\u00edstica es altamente deseable. En contraste con semejante actitud, hay otros que pensamos que la desaparici\u00f3n de cualquier lengua empobrece a la humanidad. Todas las lenguas en las que cualesquier mujeres y hombres aprendieron a pensar, amar y rezar, merecen ser respetadas como parte de sus derechos humanos y de su patrimonio cultural. Y esto lo aplico a todos los idiomas amerindios y a cuantos en el mundo se hablan.<br \/>\n<\/span><\/p>\n<p style=\"background: white; margin: 0cm 0cm 1.2pt; line-height: 18pt; text-align: justify\" class=\"MsoNormal\"><span style=\"font-family: Arial\"><\/span><\/p>\n<p style=\"background: white; margin: 0cm 0cm 1.2pt; line-height: 18pt; text-align: justify\" class=\"MsoNormal\"><span style=\"font-family: Arial\"><\/span><\/p>\n<p style=\"background: white; margin: 0cm 0cm 1.2pt; line-height: 18pt; text-align: justify\" class=\"MsoNormal\"><span style=\"font-family: Arial\">\u00a0\u00a0\u00a0\u00a0\u00a0En el caso de las lenguas amerindias, han enriquecido ellas de m\u00faltiples formas al espa\u00f1ol y tambi\u00e9n a la ciencia ling\u00fc\u00edstica. Al espa\u00f1ol lo han acrecentado en su l\u00e9xico, incluso en el del habla de Espa\u00f1a. Muchos son los vocablos amerindios que se han incorporado a nuestra lengua materna, en ambas orillas del Atl\u00e1ntico. Pero, adem\u00e1s, el estudio de los idiomas amerindios, iniciado desde el siglo XVI, ha revelado la existencia de insospechadas categor\u00edas ling\u00fc\u00edsticas. Y ha mostrado tambi\u00e9n que hay otras muchas formas de estructurar el lenguaje que dan lugar a diferentes conceptualizaciones del mundo.<br \/>\n<\/span><\/p>\n<p style=\"background: white; margin: 0cm 0cm 1.2pt; line-height: 18pt; text-align: justify\" class=\"MsoNormal\"><span style=\"font-family: Arial\"><\/span><\/p>\n<p style=\"background: white; margin: 0cm 0cm 1.2pt; line-height: 18pt; text-align: justify\" class=\"MsoNormal\"><span style=\"font-family: Arial\"><\/span><\/p>\n<p style=\"background: white; margin: 0cm 0cm 1.2pt; line-height: 18pt; text-align: justify\" class=\"MsoNormal\"><span style=\"font-family: Arial\"><\/span><\/p>\n<p style=\"background: white; margin: 0cm 0cm 1.2pt; line-height: 18pt; text-align: justify\" class=\"MsoNormal\"><span style=\"font-family: Arial\">\u00a0\u00a0\u00a0\u00a0\u00a0\u00bfPerdurar puede ser el destino de las lenguas amerindias hasta hoy vivas? \u00bfPero ser\u00e1 ello teni\u00e9ndolas como reliquias ex\u00f3ticas del pasado? \u00bfO, en cambio, reconociendo que son veh\u00edculo de comunicaci\u00f3n para transmitir ideas y sentimientos profundamente humanos, con ra\u00edces en arraigadas formas de concebir el mundo? \u00bfSeguir\u00e1n siendo los l\u00e9xicos de estas lenguas ricos en vocablos que denotan realidades de la flora, la fauna y en general de la naturaleza, que no tienen nombres en otros idiomas?<br \/>\n<\/span><\/p>\n<p style=\"background: white; margin: 0cm 0cm 1.2pt; line-height: 18pt; text-align: justify\" class=\"MsoNormal\"><span style=\"font-family: Arial\"><\/span><\/p>\n<p style=\"background: white; margin: 0cm 0cm 1.2pt; line-height: 18pt; text-align: justify\" class=\"MsoNormal\"><span style=\"font-family: Arial\"><\/span><\/p>\n<p style=\"background: white; margin: 0cm 0cm 1.2pt; line-height: 18pt; text-align: justify\" class=\"MsoNormal\"><span style=\"font-family: Arial\"><\/span><\/p>\n<p><span style=\"font-family: Arial\">\u00a0\u00a0\u00a0\u00a0\u00a0En este contexto importa responder a otra pregunta: el que las lenguas amerindias perduren, \u00bfpuede tenerse como amenaza para la vitalidad del espa\u00f1ol en el Nuevo Mundo? La respuesta la han dado ya algunos intelectuales ind\u00edgenas. El nahua Natalio Hern\u00e1ndez, en el \u00faltimo Congreso de las Academias de <st1:personname ProductID=\"la Lengua Espa?ola\" w:st=\"on\">la Lengua Espa\u00f1ola<\/st1:personname>, celebrado en Puebla de los \u00c1ngeles, M\u00e9xico, pronunci\u00f3 un discurso de clausura en el que insisti\u00f3 en que \u00abel espa\u00f1ol tambi\u00e9n es nuestro\u00bb, con referencia a los pueblos ind\u00edgenas. Y otro amerindio, el distinguido poeta mazateco Juan Gregorio Regino, declar\u00f3 a su vez tener dos lenguas&#8230;<br \/>\n\u00a0\u00a0\u00a0\u00a0\u00a0<em>\u00a0<\/em><\/p>\n<p><\/span><span style=\"font-family: Arial\"><o:p><\/o:p><\/span><\/p>\n<p style=\"background: white; margin: 0cm 0cm 1.2pt; line-height: 18pt\" class=\"MsoNormal\"><span style=\"font-family: Arial\"><\/span><\/p>\n<p style=\"background: white; margin: 0cm 0cm 1.2pt; line-height: 18pt\" class=\"MsoNormal\"><span style=\"font-family: Arial\"><\/span><\/p>\n<p><span style=\"font-family: Arial\">\u00a0\u00a0\u00a0\u00a0\u00a0<em>Una conclusi\u00f3n<\/em><br \/>\n\u00a0\u00a0\u00a0\u00a0<o:p><\/o:p><\/span><span style=\"font-family: Arial\"><o:p>\u00a0<\/o:p><\/span><span style=\"font-family: Arial\"><o:p>\u00a0<\/o:p><\/span><span style=\"font-size: 12pt; font-family: Arial\"><\/span><\/p>\n<p><span style=\"font-size: 12pt; font-family: Arial\">\u00a0Y aqu\u00ed viene la conclusi\u00f3n que quiero deducir de lo expuesto. \u00bfCu\u00e1l deber\u00eda ser la actitud de los hablantes del espa\u00f1ol, tanto en Hispanoam\u00e9rica como en Espa\u00f1a y en dondequiera que se habla nuestra lengua materna, ante la convivencia con los idiomas de los pueblos originarios? \u00bfContinuar\u00e1 prevaleciendo la actitud de desprecio hacia ellos?<br \/>\n<\/span><\/p>\n<p><span style=\"font-size: 12pt; font-family: Arial\"><\/span><\/p>\n<p><span style=\"font-size: 12pt; font-family: Arial\"><\/span><\/p>\n<p><span style=\"font-size: 12pt; font-family: Arial\">\u00a0\u00a0\u00a0\u00a0\u00a0\u00bfCu\u00e1l puede o debe ser la relaci\u00f3n de convivencia de la lengua espa\u00f1ola con las ind\u00edgenas que en Am\u00e9rica han logrado sobrevivir? Partamos de la realidad insoslayable de que la gran mayor\u00eda de amerindios desea hablar espa\u00f1ol sin perder sus lenguas nativas. Saben que s\u00f3lo as\u00ed podr\u00e1n participar en la vida social, pol\u00edtica y econ\u00f3mica de sus respectivos pa\u00edses. Saben tambi\u00e9n que, conociendo el espa\u00f1ol, podr\u00e1n comunicarse entre s\u00ed los distintos grupos \u00e9tnicos.<br \/>\n<\/span><\/p>\n<p><span style=\"font-size: 12pt; font-family: Arial\"><\/span><\/p>\n<p><span style=\"font-size: 12pt; font-family: Arial\"><\/span><\/p>\n<p><span style=\"font-size: 12pt; font-family: Arial\">\u00a0\u00a0\u00a0\u00a0\u00a0Las lenguas ind\u00edgenas no pueden estar fuera del campo de atenci\u00f3n de quienes se dedican al estudio y cultivo del espa\u00f1ol. \u00bfQu\u00e9 es lo que las academias, institutos y gobiernos deben hacer en relaci\u00f3n con dichas lenguas? La respuesta tendr\u00e1 que darla cada uno, pero si se ha de proceder con responsabilidad, no habr\u00e1 que desentenderse de la situaci\u00f3n de estas lenguas. Dir\u00e9 que compete a los gobiernos, a trav\u00e9s de sus ministerios de educaci\u00f3n y cultura, proporcionar los recursos para establecer sistemas educativos realmente biling\u00fces en los pueblos ind\u00edgenas, as\u00ed como fomentar el cultivo de sus idiomas y literaturas.<br \/>\n\u00a0\u00a0\u00a0\u00a0<\/span><\/p>\n<p><span style=\"font-size: 12pt; font-family: Arial\"><\/span><\/p>\n<p><span style=\"font-size: 12pt; font-family: Arial\"><\/span><\/p>\n<p><span style=\"font-size: 12pt; font-family: Arial\">\u00a0A modo de ejemplo de lo que podr\u00e1 hacerse, pienso en el establecimiento de premios, cada determinado tiempo, a las mejores creaciones literarias en lenguas ind\u00edgenas. Otra forma de acci\u00f3n ser\u00e1 apoyar el establecimiento y operatividad de casas de escritores en lenguas ind\u00edgenas, de las que ya existe una en M\u00e9xico. Tambi\u00e9n ser\u00e1 muy importante invitar a quienes las cultivan y tienen como maternas a participar en congresos de academias y en diversas actividades de car\u00e1cter ling\u00fc\u00edstico y filol\u00f3gico.<br \/>\n<\/span><\/p>\n<p><span style=\"font-size: 12pt; font-family: Arial\"><\/span><\/p>\n<p><span style=\"font-size: 12pt; font-family: Arial\"><\/span><\/p>\n<p><span style=\"font-size: 12pt; font-family: Arial\">\u00a0\u00a0\u00a0\u00a0\u00a0Si en Hispanoam\u00e9rica y en <st1:personname ProductID=\"la Pen?nsula Ib?rica\" w:st=\"on\">la Pen\u00ednsula Ib\u00e9rica<\/st1:personname> se consolidan nuevas formas de convivencia ling\u00fc\u00edstica, el hecho insoslayable de existir en geograf\u00edas pluriling\u00fces no ser\u00e1 fuente de conflictos, sino manantial de riqueza cultural y, a la postre, de creatividad. Hispanom\u00e9rica ser\u00e1 escenario de una variada sinfon\u00eda de voces, entre las que la antigua lengua de Castilla ser\u00e1 veh\u00edculo de universal comprensi\u00f3n, enriquecida con la presencia de los idiomas, asimismo milenarios, de los pueblos originarios del Nuevo Mundo y de los otros que se hablan en Espa\u00f1a. Tendremos entonces plena conciencia de lo que puede significar la desaparici\u00f3n de una lengua. En un poema que he escrito en espa\u00f1ol y en n\u00e1huatl he querido dejar testimonio de ello:<br \/>\n<\/span><\/p>\n<p><span style=\"font-size: 12pt; font-family: Arial\"><\/span><\/p>\n<p><span style=\"font-size: 12pt; font-family: Arial\"><\/span><\/p>\n<p><span style=\"font-size: 12pt; font-family: Arial\">\u00a0\u00a0\u00a0\u00a0\u00a0Rica ser\u00e1 la humanidad en posesi\u00f3n de lenguas ecum\u00e9nicas como el espa\u00f1ol, hablado por cientos de millones, y a la vez due\u00f1a de otros muchos idiomas vern\u00e1culos. Son ellos patrimonio espiritual muy valioso, no s\u00f3lo de quienes los hablan, sino de la humanidad entera. Por eso es imprescindible que los gobiernos implanten de manera efectiva la educaci\u00f3n biling\u00fce en los lugares en que cada una de estas lenguas tiene vigencia. Su florecer har\u00e1 de nuevo verdad que la diferencia es fuente de creatividad cultural.-<\/span><\/p>\n<p><span style=\"font-size: 12pt; font-family: Arial\"><\/span><\/p>\n<p><span style=\"font-size: 12pt; font-family: Arial\"><\/span><\/p>\n<p><span style=\"font-size: 12pt; font-family: Arial\"><\/span><\/p>\n<p><span style=\"font-size: 12pt; font-family: Arial\"><\/span><\/p>\n<p><span style=\"font-size: 12pt; font-family: Arial\"><\/span><\/p>\n<p><span style=\"font-size: 12pt; font-family: Arial\"><\/span><\/p>\n","protected":false},"excerpt":{"rendered":"<p>Miguel Le\u00f3n-Portilla Le\u00f3n-Portilla declara que lo que los europeos entendieron como dioses, los aztecas lo percib\u00edan como diferentes manifestaciones del dios dual Ometeotl\/Omecihuatl, Nuestro se\u00f1or \/Nuestra se\u00f1ora de la dualidad. Esta tesis la ampli\u00f3 en \u201cPensamiento y cultura azteca: estudio de la mente antigua n\u00e1huatl.\u201d. \u201cEl arzobispo de M\u00e9xico Francisco Antonio de Lorenzana, despu\u00e9s cardenal [&hellip;]<\/p>\n","protected":false},"author":249,"featured_media":0,"comment_status":"open","ping_status":"closed","sticky":false,"template":"","format":"standard","meta":{"footnotes":""},"categories":[10],"tags":[],"class_list":["post-667","post","type-post","status-publish","format-standard","hentry","category-historia"],"_links":{"self":[{"href":"http:\/\/eloficiodehistoriar.com.mx\/index.php?rest_route=\/wp\/v2\/posts\/667","targetHints":{"allow":["GET"]}}],"collection":[{"href":"http:\/\/eloficiodehistoriar.com.mx\/index.php?rest_route=\/wp\/v2\/posts"}],"about":[{"href":"http:\/\/eloficiodehistoriar.com.mx\/index.php?rest_route=\/wp\/v2\/types\/post"}],"author":[{"embeddable":true,"href":"http:\/\/eloficiodehistoriar.com.mx\/index.php?rest_route=\/wp\/v2\/users\/249"}],"replies":[{"embeddable":true,"href":"http:\/\/eloficiodehistoriar.com.mx\/index.php?rest_route=%2Fwp%2Fv2%2Fcomments&post=667"}],"version-history":[{"count":0,"href":"http:\/\/eloficiodehistoriar.com.mx\/index.php?rest_route=\/wp\/v2\/posts\/667\/revisions"}],"wp:attachment":[{"href":"http:\/\/eloficiodehistoriar.com.mx\/index.php?rest_route=%2Fwp%2Fv2%2Fmedia&parent=667"}],"wp:term":[{"taxonomy":"category","embeddable":true,"href":"http:\/\/eloficiodehistoriar.com.mx\/index.php?rest_route=%2Fwp%2Fv2%2Fcategories&post=667"},{"taxonomy":"post_tag","embeddable":true,"href":"http:\/\/eloficiodehistoriar.com.mx\/index.php?rest_route=%2Fwp%2Fv2%2Ftags&post=667"}],"curies":[{"name":"wp","href":"https:\/\/api.w.org\/{rel}","templated":true}]}}