{"id":682,"date":"2008-07-23T18:37:34","date_gmt":"2008-07-23T23:37:34","guid":{"rendered":"https:\/\/eloficiodehistoriar.com.mx\/?p=682"},"modified":"2008-07-23T18:37:34","modified_gmt":"2008-07-23T23:37:34","slug":"premio-german-patino-a-la-escuela-de-lauderia","status":"publish","type":"post","link":"http:\/\/eloficiodehistoriar.com.mx\/?p=682","title":{"rendered":"Premio \u00abGerm\u00e1n Pati\u00f1o\u00bb a la Escuela de Lauder\u00eda&#8230;"},"content":{"rendered":"<table border=\"0\" cellPadding=\"0\" cellSpacing=\"0\">\n<tr>\n<td vAlign=\"top\">\n<p style=\"line-height: 150%; text-align: justify\" class=\"EC_MsoNormal\"><span style=\"font-size: 12pt; line-height: 150%; font-family: 'Arial', 'sans-serif'\">Amigas y amigos de la Escuela de Lauder\u00eda<\/span><\/p>\n<p style=\"line-height: 150%; text-align: justify\" class=\"EC_MsoNormal\"><span style=\"font-size: 12pt; line-height: 150%; font-family: 'Arial', 'sans-serif'\">En sesi\u00f3n ordinaria de Cabildo realizada el d\u00eda martes 22 de julio el Ayuntamiento de Quer\u00e9taro, realiz\u00f3 el acuerdo que aprueba el otorgamiento de Preseas y la Celebraci\u00f3n de Homenajes P\u00f3stumos en el municipio de Quer\u00e9taro, con motivo del 477 Aniversario de la fundaci\u00f3n de la Ciudad de Santiago de Quer\u00e9taro.<\/span><\/p>\n<p style=\"line-height: 150%; text-align: justify\" class=\"EC_MsoNormal\"><span style=\"font-size: 12pt; line-height: 150%; font-family: 'Arial', 'sans-serif'\">En esta sesi\u00f3n se aprob\u00f3 el otorgar a la Escuela de Lauder\u00eda del Instituto Nacional de Bellas Artes, la Presea \u201cGerm\u00e1n Pati\u00f1o D\u00edaz\u201d por su contribuci\u00f3n y beneficios brindados a la sociedad queretana.<\/span><\/p>\n<p><span style=\"font-size: 12pt; line-height: 150%; font-family: 'Arial', 'sans-serif'\"><\/p>\n<p style=\"line-height: 150%; text-align: justify\" class=\"EC_MsoNormal\"><span style=\"font-size: 12pt; line-height: 150%; font-family: 'Arial', 'sans-serif'\">La Presea ser\u00e1 entregada de manos del Presidente Municipal de Quer\u00e9taro, Lic. Manuel Gonz\u00e1lez Valle, en Sesi\u00f3n Solemne de Cabildo el pr\u00f3ximo viernes 25 de julio a las 18:00 horas en el Teatro de la Rep\u00fablica.<\/span><\/p>\n<p style=\"line-height: 150%; text-align: justify\" class=\"EC_MsoNormal\"><span style=\"font-size: 12pt; line-height: 150%; font-family: 'Arial', 'sans-serif'\">Esperamos puedan acompa\u00f1arnos en este importante evento para nuestra instituci\u00f3n.<\/span><\/p>\n<p style=\"line-height: 150%; text-align: justify\" class=\"EC_MsoNormal\"><span style=\"font-size: 12pt; line-height: 150%; font-family: 'Arial', 'sans-serif'\">Atentamente<\/span><\/p>\n<p style=\"line-height: 150%; text-align: justify\" class=\"EC_MsoNormal\"><span style=\"font-size: 12pt; line-height: 150%; font-family: 'Arial', 'sans-serif'\">Escuela de Lauder\u00eda INBA<\/span><\/p>\n<p><\/span><\/td>\n<\/tr>\n<\/table>\n","protected":false},"excerpt":{"rendered":"<p>Amigas y amigos de la Escuela de Lauder\u00eda En sesi\u00f3n ordinaria de Cabildo realizada el d\u00eda martes 22 de julio el Ayuntamiento de Quer\u00e9taro, realiz\u00f3 el acuerdo que aprueba el otorgamiento de Preseas y la Celebraci\u00f3n de Homenajes P\u00f3stumos en el municipio de Quer\u00e9taro, con motivo del 477 Aniversario de la fundaci\u00f3n de la Ciudad [&hellip;]<\/p>\n","protected":false},"author":249,"featured_media":0,"comment_status":"open","ping_status":"closed","sticky":false,"template":"","format":"standard","meta":{"footnotes":""},"categories":[26],"tags":[],"class_list":["post-682","post","type-post","status-publish","format-standard","hentry","category-mundo"],"_links":{"self":[{"href":"http:\/\/eloficiodehistoriar.com.mx\/index.php?rest_route=\/wp\/v2\/posts\/682","targetHints":{"allow":["GET"]}}],"collection":[{"href":"http:\/\/eloficiodehistoriar.com.mx\/index.php?rest_route=\/wp\/v2\/posts"}],"about":[{"href":"http:\/\/eloficiodehistoriar.com.mx\/index.php?rest_route=\/wp\/v2\/types\/post"}],"author":[{"embeddable":true,"href":"http:\/\/eloficiodehistoriar.com.mx\/index.php?rest_route=\/wp\/v2\/users\/249"}],"replies":[{"embeddable":true,"href":"http:\/\/eloficiodehistoriar.com.mx\/index.php?rest_route=%2Fwp%2Fv2%2Fcomments&post=682"}],"version-history":[{"count":0,"href":"http:\/\/eloficiodehistoriar.com.mx\/index.php?rest_route=\/wp\/v2\/posts\/682\/revisions"}],"wp:attachment":[{"href":"http:\/\/eloficiodehistoriar.com.mx\/index.php?rest_route=%2Fwp%2Fv2%2Fmedia&parent=682"}],"wp:term":[{"taxonomy":"category","embeddable":true,"href":"http:\/\/eloficiodehistoriar.com.mx\/index.php?rest_route=%2Fwp%2Fv2%2Fcategories&post=682"},{"taxonomy":"post_tag","embeddable":true,"href":"http:\/\/eloficiodehistoriar.com.mx\/index.php?rest_route=%2Fwp%2Fv2%2Ftags&post=682"}],"curies":[{"name":"wp","href":"https:\/\/api.w.org\/{rel}","templated":true}]}}