{"id":686,"date":"2008-07-24T07:01:11","date_gmt":"2008-07-24T12:01:11","guid":{"rendered":"https:\/\/eloficiodehistoriar.com.mx\/?p=686"},"modified":"2008-07-24T07:01:11","modified_gmt":"2008-07-24T12:01:11","slug":"la-compania-de-jesus","status":"publish","type":"post","link":"http:\/\/eloficiodehistoriar.com.mx\/?p=686","title":{"rendered":"La Compa\u00f1\u00eda de Jes\u00fas&#8230;"},"content":{"rendered":"<p><st1:personname ProductID=\"la Compa??a\" w:st=\"on\"><strong><span style=\"font-size: 14pt; color: black; font-family: Arial\">La <span>Compa\u00f1\u00eda<\/span><\/span><\/strong><\/st1:personname><strong><span style=\"font-size: 14pt; color: black; font-family: Arial\"> de Jes\u00fas, en lat\u00edn:<\/span><\/strong><strong><span style=\"font-size: 14pt; color: black; font-family: Arial\"> <em>Societas Iesu. o <\/em><span>\u00a0<\/span>S. J.<o:p><\/o:p><\/span><\/strong><strong><span style=\"font-size: 14pt; color: black; font-family: Arial\"><o:p>\u00a0<\/o:p><\/span><\/strong><\/p>\n<p style=\"background: white\"><a name=\"Origen_de_la_Compa.C3.B1.C3.ADa\"><\/a><span style=\"font-size: 11pt; color: black; font-family: Arial\"><\/span><\/p>\n<p><span style=\"font-size: 11pt; color: black; font-family: Arial\">A los miembros de esta Orden se les llam\u00f3, casi desde sus inicios, \u00abjesuitas\u00bb. <o:p><\/o:p><\/span><\/p>\n<p style=\"background: white\"><span style=\"font-size: 11pt; color: black; font-family: Arial\"><\/span><\/p>\n<p style=\"background: white\"><span style=\"font-size: 11pt; color: black; font-family: Arial\"><\/span><\/p>\n<p><span style=\"font-size: 11pt; color: black; font-family: Arial\">El nombre se empez\u00f3 a utilizar en Alemania, como le hizo notar Pieter Kanijs (primer jesuita alem\u00e1n y futuro San Pedro Canisio) a San Ignacio alrededor de 1550, y luego se extendi\u00f3 al resto de Europa. <o:p><\/o:p><\/span><\/p>\n<p style=\"background: white\"><span style=\"font-size: 11pt; color: black; font-family: Arial\"><\/span><\/p>\n<p><span style=\"font-size: 11pt; color: black; font-family: Arial\"><a href=\"http:\/\/es.wikipedia.org\/wiki\/Ignacio_de_Loyola\" title=\"Ignacio de Loyola\"><span style=\"color: black\">Ignacio de Loyola<\/span><\/a> ley\u00f3 durante su convalecencia en 1521 muchos libros piadosos, entre ellos <st1:personname ProductID=\"la Vida\" w:st=\"on\">la <em>Vida<\/em><\/st1:personname><em> de Cristo<\/em> del cartujo <a href=\"http:\/\/es.wikipedia.org\/w\/index.php?title=Ludolfo_de_Sajonia&amp;action=edit&amp;redlink=1\" title=\"Ludolfo de Sajonia (a\u00fan no redactado)\"><span style=\"color: black\">Ludolfo de Sajonia<\/span><\/a> (fallecido en <a href=\"http:\/\/es.wikipedia.org\/wiki\/1378\" title=\"1378\"><span style=\"color: black\">1378<\/span><\/a>), que hab\u00eda sido traducido del lat\u00edn al castellano por el franciscano fray <a href=\"http:\/\/es.wikipedia.org\/wiki\/Ambrosio_Montesino\" title=\"Ambrosio Montesino\"><span style=\"color: black\">Ambrosio Montesino<\/span><\/a> (Alcal\u00e1 de Henares, <a href=\"http:\/\/es.wikipedia.org\/wiki\/1502\" title=\"1502\"><span style=\"color: black\">1502<\/span><\/a>). Ignacio de Loyola lleg\u00f3 a un cap\u00edtulo que dice as\u00ed:<o:p><\/o:p><\/span><\/p>\n<p style=\"background: white; text-align: justify\"><em><span style=\"font-size: 11pt; color: black; font-family: Arial\"><\/span><\/em><\/p>\n<p><em><span style=\"font-size: 11pt; color: black; font-family: Arial\">\u00a1Jes\u00fas, Jes\u00fas, cu\u00e1nto dice un nombre! Este nombre de <a href=\"http:\/\/es.wikipedia.org\/wiki\/Cristo\" title=\"Cristo\"><span style=\"color: black\">Cristo<\/span><\/a> es nombre de gracia; mas este nombre de Jes\u00fas es nombre de gloria. Por la gracia del bautismo se toma el nombre de cristiano y de la misma manera en la gloria celestial ser\u00e1n llamados los santos, jesuitas, que quiere decir salvados por la virtud del Salvador.<\/span><\/em><span style=\"font-size: 11pt; color: black; font-family: Arial\"><o:p><\/o:p><\/span><\/p>\n<p style=\"background: white; text-align: justify\"><span style=\"font-size: 11pt; color: black; font-family: Arial\"><\/span><\/p>\n<p><span style=\"font-size: 11pt; color: black; font-family: Arial\">Sin embargo, el t\u00e9rmino \u00abjesuita\u00bb, que en su variante peyorativa data de <a href=\"http:\/\/es.wikipedia.org\/wiki\/1544\" title=\"1544\"><span style=\"color: black\">1544<\/span><\/a>&#8211;<a href=\"http:\/\/es.wikipedia.org\/wiki\/1552\" title=\"1552\"><span style=\"color: black\">1552<\/span><\/a> para referirse a un uso excesivo o una apropiaci\u00f3n del nombre de <a href=\"http:\/\/es.wikipedia.org\/wiki\/Jes%C3%BAs\" title=\"Jes\u00fas\"><span style=\"color: black\">Jes\u00fas<\/span><\/a>, a veces con fines no muy rectos, nunca fue usado por Ignacio. <o:p><\/o:p><\/span><\/p>\n<p style=\"background: white; text-align: justify\"><span style=\"font-size: 11pt; color: black; font-family: Arial\"><\/span><\/p>\n<p><span style=\"font-size: 11pt; color: black; font-family: Arial\">Las Constituciones de <st1:personname ProductID=\"la SJ\" w:st=\"on\">la SJ<\/st1:personname> (<a href=\"http:\/\/es.wikipedia.org\/wiki\/1554\" title=\"1554\"><span style=\"color: black\">1554<\/span><\/a>) hablan de \u00ab<em>los de <st1:personname ProductID=\"la Compa??a\" w:st=\"on\">la Compa\u00f1\u00eda<\/st1:personname><\/em>\u00bb, y <st1:personname ProductID=\"la Santa Sede\" w:st=\"on\">la Santa Sede<\/st1:personname>, hasta los a\u00f1os 70, siempre habl\u00f3 de \u00ab<em>los religiosos de <st1:personname ProductID=\"la Compa??a\" w:st=\"on\">la Compa\u00f1\u00eda<\/st1:personname> de Jes\u00fas<\/em>\u00bb. <o:p><\/o:p><\/span><\/p>\n<p style=\"background: white; text-align: justify\"><span style=\"font-size: 11pt; color: black; font-family: Arial\"><\/span><\/p>\n<p><span style=\"font-size: 11pt; color: black; font-family: Arial\">El apelativo \u00abjesuita\u00bb les fue aplicado inicialmente a los miembros de <st1:personname ProductID=\"la Compa??a\" w:st=\"on\">la Compa\u00f1\u00eda<\/st1:personname> de modo despectivo, pero con el paso del tiempo fue incorporado benignamente por los miembros y amigos de <st1:personname ProductID=\"la Compa??a.\" w:st=\"on\">la Compa\u00f1\u00eda.<\/st1:personname> <o:p><\/o:p><\/span><\/p>\n<p style=\"background: white; text-align: justify\"><span style=\"font-size: 11pt; color: black; font-family: Arial\"><\/span><\/p>\n<p><span style=\"font-size: 11pt; color: black; font-family: Arial\">En Inglaterra sol\u00eda aludirse a <st1:personname ProductID=\"la Compa??a\" w:st=\"on\">la Compa\u00f1\u00eda<\/st1:personname> como \u00ab<st1:personname ProductID=\"la Sociedad\" w:st=\"on\">la Sociedad<\/st1:personname>\u00bb, debido a su mismo nombre (<em>Societas Iesu<\/em>).<o:p><\/o:p><\/span><\/p>\n<p style=\"background: white; text-align: justify\"><span style=\"font-size: 11pt; color: black; font-family: Arial\"><\/span><\/p>\n<p><span style=\"font-size: 11pt; color: black; font-family: Arial\">El <span>lema<\/span> que usan los jesuitas es \u00ab<em><a href=\"http:\/\/es.wikipedia.org\/wiki\/Ad_maiorem_Dei_gloriam\" title=\"Ad maiorem Dei gloriam\"><span style=\"color: black\">Ad maiorem Dei gloriam<\/span><\/a><\/em>\u00bb, tambi\u00e9n conocido por su abreviatura AMDG. En <a href=\"http:\/\/es.wikipedia.org\/wiki\/Lat%C3%ADn\" title=\"Lat\u00edn\"><span style=\"color: black\">lat\u00edn<\/span><\/a> significa literalmente: \u00ab<em>A la mayor gloria de Dios<\/em>\u00bb.<o:p><\/o:p><\/span><\/p>\n<p style=\"background: white; text-align: justify\"><span style=\"font-size: 11pt; color: black; font-family: Arial\"><\/span><\/p>\n<p style=\"background: white; text-align: justify\"><span style=\"font-size: 11pt; color: black; font-family: Arial\"><\/span><\/p>\n<p><span style=\"font-size: 11pt; color: black; font-family: Arial\">Las <span>siglas<\/span> <a href=\"http:\/\/es.wikipedia.org\/wiki\/IHS\" title=\"IHS\"><span style=\"color: black\">IHS<\/span><\/a>, tradicional monograma de la palabra <em>Jes\u00fas<\/em> (tambi\u00e9n simplemente IH, como XP lo es de <em>Cristo<\/em>) fue adoptado en su sello por Ignacio de Loyola, con lo que devino en s\u00edmbolo de <st1:personname ProductID=\"la Compa??a.\" w:st=\"on\">la Compa\u00f1\u00eda.<\/st1:personname> <o:p><\/o:p><\/span><span class=\"mw-headline\"><strong><span style=\"font-size: 11pt; color: black; font-family: Arial\"><o:p>\u00a0<\/o:p><\/span><\/strong><\/span><span class=\"mw-headline\"><strong><span style=\"font-size: 11pt; color: black; font-family: Arial\"><o:p>\u00a0<\/o:p><\/span><\/strong><\/span><\/p>\n<p style=\"background: white; margin: 0cm 0cm 3.6pt; line-height: 18pt\" class=\"MsoNormal\"><span class=\"mw-headline\"><strong><span style=\"font-size: 11pt; color: black; font-family: Arial\"><\/span><\/strong><\/span><\/p>\n<p><span class=\"mw-headline\"><strong><span style=\"font-size: 11pt; color: black; font-family: Arial\">Origen de <st1:personname ProductID=\"la Compa??a\" w:st=\"on\">la Compa\u00f1\u00eda<\/st1:personname><\/span><\/strong><\/span><strong><span style=\"font-size: 11pt; color: black; font-family: Arial\"><o:p><\/o:p><\/span><\/strong><\/p>\n<p style=\"background: white; text-align: justify\"><span style=\"font-size: 11pt; color: black; font-family: Arial\"><\/span><\/p>\n<p><span style=\"font-size: 11pt; color: black; font-family: Arial\">En septiembre de <a href=\"http:\/\/es.wikipedia.org\/wiki\/1529\" title=\"1529\"><span style=\"color: black\">1529<\/span><\/a>, <a href=\"http:\/\/es.wikipedia.org\/wiki\/Ignacio_de_Loyola\" title=\"Ignacio de Loyola\"><span style=\"color: black\">Ignacio de Loyola<\/span><\/a>, un noble vasco que combati\u00f3 en las guerras contra Francia y Navarra defendiendo la causa de Carlos I, hab\u00eda optado por dedicarse a \u201cservir a las almas\u201d. <o:p><\/o:p><\/span><\/p>\n<p style=\"background: white; text-align: justify\"><span style=\"font-size: 11pt; color: black; font-family: Arial\"><\/span><\/p>\n<p><span style=\"font-size: 11pt; color: black; font-family: Arial\">Decidido a estudiar para cumplir mejor su prop\u00f3sito, se incorpora al Colegio de Santa B\u00e1rbara \u2014dependiente de <st1:personname ProductID=\"la Universidad\" w:st=\"on\">la Universidad<\/st1:personname> de Par\u00eds\u2014 y comparte cuarto con el saboyano <a href=\"http:\/\/es.wikipedia.org\/wiki\/Pedro_Fabro\" title=\"Pedro Fabro\"><span style=\"color: black\">Pedro Fabro<\/span><\/a> y el navarro <a href=\"http:\/\/es.wikipedia.org\/wiki\/Francisco_Javier\" title=\"Francisco Javier\"><span style=\"color: black\">Francisco Javier<\/span><\/a>.<o:p><\/o:p><\/span><\/p>\n<p style=\"background: white; text-align: justify\"><span style=\"font-size: 11pt; color: black; font-family: Arial\"><\/span><\/p>\n<p><span style=\"font-size: 11pt; color: black; font-family: Arial\">Los tres se convirtieron en amigos inseparables. Ignacio realizaba entre sus condisc\u00edpulos una discreta actividad evangelizadora, sobre todo dando <em><a href=\"http:\/\/es.wikipedia.org\/wiki\/Ejercicios_espirituales\" title=\"Ejercicios espirituales\"><span style=\"color: black\">Ejercicios espirituales<\/span><\/a><\/em>, un m\u00e9todo asc\u00e9tico desarrollado por \u00e9l mismo.<o:p><\/o:p><\/span><\/p>\n<p style=\"background: white; text-align: justify\"><span style=\"font-size: 11pt; color: black; font-family: Arial\"><\/span><\/p>\n<p><span style=\"font-size: 11pt; color: black; font-family: Arial\">En <a href=\"http:\/\/es.wikipedia.org\/wiki\/1533\" title=\"1533\"><span style=\"color: black\">1533<\/span><\/a> llegaron a <a href=\"http:\/\/es.wikipedia.org\/wiki\/Par%C3%ADs\" title=\"Par\u00eds\"><span style=\"color: black\">Par\u00eds<\/span><\/a> <a href=\"http:\/\/es.wikipedia.org\/wiki\/Diego_La%C3%ADnez_%28jesuita%29\" title=\"Diego La\u00ednez (jesuita)\"><span style=\"color: black\">Diego La\u00ednez<\/span><\/a>, <a href=\"http:\/\/es.wikipedia.org\/wiki\/Alfonso_Salmer%C3%B3n\" title=\"Alfonso Salmer\u00f3n\"><span style=\"color: black\">Alfonso Salmer\u00f3n<\/span><\/a>, <a href=\"http:\/\/es.wikipedia.org\/w\/index.php?title=Nicol%C3%A1s_de_Bobadilla&amp;action=edit&amp;redlink=1\" title=\"Nicol\u00e1s de Bobadilla (a\u00fan no redactado)\"><span style=\"color: black\">Nicol\u00e1s de Bobadilla<\/span><\/a> y <a href=\"http:\/\/es.wikipedia.org\/w\/index.php?title=Sim%C3%A3o_Rodrigues&amp;action=edit&amp;redlink=1\" title=\"Sim\u00e3o Rodrigues (a\u00fan no redactado)\"><span style=\"color: black\">Sim\u00e3o Rodrigues<\/span><\/a>, que se unieron al grupo de Ignacio. <o:p><\/o:p><\/span><\/p>\n<p style=\"background: white; text-align: justify\"><span style=\"font-size: 11pt; color: black; font-family: Arial\"><\/span><\/p>\n<p><span style=\"font-size: 11pt; color: black; font-family: Arial\">El <a href=\"http:\/\/es.wikipedia.org\/wiki\/15_de_agosto\" title=\"15 de agosto\"><span style=\"color: black\">15 de agosto<\/span><\/a> de <a href=\"http:\/\/es.wikipedia.org\/wiki\/1534\" title=\"1534\"><span style=\"color: black\">1534<\/span><\/a>, fiesta de <st1:personname ProductID=\"la Asunci?n\" w:st=\"on\">la Asunci\u00f3n<\/st1:personname> de <st1:personname ProductID=\"la Virgen\" w:st=\"on\">la Virgen<\/st1:personname>, los siete se dirigieron a la capilla de los M\u00e1rtires, en la colina de <a href=\"http:\/\/es.wikipedia.org\/wiki\/Montmartre\" title=\"Montmartre\"><span style=\"color: black\">Montmartre<\/span><\/a>, donde pronunciaron sus votos y naci\u00f3 <st1:personname ProductID=\"la Compa??a\" w:st=\"on\">la Compa\u00f1\u00eda<\/st1:personname> de Jes\u00fas como un grupo de amigos con un ideal com\u00fan. <o:p><\/o:p><\/span><\/p>\n<p style=\"background: white; text-align: justify\"><span style=\"font-size: 11pt; color: black; font-family: Arial\"><\/span><\/p>\n<p><span style=\"font-size: 11pt; color: black; font-family: Arial\">El <a href=\"http:\/\/es.wikipedia.org\/wiki\/27_de_septiembre\" title=\"27 de septiembre\"><span style=\"color: black\">27 de septiembre<\/span><\/a> de <a href=\"http:\/\/es.wikipedia.org\/wiki\/1540\" title=\"1540\"><span style=\"color: black\">1540<\/span><\/a>, el Papa <a href=\"http:\/\/es.wikipedia.org\/wiki\/Pablo_III\" title=\"Pablo III\"><span style=\"color: black\">Pablo III<\/span><\/a> reconoci\u00f3 la orden y firm\u00f3 la bula de confirmaci\u00f3n conocida por sus primeras palabras: <em>Regimini militantis ecclesiae<\/em>.<o:p><\/o:p><\/span><\/p>\n<p style=\"background: white; text-align: justify\"><span style=\"font-size: 11pt; color: black; font-family: Arial\"><\/span><\/p>\n<p><span style=\"font-size: 11pt; color: black; font-family: Arial\">Despu\u00e9s de los votos de Montmartre se incorporaron al n\u00facleo inicial tres j\u00f3venes franceses, \u00abreclutados\u00bb por Fabro: Claude Jay, Jean Codure y Paschase Bro\u00ebt. <o:p><\/o:p><\/span><\/p>\n<p style=\"background: white; text-align: justify\"><span style=\"font-size: 11pt; color: black; font-family: Arial\"><\/span><\/p>\n<p><span style=\"font-size: 11pt; color: black; font-family: Arial\">Los diez se encontraron en Venecia y peregrinaron y misionaron el norte de <a href=\"http:\/\/es.wikipedia.org\/wiki\/Italia\" title=\"Italia\"><span style=\"color: black\">Italia<\/span><\/a> a la espera de embarcarse hacia <a href=\"http:\/\/es.wikipedia.org\/wiki\/Jerusal%C3%A9n\" title=\"Jerusal\u00e9n\"><span style=\"color: black\">Jerusal\u00e9n<\/span><\/a>, pero la guerra entre <a href=\"http:\/\/es.wikipedia.org\/wiki\/Venecia\" title=\"Venecia\"><span style=\"color: black\">Venecia<\/span><\/a> y el <a href=\"http:\/\/es.wikipedia.org\/wiki\/Imperio_Otomano\" title=\"Imperio Otomano\"><span style=\"color: black\">Imperio Otomano<\/span><\/a> lo impidi\u00f3.<o:p><\/o:p><\/span><\/p>\n<p style=\"background: white; text-align: justify\"><span style=\"font-size: 11pt; color: black; font-family: Arial\"><\/span><\/p>\n<p><span style=\"font-size: 11pt; color: black; font-family: Arial\">A partir de la aprobaci\u00f3n papal comenz\u00f3 un proceso de expansi\u00f3n num\u00e9rica y de misiones encomendadas: fundaci\u00f3n de Colegios, reforma de monasterios, participaci\u00f3n en el <a href=\"http:\/\/es.wikipedia.org\/wiki\/Concilio_de_Trento\" title=\"Concilio de Trento\"><span style=\"color: black\">Concilio de Trento<\/span><\/a>, di\u00e1logo con los protestantes&#8230; <o:p><\/o:p><\/span><\/p>\n<p style=\"background: white; text-align: justify\"><span style=\"font-size: 11pt; color: black; font-family: Arial\"><\/span><\/p>\n<p><span style=\"font-size: 11pt; color: black; font-family: Arial\">Los primeros compa\u00f1eros se dispersaron: Rodr\u00edguez fue a <a href=\"http:\/\/es.wikipedia.org\/wiki\/Portugal\" title=\"Portugal\"><span style=\"color: black\">Portugal<\/span><\/a>, Javier a Oriente, Fabro recorri\u00f3 media Europa predicando y dando <a href=\"http:\/\/es.wikipedia.org\/wiki\/Ejercicios_espirituales\" title=\"Ejercicios espirituales\"><span style=\"color: black\">ejercicios espirituales<\/span><\/a>&#8230; <o:p><\/o:p><\/span><\/p>\n<p style=\"background: white; text-align: justify\"><span style=\"font-size: 11pt; color: black; font-family: Arial\"><\/span><\/p>\n<p><span style=\"font-size: 11pt; color: black; font-family: Arial\">Entre 1540 y 1550 se unieron a <st1:personname ProductID=\"la Orden\" w:st=\"on\">la Orden<\/st1:personname> notables personajes para su posterior desarrollo: Jer\u00f3nimo Nadal, Francisco de Borja, duque de Gand\u00eda, Pedro Canisio, notable te\u00f3logo, y Juan de Polanco, secretario de Ignacio.<o:p><\/o:p><\/span><\/p>\n<p style=\"background: white; text-align: justify\"><span style=\"font-size: 11pt; color: black; font-family: Arial\"><\/span><\/p>\n<p><span style=\"font-size: 11pt; color: black; font-family: Arial\">En <a href=\"http:\/\/es.wikipedia.org\/wiki\/1556\" title=\"1556\"><span style=\"color: black\">1556<\/span><\/a>, cuando muri\u00f3 el fundador, eran 1000 compa\u00f1eros. El segundo General fue <a href=\"http:\/\/es.wikipedia.org\/wiki\/Diego_La%C3%ADnez_%28jesuita%29\" title=\"Diego La\u00ednez (jesuita)\"><span style=\"color: black\">Diego La\u00ednez<\/span><\/a>.<o:p><\/o:p><\/span><span style=\"font-size: 11pt; color: black; font-family: Arial\"><o:p>\u00a0<\/o:p><\/span><\/p>\n<p style=\"background: white; margin: 0cm 0cm 3.6pt; line-height: 18pt\" class=\"MsoNormal\"><span class=\"mw-headline\"><strong><span style=\"font-size: 11pt; color: black; font-family: Arial\"><\/span><\/strong><\/span><\/p>\n<p><span class=\"mw-headline\"><strong><span style=\"font-size: 11pt; color: black; font-family: Arial\">Las expulsiones y la supresi\u00f3n de <st1:personname ProductID=\"la Compa??a\" w:st=\"on\">la Compa\u00f1\u00eda<\/st1:personname><\/span><\/strong><\/span><strong><span style=\"font-size: 11pt; color: black; font-family: Arial\"><o:p><\/o:p><\/span><\/strong><\/p>\n<p style=\"background: white; text-align: justify\"><span style=\"font-size: 11pt; color: black; font-family: Arial\"><\/span><\/p>\n<p><span style=\"font-size: 11pt; color: black; font-family: Arial\">Los gobiernos ilustrados de <st1:personname ProductID=\"la Europa\" w:st=\"on\">la Europa<\/st1:personname> del siglo XVIII se propusieron acabar con <st1:personname ProductID=\"la Compa??a\" w:st=\"on\">la Compa\u00f1\u00eda<\/st1:personname> de Jes\u00fas por su defensa incondicional del <a href=\"http:\/\/es.wikipedia.org\/wiki\/Papa\" title=\"Papa\"><span style=\"color: black\">Papado<\/span><\/a>, su actividad intelectual y los enemigos que se hab\u00edan ganado (jansenistas, fil\u00f3sofos, e incluso ciertos cl\u00e9rigos en Roma).<o:p><\/o:p><\/span><\/p>\n<p style=\"background: white; text-align: justify\"><span style=\"font-size: 11pt; color: black; font-family: Arial\"><\/span><\/p>\n<p><span style=\"font-size: 11pt; color: black; font-family: Arial\">El primer pa\u00eds en expulsarlos fue <a href=\"http:\/\/es.wikipedia.org\/wiki\/Portugal\" title=\"Portugal\"><span style=\"color: black\">Portugal<\/span><\/a>. El ministro Carvalho, marqu\u00e9s de Pombal, fue su principal adversario; encerr\u00f3 en el calabozo a 180 jesuitas en Lisboa y expuls\u00f3 al resto.<o:p><\/o:p><\/span><\/p>\n<p style=\"background: white; text-align: justify\"><span style=\"font-size: 11pt; color: black; font-family: Arial\"><\/span><\/p>\n<p><span style=\"font-size: 11pt; color: black; font-family: Arial\">En <a href=\"http:\/\/es.wikipedia.org\/wiki\/1763\" title=\"1763\"><span style=\"color: black\">1763<\/span><\/a>, <a href=\"http:\/\/es.wikipedia.org\/wiki\/Luis_XV_de_Francia\" title=\"Luis XV de Francia\"><span style=\"color: black\">Luis XV de Francia<\/span><\/a> los acus\u00f3 de malversaci\u00f3n de fondos debido a la quiebra del P. Antoine Lavalette en Martinica. El Parlamento de Par\u00eds conden\u00f3 las <em>Constituciones<\/em> y el Rey decret\u00f3 la disoluci\u00f3n de <st1:personname ProductID=\"la Orden\" w:st=\"on\">la Orden<\/st1:personname> en sus dominios.<o:p><\/o:p><\/span><\/p>\n<p style=\"background: white; text-align: justify\"><span style=\"font-size: 11pt; color: black; font-family: Arial\"><\/span><\/p>\n<p><span style=\"font-size: 11pt; color: black; font-family: Arial\">M\u00e1s tarde, los jesuitas fueron expulsados de los territorios de la corona espa\u00f1ola a trav\u00e9s de <st1:personname ProductID=\"la ?????????????????????????????????????????????????????????????????????????????????????????????????????????????????Pragm\u00e1tica Sanci\u00f3n\" w:st=\"on\">la <a href=\"http:\/\/es.wikipedia.org\/wiki\/Pragm%C3%A1tica_Sanci%C3%B3n_de_1767\" title=\"Pragm\u00e1tica Sanci\u00f3n de 1767\"><span style=\"color: black\">Pragm\u00e1tica Sanci\u00f3n<\/span><span style=\"color: black\"> de 1767<\/span><\/a> dictada por <a href=\"http:\/\/es.wikipedia.org\/wiki\/Carlos_III_de_Espa%C3%B1a\" title=\"Carlos III de Espa\u00f1a\"><span style=\"color: black\">Carlos III<\/span><\/a> el <a href=\"http:\/\/es.wikipedia.org\/wiki\/2_de_abril\" title=\"2 de abril\"><span style=\"color: black\">2 de abril<\/span><\/a> de <a href=\"http:\/\/es.wikipedia.org\/wiki\/1767\" title=\"1767\"><span style=\"color: black\">1767<\/span><\/a> y cuyo dictamen fue obra de <a href=\"http:\/\/es.wikipedia.org\/wiki\/Pedro_Rodr%C3%ADguez_de_Campomanes\" title=\"Pedro Rodr\u00edguez de Campomanes\"><span style=\"color: black\">Pedro Rodr\u00edguez de Campomanes<\/span><\/a> (futuro <a href=\"http:\/\/es.wikipedia.org\/wiki\/Conde_de_Campomanes\" title=\"Conde de Campomanes\"><span style=\"color: black\">conde de Campomanes<\/span><\/a>), regalista y por entonces Fiscal del Consejo de Castilla. <o:p><\/o:p><\/st1:personname><\/span><\/p>\n<p style=\"background: white; text-align: justify\"><span style=\"font-size: 11pt; color: black; font-family: Arial\"><\/span><\/p>\n<p><span style=\"font-size: 11pt; color: black; font-family: Arial\">Al mismo tiempo, se decretaba la incautaci\u00f3n del valioso patrimonio que <st1:personname ProductID=\"la Compa??a\" w:st=\"on\">la Compa\u00f1\u00eda<\/st1:personname> de Jes\u00fas ten\u00eda en estos reinos, haciendas, edificios, bibliotecas, aunque no se encontr\u00f3 el supuesto \u00abtesoro\u00bb en efectivo que se esperaba. <o:p><\/o:p><\/span><\/p>\n<p style=\"background: white; text-align: justify\"><span style=\"font-size: 11pt; color: black; font-family: Arial\"><\/span><\/p>\n<p><span style=\"font-size: 11pt; color: black; font-family: Arial\">Los hijos de San Ignacio tuvieron que dejar el trabajo que realizaban en sus obras educativas, lo que supuso un duro golpe para la formaci\u00f3n de la juventud en <st1:personname ProductID=\"la Am?rica Hispana\" w:st=\"on\">la Am\u00e9rica Hispana<\/st1:personname> y sus misiones entre ind\u00edgenas, como las famosas <a href=\"http:\/\/es.wikipedia.org\/wiki\/Reducciones_guaran%C3%ADes\" title=\"Reducciones guaran\u00edes\"><span style=\"color: black\">Reducciones guaran\u00edes<\/span><\/a>.<o:p><\/o:p><\/span><\/p>\n<p style=\"background: white; text-align: justify\"><span style=\"font-size: 11pt; color: black; font-family: Arial\"><\/span><\/p>\n<p><span style=\"font-size: 11pt; color: black; font-family: Arial\">La supresi\u00f3n de los jesuitas fue llevada a cabo en <a href=\"http:\/\/es.wikipedia.org\/wiki\/1773\" title=\"1773\"><span style=\"color: black\">1773<\/span><\/a>, cuando el <a href=\"http:\/\/es.wikipedia.org\/wiki\/Papa\" title=\"Papa\"><span style=\"color: black\">Papa<\/span><\/a> <a href=\"http:\/\/es.wikipedia.org\/wiki\/Clemente_XIV\" title=\"Clemente XIV\"><span style=\"color: black\">Clemente XIV<\/span><\/a> enfrent\u00f3 fuertes presiones de los reyes de Francia, Espa\u00f1a, Portugal y de las dos Sicilias quienes, por distintas razones, le exig\u00edan la desaparici\u00f3n de <st1:personname ProductID=\"la Compa??a.\" w:st=\"on\">la Compa\u00f1\u00eda.<\/st1:personname> <o:p><\/o:p><\/span><\/p>\n<p style=\"background: white; text-align: justify\"><span style=\"font-size: 11pt; color: black; font-family: Arial\"><\/span><\/p>\n<p><span style=\"font-size: 11pt; color: black; font-family: Arial\">El Papa cedi\u00f3 y mediante el breve <em>Dominus ac Redemptor<\/em> suprimi\u00f3 <st1:personname ProductID=\"la Compa??a\" w:st=\"on\">la Compa\u00f1\u00eda<\/st1:personname> de Jes\u00fas.<o:p><\/o:p><\/span><\/p>\n<p style=\"background: white; text-align: justify\"><span style=\"font-size: 11pt; color: black; font-family: Arial\"><\/span><\/p>\n<p><span style=\"font-size: 11pt; color: black; font-family: Arial\">Los jesuitas se convirtieron al clero secular y los escolares y hermanos coadjutores quedaron libres de sus votos. <o:p><\/o:p><\/span><\/p>\n<p style=\"background: white; text-align: justify\"><span style=\"font-size: 11pt; color: black; font-family: Arial\"><\/span><\/p>\n<p><span style=\"font-size: 11pt; color: black; font-family: Arial\">El Padre General, <a href=\"http:\/\/es.wikipedia.org\/w\/index.php?title=Lorenzo_Ricci&amp;action=edit&amp;redlink=1\" title=\"Lorenzo Ricci (a\u00fan no redactado)\"><span style=\"color: black\">Lorenzo Ricci<\/span><\/a>, y su Consejo de Asistentes fueron apresados y encerrados en el <a href=\"http:\/\/es.wikipedia.org\/wiki\/Castillo_Sant%27Angelo\" title=\"Castillo Sant'Angelo\"><span style=\"color: black\">Castillo Sant&#8217;Angelo<\/span><\/a> (Roma) sin juicio alguno.<o:p><\/o:p><\/span><\/p>\n<p style=\"background: white; text-align: justify\"><span style=\"font-size: 11pt; color: black; font-family: Arial\"><\/span><\/p>\n<p><span style=\"font-size: 11pt; color: black; font-family: Arial\">Sin embargo, en <a href=\"http:\/\/es.wikipedia.org\/wiki\/Rusia\" title=\"Rusia\"><span style=\"color: black\">Rusia<\/span><\/a>, <a href=\"http:\/\/es.wikipedia.org\/wiki\/Polonia\" title=\"Polonia\"><span style=\"color: black\">Polonia<\/span><\/a>, <a href=\"http:\/\/es.wikipedia.org\/wiki\/Prusia\" title=\"Prusia\"><span style=\"color: black\">Prusia<\/span><\/a> e <a href=\"http:\/\/es.wikipedia.org\/wiki\/Inglaterra\" title=\"Inglaterra\"><span style=\"color: black\">Inglaterra<\/span><\/a> el edicto de supresi\u00f3n no fue observado por los monarcas. <o:p><\/o:p><\/span><\/p>\n<p style=\"background: white; text-align: justify\"><span style=\"font-size: 11pt; color: black; font-family: Arial\"><\/span><\/p>\n<p><span style=\"font-size: 11pt; color: black; font-family: Arial\">Muchos jesuitas de toda <a href=\"http:\/\/es.wikipedia.org\/wiki\/Europa\" title=\"Europa\"><span style=\"color: black\">Europa<\/span><\/a> aceptaron la oferta de refugio hecha por la zarina <a href=\"http:\/\/es.wikipedia.org\/wiki\/Catalina_la_Grande\" title=\"Catalina la Grande\"><span style=\"color: black\">Catalina la Grande<\/span><\/a>, quien esperaba continuar as\u00ed, con el apoyo intelectual de <st1:personname ProductID=\"la Compa??a\" w:st=\"on\">la Compa\u00f1\u00eda<\/st1:personname>, la obra de modernizaci\u00f3n iniciada por <a href=\"http:\/\/es.wikipedia.org\/wiki\/Pedro_I_de_Rusia\" title=\"Pedro I de Rusia\"><span style=\"color: black\">Pedro el Grande<\/span><\/a>.<o:p><\/o:p><\/span><\/p>\n<p style=\"background: white; text-align: justify\"><span style=\"font-size: 11pt; color: black; font-family: Arial\"><\/span><\/p>\n<p><span style=\"font-size: 11pt; color: black; font-family: Arial\">En <a href=\"http:\/\/es.wikipedia.org\/wiki\/1789\" title=\"1789\"><span style=\"color: black\">1789<\/span><\/a> \u2014el mismo a\u00f1o en que <st1:personname ProductID=\"la ????????????????????????????????????????????????????????????????????????????????????????????????????????????????????Constituci\u00f3n\" w:st=\"on\">la <a href=\"http:\/\/es.wikipedia.org\/wiki\/Constituci%C3%B3n_de_Estados_Unidos\" title=\"Constituci\u00f3n de Estados Unidos\"><span style=\"color: black\">Constituci\u00f3n<\/span><span style=\"color: black\"> de Estados Unidos<\/span><\/a> entr\u00f3 en vigor y en el que se inici\u00f3 la <a href=\"http:\/\/es.wikipedia.org\/wiki\/Revoluci%C3%B3n_Francesa\" title=\"Revoluci\u00f3n Francesa\"><span style=\"color: black\">Revoluci\u00f3n Francesa<\/span><\/a>\u2014 fue fundada por ex jesuitas la universidad cat\u00f3lica m\u00e1s antigua de <a href=\"http:\/\/es.wikipedia.org\/wiki\/Estados_Unidos\" title=\"Estados Unidos\"><span style=\"color: black\">Estados Unidos<\/span><\/a>, <st1:personname ProductID=\"la Universidad\" w:st=\"on\">la <a href=\"http:\/\/es.wikipedia.org\/wiki\/Universidad_de_Georgetown\" title=\"Universidad de Georgetown\"><span style=\"color: black\">Universidad<\/span><span style=\"color: black\"> de Georgetown<\/span><\/a>, en <a href=\"http:\/\/es.wikipedia.org\/wiki\/Washington_D.C.\" title=\"Washington D.C.\"><span style=\"color: black\">Washington D.C.<\/span><\/a>; posteriormente la universidad ser\u00eda integrada a <st1:personname ProductID=\"la Compa??a.\" w:st=\"on\">la Compa\u00f1\u00eda.<\/st1:personname><o:p><\/o:p><\/st1:personname><\/st1:personname><\/span><a name=\"Restauraci.C3.B3n_y_nuevas_expulsiones\"><\/a><span class=\"mw-headline\"><strong><span style=\"font-size: 11pt; color: black; font-family: Arial\"><o:p>\u00a0<\/o:p><\/span><\/strong><\/span><\/p>\n<p style=\"background: white; margin: 0cm 0cm 3.6pt; line-height: 18pt\" class=\"MsoNormal\"><span class=\"mw-headline\"><strong><span style=\"font-size: 11pt; color: black; font-family: Arial\"><\/span><\/strong><\/span><\/p>\n<p><span class=\"mw-headline\"><strong><span style=\"font-size: 11pt; color: black; font-family: Arial\">Restauraci\u00f3n y nuevas expulsiones<\/span><\/strong><\/span><strong><span style=\"font-size: 11pt; color: black; font-family: Arial\"><o:p><\/o:p><\/span><\/strong><span style=\"font-size: 11pt; color: black; font-family: Arial\"><o:p>\u00a0<\/o:p><\/span><\/p>\n<p style=\"background: #f9f9f9; margin: 0cm 0cm 0pt; line-height: 16.8pt; text-align: justify\" class=\"MsoNormal\"><span style=\"font-size: 11pt; color: black; font-family: Arial\"><\/span><\/p>\n<p><span style=\"font-size: 11pt; color: black; font-family: Arial\">M\u00e1rtires jesuitas de <a href=\"http:\/\/es.wikipedia.org\/wiki\/Elicura\" title=\"Elicura\"><span style=\"color: black\">Elicura<\/span><\/a>, <a href=\"http:\/\/es.wikipedia.org\/wiki\/Chile\" title=\"Chile\"><span style=\"color: black\">Chile<\/span><\/a>, seg\u00fan la obra de otro jesuita, <a href=\"http:\/\/es.wikipedia.org\/wiki\/Alonso_de_Ovalle\" title=\"Alonso de Ovalle\"><span style=\"color: black\">Alonso de Ovalle<\/span><\/a>.<o:p><\/o:p><\/span><\/p>\n<p style=\"background: white; text-align: justify\"><span style=\"font-size: 11pt; color: black; font-family: Arial\"><\/span><\/p>\n<p><span style=\"font-size: 11pt; color: black; font-family: Arial\">Cuarenta a\u00f1os despu\u00e9s, en medio de los efectos causados por la <a href=\"http:\/\/es.wikipedia.org\/wiki\/Revoluci%C3%B3n_Francesa\" title=\"Revoluci\u00f3n Francesa\"><span style=\"color: black\">Revoluci\u00f3n Francesa<\/span><\/a>, las guerras napole\u00f3nicas y las guerras de independencia de los territorios americanos del imperio espa\u00f1ol, el Papa <a href=\"http:\/\/es.wikipedia.org\/wiki\/P%C3%ADo_VIII\" title=\"P\u00edo VIII\"><span style=\"color: black\">P\u00edo VIII<\/span><\/a> decidi\u00f3 restaurar a <st1:personname ProductID=\"la Compa??a.\" w:st=\"on\">la Compa\u00f1\u00eda.<\/st1:personname> <o:p><\/o:p><\/span><\/p>\n<p style=\"background: white; text-align: justify\"><span style=\"font-size: 11pt; color: black; font-family: Arial\"><\/span><\/p>\n<p><span style=\"font-size: 11pt; color: black; font-family: Arial\">De hecho, los jesuitas hab\u00edan sobrevivido en Rusia \u2014unos cuantos centenares\u2014 protegidos por la zarina <a href=\"http:\/\/es.wikipedia.org\/wiki\/Catalina_II\" title=\"Catalina II\"><span style=\"color: black\">Catalina II<\/span><\/a>. <o:p><\/o:p><\/span><\/p>\n<p style=\"background: white; text-align: justify\"><span style=\"font-size: 11pt; color: black; font-family: Arial\"><\/span><\/p>\n<p><span style=\"font-size: 11pt; color: black; font-family: Arial\">La restauraci\u00f3n universal era vista como una posible respuesta a las presiones generadas por quienes eran vistos en ese entonces como los enemigos de <st1:personname ProductID=\"la Iglesia\" w:st=\"on\">la Iglesia<\/st1:personname>, especialmente la <a href=\"http:\/\/es.wikipedia.org\/wiki\/Masoner%C3%ADa\" title=\"Masoner\u00eda\"><span style=\"color: black\">masoner\u00eda<\/span><\/a>, condenada por el catolicismo.<o:p><\/o:p><\/span><\/p>\n<p style=\"background: white; text-align: justify\"><span style=\"font-size: 11pt; color: black; font-family: Arial\"><\/span><\/p>\n<p><span style=\"font-size: 11pt; color: black; font-family: Arial\">De <a href=\"http:\/\/es.wikipedia.org\/wiki\/1814\" title=\"1814\"><span style=\"color: black\">1814<\/span><\/a> hasta el <a href=\"http:\/\/es.wikipedia.org\/wiki\/Concilio_Vaticano_II\" title=\"Concilio Vaticano II\"><span style=\"color: black\">Concilio Vaticano II<\/span><\/a> de 1960, <st1:personname ProductID=\"la SJ\" w:st=\"on\">la SJ<\/st1:personname> es asociada con corrientes conservadoras y elitistas. <o:p><\/o:p><\/span><\/p>\n<p style=\"background: white; text-align: justify\"><st1:personname ProductID=\"la Orden\" w:st=\"on\"><span style=\"font-size: 11pt; color: black; font-family: Arial\">\u00a0<\/span><\/st1:personname><\/p>\n<p><st1:personname ProductID=\"la Orden\" w:st=\"on\"><span style=\"font-size: 11pt; color: black; font-family: Arial\">La Orden<\/span><\/st1:personname><span style=\"font-size: 11pt; color: black; font-family: Arial\"> es identificada con un incondicional apoyo hacia la autoridad del Papa. <o:p><\/o:p><\/span><\/p>\n<p style=\"background: white; text-align: justify\"><span style=\"font-size: 11pt; color: black; font-family: Arial\"><\/span><\/p>\n<p><span style=\"font-size: 11pt; color: black; font-family: Arial\">Poco tiempo despu\u00e9s de la restauraci\u00f3n, el Zar expulsa a los jesuitas de Rusia. <o:p><\/o:p><\/span><\/p>\n<p style=\"background: white; text-align: justify\"><span style=\"font-size: 11pt; color: black; font-family: Arial\"><\/span><\/p>\n<p><span style=\"font-size: 11pt; color: black; font-family: Arial\">Los Generales (Fortis, Roothaan y Beckx) vuelven a instalarse en Roma despu\u00e9s de un par\u00e9ntesis de 40 a\u00f1os y durante el siglo XIX sufre las revoluciones pol\u00edticas y tiene que afrontar numerosos ataques. <o:p><\/o:p><\/span><\/p>\n<p style=\"background: white; text-align: justify\"><span style=\"font-size: 11pt; color: black; font-family: Arial\"><\/span><\/p>\n<p><span style=\"font-size: 11pt; color: black; font-family: Arial\">Acaba siendo nuevamente expulsada de Portugal, Italia, Francia, Espa\u00f1a, Nicaragua, Colombia, Ecuador, Alemania, etc.<o:p><\/o:p><\/span><\/p>\n<p style=\"background: white; text-align: justify\"><span style=\"font-size: 11pt; color: black; font-family: Arial\"><\/span><\/p>\n<p><span style=\"font-size: 11pt; color: black; font-family: Arial\">El resurgimiento italiano, es decir, la unificaci\u00f3n de la pen\u00ednsula bajo la \u00e9gida de <st1:personname ProductID=\"la Casa\" w:st=\"on\">la Casa<\/st1:personname> de Saboya, acarre\u00f3 complicaciones al Papado y a <st1:personname ProductID=\"la Compa??a. El\" w:st=\"on\">la Compa\u00f1\u00eda. El<\/st1:personname> conde de Cavour, primer ministro del Rey V\u00edctor Manuel, era francamente liberal y, por ende, anticlerical. <o:p><\/o:p><\/span><\/p>\n<p style=\"background: white; text-align: justify\"><span style=\"font-size: 11pt; color: black; font-family: Arial\"><\/span><\/p>\n<p><span style=\"font-size: 11pt; color: black; font-family: Arial\">En 1870 surge la \u00abcuesti\u00f3n romana\u00bb cuando los ej\u00e9rcitos piamonteses ocupan Roma y el Papa se declara prisionero en el Vaticano. La situaci\u00f3n pol\u00edtica posterior en Italia, oblig\u00f3 al Padre General Luis Mart\u00edn a abandonar Roma y a gobernar desde Fi\u00e9sole.<o:p><\/o:p><\/span><\/p>\n<p style=\"background: white; text-align: justify\"><span style=\"font-size: 11pt; color: black; font-family: Arial\"><\/span><\/p>\n<p><span style=\"font-size: 11pt; color: black; font-family: Arial\">A pesar de estas expulsiones y conflictos, el n\u00famero de jesuitas va ascendiendo lentamente. Cuando los jesuitas alemanes fueron expulsados por <a href=\"http:\/\/es.wikipedia.org\/wiki\/Otto_von_Bismarck\" title=\"Otto von Bismarck\"><span style=\"color: black\">Otto von Bismarck<\/span><\/a>, cientos de ellos se trasladaron a Norteam\u00e9rica y colaboraron en la evangelizaci\u00f3n del interior de los <a href=\"http:\/\/es.wikipedia.org\/wiki\/Estados_Unidos\" title=\"Estados Unidos\"><span style=\"color: black\">Estados Unidos<\/span><\/a>.<o:p><\/o:p><\/span><\/p>\n<p style=\"background: white; text-align: justify\"><strong><em><span style=\"font-size: 11pt; color: black; font-family: Arial\"><\/span><\/em><\/strong><\/p>\n<p><strong><em><span style=\"font-size: 11pt; color: black; font-family: Arial\">Los Jesuitas.<\/span><\/em><\/strong><strong><span style=\"font-size: 11pt; color: black; font-family: Arial\"><o:p><\/o:p><\/span><\/strong><\/p>\n<p style=\"background: white; text-align: justify\"><a name=\"Los_jesuitas_en_la_colonizaci.C3.B3n_de_\"><\/a><span style=\"font-size: 11pt; color: black; font-family: Arial\"><\/span><\/p>\n<p><span style=\"font-size: 11pt; color: black; font-family: Arial\">Es una <a href=\"http:\/\/es.wikipedia.org\/wiki\/Orden_religiosa\" title=\"Orden religiosa\"><span style=\"color: black\">orden religiosa<\/span><\/a> de la <a href=\"http:\/\/es.wikipedia.org\/wiki\/Iglesia_Cat%C3%B3lica\" title=\"Iglesia Cat\u00f3lica\"><span style=\"color: black\">Iglesia Cat\u00f3lica<\/span><\/a> Romana fundada por San <a href=\"http:\/\/es.wikipedia.org\/wiki\/Ignacio_de_Loyola\" title=\"Ignacio de Loyola\"><span style=\"color: black\">Ignacio de Loyola<\/span><\/a>, <a href=\"http:\/\/es.wikipedia.org\/wiki\/San_Francisco_Javier\" title=\"San Francisco Javier\"><span style=\"color: black\">San Francisco Javier<\/span><\/a> y otros ocho compa\u00f1eros en 1534, en <a href=\"http:\/\/es.wikipedia.org\/wiki\/Par%C3%ADs\" title=\"Par\u00eds\"><span style=\"color: black\">Par\u00eds<\/span><\/a>. <o:p><\/o:p><\/span><\/p>\n<p style=\"background: white; text-align: justify\"><span style=\"font-size: 11pt; color: black; font-family: Arial\"><\/span><\/p>\n<p><span style=\"font-size: 11pt; color: black; font-family: Arial\">Con cerca de 20.000 miembros, sacerdotes, estudiantes y hermanos, es la mayor orden religiosa masculina de esa Iglesia hoy en d\u00eda.<o:p><\/o:p><\/span><\/p>\n<p style=\"background: white; text-align: justify\"><span style=\"font-size: 11pt; color: black; font-family: Arial\"><\/span><\/p>\n<p><span style=\"font-size: 11pt; color: black; font-family: Arial\">Los <strong>jesuitas<\/strong>, que as\u00ed se conoce a los miembros de esta congregaci\u00f3n religiosa, trabajan por la evangelizaci\u00f3n del mundo, en defensa de la fe y la promoci\u00f3n de la justicia, en permanente di\u00e1logo cultural e interreligioso. <o:p><\/o:p><\/span><\/p>\n<p style=\"background: white; text-align: justify\"><span style=\"font-size: 11pt; color: black; font-family: Arial\"><\/span><\/p>\n<p><span style=\"font-size: 11pt; color: black; font-family: Arial\">La finalidad de esta Compa\u00f1\u00eda es \u00ab<em>la perfecci\u00f3n cristiana, propia y ajena, para gloria y servicio de Dios<\/em>\u00bb.<o:p><\/o:p><\/span><\/p>\n<p style=\"background: white\"><span style=\"font-size: 11pt; color: black; font-family: Arial\"><\/span><\/p>\n<p><span style=\"font-size: 11pt; color: black; font-family: Arial\">La formaci\u00f3n en <st1:personname ProductID=\"la Compa??a\" w:st=\"on\">la Compa\u00f1\u00eda<\/st1:personname> de Jes\u00fas es una etapa que dura entre 10 y 12 a\u00f1os y que empieza con el noviciado (dos a\u00f1os) y contin\u00faa con un proceso de formaci\u00f3n intelectual s\u00f3lida que incluye estudios de Humanidades, <a href=\"http:\/\/es.wikipedia.org\/wiki\/Filosof%C3%ADa\" title=\"Filosof\u00eda\"><span style=\"color: black\">Filosof\u00eda<\/span><\/a> y <a href=\"http:\/\/es.wikipedia.org\/wiki\/Teolog%C3%ADa\" title=\"Teolog\u00eda\"><span style=\"color: black\">Teolog\u00eda<\/span><\/a>. <o:p><\/o:p><\/span><\/p>\n<p style=\"background: white; text-align: justify\"><span style=\"font-size: 11pt; color: black; font-family: Arial\"><\/span><\/p>\n<p><span style=\"font-size: 11pt; color: black; font-family: Arial\">Adem\u00e1s, los jesuitas en formaci\u00f3n realizan tres a\u00f1os de \u00abpr\u00e1cticas\u00bb (per\u00edodo de <em>magisterio<\/em>, <em>regency<\/em> en ingl\u00e9s) en colegios o en otros \u00e1mbitos (trabajo parroquial, social, medios de comunicaci\u00f3n, etc). <o:p><\/o:p><\/span><\/p>\n<p style=\"background: white; text-align: justify\"><span style=\"font-size: 11pt; color: black; font-family: Arial\"><\/span><\/p>\n<p><span style=\"font-size: 11pt; color: black; font-family: Arial\">El estudio a fondo de idiomas, disciplinas sagradas y profanas, antes o despu\u00e9s de su ordenaci\u00f3n sacerdotal, ha hecho de los miembros de <st1:personname ProductID=\"la SJ\" w:st=\"on\">la SJ<\/st1:personname>, durante casi cinco siglos, los l\u00edderes intelectuales del catolicismo.<o:p><\/o:p><\/span><span style=\"font-size: 11pt; color: black; font-family: Arial\"><o:p>\u00a0<\/o:p><\/span><\/p>\n<p style=\"background: white; text-align: justify\"><span style=\"font-size: 11pt; color: black; font-family: Arial\"><\/span><\/p>\n<p><span style=\"font-size: 11pt; color: black; font-family: Arial\">San Ignacio de Loyola, el fundador, quiso que sus miembros estuviesen siempre preparados para ser enviados, con la mayor celeridad, all\u00ed donde fueran requeridos por <st1:personname ProductID=\"la Misi?n\" w:st=\"on\">la Misi\u00f3n<\/st1:personname> de <st1:personname ProductID=\"la Iglesia\" w:st=\"on\">la Iglesia<\/st1:personname> y all\u00e1 donde el Papa los necesitara. <o:p><\/o:p><\/span><\/p>\n<p style=\"background: white; text-align: justify\"><span style=\"font-size: 11pt; color: black; font-family: Arial\"><\/span><\/p>\n<p><span style=\"font-size: 11pt; color: black; font-family: Arial\">De ah\u00ed que los <a href=\"http:\/\/es.wikipedia.org\/wiki\/Jesuitas\" title=\"Jesuitas\"><span style=\"color: black\">jesuitas<\/span><\/a> profesen los tres <a href=\"http:\/\/es.wikipedia.org\/wiki\/Clero#Los_votos_mon.C3.A1sticos\" title=\"Clero\"><span style=\"color: black\">votos<\/span><\/a> normales de la vida religiosa (obediencia, pobreza y castidad) y, aparte, algunos jesuitas emiten un cuarto voto de obediencia al <a href=\"http:\/\/es.wikipedia.org\/wiki\/Papa\" title=\"Papa\"><span style=\"color: black\">Papa<\/span><\/a>, \u00ab<em>perinde ac cadaver<\/em>\u00bb (\u00abdisciplinado como un cad\u00e1ver\u00bb, en palabras de Ignacio) en lo que se refiere a las misiones espec\u00edficas a las que \u00e9ste los pueda destinar. <o:p><\/o:p><\/span><\/p>\n<p style=\"background: white; text-align: justify\"><st1:personname ProductID=\"La Formula Instituti\" w:st=\"on\"><span style=\"font-size: 11pt; color: black; font-family: Arial\">\u00a0<\/span><\/st1:personname><\/p>\n<p><st1:personname ProductID=\"La Formula Instituti\" w:st=\"on\"><span style=\"font-size: 11pt; color: black; font-family: Arial\">La <em>Formula Instituti<\/em><\/span><\/st1:personname><span style=\"font-size: 11pt; color: black; font-family: Arial\"> o <em>F\u00f3rmula del Instituto,<\/em> aprobada por <a href=\"http:\/\/es.wikipedia.org\/wiki\/Paulo_III\" title=\"Paulo III\"><span style=\"color: black\">Paulo III<\/span><\/a> en 1540 y confirmada por <a href=\"http:\/\/es.wikipedia.org\/wiki\/Julio_III\" title=\"Julio III\"><span style=\"color: black\">Julio III<\/span><\/a> en 1550, su documento fundamental, dice: \u00ab<em>Militar para Dios bajo la bandera de la cruz y servir s\u00f3lo al Se\u00f1or y a <st1:personname ProductID=\"la Iglesia\" w:st=\"on\">la Iglesia<\/st1:personname>, su Esposa, bajo el Romano Pont\u00edfice, Vicario de Cristo en la tierra<\/em>\u00bb.<o:p><\/o:p><\/span><span style=\"font-size: 11pt; color: black; font-family: Arial\"><o:p>\u00a0<\/o:p><\/span><\/p>\n<p style=\"background: white; text-align: justify\"><span style=\"font-size: 11pt; color: black; font-family: Arial\"><\/span><\/p>\n<p><span style=\"font-size: 11pt; color: black; font-family: Arial\">Es por ello que hoy los jesuitas se encuentran en los campos m\u00e1s diversos de nuestro mundo, adapt\u00e1ndose a las nuevas necesidades de la sociedad y a los retos que estas plantean. <o:p><\/o:p><\/span><\/p>\n<p style=\"background: white; text-align: justify\"><span style=\"font-size: 11pt; color: black; font-family: Arial\"><\/span><\/p>\n<p><span style=\"font-size: 11pt; color: black; font-family: Arial\">Todas estas acciones las desarrolla a trav\u00e9s del trabajo de los jesuitas y de miles de laicos que comparten su misma espiritualidad. <o:p><\/o:p><\/span><\/p>\n<p style=\"background: white; text-align: justify\"><span style=\"font-size: 11pt; color: black; font-family: Arial\"><\/span><\/p>\n<p><span style=\"font-size: 11pt; color: black; font-family: Arial\">As\u00ed <st1:personname ProductID=\"la Compa??a\" w:st=\"on\">la Compa\u00f1\u00eda<\/st1:personname> trabaja en la acci\u00f3n social, <st1:personname ProductID=\"la Educaci?n\" w:st=\"on\">la Educaci\u00f3n<\/st1:personname>, el \u00e1mbito intelectual, el servicio a parroquias y comunidades cristianas, los medios de comunicaci\u00f3n social y todo ello cimentado en la llamada \u00abespiritualidad\u00bb ignaciana.<o:p><\/o:p><\/span><span style=\"font-size: 11pt; color: black; font-family: Arial\"><o:p>\u00a0<\/o:p><\/span><\/p>\n<p style=\"background: white; text-align: justify\"><st1:personname ProductID=\"la Compa??a\" w:st=\"on\"><span style=\"font-size: 11pt; color: black; font-family: Arial\">\u00a0<\/span><\/st1:personname><\/p>\n<p><st1:personname ProductID=\"la Compa??a\" w:st=\"on\"><span style=\"font-size: 11pt; color: black; font-family: Arial\">La Compa\u00f1\u00eda<\/span><\/st1:personname><span style=\"font-size: 11pt; color: black; font-family: Arial\"> de Jes\u00fas ha sido una organizaci\u00f3n que ha vivido entre la alabanza y la cr\u00edtica, siempre en la pol\u00e9mica. <o:p><\/o:p><\/span><\/p>\n<p style=\"background: white; text-align: justify\"><span style=\"font-size: 11pt; color: black; font-family: Arial\"><\/span><\/p>\n<p><span style=\"font-size: 11pt; color: black; font-family: Arial\">Su lealtad incondicional al Papa los ha colocado en m\u00e1s de un conflicto: con la <a href=\"http:\/\/es.wikipedia.org\/wiki\/Inglaterra\" title=\"Inglaterra\"><span style=\"color: black\">Inglaterra<\/span><\/a> isabelina, frente al <a href=\"http:\/\/es.wikipedia.org\/wiki\/Absolutismo\" title=\"Absolutismo\"><span style=\"color: black\">absolutismo<\/span><\/a> espa\u00f1ol y del <a href=\"http:\/\/es.wikipedia.org\/wiki\/Luis_XIV_de_Francia\" title=\"Luis XIV de Francia\"><span style=\"color: black\">Rey Sol<\/span><\/a>, con <st1:personname ProductID=\"la Alemania\" w:st=\"on\">la Alemania<\/st1:personname> de <a href=\"http:\/\/es.wikipedia.org\/wiki\/Otto_von_Bismarck\" title=\"Otto von Bismarck\"><span style=\"color: black\">Bismarck<\/span><\/a>, de donde fueron expulsados (durante el <em>Kulturkampf<\/em>) y con los gobiernos liberales de diversos pa\u00edses en Am\u00e9rica y Europa, que tambi\u00e9n los persiguieron. <o:p><\/o:p><\/span><\/p>\n<p style=\"background: white; text-align: justify\"><span style=\"font-size: 11pt; color: black; font-family: Arial\"><\/span><\/p>\n<p><span style=\"font-size: 11pt; color: black; font-family: Arial\">Asimismo los reg\u00edmenes comunistas de <a href=\"http:\/\/es.wikipedia.org\/wiki\/Europa_Oriental\" title=\"Europa Oriental\"><span style=\"color: black\">Europa Oriental<\/span><\/a> y de <a href=\"http:\/\/es.wikipedia.org\/wiki\/China\" title=\"China\"><span style=\"color: black\">China<\/span><\/a> limitaron ampliamente su actividad a partir de <a href=\"http:\/\/es.wikipedia.org\/wiki\/1945\" title=\"1945\"><span style=\"color: black\">1945<\/span><\/a>.<o:p><\/o:p><\/span><span style=\"font-size: 11pt; color: black; font-family: Arial\"><o:p>\u00a0<\/o:p><\/span><\/p>\n<p style=\"background: white; text-align: justify\"><st1:personname ProductID=\"la Compa??a\" w:st=\"on\"><span style=\"font-size: 11pt; color: black; font-family: Arial\">\u00a0<\/span><\/st1:personname><\/p>\n<p><st1:personname ProductID=\"la Compa??a\" w:st=\"on\"><span style=\"font-size: 11pt; color: black; font-family: Arial\">La Compa\u00f1\u00eda<\/span><\/st1:personname><span style=\"font-size: 11pt; color: black; font-family: Arial\"> de Jes\u00fas desarroll\u00f3 una actividad decisiva durante la <a href=\"http:\/\/es.wikipedia.org\/wiki\/Contrarreforma_cat%C3%B3lica\" title=\"Contrarreforma cat\u00f3lica\"><span style=\"color: black\">Contrarreforma<\/span><\/a>, sobre todo en los a\u00f1os inmediatamente posteriores al <a href=\"http:\/\/es.wikipedia.org\/wiki\/Concilio_de_Trento\" title=\"Concilio de Trento\"><span style=\"color: black\">Concilio de Trento<\/span><\/a>; reconquistaron para el catolicismo regiones protestantes como <a href=\"http:\/\/es.wikipedia.org\/wiki\/Baviera\" title=\"Baviera\"><span style=\"color: black\">Baviera<\/span><\/a> en el sur de <a href=\"http:\/\/es.wikipedia.org\/wiki\/Alemania\" title=\"Alemania\"><span style=\"color: black\">Alemania<\/span><\/a> y los actuales estados de <a href=\"http:\/\/es.wikipedia.org\/wiki\/Renania_del_Norte-Westfalia\" title=\"Renania del Norte-Westfalia\"><span style=\"color: black\">Renania del Norte-Westfalia<\/span><\/a>, <a href=\"http:\/\/es.wikipedia.org\/wiki\/Renania-Palatinado\" title=\"Renania-Palatinado\"><span style=\"color: black\">Renania-Palatinado<\/span><\/a> y <a href=\"http:\/\/es.wikipedia.org\/wiki\/Sarre\" title=\"Sarre\"><span style=\"color: black\">Sarre<\/span><\/a> en dicho pa\u00eds; el oeste de <a href=\"http:\/\/es.wikipedia.org\/wiki\/Polonia\" title=\"Polonia\"><span style=\"color: black\">Polonia<\/span><\/a>, <a href=\"http:\/\/es.wikipedia.org\/wiki\/Hungr%C3%ADa\" title=\"Hungr\u00eda\"><span style=\"color: black\">Hungr\u00eda<\/span><\/a>, <a href=\"http:\/\/es.wikipedia.org\/wiki\/Austria\" title=\"Austria\"><span style=\"color: black\">Austria<\/span><\/a>, <a href=\"http:\/\/es.wikipedia.org\/wiki\/B%C3%A9lgica\" title=\"B\u00e9lgica\"><span style=\"color: black\">B\u00e9lgica<\/span><\/a> y el sur de <a href=\"http:\/\/es.wikipedia.org\/wiki\/Pa%C3%ADses_Bajos\" title=\"Pa\u00edses Bajos\"><span style=\"color: black\">Holanda<\/span><\/a>. Su presencia en la educaci\u00f3n occidental y en las misiones en Asia, \u00c1frica y Am\u00e9rica ha sido muy activa. <o:p><\/o:p><\/span><\/p>\n<p style=\"background: white; text-align: justify\"><span style=\"font-size: 11pt; color: black; font-family: Arial\"><\/span><\/p>\n<p><span style=\"font-size: 11pt; color: black; font-family: Arial\">Ha contado entre sus filas a una larga serie de santos, te\u00f3logos, cient\u00edficos, artistas y humanistas: <a href=\"http:\/\/es.wikipedia.org\/wiki\/Francisco_Javier\" title=\"Francisco Javier\"><span style=\"color: black\">San Francisco Javier<\/span><\/a>, <a href=\"http:\/\/es.wikipedia.org\/wiki\/San_Luis_Gonzaga\" title=\"San Luis Gonzaga\"><span style=\"color: black\">San Luis Gonzaga<\/span><\/a>, <a href=\"http:\/\/es.wikipedia.org\/wiki\/Matteo_Ricci\" title=\"Matteo Ricci\"><span style=\"color: black\">Matteo Ricci<\/span><\/a>, <a href=\"http:\/\/es.wikipedia.org\/wiki\/Francisco_Su%C3%A1rez\" title=\"Francisco Su\u00e1rez\"><span style=\"color: black\">Francisco Su\u00e1rez<\/span><\/a>, <a href=\"http:\/\/es.wikipedia.org\/wiki\/Luis_de_Molina\" title=\"Luis de Molina\"><span style=\"color: black\">Luis de Molina<\/span><\/a>, <a href=\"http:\/\/es.wikipedia.org\/wiki\/Christopher_Clavius\" title=\"Christopher Clavius\"><span style=\"color: black\">Christopher Clavius<\/span><\/a>, <a href=\"http:\/\/es.wikipedia.org\/wiki\/Pedro_Claver\" title=\"Pedro Claver\"><span style=\"color: black\">San Pedro Claver<\/span><\/a>, <a href=\"http:\/\/es.wikipedia.org\/wiki\/Eusebio_Francisco_Kino\" title=\"Eusebio Francisco Kino\"><span style=\"color: black\">Eusebio Kino<\/span><\/a>, <a href=\"http:\/\/es.wikipedia.org\/wiki\/Karl_Rahner\" title=\"Karl Rahner\"><span style=\"color: black\">Karl Rahner<\/span><\/a>, <a href=\"http:\/\/es.wikipedia.org\/wiki\/Pierre_Teilhard_de_Chardin\" title=\"Pierre Teilhard de Chardin\"><span style=\"color: black\">Teilhard de Chardin<\/span><\/a>, Bernard Lonergan, <a href=\"http:\/\/es.wikipedia.org\/wiki\/Carlo_Maria_Martini\" title=\"Carlo Maria Martini\"><span style=\"color: black\">Carlo Maria Martini<\/span><\/a>, <a href=\"http:\/\/es.wikipedia.org\/wiki\/Ignacio_Ellacur%C3%ADa\" title=\"Ignacio Ellacur\u00eda\"><span style=\"color: black\">Ignacio Ellacur\u00eda<\/span><\/a>, San <a href=\"http:\/\/es.wikipedia.org\/wiki\/Alberto_Hurtado_Cruchaga\" title=\"Alberto Hurtado Cruchaga\"><span style=\"color: black\">Alberto Hurtado<\/span><\/a>, etc.<o:p><\/o:p><\/span><\/p>\n<p style=\"background: white; text-align: justify\"><span style=\"font-size: 11pt; color: black; font-family: Arial\"><\/span><\/p>\n<p><span style=\"font-size: 11pt; color: black; font-family: Arial\">Cap\u00edtulos notables de su historia han sido el origen y desarrollo de sus c\u00e9lebres Colegios y Universidades en Europa, la actividad misionera en la <a href=\"http:\/\/es.wikipedia.org\/wiki\/India\" title=\"India\"><span style=\"color: black\">India<\/span><\/a>, <a href=\"http:\/\/es.wikipedia.org\/wiki\/China\" title=\"China\"><span style=\"color: black\">China<\/span><\/a> y <a href=\"http:\/\/es.wikipedia.org\/wiki\/Jap%C3%B3n\" title=\"Jap\u00f3n\"><span style=\"color: black\">Jap\u00f3n<\/span><\/a>, las reducciones del <a href=\"http:\/\/es.wikipedia.org\/wiki\/Paraguay\" title=\"Paraguay\"><span style=\"color: black\">Paraguay<\/span><\/a>, la exploraci\u00f3n y evangelizaci\u00f3n del <a href=\"http:\/\/es.wikipedia.org\/wiki\/Canad%C3%A1\" title=\"Canad\u00e1\"><span style=\"color: black\">Canad\u00e1<\/span><\/a>, del Mississippi y del Mara\u00f1\u00f3n, los conflictos teol\u00f3gicos con los protestantes y los <a href=\"http:\/\/es.wikipedia.org\/wiki\/Jansenismo\" title=\"Jansenismo\"><span style=\"color: black\">jansenistas<\/span><\/a>, su confrontaci\u00f3n con <st1:personname ProductID=\"la Ilustraci?n\" w:st=\"on\">la Ilustraci\u00f3n<\/st1:personname>, su supresi\u00f3n (1773) y su restauraci\u00f3n (1814). <o:p><\/o:p><\/span><\/p>\n<p style=\"background: white; text-align: justify\"><span style=\"font-size: 11pt; color: black; font-family: Arial\"><\/span><\/p>\n<p><span style=\"font-size: 11pt; color: black; font-family: Arial\">En 1965 llegaron a su m\u00e1xima expansi\u00f3n num\u00e9rica: 36.000 jesuitas en m\u00e1s de un centenar de unidades administrativas, provincias y misiones. <o:p><\/o:p><\/span><\/p>\n<p style=\"background: white; text-align: justify\"><span style=\"font-size: 11pt; color: black; font-family: Arial\"><\/span><\/p>\n<p><span style=\"font-size: 11pt; color: black; font-family: Arial\">Entre 1965 y 2008 los Generales fueron <a href=\"http:\/\/es.wikipedia.org\/wiki\/Pedro_Arrupe\" title=\"Pedro Arrupe\"><span style=\"color: black\">Pedro Arrupe<\/span><\/a>, espa\u00f1ol, 1965-1983 y <a href=\"http:\/\/es.wikipedia.org\/wiki\/Peter_Hans_Kolvenbach\" title=\"Peter Hans Kolvenbach\"><span style=\"color: black\">Peter Hans Kolvenbach<\/span><\/a>, holand\u00e9s, 1983-2008, a\u00f1o en que present\u00f3 su renuncia por motivos de edad. <o:p><\/o:p><\/span><\/p>\n<p style=\"background: white; text-align: justify\"><span style=\"font-size: 11pt; color: black; font-family: Arial\"><\/span><\/p>\n<p><span style=\"font-size: 11pt; color: black; font-family: Arial\">El <a href=\"http:\/\/es.wikipedia.org\/wiki\/7_de_enero\" title=\"7 de enero\"><span style=\"color: black\">7 de enero<\/span><\/a> de <a href=\"http:\/\/es.wikipedia.org\/wiki\/2008\" title=\"2008\"><span style=\"color: black\">2008<\/span><\/a> comenz\u00f3 <st1:personname ProductID=\"la XXXV Congregaci?n\" w:st=\"on\">la XXXV Congregaci\u00f3n<\/st1:personname> General, para elegir nuevo General y legislar sobre aspectos de la misi\u00f3n y carisma de <st1:personname ProductID=\"la Orden.\" w:st=\"on\">la Orden.<\/st1:personname> <o:p><\/o:p><\/span><\/p>\n<p style=\"background: white; text-align: justify\"><span style=\"font-size: 11pt; color: black; font-family: Arial\"><\/span><\/p>\n<p><span style=\"font-size: 11pt; color: black; font-family: Arial\">El 19 de enero fue electo, en el segundo escrutinio, como trig\u00e9simo General de <st1:personname ProductID=\"la Orden\" w:st=\"on\">la Orden<\/st1:personname> el Padre <a href=\"http:\/\/es.wikipedia.org\/wiki\/Adolfo_Nicol%C3%A1s\" title=\"Adolfo Nicol\u00e1s\"><span style=\"color: black\">Adolfo Nicol\u00e1s<\/span><\/a>, espa\u00f1ol, perteneciente a <st1:personname ProductID=\"la Asistencia\" w:st=\"on\">la Asistencia<\/st1:personname> de Europa Oriental y Ocean\u00eda que, como Arrupe, ha sido Superior Provincial de Jap\u00f3n.<o:p><\/o:p><\/span><\/p>\n","protected":false},"excerpt":{"rendered":"<p>La Compa\u00f1\u00eda de Jes\u00fas, en lat\u00edn: Societas Iesu. o \u00a0S. J.\u00a0 A los miembros de esta Orden se les llam\u00f3, casi desde sus inicios, \u00abjesuitas\u00bb. El nombre se empez\u00f3 a utilizar en Alemania, como le hizo notar Pieter Kanijs (primer jesuita alem\u00e1n y futuro San Pedro Canisio) a San Ignacio alrededor de 1550, y luego [&hellip;]<\/p>\n","protected":false},"author":249,"featured_media":0,"comment_status":"open","ping_status":"closed","sticky":false,"template":"","format":"standard","meta":{"footnotes":""},"categories":[26],"tags":[],"class_list":["post-686","post","type-post","status-publish","format-standard","hentry","category-mundo"],"_links":{"self":[{"href":"http:\/\/eloficiodehistoriar.com.mx\/index.php?rest_route=\/wp\/v2\/posts\/686","targetHints":{"allow":["GET"]}}],"collection":[{"href":"http:\/\/eloficiodehistoriar.com.mx\/index.php?rest_route=\/wp\/v2\/posts"}],"about":[{"href":"http:\/\/eloficiodehistoriar.com.mx\/index.php?rest_route=\/wp\/v2\/types\/post"}],"author":[{"embeddable":true,"href":"http:\/\/eloficiodehistoriar.com.mx\/index.php?rest_route=\/wp\/v2\/users\/249"}],"replies":[{"embeddable":true,"href":"http:\/\/eloficiodehistoriar.com.mx\/index.php?rest_route=%2Fwp%2Fv2%2Fcomments&post=686"}],"version-history":[{"count":0,"href":"http:\/\/eloficiodehistoriar.com.mx\/index.php?rest_route=\/wp\/v2\/posts\/686\/revisions"}],"wp:attachment":[{"href":"http:\/\/eloficiodehistoriar.com.mx\/index.php?rest_route=%2Fwp%2Fv2%2Fmedia&parent=686"}],"wp:term":[{"taxonomy":"category","embeddable":true,"href":"http:\/\/eloficiodehistoriar.com.mx\/index.php?rest_route=%2Fwp%2Fv2%2Fcategories&post=686"},{"taxonomy":"post_tag","embeddable":true,"href":"http:\/\/eloficiodehistoriar.com.mx\/index.php?rest_route=%2Fwp%2Fv2%2Ftags&post=686"}],"curies":[{"name":"wp","href":"https:\/\/api.w.org\/{rel}","templated":true}]}}