{"id":689,"date":"2008-07-24T07:44:33","date_gmt":"2008-07-24T12:44:33","guid":{"rendered":"https:\/\/eloficiodehistoriar.com.mx\/?p=689"},"modified":"2008-07-24T07:47:23","modified_gmt":"2008-07-24T12:47:23","slug":"en-queretaro-y-trabajando","status":"publish","type":"post","link":"http:\/\/eloficiodehistoriar.com.mx\/?p=689","title":{"rendered":"En Quer\u00e9taro y trabajando&#8230;"},"content":{"rendered":"<p><a href=\"https:\/\/eloficiodehistoriar.com.mx\/wp-content\/uploads\/2008\/07\/jfz-1-35.jpg\" title=\"jfz-1-35.jpg\"><img decoding=\"async\" src=\"https:\/\/eloficiodehistoriar.com.mx\/wp-content\/uploads\/2008\/07\/jfz-1-35.thumbnail.jpg\" alt=\"jfz-1-35.jpg\" \/><\/a><a href=\"https:\/\/eloficiodehistoriar.com.mx\/wp-content\/uploads\/2008\/07\/jfz-1-35.jpg\" title=\"jfz-1-35.jpg\"><\/a><a href=\"https:\/\/eloficiodehistoriar.com.mx\/wp-content\/uploads\/2008\/07\/jfz-1-6.jpg\" title=\"jfz-1-6.jpg\"><img decoding=\"async\" src=\"https:\/\/eloficiodehistoriar.com.mx\/wp-content\/uploads\/2008\/07\/jfz-1-6.thumbnail.jpg\" alt=\"jfz-1-6.jpg\" \/><\/a><a href=\"https:\/\/eloficiodehistoriar.com.mx\/wp-content\/uploads\/2008\/07\/el-marques.jpg\" title=\"el-marques.jpg\"><img decoding=\"async\" src=\"https:\/\/eloficiodehistoriar.com.mx\/wp-content\/uploads\/2008\/07\/el-marques.thumbnail.jpg\" alt=\"el-marques.jpg\" \/><\/a><a href=\"https:\/\/eloficiodehistoriar.com.mx\/wp-content\/uploads\/2008\/07\/antonio-pompa-y-pompa.JPG\" title=\"antonio-pompa-y-pompa.JPG\"><img decoding=\"async\" src=\"https:\/\/eloficiodehistoriar.com.mx\/wp-content\/uploads\/2008\/07\/antonio-pompa-y-pompa.thumbnail.JPG\" alt=\"antonio-pompa-y-pompa.JPG\" \/><\/a><a href=\"https:\/\/eloficiodehistoriar.com.mx\/wp-content\/uploads\/2008\/07\/don-luis-gonzalez.jpg\" title=\"don-luis-gonzalez.jpg\"><img decoding=\"async\" src=\"https:\/\/eloficiodehistoriar.com.mx\/wp-content\/uploads\/2008\/07\/don-luis-gonzalez.thumbnail.jpg\" alt=\"don-luis-gonzalez.jpg\" \/><\/a><a href=\"https:\/\/eloficiodehistoriar.com.mx\/wp-content\/uploads\/2008\/07\/carmen-parra.jpg\" title=\"carmen-parra.jpg\"><img decoding=\"async\" src=\"https:\/\/eloficiodehistoriar.com.mx\/wp-content\/uploads\/2008\/07\/carmen-parra.thumbnail.jpg\" alt=\"carmen-parra.jpg\" \/><\/a><\/p>\n<p><a href=\"https:\/\/eloficiodehistoriar.com.mx\/wp-content\/uploads\/2008\/07\/escaner.jpg\" title=\"escaner.jpg\"><img decoding=\"async\" src=\"https:\/\/eloficiodehistoriar.com.mx\/wp-content\/uploads\/2008\/07\/escaner.thumbnail.jpg\" alt=\"escaner.jpg\" \/><\/a><\/p>\n<p>La gran pintora C\u00e1rmen Parra en el Museo de Arte de Quer\u00e9taro.<\/p>\n<p>El ilustre historiador Luis Gonz\u00e1lez y Gonz\u00e1lez en Radiocentro en Quer\u00e9taro<\/p>\n<p>El historiador guanajuatende\u00a0Antonio Pompa en la U A Q<\/p>\n<p>El fot\u00f3grafo queretano de fama mundial\u00a0 Esteban Galv\u00e1n en el Museo Regional<\/p>\n<p>El historiador Enrique Florescano en la U A Q<\/p>\n<p>Jos\u00e9 F\u00e9lix Zavala a las afueras del C C de La\u00a0 Estaci\u00f3n<\/p>\n<p>El Cronista de La Ca\u00f1ada Guillermo Requenes junto a la talla de El Marqu\u00e9s Antonio de Urrutia y Arana, que estuviera por muchos a\u00f1os en la Alberca del Capil\u00edn que surti\u00f3 de agua a Quer\u00e9taro desde el siglo XVlll<\/p>\n","protected":false},"excerpt":{"rendered":"<p>La gran pintora C\u00e1rmen Parra en el Museo de Arte de Quer\u00e9taro. El ilustre historiador Luis Gonz\u00e1lez y Gonz\u00e1lez en Radiocentro en Quer\u00e9taro El historiador guanajuatende\u00a0Antonio Pompa en la U A Q El fot\u00f3grafo queretano de fama mundial\u00a0 Esteban Galv\u00e1n en el Museo Regional El historiador Enrique Florescano en la U A Q Jos\u00e9 F\u00e9lix [&hellip;]<\/p>\n","protected":false},"author":249,"featured_media":0,"comment_status":"open","ping_status":"closed","sticky":false,"template":"","format":"standard","meta":{"footnotes":""},"categories":[8,11,10],"tags":[],"class_list":["post-689","post","type-post","status-publish","format-standard","hentry","category-ciudad-de-queretaro","category-fotografia","category-historia"],"_links":{"self":[{"href":"http:\/\/eloficiodehistoriar.com.mx\/index.php?rest_route=\/wp\/v2\/posts\/689","targetHints":{"allow":["GET"]}}],"collection":[{"href":"http:\/\/eloficiodehistoriar.com.mx\/index.php?rest_route=\/wp\/v2\/posts"}],"about":[{"href":"http:\/\/eloficiodehistoriar.com.mx\/index.php?rest_route=\/wp\/v2\/types\/post"}],"author":[{"embeddable":true,"href":"http:\/\/eloficiodehistoriar.com.mx\/index.php?rest_route=\/wp\/v2\/users\/249"}],"replies":[{"embeddable":true,"href":"http:\/\/eloficiodehistoriar.com.mx\/index.php?rest_route=%2Fwp%2Fv2%2Fcomments&post=689"}],"version-history":[{"count":0,"href":"http:\/\/eloficiodehistoriar.com.mx\/index.php?rest_route=\/wp\/v2\/posts\/689\/revisions"}],"wp:attachment":[{"href":"http:\/\/eloficiodehistoriar.com.mx\/index.php?rest_route=%2Fwp%2Fv2%2Fmedia&parent=689"}],"wp:term":[{"taxonomy":"category","embeddable":true,"href":"http:\/\/eloficiodehistoriar.com.mx\/index.php?rest_route=%2Fwp%2Fv2%2Fcategories&post=689"},{"taxonomy":"post_tag","embeddable":true,"href":"http:\/\/eloficiodehistoriar.com.mx\/index.php?rest_route=%2Fwp%2Fv2%2Ftags&post=689"}],"curies":[{"name":"wp","href":"https:\/\/api.w.org\/{rel}","templated":true}]}}