{"id":696,"date":"2008-07-24T08:00:35","date_gmt":"2008-07-24T13:00:35","guid":{"rendered":"https:\/\/eloficiodehistoriar.com.mx\/?p=696"},"modified":"2008-07-24T08:06:37","modified_gmt":"2008-07-24T13:06:37","slug":"queretaro-en-el-477-aniversario-de-su-fundacion","status":"publish","type":"post","link":"http:\/\/eloficiodehistoriar.com.mx\/?p=696","title":{"rendered":"Quer\u00e9taro en el 477 aniversario de su fundaci\u00f3n&#8230;"},"content":{"rendered":"<p><span style=\"font-size: 18.5pt; font-family: Arial\"><\/span><span style=\"font-size: 18.5pt; font-family: Arial\"><\/p>\n<p align=\"center\" style=\"margin: 0cm 0cm 0pt; text-align: center\" class=\"MsoNormal\"><strong><span style=\"font-size: 20pt; color: black; font-family: Arial\">Qu\u00e9 ver, qu\u00e9 hacer, qu\u00e9 o\u00edr <\/span><\/strong><\/p>\n<p align=\"center\" style=\"margin: 0cm 0cm 0pt; text-align: center\" class=\"MsoNormal\"><strong><span style=\"font-size: 20pt; color: black; font-family: Arial\"><\/span><\/strong><\/p>\n<p align=\"center\" style=\"margin: 0cm 0cm 0pt; text-align: center\" class=\"MsoNormal\"><strong><span style=\"font-size: 20pt; color: black; font-family: Arial\"><\/span><\/strong><\/p>\n<p align=\"center\" style=\"margin: 0cm 0cm 0pt; text-align: center\" class=\"MsoNormal\"><strong><span style=\"font-size: 20pt; color: black; font-family: Arial\"><\/span><\/strong><\/p>\n<p align=\"center\" style=\"margin: 0cm 0cm 0pt; text-align: center\" class=\"MsoNormal\"><strong><span style=\"font-size: 20pt; color: black; font-family: Arial\"><\/span><\/strong><\/p>\n<p align=\"center\" style=\"margin: 0cm 0cm 0pt; text-align: center\" class=\"MsoNormal\"><strong><span style=\"font-size: 20pt; color: black; font-family: Arial\"><\/span><\/strong><\/p>\n<p align=\"center\" style=\"margin: 0cm 0cm 0pt; text-align: center\" class=\"MsoNormal\"><strong><span style=\"font-size: 20pt; color: black; font-family: Arial\">en Quer\u00e9taro\u2026<\/span><\/strong><\/p>\n<p align=\"center\" style=\"margin: 0cm 0cm 0pt; text-align: center\" class=\"MsoNormal\"><strong><span style=\"font-size: 20pt; color: black; font-family: Arial\"><\/span><\/strong><\/p>\n<p align=\"center\" style=\"margin: 0cm 0cm 0pt; text-align: center\" class=\"MsoNormal\"><strong><span style=\"font-size: 20pt; color: black; font-family: Arial\"><\/span><\/strong><\/p>\n<p><strong><span style=\"font-size: 20pt; color: black; font-family: Arial\"><o:p>\u00a0<\/o:p><\/span><\/strong><strong><span style=\"font-size: 14pt; color: black; font-family: Arial\">Jos\u00e9 F\u00e9lix Zavala<o:p><\/o:p><\/span><\/strong><strong><span style=\"font-size: 14pt; color: black; font-family: Arial\"><o:p>\u00a0<\/o:p><\/span><\/strong><\/p>\n<p style=\"margin: 0cm 0cm 0pt\" class=\"MsoNormal\"><strong><span style=\"font-size: 14pt; color: black; font-family: Arial\"><\/span><\/strong><\/p>\n<p style=\"margin: 0cm 0cm 0pt\" class=\"MsoNormal\"><strong><span style=\"font-size: 14pt; color: black; font-family: Arial\"><\/span><\/strong><\/p>\n<p style=\"margin: 0cm 0cm 0pt\" class=\"MsoNormal\"><strong><span style=\"font-size: 14pt; color: black; font-family: Arial\"><\/span><\/strong><\/p>\n<p><strong><span style=\"font-size: 14pt; color: black; font-family: Arial\">Encontraremos en nuestra ciudad<o:p><\/o:p><\/span><\/strong><\/p>\n<p style=\"margin: 0cm 0cm 0pt\" class=\"MsoNormal\"><span style=\"font-size: 28pt; color: black; font-family: Arial\"><span><\/span><\/span><\/p>\n<p style=\"margin: 0cm 0cm 0pt\" class=\"MsoNormal\"><span style=\"font-size: 28pt; color: black; font-family: Arial\"><span><\/span><\/span><\/p>\n<p style=\"margin: 0cm 0cm 0pt\" class=\"MsoNormal\"><span style=\"font-size: 28pt; color: black; font-family: Arial\"><span><\/span><\/span><\/p>\n<p><span style=\"font-size: 28pt; color: black; font-family: Arial\"><span>\u00a0\u00a0\u00a0\u00a0\u00a0\u00a0\u00a0 <\/span><\/span><span style=\"color: black; font-family: Arial\"><font size=\"3\">En el Barrio de <st1:personname ProductID=\"la Loma\" w:st=\"on\">la Loma<\/st1:personname> o del Sangremal<o:p><\/o:p><\/font><\/span><span style=\"font-size: 16pt; color: black; font-family: Arial\"><o:p>\u00a0<\/o:p><\/span><\/p>\n<p style=\"margin: 0cm 0cm 0pt\" class=\"MsoNormal\"><span style=\"color: black; font-family: Arial\"><\/span><\/p>\n<p><span style=\"color: black; font-family: Arial\"><font size=\"3\">El Barrio de <st1:personname ProductID=\"la Loma\" w:st=\"on\">la Loma<\/st1:personname><o:p><\/o:p><\/font><\/span><span style=\"color: black; font-family: Arial\"><font size=\"3\">El Calvarito<o:p><\/o:p><\/font><\/span><span style=\"color: black; font-family: Arial\"><font size=\"3\">Templo y Convento de <st1:personname ProductID=\"la Cruz\" w:st=\"on\">La Cruz<\/st1:personname> de los Milagros <o:p><\/o:p><\/font><\/span><span style=\"color: black; font-family: Arial\"><font size=\"3\">Museo de Sitio- \u00c1rbol de las Cruces.<o:p><\/o:p><\/font><\/span><font size=\"3\"><st1:personname ProductID=\"La Plaza\" w:st=\"on\"><span style=\"font-weight: normal; color: black\">La Plaza<\/span><\/st1:personname><span style=\"font-weight: normal; color: black\"> de <st1:personname ProductID=\"la Fundaci?n\" w:st=\"on\">la Fundaci\u00f3n<\/st1:personname><o:p><\/o:p><\/span><\/font><span style=\"color: black; font-family: Arial\"><font size=\"3\">Los Monumentos a los Fundadores de <st1:personname ProductID=\"la Ciudad\" w:st=\"on\">la Ciudad<\/st1:personname>:<o:p><\/o:p><\/font><\/span><span style=\"color: black; font-family: Arial\"><font size=\"3\">A los Concheros,<o:p><\/o:p><\/font><\/span><span style=\"color: black; font-family: Arial\"><font size=\"3\">A los Misioneros Fray Jun\u00edpero Serra y Fray Margil de Jes\u00fas <o:p><\/o:p><\/font><\/span><span style=\"color: black; font-family: Arial\"><font size=\"3\">A Santiago Matamoros<o:p><\/o:p><\/font><\/span><span style=\"color: black; font-family: Arial\"><font size=\"3\">A los fundadores de <st1:personname ProductID=\"la Ciudad Espa?ola\" w:st=\"on\">la Ciudad Espa\u00f1ola<\/st1:personname>: Fernando de Tapia, Nicol\u00e1s de San Luis de Monta\u00f1\u00e9s, Fray Jacobo Daciano y Juan S\u00e1nchez de Alan\u00eds<o:p><\/o:p><\/font><\/span><span style=\"color: black; font-family: Arial\"><font size=\"3\">El Pante\u00f3n de los Hombres Ilustres con <st1:personname ProductID=\"la Capilla\" w:st=\"on\">la Capilla<\/st1:personname> de los Dolores, el Mausoleo de <st1:personname ProductID=\"la Corregidora\" w:st=\"on\">la Corregidora<\/st1:personname> <o:p><\/o:p><\/font><\/span><span style=\"font-size: 16pt; color: black; font-family: Arial\"><o:p>\u00a0<\/o:p><\/span><\/p>\n<p style=\"margin: 0cm 0cm 0pt\" class=\"MsoNormal\"><strong><span style=\"color: black; font-family: Arial\"><\/span><\/strong><\/p>\n<p style=\"margin: 0cm 0cm 0pt\" class=\"MsoNormal\"><strong><span style=\"color: black; font-family: Arial\"><\/span><\/strong><\/p>\n<p><strong><span style=\"color: black; font-family: Arial\"><font size=\"3\">Cuatro Imponentes Conventos Franciscanos<o:p><\/o:p><\/font><\/span><\/strong><span style=\"color: black; font-family: Arial\"><o:p><font size=\"3\">\u00a0<\/font><\/o:p><\/span><span style=\"color: black; font-family: Arial\"><font size=\"3\">El Convento Grande de San Francisco- Templo y Museo de historia regional<o:p><\/o:p><\/font><\/span><span style=\"color: black; font-family: Arial\"><font size=\"3\">El Colegio de Propaganda Fide-Templo de <st1:personname ProductID=\"la Cruz\" w:st=\"on\">la Cruz<\/st1:personname> y Museo.<o:p><\/o:p><\/font><\/span><span style=\"color: black; font-family: Arial\"><font size=\"3\">El Convento de Dieguinos o de Franciscanos descalzos. Templo de San Antonio<o:p><\/o:p><\/font><\/span><span style=\"color: black; font-family: Arial\"><font size=\"3\">El Convento de Recolecci\u00f3n y Santuario del Pueblito y Museo de Sitio<o:p><\/o:p><\/font><\/span><span style=\"font-size: 16pt; color: black; font-family: Arial\"><o:p>\u00a0<\/o:p><\/span><\/p>\n<p style=\"margin: 0cm 0cm 0pt\" class=\"MsoHeading7\"><strong><st1:personname ProductID=\"La Pir?mide\" w:st=\"on\"><span style=\"font-size: 12pt; color: black\">\u00a0<\/span><\/st1:personname><\/strong><\/p>\n<p style=\"margin: 0cm 0cm 0pt\" class=\"MsoHeading7\"><strong><st1:personname ProductID=\"La Pir?mide\" w:st=\"on\"><span style=\"font-size: 12pt; color: black\">\u00a0<\/span><\/st1:personname><\/strong><\/p>\n<p><strong><st1:personname ProductID=\"La Pir?mide\" w:st=\"on\"><span style=\"font-size: 12pt; color: black\">La Pir\u00e1mide<\/span><\/st1:personname><span style=\"font-size: 12pt; color: black\"> del Cerrito<o:p><\/o:p><\/span><\/strong><span style=\"font-size: 14pt; color: black; font-family: Arial\"><o:p>\u00a0<\/o:p><\/span><span style=\"color: black; font-family: Arial\"><font size=\"3\">El Convento Franciscano de Recolecci\u00f3n<o:p><\/o:p><\/font><\/span><span style=\"color: black; font-family: Arial\"><font size=\"3\">El Santuario a <st1:personname ProductID=\"la Virgen\" w:st=\"on\">la Virgen<\/st1:personname> del Pueblito<o:p><\/o:p><\/font><\/span><span style=\"color: black; font-family: Arial\"><font size=\"3\">El Culto a <st1:personname ProductID=\"la Tenanchita\" w:st=\"on\">la Tenanchita<\/st1:personname><o:p><\/o:p><\/font><\/span><strong><span style=\"color: black; font-family: Arial\"><o:p><font size=\"3\">\u00a0<\/font><\/o:p><\/span><\/strong><\/p>\n<p style=\"margin: 0cm 0cm 0pt\" class=\"MsoNormal\"><strong><span style=\"color: black; font-family: Arial\"><\/span><\/strong><\/p>\n<p><strong><span style=\"color: black; font-family: Arial\"><font size=\"3\">Cinco Bell\u00edsimos Monasterios Femeninos<o:p><\/o:p><\/font><\/span><\/strong><span style=\"font-size: 16pt; color: black; font-family: Arial\"><o:p>\u00a0<\/o:p><\/span><span style=\"font-weight: normal; font-size: 12pt; color: black\">Monasterio y Templo de Santa Clara<o:p><\/o:p><\/span><span style=\"color: black; font-family: Arial\"><font size=\"3\">Real Colegio y Oratorio de Santa Rosa de Viterbo<o:p><\/o:p><\/font><\/span><span style=\"color: black; font-family: Arial\"><font size=\"3\">Monasterio de San Jos\u00e9 de Gracia,<span>\u00a0 <\/span>para monjas Capuchinas.<span>\u00a0 <\/span><o:p><\/o:p><\/font><\/span><span style=\"color: black; font-family: Arial\"><font size=\"3\">Beaterio de Carmelitas Descalzas-Templo. <o:p><\/o:p><\/font><\/span><span style=\"color: black; font-family: Arial\"><font size=\"3\">Convento de Santa Teresa de Jes\u00fas. Teresitas. Templo, capillas y ex convento.<o:p><\/o:p><\/font><\/span><span style=\"color: black; font-family: Arial\"><o:p><font size=\"3\">\u00a0<\/font><\/o:p><\/span><\/p>\n<p style=\"margin: 0cm 0cm 0pt\" class=\"MsoBodyText3\"><span style=\"font-size: 12pt; color: black\"><\/span><\/p>\n<p><span style=\"font-size: 12pt; color: black\"><strong>Siete Magn\u00edficos<span>\u00a0 <\/span>Conventos y Colegios de Religiosos<o:p><\/o:p><\/strong><\/span><span style=\"color: black; font-family: Arial\"><o:p><font size=\"3\">\u00a0<\/font><\/o:p><\/span><span style=\"font-weight: normal; color: black\"><font size=\"3\">El templo de <st1:personname ProductID=\"la Compa??a\" w:st=\"on\">la Compa\u00f1\u00eda<\/st1:personname> de Jes\u00fas<o:p><\/o:p><\/font><\/span><span style=\"color: black; font-family: Arial\"><font size=\"3\">y los<span>\u00a0 <\/span>Reales Colegios de San Ignacio de Loyola y de San Francisco Javier<o:p><\/o:p><\/font><\/span><font size=\"3\"><st1:personname ProductID=\"La Congregaci?n\" w:st=\"on\"><span style=\"color: black; font-family: Arial\">La Congregaci\u00f3n<\/span><\/st1:personname><span style=\"color: black; font-family: Arial\"> de Cl\u00e9rigos de Nuestra Se\u00f1ora de Guadalupe<o:p><\/o:p><\/span><\/font><font size=\"3\"><st1:personname ProductID=\"La Merced\" w:st=\"on\"><span style=\"color: black; font-family: Arial\">La Merced<\/span><\/st1:personname><span style=\"color: black; font-family: Arial\"><o:p><\/o:p><\/span><\/font><span style=\"color: black; font-family: Arial\"><font size=\"3\">Templo y Convento de los Carmelitas Descalzos<o:p><\/o:p><\/font><\/span><span style=\"color: black; font-family: Arial\"><font size=\"3\">Templo y Convento de Santo Domingo<o:p><\/o:p><\/font><\/span><span style=\"color: black; font-family: Arial\"><font size=\"3\">Templo y Convento de San Agust\u00edn<o:p><\/o:p><\/font><\/span><span style=\"color: black; font-family: Arial\"><font size=\"3\">Templo y Claustro de los Padres Felipenses<o:p><\/o:p><\/font><\/span><span style=\"font-size: 16pt; color: black; font-family: Arial\"><o:p>\u00a0<\/o:p><\/span><\/p>\n<p style=\"margin: 0cm 0cm 0pt\" class=\"MsoNormal\"><strong><span style=\"color: black; font-family: Arial\"><\/span><\/strong><\/p>\n<p><strong><span style=\"color: black; font-family: Arial\"><font size=\"3\">Las Capillas de Indios<o:p><\/o:p><\/font><\/span><\/strong><span style=\"font-size: 11pt; color: black; font-family: Arial\"><o:p>\u00a0<\/o:p><\/span><span style=\"color: black; font-family: Arial\"><font size=\"3\">San Francisquito<o:p><\/o:p><\/font><\/span><span style=\"color: black; font-family: Arial\"><font size=\"3\">El Esp\u00edritu Santo<o:p><\/o:p><\/font><\/span><span style=\"color: black; font-family: Arial\"><font size=\"3\">Santa Ana<o:p><\/o:p><\/font><\/span><span style=\"color: black; font-family: Arial\"><font size=\"3\">San Sebasti\u00e1n<o:p><\/o:p><\/font><\/span><span style=\"color: black; font-family: Arial\"><font size=\"3\">San Roque<o:p><\/o:p><\/font><\/span><\/p>\n<h1 style=\"margin: 0cm 0cm 0pt\"><span style=\"font-weight: normal; font-size: 12pt; color: black; font-family: Arial\">San Anto\u00f1ito<o:p><\/o:p><\/span><\/h1>\n<p><span style=\"color: black; font-family: Arial\"><font size=\"3\">San Gregorio<o:p><\/o:p><\/font><\/span><span style=\"font-weight: normal; color: black\"><font size=\"3\">Santa Catarina<o:p><\/o:p><\/font><\/span><font size=\"3\"><st1:personname ProductID=\"la Cruz\" w:st=\"on\"><span style=\"color: black; font-family: Arial\">La Cruz<\/span><\/st1:personname><span style=\"color: black; font-family: Arial\"> del Cerrito<o:p><\/o:p><\/span><\/font><font size=\"3\"><st1:personname ProductID=\"La Trinidad\" w:st=\"on\"><span style=\"color: black; font-family: Arial\">La Trinidad<\/span><\/st1:personname><span style=\"color: black; font-family: Arial\"><o:p><\/o:p><\/span><\/font><span style=\"color: black; font-family: Arial\"><font size=\"3\">San Isidro<o:p><\/o:p><\/font><\/span><span style=\"color: black; font-family: Arial\"><o:p><font size=\"3\">\u00a0<\/font><\/o:p><\/span><\/p>\n<p style=\"margin: 0cm 0cm 0pt\" class=\"MsoNormal\"><strong><span style=\"color: black; font-family: Arial\"><\/span><\/strong><\/p>\n<p><strong><span style=\"color: black; font-family: Arial\"><font size=\"3\">Las Garitas<o:p><\/o:p><\/font><\/span><\/strong><span style=\"color: black; font-family: Arial\"><o:p><font size=\"3\">\u00a0<\/font><\/o:p><\/span><span style=\"color: black; font-family: Arial\"><font size=\"3\">Garita de M\u00e9xico<o:p><\/o:p><\/font><\/span><span style=\"color: black; font-family: Arial\"><font size=\"3\">Garita de <st1:personname ProductID=\"La Ca?ada\" w:st=\"on\">La Ca\u00f1ada<\/st1:personname><o:p><\/o:p><\/font><\/span><span style=\"color: black; font-family: Arial\"><font size=\"3\">Garita del Retablo<o:p><\/o:p><\/font><\/span><span style=\"color: black; font-family: Arial\"><font size=\"3\">Garita de Celaya<o:p><\/o:p><\/font><\/span><span style=\"color: black; font-family: Arial\"><o:p><font size=\"3\">\u00a0<\/font><\/o:p><\/span><\/p>\n<p style=\"margin: 0cm 0cm 0pt\" class=\"MsoNormal\"><strong><span style=\"color: black; font-family: Arial\"><\/span><\/strong><\/p>\n<p><strong><span style=\"color: black; font-family: Arial\"><font size=\"3\">Un Hospital<o:p><\/o:p><\/font><\/span><\/strong><\/p>\n<h1 style=\"margin: 0cm 0cm 0pt\"><span style=\"font-weight: normal; color: black; font-family: Arial\"><o:p><font size=\"2\">\u00a0<\/font><\/o:p><\/span><\/h1>\n<h1 style=\"margin: 0cm 0cm 0pt\"><span style=\"font-weight: normal; font-size: 12pt; color: black; font-family: Arial\">Hospital para indios de <st1:personname ProductID=\"la Pur?sima Concepci?n\" w:st=\"on\">la Pur\u00edsima Concepci\u00f3n<\/st1:personname><o:p><\/o:p><\/span><\/h1>\n<p><span style=\"color: black; font-family: Arial\"><font size=\"3\">de los p.p. Hip\u00f3litos<o:p><\/o:p><\/font><\/span><span style=\"font-size: 16pt; color: black; font-family: Arial\"><o:p>\u00a0<\/o:p><\/span><\/p>\n<p style=\"margin: 0cm 0cm 0pt\" class=\"MsoNormal\"><strong><span style=\"color: black; font-family: Arial\"><\/span><\/strong><\/p>\n<p><strong><span style=\"color: black; font-family: Arial\"><font size=\"3\">Tres Cruces Atriales<o:p><\/o:p><\/font><\/span><\/strong><\/p>\n<h1 style=\"margin: 0cm 0cm 0pt\"><span style=\"font-weight: normal; font-size: 12pt; color: black; font-family: Arial\"><o:p>\u00a0<\/o:p><\/span><\/h1>\n<h1 style=\"margin: 0cm 0cm 0pt\"><span style=\"font-weight: normal; font-size: 12pt; color: black; font-family: Arial\">Cruz atrial en Santo Domingo<o:p><\/o:p><\/span><\/h1>\n<p><span style=\"color: black; font-family: Arial\"><font size=\"3\">Cruz atrial en <st1:personname ProductID=\"la Capilla\" w:st=\"on\">la Capilla<\/st1:personname> de <st1:personname ProductID=\"la Asunci?n\" w:st=\"on\">la Asunci\u00f3n<\/st1:personname> en el Templo de <st1:personname ProductID=\"la Cruz\" w:st=\"on\">la Cruz<\/st1:personname><o:p><\/o:p><\/font><\/span><span style=\"color: black; font-family: Arial\"><font size=\"3\">Cruz atrial del Templo de <st1:personname ProductID=\"la Compa??a\" w:st=\"on\">La Compa\u00f1\u00eda<\/st1:personname> de Jes\u00fas<o:p><\/o:p><\/font><\/span><span style=\"color: black; font-family: Arial\"><o:p><font size=\"3\">\u00a0<\/font><\/o:p><\/span><\/p>\n<h2 style=\"margin: 0cm 0cm 0pt\"><span style=\"font-size: 12pt; color: black; font-family: Arial\"><\/span><\/h2>\n<h2 style=\"margin: 0cm 0cm 0pt\"><span style=\"font-size: 12pt; color: black; font-family: Arial\">Los Arcos <o:p><\/o:p><\/span><\/h2>\n<p><span style=\"color: black; font-family: Arial\"><o:p><font size=\"3\">\u00a0<\/font><\/o:p><\/span><span style=\"color: black; font-family: Arial\"><font size=\"3\">74 arcos, venidos del ojo de agua, de <st1:personname ProductID=\"La Ca?ada.\" w:st=\"on\">La Ca\u00f1ada.<\/st1:personname><o:p><\/o:p><\/font><\/span><span style=\"color: black; font-family: Arial\"><font size=\"3\">con terminal en la alberca del Convento de <st1:personname ProductID=\"la Cruz\" w:st=\"on\">la Cruz<\/st1:personname><o:p><\/o:p><\/font><\/span><span style=\"color: black; font-family: Arial\"><o:p><font size=\"3\">\u00a0<\/font><\/o:p><\/span><\/p>\n<h2 style=\"margin: 0cm 0cm 0pt\"><span style=\"font-size: 12pt; color: black; font-family: Arial\"><\/span><\/h2>\n<h2 style=\"margin: 0cm 0cm 0pt\"><span style=\"font-size: 12pt; color: black; font-family: Arial\">Las Fuentes <o:p><\/o:p><\/span><\/h2>\n<p><span style=\"font-weight: normal; color: black\"><o:p><font size=\"3\">\u00a0<\/font><\/o:p><\/span><span style=\"font-weight: normal; color: black\"><font size=\"3\">Fuente monumental del Marqu\u00e9s<o:p><\/o:p><\/font><\/span><span style=\"color: black; font-family: Arial\"><font size=\"3\">Fuente de Neptuno<o:p><\/o:p><\/font><\/span><span style=\"color: black; font-family: Arial\"><font size=\"3\">Fuente<span>\u00a0 <\/span>de<span>\u00a0 <\/span>Hebe<o:p><\/o:p><\/font><\/span><span style=\"color: black; font-family: Arial\"><font size=\"3\">Fuente de <st1:personname ProductID=\"la Plaza Mayor\" w:st=\"on\">la Plaza Mayor<\/st1:personname><o:p><\/o:p><\/font><\/span><\/p>\n<h1 style=\"margin: 0cm 0cm 0pt\"><span style=\"font-weight: normal; font-size: 12pt; color: black; font-family: Arial\"><o:p>\u00a0<\/o:p><\/span><\/h1>\n<h2 style=\"margin: 0cm 0cm 0pt\"><span style=\"font-size: 12pt; color: black; font-family: Arial\"><\/span><\/h2>\n<h2 style=\"margin: 0cm 0cm 0pt\"><span style=\"font-size: 12pt; color: black; font-family: Arial\">El R\u00edo Quer\u00e9taro y sus Puentes<o:p><\/o:p><\/span><\/h2>\n<h1 style=\"margin: 0cm 0cm 0pt\"><span style=\"font-weight: normal; color: black; font-family: Arial\"><o:p><font size=\"2\">\u00a0<\/font><\/o:p><\/span><\/h1>\n<h1 style=\"margin: 0cm 0cm 0pt\"><span style=\"font-weight: normal; font-size: 12pt; color: black; font-family: Arial\" lang=\"ES-TRAD\">Puente de San Sebasti\u00e1n<o:p><\/o:p><\/span><\/h1>\n<h2 style=\"margin: 0cm 0cm 0pt\"><span style=\"font-weight: normal; font-size: 12pt; color: black; font-family: Arial\">Puente Grande<o:p><\/o:p><\/span><\/h2>\n<h2 style=\"margin: 0cm 0cm 0pt\"><span style=\"font-weight: normal; font-size: 12pt; color: black; font-family: Arial\">Puente de hierro<o:p><\/o:p><\/span><\/h2>\n<h1 style=\"margin: 0cm 0cm 0pt\"><span style=\"font-weight: normal; color: black; font-family: Arial\"><o:p><font size=\"2\">\u00a0<\/font><\/o:p><\/span><\/h1>\n<h2 style=\"margin: 0cm 0cm 0pt\"><span style=\"font-size: 12pt; color: black; font-family: Arial\"><\/span><\/h2>\n<h2 style=\"margin: 0cm 0cm 0pt\"><span style=\"font-size: 12pt; color: black; font-family: Arial\">Las Cajas de Agua<o:p><\/o:p><\/span><\/h2>\n<p><span style=\"color: black; font-family: Arial\"><o:p><font size=\"3\">\u00a0<\/font><\/o:p><\/span><span style=\"color: black; font-family: Arial\"><font size=\"3\">La del Pilar- frente a la plaza de <st1:personname ProductID=\"la Fundaci?n.\" w:st=\"on\">la Fundaci\u00f3n.<\/st1:personname><o:p><\/o:p><\/font><\/span><span style=\"color: black; font-family: Arial\"><font size=\"3\">De <st1:personname ProductID=\"la Estampa\" w:st=\"on\">la Estampa<\/st1:personname> esq. de Ocampo y Pino Su\u00e1rez.<o:p><\/o:p><\/font><\/span><span style=\"color: black; font-family: Arial\"><font size=\"3\">De los Ahorcados. Zaragoza 77 ote.<o:p><\/o:p><\/font><\/span><span style=\"color: black; font-family: Arial\"><font size=\"3\">De Cantoya. Av. 5 de mayo.<o:p><\/o:p><\/font><\/span><span style=\"color: black; font-family: Arial\"><font size=\"3\">De Garamilla. En Calle de Guti\u00e9rrez N\u00e1jera.<o:p><\/o:p><\/font><\/span><span style=\"color: black; font-family: Arial\"><font size=\"3\">El Mexicano.<span>\u00a0 <\/span>En la calle de 16 de septiembre ote.<o:p><\/o:p><\/font><\/span><font size=\"3\"><span style=\"color: black; font-family: Arial\" lang=\"PT-BR\">De Santa Rosa de Viterbo. <\/span><span style=\"color: black; font-family: Arial\">En Av. Ezequiel Montes sur<o:p><\/o:p><\/span><\/font><span style=\"color: black; font-family: Arial\"><font size=\"3\">De Verdolagas. Av. Ezequiel Montes norte<o:p><\/o:p><\/font><\/span><span style=\"color: black; font-family: Arial\"><font size=\"3\">De Capulines Av. Del 57 y Ocampo<o:p><\/o:p><\/font><\/span><span style=\"color: black; font-family: Arial\"><o:p><font size=\"3\">\u00a0<\/font><\/o:p><\/span><\/p>\n<p style=\"margin: 0cm 0cm 0pt\" class=\"MsoNormal\"><strong><span style=\"color: black; font-family: Arial\"><\/span><\/strong><\/p>\n<p><strong><span style=\"color: black; font-family: Arial\"><font size=\"3\">Los Portales<o:p><\/o:p><\/font><\/span><\/strong><span style=\"color: black; font-family: Arial\"><o:p><font size=\"3\">\u00a0<\/font><\/o:p><\/span><span style=\"color: black; font-family: Arial\"><font size=\"3\">Portal de Samaniego<o:p><\/o:p><\/font><\/span><span style=\"color: black; font-family: Arial\"><font size=\"3\">Portal Quemado<o:p><\/o:p><\/font><\/span><\/p>\n<h1 style=\"margin: 0cm 0cm 0pt\"><span style=\"font-weight: normal; font-size: 12pt; color: black; font-family: Arial\">Portal de Dolores<o:p><\/o:p><\/span><\/h1>\n<p><span style=\"color: black; font-family: Arial\"><font size=\"3\">Portal Bueno<o:p><\/o:p><\/font><\/span><span style=\"color: black; font-family: Arial\"><font size=\"3\">Portal Independencia<o:p><\/o:p><\/font><\/span><span style=\"color: black; font-family: Arial\"><font size=\"3\">Portal de las Tamaleras<o:p><\/o:p><\/font><\/span><\/p>\n<h1 style=\"margin: 0cm 0cm 0pt\"><span style=\"font-weight: normal; font-size: 12pt; color: black; font-family: Arial\">Portal de 15 de mayo<o:p><\/o:p><\/span><\/h1>\n<p><span style=\"color: black; font-family: Arial\"><o:p><font size=\"3\">\u00a0<\/font><\/o:p><\/span><\/p>\n<p style=\"margin: 0cm 0cm 0pt\" class=\"MsoNormal\"><strong><span style=\"color: black; font-family: Arial\"><\/span><\/strong><\/p>\n<p><strong><span style=\"color: black; font-family: Arial\"><font size=\"3\">Las Plazas <o:p><\/o:p><\/font><\/span><\/strong><span style=\"color: black; font-family: Arial\"><o:p><font size=\"3\">\u00a0<\/font><\/o:p><\/span><span style=\"color: black; font-family: Arial\"><font size=\"3\">Plaza de Armas<o:p><\/o:p><\/font><\/span><span style=\"color: black; font-family: Arial\"><font size=\"3\">Plaza de <st1:personname ProductID=\"la Fundaci?n\" w:st=\"on\">la Fundaci\u00f3n<\/st1:personname><o:p><\/o:p><\/font><\/span><span style=\"color: black; font-family: Arial\"><font size=\"3\">Plaza de <st1:personname ProductID=\"la Constituci?n\" w:st=\"on\">la Constituci\u00f3n<\/st1:personname><o:p><\/o:p><\/font><\/span><span style=\"color: black; font-family: Arial\"><font size=\"3\">Plaza Mariano de las Casas<o:p><\/o:p><\/font><\/span><span style=\"color: black; font-family: Arial\"><font size=\"3\">Plaza de San Sebasti\u00e1n<o:p><\/o:p><\/font><\/span><span style=\"font-size: 11pt; color: black; font-family: Arial\"><o:p>\u00a0<\/o:p><\/span><\/p>\n<h2 style=\"margin: 0cm 0cm 0pt\"><span style=\"font-size: 12pt; color: black; font-family: Arial\"><\/span><\/h2>\n<h2 style=\"margin: 0cm 0cm 0pt\"><span style=\"font-size: 12pt; color: black; font-family: Arial\">Los Jardines<o:p><\/o:p><\/span><\/h2>\n<p><span style=\"color: black; font-family: Arial\"><o:p><font size=\"3\">\u00a0<\/font><\/o:p><\/span><span style=\"color: black; font-family: Arial\"><font size=\"3\">Jard\u00edn Zenea<o:p><\/o:p><\/font><\/span><span style=\"color: black; font-family: Arial\"><font size=\"3\">Jard\u00edn Corregidora<o:p><\/o:p><\/font><\/span><\/p>\n<h1 style=\"margin: 0cm 0cm 0pt\"><span style=\"font-weight: normal; font-size: 12pt; color: black; font-family: Arial\">Jard\u00edn San Antonio<o:p><\/o:p><\/span><\/h1>\n<p><span style=\"color: black; font-family: Arial\"><font size=\"3\">Jard\u00edn Santa Clara<o:p><\/o:p><\/font><\/span><span style=\"color: black; font-family: Arial\"><font size=\"3\">Jard\u00edn de <st1:personname ProductID=\"la Cruz\" w:st=\"on\">la Cruz<\/st1:personname><o:p><\/o:p><\/font><\/span><span style=\"color: black; font-family: Arial\"><font size=\"3\">Jard\u00edn de los Platitos<o:p><\/o:p><\/font><\/span><\/p>\n<p style=\"margin: 0cm 0cm 0pt\" class=\"MsoNormal\"><strong><span style=\"color: black; font-family: Arial\"><\/span><\/strong><\/p>\n<p style=\"margin: 0cm 0cm 0pt\" class=\"MsoNormal\"><strong><span style=\"color: black; font-family: Arial\"><\/span><\/strong><\/p>\n<p><strong><span style=\"color: black; font-family: Arial\"><font size=\"3\">Los Alrededores<o:p><\/o:p><\/font><\/span><\/strong><span style=\"color: black; font-family: Arial\"><o:p><font size=\"3\">\u00a0<\/font><\/o:p><\/span><font size=\"3\"><st1:personname ProductID=\"La Ca?ada\" w:st=\"on\"><span style=\"color: black; font-family: Arial\">La Ca\u00f1ada<\/span><\/st1:personname><span style=\"color: black; font-family: Arial\">, El Pueblito<o:p><\/o:p><\/span><\/font><span style=\"color: black; font-family: Arial\"><font size=\"3\">H\u00e9rcules, Carrillo<o:p><\/o:p><\/font><\/span><span style=\"font-weight: normal; color: black\"><font size=\"3\">Santa Ma. Magdalena<o:p><\/o:p><\/font><\/span><span style=\"color: black; font-family: Arial\"><font size=\"3\">San Pablo y Santa Rosa J\u00e1uregui<o:p><\/o:p><\/font><\/span><span style=\"color: black; font-family: Arial\"><o:p><font size=\"3\">\u00a0<\/font><\/o:p><\/span><\/p>\n<p style=\"margin: 0cm 0cm 0pt\" class=\"MsoNormal\"><strong><span style=\"color: black; font-family: Arial\"><\/span><\/strong><\/p>\n<p style=\"margin: 0cm 0cm 0pt\" class=\"MsoNormal\"><strong><span style=\"color: black; font-family: Arial\"><\/span><\/strong><\/p>\n<p><strong><span style=\"color: black; font-family: Arial\"><font size=\"3\">El Cerro de las Campanas<o:p><\/o:p><\/font><\/span><\/strong><span style=\"color: black; font-family: Arial\"><o:p><font size=\"3\">\u00a0<\/font><\/o:p><\/span><font size=\"3\"><st1:personname ProductID=\"la Capilla\" w:st=\"on\"><span style=\"color: black; font-family: Arial\">La Capilla<\/span><\/st1:personname><span style=\"color: black; font-family: Arial\"> de Maximiliano<o:p><\/o:p><\/span><\/font><span style=\"color: black; font-family: Arial\"><font size=\"3\">El Monumento a Ju\u00e1rez<o:p><\/o:p><\/font><\/span><font size=\"3\"><st1:personname ProductID=\"La Fuente\" w:st=\"on\"><span style=\"color: black; font-family: Arial\">La Fuente<\/span><\/st1:personname><span style=\"color: black; font-family: Arial\"> de los Ni\u00f1os<o:p><\/o:p><\/span><\/font><span style=\"color: black; font-family: Arial\"><font size=\"3\">El Museo de Sitio<o:p><\/o:p><\/font><\/span><\/p>\n<h1 style=\"margin: 0cm 0cm 0pt\"><span style=\"font-weight: normal; font-size: 12pt; color: black; font-family: Arial\">Centro Universitario<o:p><\/o:p><\/span><\/h1>\n<h2 style=\"margin: 0cm 0cm 0pt\"><st1:personname ProductID=\"La Alameda\" w:st=\"on\"><span style=\"font-size: 12pt; color: black; font-family: Arial\">\u00a0<\/span><\/st1:personname><\/h2>\n<h2 style=\"margin: 0cm 0cm 0pt\"><st1:personname ProductID=\"La Alameda\" w:st=\"on\"><span style=\"font-size: 12pt; color: black; font-family: Arial\">\u00a0<\/span><\/st1:personname><\/h2>\n<h2 style=\"margin: 0cm 0cm 0pt\"><st1:personname ProductID=\"La Alameda\" w:st=\"on\"><span style=\"font-size: 12pt; color: black; font-family: Arial\">La Alameda<\/span><\/st1:personname><span style=\"font-size: 12pt; color: black; font-family: Arial\"><o:p><\/o:p><\/span><\/h2>\n<p><span style=\"color: black; font-family: Arial\"><o:p><font size=\"3\">\u00a0<\/font><\/o:p><\/span><span style=\"color: black; font-family: Arial\"><font size=\"3\">Monumento a Hidalgo<o:p><\/o:p><\/font><\/span><span style=\"color: black; font-family: Arial\"><font size=\"3\">Escultura de \u201c<st1:personname ProductID=\"La Canci?n Mixteca\" w:st=\"on\">La Canci\u00f3n Mixteca<\/st1:personname>\u201d<o:p><\/o:p><\/font><\/span><strong><span style=\"color: black; font-family: Arial\"><o:p><font size=\"3\">\u00a0<\/font><\/o:p><\/span><\/strong><\/p>\n<p style=\"margin: 0cm 0cm 0pt\" class=\"MsoNormal\"><strong><span style=\"color: black; font-family: Arial\"><\/span><\/strong><\/p>\n<p><strong><span style=\"color: black; font-family: Arial\"><font size=\"3\">Los Parques <o:p><\/o:p><\/font><\/span><\/strong><span style=\"color: black; font-family: Arial\"><o:p><font size=\"3\">\u00a0<\/font><\/o:p><\/span><span style=\"color: black; font-family: Arial\"><font size=\"3\">Los Alcanfores<o:p><\/o:p><\/font><\/span><span style=\"color: black; font-family: Arial\"><font size=\"3\">Parque 2000<o:p><\/o:p><\/font><\/span><\/p>\n<h1 style=\"margin: 0cm 0cm 0pt\"><span style=\"font-weight: normal; font-size: 12pt; color: black; font-family: Arial\">Cimacu\u00e1tico<o:p><\/o:p><\/span><\/h1>\n<h4 style=\"margin: 0cm 0cm 0pt\"><span style=\"font-size: 12pt; color: black; font-family: Arial\"><\/span><\/h4>\n<h4 style=\"margin: 0cm 0cm 0pt\"><span style=\"font-size: 12pt; color: black; font-family: Arial\"><\/span><\/h4>\n<h4 style=\"margin: 0cm 0cm 0pt\"><span style=\"font-size: 12pt; color: black; font-family: Arial\">Alameda sur<o:p><\/o:p><\/span><\/h4>\n<h2 style=\"margin: 0cm 0cm 0pt\"><span style=\"font-size: 12pt; color: black; font-family: Arial\"><o:p>\u00a0<\/o:p><\/span><\/h2>\n<h2 style=\"margin: 0cm 0cm 0pt\"><st1:personname ProductID=\"La Estaci?n\" w:st=\"on\"><span style=\"font-size: 12pt; color: black; font-family: Arial\">\u00a0<\/span><\/st1:personname><\/h2>\n<h2 style=\"margin: 0cm 0cm 0pt\"><st1:personname ProductID=\"La Estaci?n\" w:st=\"on\"><span style=\"font-size: 12pt; color: black; font-family: Arial\">La Estaci\u00f3n<\/span><\/st1:personname><span style=\"font-size: 12pt; color: black; font-family: Arial\"> del Ferrocarril<o:p><\/o:p><\/span><\/h2>\n<p><span style=\"color: black; font-family: Arial\"><o:p><font size=\"3\">\u00a0<\/font><\/o:p><\/span><\/p>\n<p style=\"margin: 0cm 0cm 0pt\" class=\"MsoNormal\"><font size=\"3\"><span style=\"color: black; font-family: Arial\" lang=\"PT-BR\"><\/span><\/font><\/p>\n<p><font size=\"3\"><span style=\"color: black; font-family: Arial\" lang=\"PT-BR\">Edificio de<\/span><span style=\"color: black; font-family: Arial\"> la<\/span><span style=\"color: black; font-family: Arial\" lang=\"PT-BR\"> \u00e9poca porfiriana. <\/span><span style=\"color: black; font-family: Arial\">Afrancesado.<o:p><\/o:p><\/span><\/font><span style=\"color: black; font-family: Arial\"><o:p><font size=\"3\">\u00a0<\/font><\/o:p><\/span><\/p>\n<p style=\"margin: 0cm 0cm 0pt\" class=\"MsoNormal\"><strong><span style=\"color: black; font-family: Arial\"><\/span><\/strong><\/p>\n<p><strong><span style=\"color: black; font-family: Arial\"><font size=\"3\">Las Casas y Palacios<o:p><\/o:p><\/font><\/span><\/strong><span style=\"color: black; font-family: Arial\"><o:p><font size=\"3\">\u00a0<\/font><\/o:p><\/span><\/p>\n<p style=\"margin: 0cm 0cm 0pt\" class=\"MsoNormal\"><font size=\"3\"><st1:personname ProductID=\"La Casa\" w:st=\"on\"><span style=\"color: black; font-family: Arial\">\u00a0<\/span><\/st1:personname><\/font><\/p>\n<p><font size=\"3\"><st1:personname ProductID=\"La Casa\" w:st=\"on\"><span style=\"color: black; font-family: Arial\">La Casa<\/span><\/st1:personname><span style=\"color: black; font-family: Arial\"> de <st1:personname ProductID=\"la Corregidora\" w:st=\"on\">la Corregidora<\/st1:personname><o:p><\/o:p><\/span><\/font><span style=\"color: black; font-family: Arial\"><font size=\"3\">La casa del Marques<o:p><\/o:p><\/font><\/span><span style=\"color: black; font-family: Arial\"><font size=\"3\">La casa de <st1:personname ProductID=\"la Marquesa\" w:st=\"on\">la Marquesa<\/st1:personname><o:p><\/o:p><\/font><\/span><span style=\"color: black; font-family: Arial\"><font size=\"3\">La casa del Fald\u00f3n<o:p><\/o:p><\/font><\/span><span style=\"color: black; font-family: Arial\"><font size=\"3\">La casa de los perros<o:p><\/o:p><\/font><\/span><font size=\"3\"><st1:personname ProductID=\"La Casa\" w:st=\"on\"><span style=\"color: black; font-family: Arial\">La Casa<\/span><\/st1:personname><span style=\"color: black; font-family: Arial\"> de Ecala<o:p><\/o:p><\/span><\/font><span style=\"color: black; font-family: Arial\"><font size=\"3\">Otras<o:p><\/o:p><\/font><\/span><span style=\"font-size: 20pt; color: black; font-family: Arial\"><o:p>\u00a0<\/o:p><\/span><\/p>\n<h2 style=\"margin: 0cm 0cm 0pt\"><span style=\"font-size: 12pt; color: black; font-family: Arial\"><\/span><\/h2>\n<h2 style=\"margin: 0cm 0cm 0pt\"><span style=\"font-size: 12pt; color: black; font-family: Arial\">Los Monumentos<o:p><\/o:p><\/span><\/h2>\n<p><span style=\"color: black; font-family: Arial\"><o:p><font size=\"3\">\u00a0<\/font><\/o:p><\/span><span style=\"color: black; font-family: Arial\"><font size=\"3\">A Los Concheros<o:p><\/o:p><\/font><\/span><span style=\"color: black; font-family: Arial\"><font size=\"3\">A Santiago Matamoros<o:p><\/o:p><\/font><\/span><span style=\"color: black; font-family: Arial\"><font size=\"3\">A <st1:personname ProductID=\"la Corregidora\" w:st=\"on\">la Corregidora<\/st1:personname><o:p><\/o:p><\/font><\/span><span style=\"color: black; font-family: Arial\"><font size=\"3\">A Con\u00edn<o:p><\/o:p><\/font><\/span><span style=\"color: black; font-family: Arial\"><font size=\"3\">A Benito Ju\u00e1rez<o:p><\/o:p><\/font><\/span><span style=\"color: black; font-family: Arial\"><font size=\"3\">A Juan Caballero y Osio<o:p><\/o:p><\/font><\/span><span style=\"color: black; font-family: Arial\" lang=\"PT-BR\"><font size=\"3\">A Josefa Vergara<o:p><\/o:p><\/font><\/span><span style=\"color: black; font-family: Arial\" lang=\"PT-BR\"><font size=\"3\">A Hidalgo<o:p><\/o:p><\/font><\/span><font size=\"3\"><span style=\"color: black; font-family: Arial\" lang=\"ES-MX\">A Mariano Escobedo<\/span><span style=\"color: black; font-family: Arial\" lang=\"PT-BR\"><o:p><\/o:p><\/span><\/font><span style=\"color: black; font-family: Arial\"><font size=\"3\">A Ignacio Allende<o:p><\/o:p><\/font><\/span><span style=\"color: black; font-family: Arial\"><font size=\"3\">A Ignacio P\u00e9rez<o:p><\/o:p><\/font><\/span><span style=\"color: black; font-family: Arial\"><font size=\"3\">A Vicente Guerrero<o:p><\/o:p><\/font><\/span><span style=\"color: black; font-family: Arial\"><font size=\"3\">A Ezequiel Montes<o:p><\/o:p><\/font><\/span><span style=\"color: black; font-family: Arial\"><font size=\"3\">Conjunto escult\u00f3rico \u201cEl juego de pelota\u201d Parque 2000<o:p><\/o:p><\/font><\/span><span style=\"font-size: 20pt; color: black; font-family: Arial\"><o:p>\u00a0<\/o:p><\/span><\/p>\n<p style=\"margin: 0cm 0cm 0pt\" class=\"MsoNormal\"><strong><span style=\"color: black; font-family: Arial\"><\/span><\/strong><\/p>\n<p style=\"margin: 0cm 0cm 0pt\" class=\"MsoNormal\"><strong><span style=\"color: black; font-family: Arial\"><\/span><\/strong><\/p>\n<p><strong><span style=\"color: black; font-family: Arial\"><font size=\"3\">Los Museos y Centros de Cultura<o:p><\/o:p><\/font><\/span><\/strong><span style=\"color: black; font-family: Arial\"><o:p><font size=\"3\">\u00a0<\/font><\/o:p><\/span><span style=\"color: black; font-family: Arial\"><font size=\"3\">De<span>\u00a0 <\/span>Arte<o:p><\/o:p><\/font><\/span><span style=\"font-weight: normal; color: black\"><font size=\"3\">De Historia<o:p><\/o:p><\/font><\/span><span style=\"color: black; font-family: Arial\"><font size=\"3\">De <st1:personname ProductID=\"la Ciudad\" w:st=\"on\">la Ciudad<\/st1:personname><o:p><\/o:p><\/font><\/span><span style=\"color: black; font-family: Arial\"><font size=\"3\">De Sitio en el Convento de <st1:personname ProductID=\"la Cruz\" w:st=\"on\">la Cruz<\/st1:personname><o:p><\/o:p><\/font><\/span><span style=\"color: black; font-family: Arial\"><font size=\"3\">De sitio en el Cerro de las Campanas<o:p><\/o:p><\/font><\/span><span style=\"color: black; font-family: Arial\"><font size=\"3\">Jard\u00edn del arte<o:p><\/o:p><\/font><\/span><span style=\"color: black; font-family: Arial\"><font size=\"3\">Galer\u00eda Libertad<o:p><\/o:p><\/font><\/span><span style=\"color: black; font-family: Arial\"><o:p><font size=\"3\">\u00a0<\/font><\/o:p><\/span><\/p>\n<p style=\"margin: 0cm 0cm 0pt\" class=\"MsoNormal\"><strong><span style=\"color: black; font-family: Arial\"><\/span><\/strong><\/p>\n<p style=\"margin: 0cm 0cm 0pt\" class=\"MsoNormal\"><strong><span style=\"color: black; font-family: Arial\"><\/span><\/strong><\/p>\n<p><strong><span style=\"color: black; font-family: Arial\"><font size=\"3\">Sus Teatros, el Auditorio y el Estadio<o:p><\/o:p><\/font><\/span><\/strong><span style=\"color: black; font-family: Arial\"><o:p><font size=\"3\">\u00a0<\/font><\/o:p><\/span><span style=\"color: black; font-family: Arial\"><font size=\"3\">Teatro de <st1:personname ProductID=\"la Rep?blica\" w:st=\"on\">la Rep\u00fablica<\/st1:personname><o:p><\/o:p><\/font><\/span><span style=\"color: black; font-family: Arial\"><font size=\"3\">Teatro de <st1:personname ProductID=\"la Ciudad\" w:st=\"on\">la Ciudad<\/st1:personname><o:p><\/o:p><\/font><\/span><span style=\"color: black; font-family: Arial\"><font size=\"3\">Auditorio Arteaga<o:p><\/o:p><\/font><\/span><span style=\"color: black; font-family: Arial\"><font size=\"3\">Auditorio Corregidora<o:p><\/o:p><\/font><\/span><span style=\"color: black; font-family: Arial\"><font size=\"3\">Estadio Corregidora<o:p><\/o:p><\/font><\/span><span style=\"color: black; font-family: Arial\"><o:p><font size=\"3\">\u00a0<\/font><\/o:p><\/span><span style=\"color: black; font-family: Arial\"><o:p><font size=\"3\">\u00a0<\/font><\/o:p><\/span><\/p>\n<h1 align=\"center\" style=\"margin: 0cm 0cm 0pt; text-align: center\"><span style=\"font-size: 20pt; color: black; font-family: Arial\"><\/span><\/h1>\n<h1 align=\"center\" style=\"margin: 0cm 0cm 0pt; text-align: center\"><span style=\"font-size: 20pt; color: black; font-family: Arial\"><\/span><\/h1>\n<h1 align=\"center\" style=\"margin: 0cm 0cm 0pt; text-align: center\"><span style=\"font-size: 20pt; color: black; font-family: Arial\">Calles, Jardines, Plazas <\/span><\/h1>\n<h1 align=\"center\" style=\"margin: 0cm 0cm 0pt; text-align: center\"><span style=\"font-size: 20pt; color: black; font-family: Arial\"><\/span><\/h1>\n<h1 align=\"center\" style=\"margin: 0cm 0cm 0pt; text-align: center\"><span style=\"font-size: 20pt; color: black; font-family: Arial\"><\/span><\/h1>\n<h1 align=\"center\" style=\"margin: 0cm 0cm 0pt; text-align: center\"><span style=\"font-size: 20pt; color: black; font-family: Arial\"><\/span><\/h1>\n<h1 align=\"center\" style=\"margin: 0cm 0cm 0pt; text-align: center\"><span style=\"font-size: 20pt; color: black; font-family: Arial\"><\/span><\/h1>\n<h1 align=\"center\" style=\"margin: 0cm 0cm 0pt; text-align: center\"><span style=\"font-size: 20pt; color: black; font-family: Arial\">y Mercados de Quer\u00e9taro<o:p><\/o:p><\/span><\/h1>\n<h3 style=\"margin: 12pt 0cm 3pt\"><span style=\"font-size: 12pt; color: black\" lang=\"ES-TRAD\"><\/span><\/h3>\n<h3 style=\"margin: 12pt 0cm 3pt\"><span style=\"font-size: 12pt; color: black\" lang=\"ES-TRAD\">Plazas y Jardines<o:p><\/o:p><\/span><\/h3>\n<p><span style=\"font-size: 2pt; color: black; font-family: Arial\"><o:p>\u00a0<\/o:p><\/span><font size=\"3\"><span style=\"color: black; font-family: Arial\">Jard\u00edn Zenea<span>\u00a0\u00a0\u00a0\u00a0\u00a0\u00a0\u00a0\u00a0\u00a0\u00a0\u00a0\u00a0\u00a0\u00a0\u00a0 <\/span><\/span><span style=\"color: black; font-family: Arial\"><o:p><\/o:p><\/span><\/font><span style=\"color: black; font-family: Arial\"><o:p><font size=\"3\">\u00a0<\/font><\/o:p><\/span><font size=\"3\"><span style=\"color: black; font-family: Arial\">Plaza de Armas <\/span><span style=\"color: black; font-family: Arial\"><span>\u00a0\u00a0\u00a0\u00a0\u00a0\u00a0\u00a0\u00a0\u00a0\u00a0\u00a0<\/span><o:p><\/o:p><\/span><\/font><span style=\"color: black; font-family: Arial\"><o:p><font size=\"3\">\u00a0<\/font><\/o:p><\/span><font size=\"3\"><span style=\"color: black; font-family: Arial\">Plaza de <st1:personname ProductID=\"la Cruz\" w:st=\"on\">La Cruz<\/st1:personname> o de Fundadores<\/span><span style=\"color: black; font-family: Arial\"><span>\u00a0\u00a0\u00a0 <\/span><o:p><\/o:p><\/span><\/font><span style=\"color: black; font-family: Arial\"><o:p><font size=\"3\">\u00a0<\/font><\/o:p><\/span><font size=\"3\"><span style=\"color: black; font-family: Arial\">Plaza Constituci\u00f3n<\/span><span style=\"color: black; font-family: Arial\"><span>\u00a0\u00a0\u00a0\u00a0\u00a0\u00a0 <\/span><o:p><\/o:p><\/span><\/font><span style=\"color: black; font-family: Arial\"><o:p><font size=\"3\">\u00a0<\/font><\/o:p><\/span><font size=\"3\"><st1:personname ProductID=\"La Alameda Hidalgo\" w:st=\"on\"><span style=\"color: black; font-family: Arial\">La Alameda Hidalgo<\/span><\/st1:personname><span style=\"color: black; font-family: Arial\"><span>\u00a0\u00a0\u00a0 <\/span><o:p><\/o:p><\/span><\/font><span style=\"color: black; font-family: Arial\"><o:p><font size=\"3\">\u00a0<\/font><\/o:p><\/span><font size=\"3\"><span style=\"color: black; font-family: Arial\">Jard\u00edn Guerrero<\/span><span style=\"color: black; font-family: Arial\"><span>\u00a0\u00a0\u00a0\u00a0\u00a0\u00a0\u00a0\u00a0\u00a0\u00a0\u00a0\u00a0\u00a0\u00a0 <\/span><o:p><\/o:p><\/span><\/font><span style=\"color: black; font-family: Arial\"><o:p><font size=\"3\">\u00a0<\/font><\/o:p><\/span><font size=\"3\"><span style=\"color: black; font-family: Arial\">Jard\u00edn De <st1:personname ProductID=\"la Corregidora\" w:st=\"on\">La Corregidora<\/st1:personname><\/span><span style=\"color: black; font-family: Arial\"><span>\u00a0\u00a0\u00a0 <\/span><o:p><\/o:p><\/span><\/font><span style=\"color: black; font-family: Arial\"><o:p><font size=\"3\">\u00a0<\/font><\/o:p><\/span><font size=\"3\"><span style=\"color: black; font-family: Arial\">Jard\u00edn de San Antonio<span>\u00a0\u00a0 <\/span><\/span><span style=\"color: black; font-family: Arial\"><span>\u00a0\u00a0\u00a0\u00a0\u00a0\u00a0\u00a0\u00a0\u00a0\u00a0<\/span><o:p><\/o:p><\/span><\/font><span style=\"color: black; font-family: Arial\"><o:p><font size=\"3\">\u00a0<\/font><\/o:p><\/span><\/p>\n<h2 style=\"margin: 0cm 0cm 0pt\"><span style=\"font-weight: normal; font-size: 12pt; color: black; font-family: Arial\">Plaza Mariano De Las Casas<span>\u00a0\u00a0\u00a0\u00a0 <\/span><o:p><\/o:p><\/span><\/h2>\n<p><span style=\"color: black; font-family: Arial\"><o:p><font size=\"3\">\u00a0<\/font><\/o:p><\/span><span style=\"color: black; font-family: Arial\"><font size=\"3\">Plaza de San Sebasti\u00e1n<o:p><\/o:p><\/font><\/span><span style=\"color: black; font-family: Arial\"><o:p><font size=\"3\">\u00a0<\/font><\/o:p><\/span><\/p>\n<h2 style=\"margin: 0cm 0cm 0pt\"><span style=\"font-weight: normal; font-size: 12pt; color: black; font-family: Arial\">Jard\u00edn de Los Platitos<o:p><\/o:p><\/span><\/h2>\n<p><span style=\"color: black; font-family: Arial\"><o:p><font size=\"3\">\u00a0<\/font><\/o:p><\/span><\/p>\n<h2 style=\"margin: 0cm 0cm 0pt\"><span style=\"font-weight: normal; font-size: 12pt; color: black; font-family: Arial\">El Cerro de Las Campanas<o:p><\/o:p><\/span><\/h2>\n<p><span style=\"color: black; font-family: Arial\"><o:p><font size=\"3\">\u00a0<\/font><\/o:p><\/span><\/p>\n<h2 style=\"margin: 0cm 0cm 0pt\"><span style=\"font-weight: normal; font-size: 12pt; color: black; font-family: Arial\">Los Arcos y sus Cajas de Agua<o:p><\/o:p><\/span><\/h2>\n<p><span style=\"color: black; font-family: Arial\"><o:p><font size=\"3\">\u00a0<\/font><\/o:p><\/span><\/p>\n<h2 style=\"margin: 0cm 0cm 0pt\"><span style=\"font-weight: normal; font-size: 12pt; color: black; font-family: Arial\">Sus 17 Conventos monumentales<o:p><\/o:p><\/span><\/h2>\n<p><span style=\"color: black; font-family: Arial\"><o:p><font size=\"3\">\u00a0<\/font><\/o:p><\/span><\/p>\n<h2 style=\"margin: 0cm 0cm 0pt\"><span style=\"font-weight: normal; font-size: 12pt; color: black; font-family: Arial\">Sus Capillas de Indios<o:p><\/o:p><\/span><\/h2>\n<p><span style=\"color: black; font-family: Arial\"><o:p><font size=\"3\">\u00a0<\/font><\/o:p><\/span><\/p>\n<h4 style=\"margin: 0cm 0cm 0pt\"><strong><span style=\"font-size: 12pt; color: black; font-family: Arial\"><\/span><\/strong><\/h4>\n<h4 style=\"margin: 0cm 0cm 0pt\"><strong><span style=\"font-size: 12pt; color: black; font-family: Arial\"><\/span><\/strong><\/h4>\n<h4 style=\"margin: 0cm 0cm 0pt\"><strong><span style=\"font-size: 12pt; color: black; font-family: Arial\">Panteones<o:p><\/o:p><\/span><\/strong><\/h4>\n<h2 style=\"margin: 0cm 0cm 0pt\"><span style=\"font-weight: normal; color: black; font-family: Arial\"><o:p><font size=\"6\">\u00a0<\/font><\/o:p><\/span><\/h2>\n<h2 style=\"margin: 0cm 0cm 0pt\"><span style=\"font-weight: normal; font-size: 12pt; color: black; font-family: Arial\">Los osarios de los 17 conventos existentes en la ciudad<o:p><\/o:p><\/span><\/h2>\n<p><span style=\"color: black; font-family: Arial\"><font size=\"3\">Del Atrio de San Francisco<o:p><\/o:p><\/font><\/span><span style=\"color: black; font-family: Arial\"><font size=\"3\">Del Atrio del Esp\u00edritu Santo<o:p><\/o:p><\/font><\/span><\/p>\n<h2 style=\"margin: 0cm 0cm 0pt\"><span style=\"font-weight: normal; color: black; font-family: Arial\"><o:p><font size=\"6\">\u00a0<\/font><\/o:p><\/span><\/h2>\n<h2 style=\"margin: 0cm 0cm 0pt\"><span style=\"font-weight: normal; font-size: 12pt; color: black; font-family: Arial\">Del atrio de San Sebasti\u00e1n<o:p><\/o:p><\/span><\/h2>\n<p><span style=\"color: black; font-family: Arial\"><font size=\"3\">De Pobres, ahora Pante\u00f3n de los hombres ilustres<o:p><\/o:p><\/font><\/span><span style=\"color: black; font-family: Arial\"><font size=\"3\">Del Cimatario<o:p><\/o:p><\/font><\/span><span style=\"color: black; font-family: Arial\"><font size=\"3\">De San Pedrito Pe\u00f1uelas<o:p><\/o:p><\/font><\/span><span style=\"color: black; font-family: Arial\"><o:p><font size=\"3\">\u00a0<\/font><\/o:p><\/span><\/p>\n<p style=\"margin: 0cm 0cm 0pt\" class=\"MsoNormal\"><strong><span style=\"color: black; font-family: Arial\" lang=\"PT-BR\"><\/span><\/strong><\/p>\n<p><strong><span style=\"color: black; font-family: Arial\" lang=\"PT-BR\"><font size=\"3\">Mercados<o:p><\/o:p><\/font><\/span><\/strong><span style=\"color: black; font-family: Arial\" lang=\"PT-BR\"><o:p><font size=\"3\">\u00a0<\/font><\/o:p><\/span><span style=\"color: black; font-family: Arial\" lang=\"PT-BR\"><font size=\"3\">Dr. Pedro Escobedo<o:p><\/o:p><\/font><\/span><span style=\"color: black; font-family: Arial\" lang=\"PT-BR\"><font size=\"3\">De <st1:personname ProductID=\"la Cruz\" w:st=\"on\">La Cruz<\/st1:personname><o:p><\/o:p><\/font><\/span><span style=\"color: black; font-family: Arial\"><font size=\"3\">Del Tepetate<o:p><\/o:p><\/font><\/span><span style=\"color: black; font-family: Arial\"><font size=\"3\">Hidalgo<o:p><\/o:p><\/font><\/span><span style=\"color: black; font-family: Arial\"><font size=\"3\">Madero<o:p><\/o:p><\/font><\/span><span style=\"color: black; font-family: Arial\"><o:p><font size=\"3\">\u00a0<\/font><\/o:p><\/span><\/p>\n<h3 style=\"margin: 12pt 0cm 3pt\"><span style=\"font-size: 12pt; color: black\" lang=\"ES-TRAD\"><\/span><\/h3>\n<h3 style=\"margin: 12pt 0cm 3pt\"><span style=\"font-size: 12pt; color: black\" lang=\"ES-TRAD\">Portales<o:p><\/o:p><\/span><\/h3>\n<p><span style=\"color: black; font-family: Arial\"><o:p><font size=\"3\">\u00a0<\/font><\/o:p><\/span><span style=\"color: black; font-family: Arial\"><font size=\"3\">Portal de Valderrama<span>\u00a0\u00a0\u00a0\u00a0\u00a0\u00a0\u00a0\u00a0\u00a0\u00a0\u00a0\u00a0\u00a0\u00a0\u00a0\u00a0\u00a0\u00a0\u00a0\u00a0\u00a0\u00a0\u00a0\u00a0\u00a0\u00a0<\/span><\/font><\/span><span style=\"color: black; font-family: Arial\"><font size=\"3\"><span><\/span><\/font><\/span><\/p>\n<p><span style=\"color: black; font-family: Arial\"><font size=\"3\"><span>\u00a0<\/span><\/font><\/span><span style=\"color: black; font-family: Arial\"><font size=\"3\">Panaderos<span>\u00a0\u00a0\u00a0\u00a0\u00a0\u00a0\u00a0\u00a0\u00a0\u00a0\u00a0\u00a0\u00a0\u00a0\u00a0\u00a0\u00a0\u00a0\u00a0\u00a0\u00a0\u00a0\u00a0\u00a0\u00a0\u00a0\u00a0\u00a0<\/span><\/font><\/span><span style=\"color: black; font-family: Arial\"><font size=\"3\"><span>\u00a0\u00a0\u00a0\u00a0\u00a0\u00a0\u00a0<\/span><span>\u00a0\u00a0\u00a0\u00a0\u00a0\u00a0\u00a0\u00a0\u00a0\u00a0\u00a0\u00a0\u00a0\u00a0\u00a0\u00a0\u00a0\u00a0\u00a0\u00a0\u00a0\u00a0\u00a0\u00a0\u00a0\u00a0\u00a0\u00a0\u00a0\u00a0\u00a0\u00a0\u00a0\u00a0\u00a0\u00a0\u00a0\u00a0\u00a0\u00a0\u00a0\u00a0\u00a0\u00a0\u00a0\u00a0\u00a0\u00a0\u00a0\u00a0\u00a0\u00a0\u00a0<\/span><\/font><\/span><\/p>\n<p><span style=\"color: black; font-family: Arial\"><font size=\"3\"><span><\/span><\/font><\/span><\/p>\n<p><span style=\"color: black; font-family: Arial\"><font size=\"3\"><span><\/span><\/font><\/span><span style=\"color: black; font-family: Arial\"><o:p><font size=\"3\">\u00a0<\/font><\/o:p><\/span><span style=\"color: black; font-family: Arial\"><font size=\"3\">Portal Bueno<span>\u00a0\u00a0\u00a0\u00a0\u00a0\u00a0\u00a0\u00a0\u00a0\u00a0\u00a0\u00a0\u00a0\u00a0\u00a0\u00a0\u00a0\u00a0\u00a0\u00a0\u00a0\u00a0\u00a0\u00a0\u00a0\u00a0\u00a0\u00a0\u00a0\u00a0\u00a0\u00a0\u00a0\u00a0\u00a0\u00a0\u00a0\u00a0\u00a0\u00a0 <\/span><\/font><\/span><span style=\"color: black; font-family: Arial\"><font size=\"3\"><span><\/span><\/font><\/span><\/p>\n<p><span style=\"color: black; font-family: Arial\"><font size=\"3\"><span><\/span><\/font><\/span><\/p>\n<p><span style=\"color: black; font-family: Arial\"><font size=\"3\"><span><\/span><\/font><\/span><span style=\"color: black; font-family: Arial\"><font size=\"3\">Portal de Pasos o De Las Tamaleras<span>\u00a0\u00a0 <\/span><\/font><\/span><\/p>\n<p><span style=\"color: black; font-family: Arial\"><font size=\"3\"><span><\/span><\/font><\/span><\/p>\n<p><span style=\"color: black; font-family: Arial\"><font size=\"3\"><span><\/span><\/font><\/span><\/p>\n<p><span style=\"color: black; font-family: Arial\"><font size=\"3\"><span><\/span><\/font><\/span><span style=\"color: black; font-family: Arial\"><font size=\"3\">Portal de Samaniego<span>\u00a0\u00a0\u00a0\u00a0\u00a0\u00a0\u00a0\u00a0\u00a0\u00a0\u00a0\u00a0\u00a0\u00a0\u00a0\u00a0\u00a0\u00a0\u00a0\u00a0\u00a0\u00a0<\/span><span>\u00a0\u00a0\u00a0\u00a0\u00a0\u00a0<\/span><\/font><\/span><\/p>\n<p><span style=\"color: black; font-family: Arial\"><font size=\"3\"><span><\/span><\/font><\/span><\/p>\n<p><span style=\"color: black; font-family: Arial\"><font size=\"3\"><span><\/span><\/font><\/span><span style=\"color: black; font-family: Arial\"><font size=\"3\">Quemado<span>\u00a0\u00a0\u00a0\u00a0\u00a0\u00a0\u00a0\u00a0\u00a0\u00a0\u00a0\u00a0\u00a0\u00a0\u00a0\u00a0\u00a0\u00a0\u00a0\u00a0\u00a0\u00a0\u00a0\u00a0\u00a0\u00a0\u00a0\u00a0\u00a0\u00a0\u00a0\u00a0\u00a0\u00a0\u00a0 <\/span><\/font><\/span><\/p>\n<p><span style=\"color: black; font-family: Arial\"><font size=\"3\"><span><\/span><\/font><\/span><\/p>\n<p><span style=\"color: black; font-family: Arial\"><font size=\"3\"><span><\/span><\/font><\/span><\/p>\n<p><span style=\"color: black; font-family: Arial\"><font size=\"3\"><span><\/span><\/font><\/span><span style=\"color: black; font-family: Arial\"><font size=\"3\">Portal de Dolores<span>\u00a0\u00a0\u00a0\u00a0\u00a0\u00a0\u00a0\u00a0\u00a0\u00a0\u00a0\u00a0\u00a0\u00a0\u00a0\u00a0\u00a0\u00a0\u00a0\u00a0\u00a0\u00a0\u00a0\u00a0\u00a0\u00a0\u00a0\u00a0\u00a0\u00a0\u00a0\u00a0\u00a0 <\/span><\/font><\/span><\/p>\n<p><\/span><\/p>\n","protected":false},"excerpt":{"rendered":"<p>Qu\u00e9 ver, qu\u00e9 hacer, qu\u00e9 o\u00edr en Quer\u00e9taro\u2026 \u00a0Jos\u00e9 F\u00e9lix Zavala\u00a0 Encontraremos en nuestra ciudad \u00a0\u00a0\u00a0\u00a0\u00a0\u00a0\u00a0 En el Barrio de la Loma o del Sangremal\u00a0 El Barrio de la LomaEl CalvaritoTemplo y Convento de La Cruz de los Milagros Museo de Sitio- \u00c1rbol de las Cruces.La Plaza de la Fundaci\u00f3nLos Monumentos a los Fundadores de [&hellip;]<\/p>\n","protected":false},"author":249,"featured_media":0,"comment_status":"open","ping_status":"closed","sticky":false,"template":"","format":"standard","meta":{"footnotes":""},"categories":[26],"tags":[],"class_list":["post-696","post","type-post","status-publish","format-standard","hentry","category-mundo"],"_links":{"self":[{"href":"http:\/\/eloficiodehistoriar.com.mx\/index.php?rest_route=\/wp\/v2\/posts\/696","targetHints":{"allow":["GET"]}}],"collection":[{"href":"http:\/\/eloficiodehistoriar.com.mx\/index.php?rest_route=\/wp\/v2\/posts"}],"about":[{"href":"http:\/\/eloficiodehistoriar.com.mx\/index.php?rest_route=\/wp\/v2\/types\/post"}],"author":[{"embeddable":true,"href":"http:\/\/eloficiodehistoriar.com.mx\/index.php?rest_route=\/wp\/v2\/users\/249"}],"replies":[{"embeddable":true,"href":"http:\/\/eloficiodehistoriar.com.mx\/index.php?rest_route=%2Fwp%2Fv2%2Fcomments&post=696"}],"version-history":[{"count":0,"href":"http:\/\/eloficiodehistoriar.com.mx\/index.php?rest_route=\/wp\/v2\/posts\/696\/revisions"}],"wp:attachment":[{"href":"http:\/\/eloficiodehistoriar.com.mx\/index.php?rest_route=%2Fwp%2Fv2%2Fmedia&parent=696"}],"wp:term":[{"taxonomy":"category","embeddable":true,"href":"http:\/\/eloficiodehistoriar.com.mx\/index.php?rest_route=%2Fwp%2Fv2%2Fcategories&post=696"},{"taxonomy":"post_tag","embeddable":true,"href":"http:\/\/eloficiodehistoriar.com.mx\/index.php?rest_route=%2Fwp%2Fv2%2Ftags&post=696"}],"curies":[{"name":"wp","href":"https:\/\/api.w.org\/{rel}","templated":true}]}}