{"id":697,"date":"2008-07-24T08:14:55","date_gmt":"2008-07-24T13:14:55","guid":{"rendered":"https:\/\/eloficiodehistoriar.com.mx\/?p=697"},"modified":"2008-07-24T08:14:55","modified_gmt":"2008-07-24T13:14:55","slug":"la-historia-del-centro-de-la-ciudad-de-queretaro-477-anos","status":"publish","type":"post","link":"http:\/\/eloficiodehistoriar.com.mx\/?p=697","title":{"rendered":"La Historia del Centro de la Ciudad de Quer\u00e9taro. 477 a\u00f1os"},"content":{"rendered":"<p style=\"margin: 0cm 0cm 0pt\" class=\"MsoBodyText\"><strong><st1:personname ProductID=\"La Ciudadela\" w:st=\"on\"><span style=\"font-size: 20pt; color: black; font-family: Arial\">La Ciudadela<\/span><\/st1:personname><span style=\"font-size: 20pt; color: black; font-family: Arial\"> de Quer\u00e9taro.<\/span><\/strong><\/p>\n<p style=\"margin: 0cm 0cm 0pt\" class=\"MsoBodyText\"><strong><span style=\"font-size: 20pt; color: black; font-family: Arial\"><\/span><\/strong><\/p>\n<p style=\"margin: 0cm 0cm 0pt\" class=\"MsoBodyText\"><strong><span style=\"font-size: 20pt; color: black; font-family: Arial\"><\/span><\/strong><\/p>\n<p><strong><span style=\"font-size: 20pt; color: black; font-family: Arial\"><o:p>\u00a0<\/o:p><\/span><\/strong><span style=\"font-size: 12pt; color: black; font-family: Arial\"><strong>Jos\u00e9 F\u00e9lix Zavala<o:p><\/o:p><\/strong><\/span><span style=\"font-size: 10pt; color: black; font-family: Arial\"><o:p><strong>\u00a0<\/strong><\/o:p><\/span><\/p>\n<p style=\"margin: 0cm 0cm 0pt; text-align: justify\" class=\"MsoBodyText\"><strong><span style=\"font-size: 10pt; color: black; font-family: Arial\"><\/span><\/strong><\/p>\n<p style=\"margin: 0cm 0cm 0pt; text-align: justify\" class=\"MsoBodyText\"><strong><span style=\"font-size: 10pt; color: black; font-family: Arial\"><\/span><\/strong><\/p>\n<p><strong><span style=\"font-size: 10pt; color: black; font-family: Arial\">Convento Grande De San Francisco,<o:p><\/o:p><\/span><\/strong><span style=\"font-size: 10pt; color: black; font-family: Arial\"><strong>San Francisco como \u201cDoctrina\u201d<span>\u00a0 <\/span><o:p><\/o:p><\/strong><\/span><span style=\"font-size: 10pt; color: black; font-family: Arial\"><strong>Primera sede de la parroquia de Santiago de Quer\u00e9taro.<o:p><\/o:p><\/strong><\/span><\/p>\n<h1 style=\"margin: 0cm 0cm 0pt\"><span style=\"color: black; font-family: Arial\"><o:p><font size=\"3\">\u00a0<\/font><\/o:p><\/span><\/h1>\n<p style=\"margin: 0cm 0cm 0pt; text-align: justify\" class=\"MsoNormal\"><strong><span style=\"color: black; font-family: Arial\"><\/span><\/strong><\/p>\n<p><strong><span style=\"color: black; font-family: Arial\">Descripci\u00f3n<o:p><\/o:p><\/span><\/strong><\/p>\n<p style=\"margin: 0cm 0cm 0pt; text-align: justify\" class=\"MsoNormal\"><strong><span style=\"color: black; font-family: Arial\"><\/span><\/strong><\/p>\n<p><strong><span style=\"color: black; font-family: Arial\">Efem\u00e9rides de <st1:personname ProductID=\"La Ciudadela Franciscana\" w:st=\"on\">La Ciudadela Franciscana<\/st1:personname><o:p><\/o:p><\/span><\/strong><\/p>\n<p style=\"margin: 0cm 0cm 0pt; text-align: justify\" class=\"MsoNormal\"><strong><span style=\"color: black; font-family: Arial\"><\/span><\/strong><\/p>\n<p><strong><span style=\"color: black; font-family: Arial\">Destrucci\u00f3n de <st1:personname ProductID=\"La Ciudadela\" w:st=\"on\">La Ciudadela<\/st1:personname><o:p><\/o:p><\/span><\/strong><\/p>\n<p style=\"margin: 0cm 0cm 0pt; text-align: justify\" class=\"MsoNormal\"><strong><span style=\"color: black; font-family: Arial\"><\/span><\/strong><\/p>\n<p><strong><span style=\"color: black; font-family: Arial\">Templos <span>\u00a0<\/span>adjuntos a <st1:personname ProductID=\"La Ciudadela\" w:st=\"on\">La Ciudadela<\/st1:personname>, ya destruidos<o:p><\/o:p><\/span><\/strong><span style=\"color: black; font-family: Arial\"><o:p>\u00a0<\/o:p><\/span><\/p>\n<p style=\"margin: 0cm 0cm 0pt\" class=\"MsoBodyText3\"><span style=\"font-size: 24pt; color: black; font-family: Arial\"><\/span><\/p>\n<p style=\"margin: 0cm 0cm 0pt\" class=\"MsoBodyText3\"><span style=\"font-size: 24pt; color: black; font-family: Arial\"><\/span><\/p>\n<p style=\"margin: 0cm 0cm 0pt\" class=\"MsoBodyText3\"><span style=\"font-size: 24pt; color: black; font-family: Arial\"><\/span><\/p>\n<p><span style=\"font-size: 24pt; color: black; font-family: Arial\">E<\/span><span style=\"color: black; font-family: Arial\">n la regi\u00f3n en que se enclava Quer\u00e9taro, han sido identificadas tres grandes culturas mesoamericanas que se desarrollaron en su vecindad: La teotihuacana, la tolteca y la mexica, adem\u00e1s de la presencia de chichimecas, otom\u00edes y tarascos, que participaron en su poblamiento.<o:p><\/o:p><\/span><strong><span style=\"color: black; font-family: Arial\"><o:p>\u00a0<\/o:p><\/span><\/strong><\/p>\n<p style=\"margin: 0cm 0cm 0pt; text-align: justify\" class=\"MsoNormal\"><span style=\"color: black; font-family: Arial\"><\/span><\/p>\n<p><span style=\"color: black; font-family: Arial\">Con la llegada de los franciscanos a Quer\u00e9taro, a instancias de Con\u00edn, para congratularse con las tropas de Nu\u00f1o de Guzm\u00e1n,<span>\u00a0 <\/span>en el siglo XVl, que provee \u00e9l mismo y a su costa, la creaci\u00f3n del Convento Grande de San Francisco, El Conjunto franciscano o \u201c<st1:personname ProductID=\"La Gran Ciudadela\" w:st=\"on\">La Gran Ciudadela<\/st1:personname>\u201d, desde donde la poblaci\u00f3n, se convertir\u00e1 en un centro urbano, religioso, pol\u00edtico y social,<span>\u00a0 <\/span>creando y manteniendo a Quer\u00e9taro, como una de las m\u00e1s hermosas, productivas e importantes.<o:p><\/o:p><\/span><span style=\"color: black; font-family: Arial\"><o:p>\u00a0<\/o:p><\/span><\/p>\n<p style=\"margin: 0cm 0cm 0pt; text-align: justify\" class=\"MsoNormal\"><span style=\"color: black; font-family: Arial\"><\/span><\/p>\n<p><span style=\"color: black; font-family: Arial\">La privilegiada y c\u00e9ntrica ubicaci\u00f3n geogr\u00e1fica de Quer\u00e9taro, ha colocado a la poblaci\u00f3n en un verdadero cruce de caminos, tanto en la \u00e9poca prehisp\u00e1nica, como en la etapa posterior a ella, a eso se debe que se le nombre como \u201cgarganta de tierra adentro\u201d.<o:p><\/o:p><\/span><span style=\"color: black; font-family: Arial\"><o:p>\u00a0<\/o:p><\/span><\/p>\n<p style=\"margin: 0cm 0cm 0pt; text-align: justify\" class=\"MsoNormal\"><span style=\"color: black; font-family: Arial\"><\/span><\/p>\n<p><span style=\"color: black; font-family: Arial\">Fueron los siglos comprendidos entre el siglo Vll y X<span>\u00a0 <\/span>d. C. Cuando tuvo Quer\u00e9taro su desarrollo mesoamericano m\u00e1s importante y es bien sabido que sus primeros asentamientos<span>\u00a0 <\/span>fueron realizados por las grandes culturas del M\u00e9xico antiguo y se ubican, de acuerdo a los arque\u00f3logos, desde el precl\u00e1sico.<o:p><\/o:p><\/span><span style=\"color: black; font-family: Arial\"><o:p>\u00a0<\/o:p><\/span><\/p>\n<p style=\"margin: 0cm 0cm 0pt; text-align: justify\" class=\"MsoNormal\"><span style=\"color: black; font-family: Arial\"><\/span><\/p>\n<p><span style=\"color: black; font-family: Arial\">La historia de Quer\u00e9taro en el siglo XVl, reviste gran importancia, sobre todo para los conquistadores, por ser el cruce de las rutas comerciales en ese momento e inmemorialmente, lo mismo que un centro de culto a la diosa madre.<o:p><\/o:p><\/span><span style=\"color: black; font-family: Arial\"><o:p>\u00a0<\/o:p><\/span><\/p>\n<p style=\"margin: 0cm 0cm 0pt; text-align: justify\" class=\"MsoNormal\"><span style=\"color: black; font-family: Arial\"><\/span><\/p>\n<p><span style=\"color: black; font-family: Arial\">Con la toma de la poblaci\u00f3n por el Pochtecatl Con\u00edn y su s\u00e9quito, en su hu\u00edda del altiplano hacia el norte, para alejarse<span>\u00a0 <\/span>de los espa\u00f1oles,<span>\u00a0 <\/span>da comienzo a la refundaci\u00f3n de Quer\u00e9taro. Por medio de acciones,<span>\u00a0 <\/span>Con\u00edn implementa con un nuevo<span>\u00a0 <\/span>reparto de tierras y poblamiento, al uso ordenado del agua del r\u00edo, por medio de acequias, cantidades y tiempos, da pie a la fundaci\u00f3n de una nueva ciudad de traza mixta, cuando comienzan los espa\u00f1oles a instalarse en ella.<o:p><\/o:p><\/span><span style=\"color: black; font-family: Arial\"><o:p>\u00a0<\/o:p><\/span><\/p>\n<p style=\"margin: 0cm 0cm 0pt; text-align: justify\" class=\"MsoNormal\"><span style=\"color: black; font-family: Arial\"><\/span><\/p>\n<p><span style=\"color: black; font-family: Arial\">Con\u00edn y su trascendencia de su pasado prehisp\u00e1nico, junto con la erecci\u00f3n a sus costas del primer templo cat\u00f3lico, que fue el convento de San Francisco y el humilladero, donde estuvo <st1:personname ProductID=\"La Santa Cruz\" w:st=\"on\">La Santa Cruz<\/st1:personname> de los Milagros, en la cima del cerro del Sangremal, dentro de tierras de su propiedad,<span>\u00a0 <\/span>al inicio del camino a M\u00e9xico, es el fundador del nuevo Quer\u00e9taro, que comenzar\u00e1 al final del primer tercio del siglo XVl.<o:p><\/o:p><\/span><span style=\"color: black; font-family: Arial\"><o:p>\u00a0<\/o:p><\/span><\/p>\n<p style=\"margin: 0cm 0cm 0pt; text-align: justify\" class=\"MsoNormal\"><span style=\"color: black; font-family: Arial\"><\/span><\/p>\n<p><span style=\"color: black; font-family: Arial\">La ubicaci\u00f3n del sitio donde se levant\u00f3 el Conjunto Franciscano o <st1:personname ProductID=\"La Ciudadela\" w:st=\"on\">La Ciudadela<\/st1:personname> obedece, a lineamientos seguidos por las tres \u00f3rdenes religiosas que realizaron la conquista espiritual de M\u00e9xico. En el caso de Quer\u00e9taro, se tuvieron los dos motivos principales para asentar un centro religioso que diera pie a los prop\u00f3sitos de los europeos: <st1:personname ProductID=\"La Ubicaci?n\" w:st=\"on\">La Ubicaci\u00f3n<\/st1:personname> daba dominio visual del territorio, exist\u00edan importantes v\u00edas de comunicaci\u00f3n y hab\u00eda en el lugar una tradici\u00f3n ritual de tipo espiritual prehisp\u00e1nico, que atra\u00eda a la poblaci\u00f3n regional.<o:p><\/o:p><\/span><span style=\"color: black; font-family: Arial\"><o:p>\u00a0<\/o:p><\/span><\/p>\n<p style=\"margin: 0cm 0cm 0pt; text-align: justify\" class=\"MsoNormal\"><span style=\"color: black; font-family: Arial\"><\/span><\/p>\n<p><span style=\"color: black; font-family: Arial\">Este conjunto religioso planeado por los franciscanos en Quer\u00e9taro, bardeado, aislado y dise\u00f1ado, les daba independencia urbana, con respecto a la traza prehisp\u00e1nica, d\u00e1ndose transformaciones, anexiones, ampliaciones, destrucciones y sustituciones que se fueron dando durante<span>\u00a0 <\/span>el siglo XVl.<o:p><\/o:p><\/span><span style=\"color: black; font-family: Arial\"><o:p>\u00a0<\/o:p><\/span><\/p>\n<p style=\"margin: 0cm 0cm 0pt; text-align: justify\" class=\"MsoNormal\"><span style=\"color: black; font-family: Arial\"><\/span><\/p>\n<p><span style=\"color: black; font-family: Arial\">El siglo XVl con la fundaci\u00f3n de <st1:personname ProductID=\"La Ciudadela Franciscana\" w:st=\"on\">La Ciudadela Franciscana<\/st1:personname> y la creaci\u00f3n de un nuevo modelo de ciudad, con traza mixta, se convierte en el siglo generador; El siglo XVll ser\u00e1 el<span>\u00a0 <\/span>productor y constructor del nuevo Quer\u00e9taro, el criollo.<o:p><\/o:p><\/span><span style=\"color: black; font-family: Arial\"><o:p>\u00a0<\/o:p><\/span><\/p>\n<p style=\"margin: 0cm 0cm 0pt; text-align: justify\" class=\"MsoNormal\"><span style=\"color: black; font-family: Arial\"><\/span><\/p>\n<p><span style=\"color: black; font-family: Arial\">Los franciscanos buscar\u00e1n a toda costa mantener el control de todo tipo que ten\u00edan en Quer\u00e9taro, principalmente dificultando el establecimiento de otras \u00f3rdenes religiosas en la ciudad. Prueba de ello fue la rapidez, sigilo y pleitos para el establecimiento de los carmelitas<span>\u00a0 <\/span>en Quer\u00e9taro, en 1615, en la casa donada por Francisco Medina. Esta fue la primera orden religiosa, establecida en Quer\u00e9taro, no franciscana entre <st1:metricconverter ProductID=\"1531 a\" w:st=\"on\">1531 a<\/st1:metricconverter> 1615. <o:p><\/o:p><\/span><span style=\"color: black; font-family: Arial\"><o:p>\u00a0<\/o:p><\/span><\/p>\n<p style=\"margin: 0cm 0cm 0pt; text-align: justify\" class=\"MsoNormal\"><span style=\"color: black; font-family: Arial\"><\/span><\/p>\n<p><span style=\"color: black; font-family: Arial\">El siglo XVlll ser\u00e1 el del esplendor, y se reconoce el espacio temporal, entre <st1:metricconverter ProductID=\"1620 a\" w:st=\"on\">1620 a<\/st1:metricconverter> 1778, como el tiempo creador de la ciudad que ha tenido el devenir del que se goza hasta casi finales del siglo XX, generador a su vez del destino queretano durante el siglo XlX y primera mitad del XX, donde se generar\u00e1 otro destino para esta ciudad, el del siglo XXl.<o:p><\/o:p><\/span><span style=\"color: black; font-family: Arial\"><o:p>\u00a0<\/o:p><\/span><\/p>\n<p style=\"margin: 0cm 0cm 0pt; text-align: justify\" class=\"MsoNormal\"><span style=\"color: black; font-family: Arial\"><\/span><\/p>\n<p><span style=\"color: black; font-family: Arial\">Quer\u00e9taro fue un pueblo en el siglo XVl, <span>\u00a0<\/span>donde los indios participaron activamente en la creaci\u00f3n de su nueva arquitectura, no solo con la mano de obra, sino tambi\u00e9n como inversionistas, como es el caso de Con\u00edn y la construcci\u00f3n del Convento de San Francisco, el de Santa Clara, El Hospital Real, as\u00ed como sus artistas y<span>\u00a0 <\/span>productores.<o:p><\/o:p><\/span><span style=\"color: black; font-family: Arial\"><o:p>\u00a0<\/o:p><\/span><\/p>\n<p style=\"margin: 0cm 0cm 0pt; text-align: justify\" class=\"MsoNormal\"><span style=\"color: black; font-family: Arial\"><\/span><\/p>\n<p><span style=\"color: black; font-family: Arial\">Ser\u00e1 el siglo XVll con los criollos, los que ocupar\u00e1n el lugar m\u00e1s importante en la toma de decisiones y en la conformaci\u00f3n de la futura identidad social y productiva del Quer\u00e9taro nuevo, post mesoamericano, espa\u00f1olizado.<o:p><\/o:p><\/span><span style=\"color: black; font-family: Arial\"><o:p>\u00a0<\/o:p><\/span><\/p>\n<p style=\"margin: 0cm 0cm 0pt; text-align: justify\" class=\"MsoNormal\"><span style=\"color: black; font-family: Arial\"><\/span><\/p>\n<p><span style=\"color: black; font-family: Arial\">Los Conventos franciscanos en Quer\u00e9taro est\u00e1n y estuvieron desde sus inicios en posiciones privilegiadas, como el de <st1:personname ProductID=\"La Santa Cruz\" w:st=\"on\">La Santa Cruz<\/st1:personname> de los Milagros, donde se domina el Valle, El Convento Grande de San Francisco, donde se juntan todos los caminos que conducen a las zonas comerciales y mineras m\u00e1s importantes antes<span>\u00a0 <\/span>durante y despu\u00e9s de la invasi\u00f3n espa\u00f1ola.<o:p><\/o:p><\/span><span style=\"color: black; font-family: Arial\"><o:p>\u00a0<\/o:p><\/span><\/p>\n<p style=\"margin: 0cm 0cm 0pt; text-align: justify\" class=\"MsoNormal\"><span style=\"color: black; font-family: Arial\"><\/span><\/p>\n<p><span style=\"color: black; font-family: Arial\">Quedando los conventos franciscanos de Santa Clara, el de los<span>\u00a0 <\/span>Dieguinos y el Hospital Real, sobre los caminos a Guanajuato, M\u00e9xico, Zacatecas y San Luis Potos\u00ed. De la puerta principal del atrio de <st1:personname ProductID=\"La Ciudadela\" w:st=\"on\">La Ciudadela<\/st1:personname> franciscana y ahora de ese mismo lugar, que lo forman la esquina de Ju\u00e1rez y Madero parten los caminos reales y se forma la garganta de tierra adentro.<o:p><\/o:p><\/span><span style=\"color: black; font-family: Arial\"><o:p>\u00a0<\/o:p><\/span><\/p>\n<p style=\"margin: 0cm 0cm 0pt; text-align: justify\" class=\"MsoNormal\"><span style=\"color: black; font-family: Arial\"><\/span><\/p>\n<p><span style=\"color: black; font-family: Arial\">La construcci\u00f3n del Convento Grande de San Francisco, la podemos encontrar desde 1548, pero la llamaremos ef\u00edmera, es moment\u00e1nea para dar espacio a los primeros frailes y comenzar as\u00ed su obra de expansi\u00f3n y solidificaci\u00f3n que terminar\u00e1 hasta el siglo XVlll.<o:p><\/o:p><\/span><span style=\"color: black; font-family: Arial\"><o:p>\u00a0<\/o:p><\/span><\/p>\n<p style=\"margin: 0cm 0cm 0pt; text-align: justify\" class=\"MsoNormal\"><span style=\"color: black; font-family: Arial\"><\/span><\/p>\n<p><span style=\"color: black; font-family: Arial\">Para 1536 los Franciscanos de <st1:personname ProductID=\"la Provincia Del\" w:st=\"on\">la Provincia Del<\/st1:personname> Santo Evangelio, lograron establecer una custodia, que para 1565, llegar\u00eda a ser <st1:personname ProductID=\"la Provincia\" w:st=\"on\">la Provincia<\/st1:personname> de los Santos ap\u00f3stoles, Pedro y Pablo, de Michoac\u00e1n. Para 1582, el visitador Fray Alonso Ponce, dice sobre el Convento de San Francisco de Quer\u00e9taro: <o:p><\/o:p><\/span><span style=\"color: black; font-family: Arial\"><o:p>\u00a0<\/o:p><\/span><\/p>\n<p style=\"margin: 0cm 0cm 0pt; text-align: justify\" class=\"MsoNormal\"><span style=\"color: black; font-family: Arial\"><\/span><\/p>\n<p><span style=\"color: black; font-family: Arial\">\u201cEst\u00e1 acabado con su iglesia, claustro, dormitorios y huerta;\u201d <em>Tiene buen edificio de cal y canto y es capaz de muchos religiosos y por eso suele haber en \u00e9l estudios de teolog\u00eda o artes o de gram\u00e1tica\u201d.<o:p><\/o:p><\/em><\/span><span style=\"color: black; font-family: Arial\"><o:p>\u00a0<\/o:p><\/span><\/p>\n<p style=\"margin: 0cm 0cm 0pt; text-align: justify\" class=\"MsoNormal\"><span style=\"color: black; font-family: Arial\"><\/span><\/p>\n<p><span style=\"color: black; font-family: Arial\">En 1595 el templo y el convento resultaban peque\u00f1os, la iglesia la ocupaban los espa\u00f1oles y los indios o\u00edan misa en el patio, para 1727 el convento se perfeccion\u00f3 gracias al fraile Fernando Alonso Gonz\u00e1lez. Fue un proceso de cambios, adaptaciones y modificaciones en m\u00e1s de ciento cincuenta a\u00f1os.<o:p><\/o:p><\/span><span style=\"color: black; font-family: Arial\"><o:p>\u00a0<\/o:p><\/span><\/p>\n<p style=\"margin: 0cm 0cm 0pt; text-align: justify\" class=\"MsoNormal\"><span style=\"color: black; font-family: Arial\"><\/span><\/p>\n<p><span style=\"color: black; font-family: Arial\">Existe un enorme atrio cementerio, bordeado por la barda atrial y rematado por pin\u00e1culos, siendo un pueblo de indios, por lo menos hasta 1638.<o:p><\/o:p><\/span><em><span style=\"color: black; font-family: Arial\"><o:p>\u00a0<\/o:p><\/span><\/em><\/p>\n<p style=\"margin: 0cm 0cm 0pt\" class=\"MsoBodyText2\"><span style=\"color: black; font-family: Arial\"><\/span><\/p>\n<p><span style=\"color: black; font-family: Arial\"><em>\u201cParalela a los muros del claustro se extend\u00eda la parroquia de indios, en la parte del cementerio, llamada del Se\u00f1or San Jos\u00e9 y era de tres naves , exist\u00edan ah\u00ed, seis cofrad\u00edas con sus rentas correspondientes, con sus im\u00e1genes, que sacaban en sus procesiones y cada cual ten\u00eda<span>\u00a0 <\/span>su retablo de magnifica hechura\u201d.<o:p><\/o:p><\/em><\/span><span style=\"color: black; font-family: Arial\"><o:p>\u00a0<\/o:p><\/span><\/p>\n<p style=\"margin: 0cm 0cm 0pt; text-align: justify\" class=\"MsoNormal\"><span style=\"color: black; font-family: Arial\"><\/span><\/p>\n<p><span style=\"color: black; font-family: Arial\">En ese mismo cementerio est\u00e1 <st1:personname ProductID=\"la Capilla\" w:st=\"on\">la Capilla<\/st1:personname> de <st1:personname ProductID=\"la Tercera Orden\" w:st=\"on\">la Tercera Orden<\/st1:personname> de <st1:personname ProductID=\"la Penitencia\" w:st=\"on\">la Penitencia<\/st1:personname>,<span>\u00a0 <\/span>donde se venera la imagen de Jes\u00fas Nazareno, obra del fraile Sebasti\u00e1n Gallegos, realizada en 1631 y colocada en un lujoso tabern\u00e1culo<o:p><\/o:p><\/span><span style=\"color: black; font-family: Arial\"><o:p>\u00a0<\/o:p><\/span><\/p>\n<p style=\"margin: 0cm 0cm 0pt; text-align: justify\" class=\"MsoNormal\"><span style=\"color: black; font-family: Arial\"><\/span><\/p>\n<p><span style=\"color: black; font-family: Arial\">En 1694 en el atrio del Convento Grande de San Francisco se estren\u00f3 <st1:personname ProductID=\"la Capilla\" w:st=\"on\">La Capilla<\/st1:personname> de <st1:personname ProductID=\"La Santa Casa\" w:st=\"on\">La Santa Casa<\/st1:personname> de Loreto, casa construida al centro de una peque\u00f1a iglesia de b\u00f3veda y bajo la c\u00fapula, este lujoso tesoro, llamado Casa Lauretana.<o:p><\/o:p><\/span><span style=\"color: black; font-family: Arial\"><o:p>\u00a0<\/o:p><\/span><\/p>\n<p style=\"margin: 0cm 0cm 0pt; text-align: justify\" class=\"MsoNormal\"><span style=\"color: black; font-family: Arial\"><\/span><\/p>\n<p><span style=\"color: black; font-family: Arial\">Frente a esta y en el mismo espacio del atrio cementerio, est\u00e1 la capilla de San Benito, construida <st1:personname ProductID=\"la Imagen\" w:st=\"on\">la Imagen<\/st1:personname> tambi\u00e9n por el fraile Sebasti\u00e1n Gallegos, all\u00e1 por el a\u00f1o de 1630.<o:p><\/o:p><\/span><span style=\"color: black; font-family: Arial\"><o:p>\u00a0<\/o:p><\/span><\/p>\n<p style=\"margin: 0cm 0cm 0pt; text-align: justify\" class=\"MsoNormal\"><span style=\"color: black; font-family: Arial\"><\/span><\/p>\n<p><span style=\"color: black; font-family: Arial\">La traza urbana del nuevo Quer\u00e9taro ser\u00e1 mixta, ya que de <st1:metricconverter ProductID=\"1531 a\" w:st=\"on\">1531 a<\/st1:metricconverter> 1551, la poblaci\u00f3n es<span>\u00a0 <\/span>solo de indios. Comienza su modificaci\u00f3n con la construcci\u00f3n de <st1:personname ProductID=\"La Ciudadela\" w:st=\"on\">la Ciudadela<\/st1:personname>, reconstruy\u00e9ndose un nuevo Quer\u00e9taro, de manera l\u00f3gica, de acuerdo a los ya trazados caminos prehisp\u00e1nicos, a su propia topograf\u00eda, a los caminos de la plata, al conjunto franciscano y supeditada a los sucesos posteriores, que se dar\u00e1n durante la invasi\u00f3n espa\u00f1ola.<o:p><\/o:p><\/span><span style=\"color: black; font-family: Arial\"><o:p>\u00a0<\/o:p><\/span><\/p>\n<p style=\"margin: 0cm 0cm 0pt; text-align: justify\" class=\"MsoNormal\"><span style=\"color: black; font-family: Arial\"><\/span><\/p>\n<p><span style=\"color: black; font-family: Arial\">Hacia el segundo tercio del siglo XVll la regi\u00f3n queda conquistada. Conquista donde Con\u00edn no fue ajeno y si aliado de los espa\u00f1oles, da fin la guerra chichimeca y comienza la migraci\u00f3n de espa\u00f1oles venidos de la ciudad de M\u00e9xico y otros directamente de Espa\u00f1a.<o:p><\/o:p><\/span><span style=\"color: black; font-family: Arial\"><o:p>\u00a0<\/o:p><\/span><\/p>\n<p style=\"margin: 0cm 0cm 0pt; text-align: justify\" class=\"MsoNormal\"><span style=\"color: black; font-family: Arial\"><\/span><\/p>\n<p><span style=\"color: black; font-family: Arial\">Al mismo tiempo se da la conquista espiritual, que como en los tiempos prehisp\u00e1nicos llevar\u00e1 a Quer\u00e9taro a ser un centro religioso de primer orden. La mejor prueba de ello es que en este siglo el Convento Franciscano de Quer\u00e9taro, <st1:personname ProductID=\"La Ciudadela\" w:st=\"on\">La Ciudadela<\/st1:personname>, comienza a reconstruirse.<o:p><\/o:p><\/span><span style=\"color: black; font-family: Arial\"><o:p>\u00a0<\/o:p><\/span><\/p>\n<p style=\"margin: 0cm 0cm 0pt; text-align: justify\" class=\"MsoNormal\"><span style=\"color: black; font-family: Arial\"><\/span><\/p>\n<p><span style=\"color: black; font-family: Arial\">En 1694 Francisco Rodr\u00edguez y Crist\u00f3bal de Villalpando, construyen el retablo mayor del templo de San Francisco y el embellecimiento y comodidad de esta ciudadela no terminar\u00e1n hasta entrada la primera parte del siglo XVlll. Ser\u00e1n monumentales, su sala capitular, su sala De Profundis y su escalera monumental.<o:p><\/o:p><\/span><span style=\"color: black; font-family: Arial\"><o:p>\u00a0<\/o:p><\/span><\/p>\n<p style=\"margin: 0cm 0cm 0pt; text-align: justify\" class=\"MsoNormal\"><span style=\"color: black; font-family: Arial\"><\/span><\/p>\n<p><span style=\"color: black; font-family: Arial\">El Convento Grande de San Francisco o <st1:personname ProductID=\"La Ciudadela\" w:st=\"on\">La Ciudadela<\/st1:personname>, se convierte durante casi tres siglos en el parteaguas de dos culturas, quedando en el medio geogr\u00e1fico y social del pueblo por un lado el de indios y por <span>\u00a0<\/span>el otro, el pueblo de espa\u00f1oles, sirviendo as\u00ed a los dos grupos, como eje rector, en todos los sentidos.<o:p><\/o:p><\/span><span style=\"color: black; font-family: Arial\"><o:p>\u00a0<\/o:p><\/span><\/p>\n<p style=\"margin: 0cm 0cm 0pt; text-align: justify\" class=\"MsoNormal\"><span style=\"color: black; font-family: Arial\"><\/span><\/p>\n<p><span style=\"color: black; font-family: Arial\">El Convento Grande de San Francisco es el inicio en Quer\u00e9taro de la conquista material y espiritual y lo ser\u00e1 en el siglo XVlll el fin de estas conquistas, al darse inicio la guerra de Independencia.<o:p><\/o:p><\/span><span style=\"color: black; font-family: Arial\"><o:p>\u00a0<\/o:p><\/span><\/p>\n<p style=\"margin: 0cm 0cm 0pt; text-align: justify\" class=\"MsoNormal\"><span style=\"color: black; font-family: Arial\"><\/span><\/p>\n<p><span style=\"color: black; font-family: Arial\">Es pues, un edificio en parte europeo, el que en Quer\u00e9taro se manifiesta como una micro ciudad con car\u00e1cter de autosuficiencia: patios, centros de culto,<span>\u00a0 <\/span>de abasto, de asistencia y de educaci\u00f3n.<o:p><\/o:p><\/span><span style=\"color: black; font-family: Arial\"><o:p>\u00a0<\/o:p><\/span><\/p>\n<p style=\"margin: 0cm 0cm 0pt; text-align: justify\" class=\"MsoNormal\"><span style=\"color: black; font-family: Arial\"><\/span><\/p>\n<p><span style=\"color: black; font-family: Arial\">Este centro religioso da<span>\u00a0 <\/span>pie a los dos Quer\u00e9taros, el prehisp\u00e1nico y el actual, generando su nuevo desarrollo urbano y d\u00e1ndole <span>\u00a0<\/span>funcionalidad a su crecimiento, como una de las ciudades m\u00e1s importantes de este pa\u00eds.<o:p><\/o:p><\/span><span style=\"color: black; font-family: Arial\"><o:p>\u00a0<\/o:p><\/span><\/p>\n<p style=\"margin: 0cm 0cm 0pt; text-align: justify\" class=\"MsoNormal\"><span style=\"color: black; font-family: Arial\"><\/span><\/p>\n<p><span style=\"color: black; font-family: Arial\">Por la conquista espiritual de Quer\u00e9taro, por los franciscanos, vendr\u00e1n los cambios y el nuevo derrotero ideol\u00f3gico que determinar\u00e1, la distribuci\u00f3n de tributos, el control del mercado y el monopolio de la mano de obra.<o:p><\/o:p><\/span><span style=\"color: black; font-family: Arial\"><o:p>\u00a0<\/o:p><\/span><\/p>\n<p style=\"margin: 0cm 0cm 0pt; text-align: justify\" class=\"MsoNormal\"><span style=\"color: black; font-family: Arial\"><\/span><\/p>\n<p><span style=\"color: black; font-family: Arial\">La evangelizaci\u00f3n tuvo su car\u00e1cter program\u00e1tico para la regulaci\u00f3n de la nueva poblaci\u00f3n en Am\u00e9rica y en este caso de Quer\u00e9taro.<o:p><\/o:p><\/span><strong><span style=\"color: black; font-family: Arial\"><o:p>\u00a0<\/o:p><\/span><\/strong><strong><span style=\"color: black; font-family: Arial\"><o:p>\u00a0<\/o:p><\/span><\/strong><\/p>\n<p style=\"margin: 0cm 0cm 0pt; text-align: justify\" class=\"MsoNormal\"><strong><span style=\"color: black; font-family: Arial\"><\/span><\/strong><\/p>\n<p><strong><span style=\"color: black; font-family: Arial\">Efem\u00e9rides:<o:p><\/o:p><\/span><\/strong><span style=\"color: black; font-family: Arial\"><o:p>\u00a0<\/o:p><\/span><\/p>\n<p style=\"margin: 0cm 0cm 0pt; text-align: justify\" class=\"MsoNormal\"><span style=\"color: black; font-family: Arial\"><\/span><\/p>\n<p><span style=\"color: black; font-family: Arial\">1540 .- Con\u00edn entrega el solar a los franciscanos donde crear\u00e1n su convento<o:p><\/o:p><\/span><span style=\"color: black; font-family: Arial\"><o:p>\u00a0<\/o:p><\/span><\/p>\n<p style=\"margin: 0cm 0cm 0pt; text-align: justify\" class=\"MsoNormal\"><span style=\"color: black; font-family: Arial\"><\/span><\/p>\n<p><span style=\"color: black; font-family: Arial\">1548.-<span>\u00a0 <\/span>Da comienzo la construcci\u00f3n del primer templo del Convento de San Francisco de Quer\u00e9taro<o:p><\/o:p><\/span><span style=\"color: black; font-family: Arial\"><o:p>\u00a0<\/o:p><\/span><\/p>\n<p style=\"margin: 0cm 0cm 0pt; text-align: justify\" class=\"MsoNormal\"><span style=\"color: black; font-family: Arial\"><\/span><\/p>\n<p><span style=\"color: black; font-family: Arial\">1566 .- El Convento de San Francisco de Quer\u00e9taro, deja de pertenecer a <st1:personname ProductID=\"la Provincia\" w:st=\"on\">la Provincia<\/st1:personname> del Santo Evangelio y se integra a <st1:personname ProductID=\"la Provincia\" w:st=\"on\">la Provincia<\/st1:personname> de San Pedro y San Pablo de Michoac\u00e1n,<o:p><\/o:p><\/span><span style=\"color: black; font-family: Arial\"><o:p>\u00a0<\/o:p><\/span><\/p>\n<p style=\"margin: 0cm 0cm 0pt; text-align: justify\" class=\"MsoNormal\"><span style=\"color: black; font-family: Arial\"><\/span><\/p>\n<p><span style=\"color: black; font-family: Arial\">1570 .- El Convento debi\u00f3 estar en pleno funcionamiento.<o:p><\/o:p><\/span><span style=\"color: black; font-family: Arial\"><o:p>\u00a0<\/o:p><\/span><\/p>\n<p style=\"margin: 0cm 0cm 0pt; text-align: justify\" class=\"MsoNormal\"><span style=\"color: black; font-family: Arial\"><\/span><\/p>\n<p><span style=\"color: black; font-family: Arial\">1584.- Se recibe la visita de Fray Alonso Ponce y la sede parroquial de Santiago, a cargo de los franciscanos de Michoac\u00e1n, que depende del arzobispado de M\u00e9xico.<o:p><\/o:p><\/span><span style=\"color: black; font-family: Arial\"><o:p>\u00a0<\/o:p><\/span><\/p>\n<p style=\"margin: 0cm 0cm 0pt; text-align: justify\" class=\"MsoNormal\"><span style=\"color: black; font-family: Arial\"><\/span><\/p>\n<p><span style=\"color: black; font-family: Arial\">1596 .- Se comienzan las diligencias para construir nuevas celdas y un nuevo templo en San Francisco.<o:p><\/o:p><\/span><span style=\"color: black; font-family: Arial\"><o:p>\u00a0<\/o:p><\/span><\/p>\n<p style=\"margin: 0cm 0cm 0pt; text-align: justify\" class=\"MsoNormal\"><span style=\"color: black; font-family: Arial\"><\/span><\/p>\n<p><span style=\"color: black; font-family: Arial\">1597 .- Se tiene ya el primer plano de la ciudadela o conjunto franciscano<o:p><\/o:p><\/span><span style=\"color: black; font-family: Arial\"><o:p>\u00a0<\/o:p><\/span><\/p>\n<p style=\"margin: 0cm 0cm 0pt; text-align: justify\" class=\"MsoNormal\"><span style=\"color: black; font-family: Arial\"><\/span><\/p>\n<p><span style=\"color: black; font-family: Arial\">1600 Francisco de Chavida trabaja para los franciscanos en la construcci\u00f3n del templo de San Francisco y Santa Clara.<o:p><\/o:p><\/span><span style=\"color: black; font-family: Arial\"><o:p>\u00a0<\/o:p><\/span><\/p>\n<p style=\"margin: 0cm 0cm 0pt; text-align: justify\" class=\"MsoNormal\"><span style=\"color: black; font-family: Arial\"><\/span><\/p>\n<p><span style=\"color: black; font-family: Arial\">1620 .- Se publica el primer mapa de los alrededores de Quer\u00e9taro.<o:p><\/o:p><\/span><span style=\"color: black; font-family: Arial\"><o:p>\u00a0<\/o:p><\/span><\/p>\n<p style=\"margin: 0cm 0cm 0pt; text-align: justify\" class=\"MsoNormal\"><st1:metricconverter ProductID=\"1620 a\" w:st=\"on\"><span style=\"color: black; font-family: Arial\">\u00a0<\/span><\/st1:metricconverter><\/p>\n<p><st1:metricconverter ProductID=\"1620 a\" w:st=\"on\"><span style=\"color: black; font-family: Arial\">1620 a<\/span><\/st1:metricconverter><span style=\"color: black; font-family: Arial\"> 1644 .- Se demuele el antiguo templo y se inicia el que ahora existe. Se construye <st1:personname ProductID=\"La Enfermer?a\" w:st=\"on\">La Enfermer\u00eda<\/st1:personname>, El Noviciado, El Claustro y <st1:personname ProductID=\"La Torre.\" w:st=\"on\">La Torre.<\/st1:personname><o:p><\/o:p><\/span><span style=\"color: black; font-family: Arial\"><o:p>\u00a0<\/o:p><\/span><\/p>\n<p style=\"margin: 0cm 0cm 0pt; text-align: justify\" class=\"MsoNormal\"><span style=\"color: black; font-family: Arial\"><\/span><\/p>\n<p><span style=\"color: black; font-family: Arial\">1634 .- Se funda la tercera Orden de San Francisco, en Quer\u00e9taro.<o:p><\/o:p><\/span><span style=\"color: black; font-family: Arial\"><o:p>\u00a0<\/o:p><\/span><\/p>\n<p style=\"margin: 0cm 0cm 0pt; text-align: justify\" class=\"MsoNormal\"><span style=\"color: black; font-family: Arial\"><\/span><\/p>\n<p><span style=\"color: black; font-family: Arial\">1634 .- Se estrena la capilla de <st1:personname ProductID=\"la Tercera Orden\" w:st=\"on\">La Tercera Orden<\/st1:personname>, en el cementerio del Convento Grande de San Francisco.<o:p><\/o:p><\/span><span style=\"color: black; font-family: Arial\"><o:p>\u00a0<\/o:p><\/span><\/p>\n<p style=\"margin: 0cm 0cm 0pt; text-align: justify\" class=\"MsoNormal\"><span style=\"color: black; font-family: Arial\"><\/span><\/p>\n<p><span style=\"color: black; font-family: Arial\">1644 .- Antonio de Achaide se convierte en el alarife principal del templo de San Francisco.<o:p><\/o:p><\/span><span style=\"color: black; font-family: Arial\"><o:p>\u00a0<\/o:p><\/span><\/p>\n<p style=\"margin: 0cm 0cm 0pt; text-align: justify\" class=\"MsoNormal\"><span style=\"color: black; font-family: Arial\"><\/span><\/p>\n<p><span style=\"color: black; font-family: Arial\">1658 .- Jos\u00e9 de Bayas maestrea en el conjunto franciscano, cinco b\u00f3vedas, tres arcos de la capilla mayor y blanqueado del templo.<o:p><\/o:p><\/span><span style=\"color: black; font-family: Arial\"><o:p>\u00a0<\/o:p><\/span><\/p>\n<p style=\"margin: 0cm 0cm 0pt; text-align: justify\" class=\"MsoNormal\"><span style=\"color: black; font-family: Arial\"><\/span><\/p>\n<p><span style=\"color: black; font-family: Arial\">1680 .- El Convento de San Francisco esta en plena efervescencia.<o:p><\/o:p><\/span><span style=\"color: black; font-family: Arial\"><o:p>\u00a0<\/o:p><\/span><\/p>\n<p style=\"margin: 0cm 0cm 0pt; text-align: justify\" class=\"MsoNormal\"><span style=\"color: black; font-family: Arial\"><\/span><\/p>\n<p><span style=\"color: black; font-family: Arial\">1685 .- Se hacen arreglos a <st1:personname ProductID=\"La Enfermer?a\" w:st=\"on\">la Enfermer\u00eda<\/st1:personname>, Hospeder\u00eda,<span>\u00a0 <\/span>refectorio, panader\u00eda y cocina.<o:p><\/o:p><\/span><span style=\"color: black; font-family: Arial\"><o:p>\u00a0<\/o:p><\/span><\/p>\n<p style=\"margin: 0cm 0cm 0pt; text-align: justify\" class=\"MsoNormal\"><span style=\"color: black; font-family: Arial\"><\/span><\/p>\n<p><span style=\"color: black; font-family: Arial\">1685 .- Se terminan dos campanas nuevas para San Francisco.<o:p><\/o:p><\/span><span style=\"color: black; font-family: Arial\"><o:p>\u00a0<\/o:p><\/span><\/p>\n<p style=\"margin: 0cm 0cm 0pt; text-align: justify\" class=\"MsoNormal\"><span style=\"color: black; font-family: Arial\"><\/span><\/p>\n<p><span style=\"color: black; font-family: Arial\">1693 \u20131698- Fechas inscritas cerca de la escalera del claustro, que indican principio y fin de una obra. Posiblemente el claustro.<o:p><\/o:p><\/span><span style=\"color: black; font-family: Arial\"><o:p>\u00a0<\/o:p><\/span><\/p>\n<p style=\"margin: 0cm 0cm 0pt; text-align: justify\" class=\"MsoNormal\"><span style=\"color: black; font-family: Arial\"><\/span><\/p>\n<p><span style=\"color: black; font-family: Arial\">1694 .- Se estrena la capilla de Loreto<o:p><\/o:p><\/span><span style=\"color: black; font-family: Arial\"><o:p>\u00a0<\/o:p><\/span><\/p>\n<p style=\"margin: 0cm 0cm 0pt; text-align: justify\" class=\"MsoNormal\"><span style=\"color: black; font-family: Arial\"><\/span><\/p>\n<p><span style=\"color: black; font-family: Arial\">1696 .- Se estrena la capilla del Santo Cristo de San Benito.<o:p><\/o:p><\/span><span style=\"color: black; font-family: Arial\"><o:p>\u00a0<\/o:p><\/span><\/p>\n<p style=\"margin: 0cm 0cm 0pt; text-align: justify\" class=\"MsoNormal\"><span style=\"color: black; font-family: Arial\"><\/span><\/p>\n<p><span style=\"color: black; font-family: Arial\">1698 .- Se concluyen algunos trabajos en la capilla de Los Naturales.<o:p><\/o:p><\/span><span style=\"color: black; font-family: Arial\"><o:p>\u00a0<\/o:p><\/span><\/p>\n<p style=\"margin: 0cm 0cm 0pt; text-align: justify\" class=\"MsoNormal\"><span style=\"color: black; font-family: Arial\"><\/span><\/p>\n<p><span style=\"color: black; font-family: Arial\">1705 .- Se termina la nueva barda de la ciudadela o conjunto franciscano.<o:p><\/o:p><\/span><span style=\"color: black; font-family: Arial\"><o:p>\u00a0<\/o:p><\/span><\/p>\n<p style=\"margin: 0cm 0cm 0pt; text-align: justify\" class=\"MsoNormal\"><span style=\"color: black; font-family: Arial\"><\/span><\/p>\n<p><span style=\"color: black; font-family: Arial\">1706 .- Se plantan nuevos tipos de \u00e1rboles en la huerta.<o:p><\/o:p><\/span><span style=\"color: black; font-family: Arial\"><o:p>\u00a0<\/o:p><\/span><\/p>\n<p style=\"margin: 0cm 0cm 0pt; text-align: justify\" class=\"MsoNormal\"><span style=\"color: black; font-family: Arial\"><\/span><\/p>\n<p><span style=\"color: black; font-family: Arial\">1727 .- Se renueva el claustro y parte del templo.<o:p><\/o:p><\/span><span style=\"color: black; font-family: Arial\"><o:p>\u00a0<\/o:p><\/span><\/p>\n<p style=\"margin: 0cm 0cm 0pt; text-align: justify\" class=\"MsoNormal\"><span style=\"color: black; font-family: Arial\"><\/span><\/p>\n<p><span style=\"color: black; font-family: Arial\">1737 .- Se termina nueva obra en la capilla de <st1:personname ProductID=\"la Tercera Orden.\" w:st=\"on\"><st1:personname ProductID=\"la Tercera\" w:st=\"on\">la Tercera<\/st1:personname> Orden.<\/st1:personname><o:p><\/o:p><\/span><span style=\"color: black; font-family: Arial\"><o:p>\u00a0<\/o:p><\/span><\/p>\n<p style=\"margin: 0cm 0cm 0pt; text-align: justify\" class=\"MsoNormal\"><span style=\"color: black; font-family: Arial\"><\/span><\/p>\n<p><span style=\"color: black; font-family: Arial\">1737 .- Se termina la capilla interior de Jes\u00fas Nazareno.<o:p><\/o:p><\/span><span style=\"color: black; font-family: Arial\"><o:p>\u00a0<\/o:p><\/span><\/p>\n<h2 style=\"margin: 0cm 0cm 0pt\"><span style=\"color: black; font-family: Arial\"><o:p><font size=\"3\">\u00a0<\/font><\/o:p><\/span><\/h2>\n<h2 style=\"margin: 0cm 0cm 0pt\"><span style=\"color: black; font-family: Arial\"><\/span><\/h2>\n<h2 style=\"margin: 0cm 0cm 0pt\"><span style=\"color: black; font-family: Arial\"><font size=\"3\">La destrucci\u00f3n<o:p><\/o:p><\/font><\/span><\/h2>\n<p><span style=\"color: black; font-family: Arial\"><o:p>\u00a0<\/o:p><\/span><\/p>\n<p style=\"margin: 0cm 0cm 0pt; text-align: justify\" class=\"MsoNormal\"><span style=\"color: black; font-family: Arial\"><\/span><\/p>\n<p><span style=\"color: black; font-family: Arial\">1759. Pierden los franciscanos la parroquia de Santiago, que es secularizada y trasladada a <st1:personname ProductID=\"La Congregaci?n.\" w:st=\"on\">La Congregaci\u00f3n.<\/st1:personname><o:p><\/o:p><\/span><span style=\"color: black; font-family: Arial\"><o:p>\u00a0<\/o:p><\/span><\/p>\n<p style=\"margin: 0cm 0cm 0pt; text-align: justify\" class=\"MsoNormal\"><span style=\"color: black; font-family: Arial\"><\/span><\/p>\n<p><span style=\"color: black; font-family: Arial\">1810 .- El Convento se vuelve prisi\u00f3n de los conjurados contra los espa\u00f1oles.<o:p><\/o:p><\/span><span style=\"color: black; font-family: Arial\"><o:p>\u00a0<\/o:p><\/span><\/p>\n<p style=\"margin: 0cm 0cm 0pt; text-align: justify\" class=\"MsoNormal\"><span style=\"color: black; font-family: Arial\"><\/span><\/p>\n<p><span style=\"color: black; font-family: Arial\">1816 .- Se quitaron los retablos barrocos del maestro Gudi\u00f1o, en el templo de San Francisco. Tambi\u00e9n se retiran, un retablo barroco y el del altar mayor, de San Francisco, obras<span>\u00a0 <\/span>de Pedro de Rojas.<o:p><\/o:p><\/span><span style=\"color: black; font-family: Arial\"><o:p>\u00a0<\/o:p><\/span><\/p>\n<p style=\"margin: 0cm 0cm 0pt; text-align: justify\" class=\"MsoNormal\"><span style=\"color: black; font-family: Arial\"><\/span><\/p>\n<p><span style=\"color: black; font-family: Arial\">1861 .- El Gral. Arteaga comienza la destrucci\u00f3n de la barda atrial y las 5 capillas.<o:p><\/o:p><\/span><span style=\"color: black; font-family: Arial\"><o:p>\u00a0<\/o:p><\/span><\/p>\n<p style=\"margin: 0cm 0cm 0pt; text-align: justify\" class=\"MsoNormal\"><span style=\"color: black; font-family: Arial\"><\/span><\/p>\n<p><span style=\"color: black; font-family: Arial\">1865.-<span>\u00a0 <\/span>Se traslad\u00f3 la sede catedralicia del<span>\u00a0 <\/span>templo de <st1:personname ProductID=\"La Compa??a\" w:st=\"on\">La Compa\u00f1\u00eda<\/st1:personname> al de San Francisco, fue del 25 de julio de ese a\u00f1o al 11 de enero de 1911.<o:p><\/o:p><\/span><span style=\"color: black; font-family: Arial\"><o:p>\u00a0<\/o:p><\/span><\/p>\n<p style=\"margin: 0cm 0cm 0pt; text-align: justify\" class=\"MsoNormal\"><span style=\"color: black; font-family: Arial\"><\/span><\/p>\n<p><span style=\"color: black; font-family: Arial\">1867 .- El Atrio de San Francisco es conocido como la plaza de los escombros.<o:p><\/o:p><\/span><span style=\"color: black; font-family: Arial\"><o:p>\u00a0<\/o:p><\/span><\/p>\n<p style=\"margin: 0cm 0cm 0pt; text-align: justify\" class=\"MsoNormal\"><span style=\"color: black; font-family: Arial\"><\/span><\/p>\n<p><span style=\"color: black; font-family: Arial\">1867 .- Se comienza la construcci\u00f3n del Jard\u00edn Zenea y existen en el antiguo atrio, dos mercados.<o:p><\/o:p><\/span><span style=\"color: black; font-family: Arial\"><o:p>\u00a0<\/o:p><\/span><\/p>\n<p style=\"margin: 0cm 0cm 0pt; text-align: justify\" class=\"MsoNormal\"><span style=\"color: black; font-family: Arial\"><\/span><\/p>\n<p><span style=\"color: black; font-family: Arial\">1867.- Los grandes lienzos que decoraban el claustro sobre la vida de San Antonio de Padua y San Francisco de As\u00eds, obras de los maestros Rodr\u00edguez Ju\u00e1rez, Jos\u00e9 de Ibarra y Miguel Cabrera. <o:p><\/o:p><\/span><span style=\"color: black; font-family: Arial\"><o:p>\u00a0<\/o:p><\/span><\/p>\n<p style=\"margin: 0cm 0cm 0pt; text-align: justify\" class=\"MsoNormal\"><span style=\"color: black; font-family: Arial\"><\/span><\/p>\n<p><span style=\"color: black; font-family: Arial\">1905 .- Se destruye la huerta y en su lugar se da paso al mercado Doctor Pedro Escobedo, que muy posteriormente ser\u00e1 <st1:personname ProductID=\"la Plaza\" w:st=\"on\">la Plaza<\/st1:personname> de <st1:personname ProductID=\"la Constituci?n.\" w:st=\"on\">la Constituci\u00f3n.<\/st1:personname><o:p><\/o:p><\/span><span style=\"color: black; font-family: Arial\"><o:p>\u00a0<\/o:p><\/span><\/p>\n<p style=\"margin: 0cm 0cm 0pt; text-align: justify\" class=\"MsoNormal\"><span style=\"color: black; font-family: Arial\"><\/span><\/p>\n<p><span style=\"color: black; font-family: Arial\">1917 .- Se abre por en medio del primer templo franciscano y el crucero del actual la calle Aquiles Serd\u00e1n, para unir la calle de Madero con la de 5 de Mayo.<o:p><\/o:p><\/span><span style=\"color: black; font-family: Arial\"><o:p>\u00a0<\/o:p><\/span><\/p>\n<p style=\"margin: 0cm 0cm 0pt; text-align: justify\" class=\"MsoNormal\"><span style=\"color: black; font-family: Arial\"><\/span><\/p>\n<p><span style=\"color: black; font-family: Arial\">1925 .- Se repara este da\u00f1o causado a Quer\u00e9taro y el Fraile \u00c1ngel Ju\u00e1rez, guardi\u00e1n del convento, inicia la reconstrucci\u00f3n.<o:p><\/o:p><\/span><span style=\"color: black; font-family: Arial\"><o:p>\u00a0<\/o:p><\/span><\/p>\n<p style=\"margin: 0cm 0cm 0pt; text-align: justify\" class=\"MsoNormal\"><span style=\"color: black; font-family: Arial\"><\/span><\/p>\n<p><span style=\"color: black; font-family: Arial\">1959 .- Se restaura la torre.<o:p><\/o:p><\/span><span style=\"color: black; font-family: Arial\"><o:p>\u00a0<\/o:p><\/span><\/p>\n<p style=\"margin: 0cm 0cm 0pt; text-align: justify\" class=\"MsoNormal\"><span style=\"color: black; font-family: Arial\"><\/span><\/p>\n<p><span style=\"color: black; font-family: Arial\">1967 .- Se construye la plaza Constituci\u00f3n y el estacionamiento subterr\u00e1neo.<o:p><\/o:p><\/span><span style=\"color: black; font-family: Arial\"><o:p>\u00a0<\/o:p><\/span><\/p>\n<p style=\"margin: 0cm 0cm 0pt; text-align: justify\" class=\"MsoNormal\"><span style=\"color: black; font-family: Arial\"><\/span><\/p>\n<p><span style=\"color: black; font-family: Arial\">1967 .- Se abre la calle de Corregidora atravesando La antigua Ciudadela y partiendo en dos las casas que iban de San Antonio al R\u00edo y de la calle de Independencia a <st1:personname ProductID=\"la Alameda.\" w:st=\"on\">la Alameda.<\/st1:personname><o:p><\/o:p><\/span><span style=\"color: black; font-family: Arial\"><o:p>\u00a0<\/o:p><\/span><\/p>\n<p style=\"margin: 0cm 0cm 0pt; text-align: justify\" class=\"MsoNormal\"><span style=\"color: black; font-family: Arial\"><\/span><\/p>\n<p><span style=\"color: black; font-family: Arial\">1993 .- Se crea el Jard\u00edn del arte, en el lugar de la peque\u00f1a huerta y osario que conservaban los franciscanos.<o:p><\/o:p><\/span><span style=\"color: black; font-family: Arial\"><o:p>\u00a0<\/o:p><\/span><\/p>\n<p align=\"center\" style=\"margin: 0cm 0cm 0pt; text-align: center\" class=\"MsoNormal\"><strong><span style=\"font-size: 14pt; color: black; font-family: Arial\"><\/span><\/strong><\/p>\n<p align=\"center\" style=\"margin: 0cm 0cm 0pt; text-align: center\" class=\"MsoNormal\"><strong><span style=\"font-size: 14pt; color: black; font-family: Arial\"><\/span><\/strong><\/p>\n<p><strong><span style=\"font-size: 14pt; color: black; font-family: Arial\">Capillas en el conjunto franciscano:<o:p><\/o:p><\/span><\/strong><strong><span style=\"font-size: 14pt; color: black; font-family: Arial\"><o:p>\u00a0<\/o:p><\/span><\/strong><\/p>\n<p style=\"margin: 0cm 0cm 0pt; text-align: justify\" class=\"MsoNormal\"><strong><span style=\"font-size: 14pt; color: black; font-family: Arial\"><\/span><\/strong><\/p>\n<p style=\"margin: 0cm 0cm 0pt; text-align: justify\" class=\"MsoNormal\"><strong><span style=\"font-size: 14pt; color: black; font-family: Arial\"><\/span><\/strong><\/p>\n<p><strong><span style=\"font-size: 14pt; color: black; font-family: Arial\">Sagrario de la iglesia parroquial.<o:p><\/o:p><\/span><\/strong><span style=\"color: black; font-family: Arial\"><o:p>\u00a0<\/o:p><\/span><\/p>\n<p style=\"margin: 0cm 0cm 0pt\" class=\"MsoBodyText3\"><span style=\"color: black; font-family: Arial\"><\/span><\/p>\n<p><span style=\"color: black; font-family: Arial\">En el cuerpo principal de la nave del templo est\u00e1 la capilla del Sant\u00edsimo o del Sagrario, existe una archicofrad\u00eda para mantener los gastos que para su mantenimiento se necesitan y para los monumentos que se levantan el jueves Santo, donde llegan a arder m\u00e1s de mil cuatrocientas luces y para la procesi\u00f3n del Jueves de H\u00e1beas Christi.<o:p><\/o:p><\/span><span style=\"color: black; font-family: Arial\"><o:p>\u00a0<\/o:p><\/span><\/p>\n<p style=\"margin: 0cm 0cm 0pt; text-align: justify\" class=\"MsoNormal\"><strong><span style=\"font-size: 14pt; color: black; font-family: Arial\"><\/span><\/strong><\/p>\n<p><strong><span style=\"font-size: 14pt; color: black; font-family: Arial\">Iglesia parroquial de los naturales<o:p><\/o:p><\/span><\/strong><span style=\"color: black; font-family: Arial\"><o:p>\u00a0<\/o:p><\/span><\/p>\n<p style=\"margin: 0cm 0cm 0pt\" class=\"MsoBodyText3\"><span style=\"color: black; font-family: Arial\"><\/span><\/p>\n<p style=\"margin: 0cm 0cm 0pt\" class=\"MsoBodyText3\"><span style=\"color: black; font-family: Arial\"><\/span><\/p>\n<p><span style=\"color: black; font-family: Arial\">Est\u00e1 construida en el atrio cementerio y es la parroquia de los indios, bajo la advocaci\u00f3n del Se\u00f1or San Jos\u00e9, es de tres naves, sirve para la atenci\u00f3n de los naturales y existen en ella seis cofrad\u00edas, con sus rentas correspondientes. Tiene sus retablos barrocos tambi\u00e9n en los altares colaterales.<o:p><\/o:p><\/span><span style=\"color: black; font-family: Arial\"><o:p>\u00a0<\/o:p><\/span><\/p>\n<p style=\"margin: 0cm 0cm 0pt\" class=\"MsoBodyText3\"><span style=\"color: black; font-family: Arial\"><\/span><\/p>\n<p><span style=\"color: black; font-family: Arial\">El primer templo cat\u00f3lico levantado en la ciudad de Quer\u00e9taro, a un lado del actual, se ha querido adjudicar a la parroquia de indios, despu\u00e9s de la secularizaci\u00f3n de la parroquia en 1759, fue cedida a <st1:personname ProductID=\"la Cofrad?a\" w:st=\"on\">la Cofrad\u00eda<\/st1:personname> de los Hermanos del Cord\u00f3n.<o:p><\/o:p><\/span><span style=\"color: black; font-family: Arial\"><o:p>\u00a0<\/o:p><\/span><\/p>\n<p style=\"margin: 0cm 0cm 0pt\" class=\"MsoBodyText3\"><span style=\"color: black; font-family: Arial\"><\/span><\/p>\n<p><span style=\"color: black; font-family: Arial\">Creo que se pasa por alto <st1:personname ProductID=\"La Capilla Abierta\" w:st=\"on\">La Capilla Abierta<\/st1:personname> que debi\u00f3 de dar al atrio Pante\u00f3n, las capillas pozas, por ser parte de la ritualidad mesoamericana, tanto el culto en espacios abiertos y las procesiones.<o:p><\/o:p><\/span><span style=\"color: black; font-family: Arial\"><o:p>\u00a0<\/o:p><\/span><\/p>\n<p style=\"margin: 0cm 0cm 0pt\" class=\"MsoBodyText3\"><span style=\"color: black; font-family: Arial\"><\/span><\/p>\n<p><span style=\"color: black; font-family: Arial\">Este primer templo del conjunto franciscano, fue en parte destruido, <span>\u00a0<\/span>cuando se quiso continuar la calle de Madero con Cinco de Mayo, pasando sobre el colateral o crucero de la iglesia actual y del primer templo, que al levantarse el existente pudiera haber quedado al servicio de la poblaci\u00f3n india.<o:p><\/o:p><\/span><span style=\"color: black; font-family: Arial\"><o:p>\u00a0<\/o:p><\/span><strong><span style=\"font-size: 14pt; color: black; font-family: Arial\"><o:p>\u00a0<\/o:p><\/span><\/strong><strong><span style=\"font-size: 14pt; color: black; font-family: Arial\"><o:p>\u00a0<\/o:p><\/span><\/strong><\/p>\n<p style=\"margin: 0cm 0cm 0pt; text-align: justify\" class=\"MsoNormal\"><strong><span style=\"font-size: 14pt; color: black; font-family: Arial\"><\/span><\/strong><\/p>\n<p><strong><span style=\"font-size: 14pt; color: black; font-family: Arial\">Capilla de <st1:personname ProductID=\"la Tercera Orden\" w:st=\"on\">la Tercera Orden<\/st1:personname>:<o:p><\/o:p><\/span><\/strong><span style=\"color: black; font-family: Arial\"><o:p>\u00a0<\/o:p><\/span><\/p>\n<p style=\"margin: 0cm 0cm 0pt\" class=\"MsoBodyText3\"><span style=\"color: black; font-family: Arial\"><\/span><\/p>\n<p><span style=\"color: black; font-family: Arial\">Se encuentra en el atrio cementerio esta hermosa capilla, construida en 1634, esta iglesia es de alta calidad que puede competir con cualquiera y la mantienen los principales de la poblaci\u00f3n de esta ciudad de Quer\u00e9taro. All\u00ed existe una imagen de Jes\u00fas Nazareno, obra del fraile Sebasti\u00e1n Gallegos y que tiene una gran veneraci\u00f3n entre los indios.<o:p><\/o:p><\/span><strong><span style=\"color: black; font-family: Arial\"><o:p>\u00a0<\/o:p><\/span><\/strong><\/p>\n<p style=\"margin: 0cm 0cm 0pt\" class=\"MsoBodyText3\"><span style=\"color: black; font-family: Arial\"><\/span><\/p>\n<p><span style=\"color: black; font-family: Arial\">Esta imagen tiene un hermoso retablo y mucho adorno y la sacan en procesi\u00f3n para el rezo del V\u00eda Crucis, <span>\u00a0<\/span>de su culto no se puede decir cuando comenz\u00f3, pero para 1745 era ya muy antiguo.<o:p><\/o:p><\/span><strong><span style=\"color: black; font-family: Arial\"><o:p>\u00a0<\/o:p><\/span><\/strong><\/p>\n<p style=\"margin: 0cm 0cm 0pt; text-align: justify\" class=\"MsoNormal\"><span style=\"color: black; font-family: Arial\"><\/span><\/p>\n<p><span style=\"color: black; font-family: Arial\">El retablo mayor de esta capilla fue realizado por Pedro de Rojas, hubo un nuevo retablo de cal y canto de Mariano Paz, la escultura fue obra de Mariano Perrusqu\u00eda y la pintura del maestro Astudillo. Esta capilla fue destruida en el siglo XlX por las Leyes de Reforma.<o:p><\/o:p><\/span><strong><span style=\"font-size: 14pt; color: black; font-family: Arial\"><o:p>\u00a0<\/o:p><\/span><\/strong><\/p>\n<p style=\"margin: 0cm 0cm 0pt; text-align: justify\" class=\"MsoNormal\"><strong><span style=\"font-size: 14pt; color: black; font-family: Arial\"><\/span><\/strong><\/p>\n<p style=\"margin: 0cm 0cm 0pt; text-align: justify\" class=\"MsoNormal\"><strong><span style=\"font-size: 14pt; color: black; font-family: Arial\"><\/span><\/strong><\/p>\n<p><strong><span style=\"font-size: 14pt; color: black; font-family: Arial\">Capilla de <st1:personname ProductID=\"La Santa Casa\" w:st=\"on\">La Santa Casa<\/st1:personname> de Loreto<o:p><\/o:p><\/span><\/strong><span style=\"color: black; font-family: Arial\"><o:p>\u00a0<\/o:p><\/span><\/p>\n<p style=\"margin: 0cm 0cm 0pt\" class=\"MsoBodyText3\"><span style=\"color: black; font-family: Arial\"><\/span><\/p>\n<p><span style=\"color: black; font-family: Arial\">Se encuentra tambi\u00e9n en el atrio cementerio del conjunto franciscano, esta capilla tiene una imagen trasuntada de la del colegio de San Gregorio de M\u00e9xico. Tiene un trono de plata al martillo, con gran cantidad de espejos y preciosos retablos. Esta casa lauretana esta bajo <st1:personname ProductID=\"la B?veda\" w:st=\"on\">la B\u00f3veda<\/st1:personname> de un templo que la cubre y se estren\u00f3 en 1694.<o:p><\/o:p><\/span><strong><span style=\"font-size: 14pt; color: black; font-family: Arial\"><o:p>\u00a0<\/o:p><\/span><\/strong><\/p>\n<p style=\"margin: 0cm 0cm 0pt; text-align: justify\" class=\"MsoNormal\"><strong><span style=\"font-size: 14pt; color: black; font-family: Arial\"><\/span><\/strong><\/p>\n<p style=\"margin: 0cm 0cm 0pt; text-align: justify\" class=\"MsoNormal\"><strong><span style=\"font-size: 14pt; color: black; font-family: Arial\"><\/span><\/strong><\/p>\n<p><strong><span style=\"font-size: 14pt; color: black; font-family: Arial\">Capilla y santuario del Santo Cristo de San Benito<o:p><\/o:p><\/span><\/strong><span style=\"color: black; font-family: Arial\"><o:p>\u00a0<\/o:p><\/span><\/p>\n<p style=\"margin: 0cm 0cm 0pt; text-align: justify\" class=\"MsoNormal\"><span style=\"color: black; font-family: Arial\"><\/span><\/p>\n<p style=\"margin: 0cm 0cm 0pt; text-align: justify\" class=\"MsoNormal\"><span style=\"color: black; font-family: Arial\"><\/span><\/p>\n<p><span style=\"color: black; font-family: Arial\">Enfrente de la capilla de Loreto se encuentra esta capilla de la milagrosa imagen del Cristo de San Benito y que es obra del escultor y fraile, Sebasti\u00e1n Gallegos y se fabric\u00f3 la capilla a expensas del Alf\u00e9rez Real, Jos\u00e9 de Urtiaga Salazar y <st1:personname ProductID=\"La Parra.\" w:st=\"on\">La Parra.<\/st1:personname> <o:p><\/o:p><\/span><span style=\"color: black; font-family: Arial\"><o:p>\u00a0<\/o:p><\/span><\/p>\n<p style=\"margin: 0cm 0cm 0pt; text-align: justify\" class=\"MsoNormal\"><span style=\"color: black; font-family: Arial\"><\/span><\/p>\n<p style=\"margin: 0cm 0cm 0pt; text-align: justify\" class=\"MsoNormal\"><span style=\"color: black; font-family: Arial\"><\/span><\/p>\n<p><span style=\"color: black; font-family: Arial\">La capilla es toda de cal y piedra, con b\u00f3vedas sobre arcos y pilastras de canter\u00eda, cimborrio y crucero. Sus retablos est\u00e1n hechos con abundancia de l\u00e1minas y espejos y a la moderna, con est\u00edpites y en el centro un admirable nicho, con vidrieras adornadas de perlas, diamantes y otras joyas m\u00e1s.<o:p><\/o:p><\/span><span style=\"color: black; font-family: Arial\"><o:p>\u00a0<\/o:p><\/span><\/p>\n<p style=\"margin: 0cm 0cm 0pt; text-align: justify\" class=\"MsoNormal\"><span style=\"color: black; font-family: Arial\"><\/span><\/p>\n<p style=\"margin: 0cm 0cm 0pt; text-align: justify\" class=\"MsoNormal\"><span style=\"color: black; font-family: Arial\"><\/span><\/p>\n<p><span style=\"color: black; font-family: Arial\">El santuario est\u00e1 adornado por los propios franciscanos, por limosnas y por la propia Cofrad\u00eda. El Cristo de San Benito esta colocado en un nicho de cristal, su culto est\u00e1 principalmente en manos de sus mayordomos y del Juez eclesi\u00e1stico.<o:p><\/o:p><\/span><strong><span style=\"font-size: 14pt; color: black; font-family: Arial\"><span>\u00a0<\/span><o:p><\/o:p><\/span><\/strong><\/p>\n<p style=\"margin: 0cm 0cm 0pt; text-align: justify\" class=\"MsoNormal\"><span style=\"color: black; font-family: Arial\"><\/span><\/p>\n<p style=\"margin: 0cm 0cm 0pt; text-align: justify\" class=\"MsoNormal\"><span style=\"color: black; font-family: Arial\"><\/span><\/p>\n<p><span style=\"color: black; font-family: Arial\">Esta capilla y las otras del atrio fueron destruidas poco a poco y con motivo de las leyes de reforma por el a\u00f1o de 1864 en adelante, hasta cambiar el panorama del centro de la ciudad.<o:p><\/o:p><\/span><span style=\"color: black; font-family: Arial\"><o:p>\u00a0<\/o:p><\/span><\/p>\n","protected":false},"excerpt":{"rendered":"<p>La Ciudadela de Quer\u00e9taro. \u00a0Jos\u00e9 F\u00e9lix Zavala\u00a0 Convento Grande De San Francisco,San Francisco como \u201cDoctrina\u201d\u00a0 Primera sede de la parroquia de Santiago de Quer\u00e9taro. \u00a0 Descripci\u00f3n Efem\u00e9rides de La Ciudadela Franciscana Destrucci\u00f3n de La Ciudadela Templos \u00a0adjuntos a La Ciudadela, ya destruidos\u00a0 En la regi\u00f3n en que se enclava Quer\u00e9taro, han sido identificadas tres grandes [&hellip;]<\/p>\n","protected":false},"author":249,"featured_media":0,"comment_status":"open","ping_status":"closed","sticky":false,"template":"","format":"standard","meta":{"footnotes":""},"categories":[8,10],"tags":[],"class_list":["post-697","post","type-post","status-publish","format-standard","hentry","category-ciudad-de-queretaro","category-historia"],"_links":{"self":[{"href":"http:\/\/eloficiodehistoriar.com.mx\/index.php?rest_route=\/wp\/v2\/posts\/697","targetHints":{"allow":["GET"]}}],"collection":[{"href":"http:\/\/eloficiodehistoriar.com.mx\/index.php?rest_route=\/wp\/v2\/posts"}],"about":[{"href":"http:\/\/eloficiodehistoriar.com.mx\/index.php?rest_route=\/wp\/v2\/types\/post"}],"author":[{"embeddable":true,"href":"http:\/\/eloficiodehistoriar.com.mx\/index.php?rest_route=\/wp\/v2\/users\/249"}],"replies":[{"embeddable":true,"href":"http:\/\/eloficiodehistoriar.com.mx\/index.php?rest_route=%2Fwp%2Fv2%2Fcomments&post=697"}],"version-history":[{"count":0,"href":"http:\/\/eloficiodehistoriar.com.mx\/index.php?rest_route=\/wp\/v2\/posts\/697\/revisions"}],"wp:attachment":[{"href":"http:\/\/eloficiodehistoriar.com.mx\/index.php?rest_route=%2Fwp%2Fv2%2Fmedia&parent=697"}],"wp:term":[{"taxonomy":"category","embeddable":true,"href":"http:\/\/eloficiodehistoriar.com.mx\/index.php?rest_route=%2Fwp%2Fv2%2Fcategories&post=697"},{"taxonomy":"post_tag","embeddable":true,"href":"http:\/\/eloficiodehistoriar.com.mx\/index.php?rest_route=%2Fwp%2Fv2%2Ftags&post=697"}],"curies":[{"name":"wp","href":"https:\/\/api.w.org\/{rel}","templated":true}]}}