{"id":699,"date":"2008-07-24T08:39:50","date_gmt":"2008-07-24T13:39:50","guid":{"rendered":"https:\/\/eloficiodehistoriar.com.mx\/?p=699"},"modified":"2008-07-24T17:19:17","modified_gmt":"2008-07-24T22:19:17","slug":"699","status":"publish","type":"post","link":"http:\/\/eloficiodehistoriar.com.mx\/?p=699","title":{"rendered":"Quer\u00e9taro de Festival en el 477 aniversario&#8230;"},"content":{"rendered":"<p><a href=\"https:\/\/eloficiodehistoriar.com.mx\/wp-content\/uploads\/2008\/07\/calzarcos1bc5.jpg\" title=\"calzarcos1bc5.jpg\"><img decoding=\"async\" src=\"https:\/\/eloficiodehistoriar.com.mx\/wp-content\/uploads\/2008\/07\/calzarcos1bc5.thumbnail.jpg\" alt=\"calzarcos1bc5.jpg\" \/><\/a><a href=\"https:\/\/eloficiodehistoriar.com.mx\/wp-content\/uploads\/2008\/07\/1423342755_c3efe1053a.jpg\" title=\"1423342755_c3efe1053a.jpg\"><img decoding=\"async\" src=\"https:\/\/eloficiodehistoriar.com.mx\/wp-content\/uploads\/2008\/07\/1423342755_c3efe1053a.thumbnail.jpg\" alt=\"1423342755_c3efe1053a.jpg\" \/><\/a><a href=\"https:\/\/eloficiodehistoriar.com.mx\/wp-content\/uploads\/2008\/07\/1423344115_034891e073.jpg\" title=\"1423344115_034891e073.jpg\"><img decoding=\"async\" src=\"https:\/\/eloficiodehistoriar.com.mx\/wp-content\/uploads\/2008\/07\/1423344115_034891e073.thumbnail.jpg\" alt=\"1423344115_034891e073.jpg\" \/><\/a><a href=\"https:\/\/eloficiodehistoriar.com.mx\/wp-content\/uploads\/2008\/07\/jfz-263.jpg\" title=\"jfz-263.jpg\"><img decoding=\"async\" src=\"https:\/\/eloficiodehistoriar.com.mx\/wp-content\/uploads\/2008\/07\/jfz-263.thumbnail.jpg\" alt=\"jfz-263.jpg\" \/><\/a><a href=\"https:\/\/eloficiodehistoriar.com.mx\/wp-content\/uploads\/2008\/07\/jfz-192.jpg\" title=\"jfz-192.jpg\"><img decoding=\"async\" src=\"https:\/\/eloficiodehistoriar.com.mx\/wp-content\/uploads\/2008\/07\/jfz-192.thumbnail.jpg\" alt=\"jfz-192.jpg\" \/><\/a><\/p>\n<p><a href=\"https:\/\/eloficiodehistoriar.com.mx\/wp-content\/uploads\/2008\/07\/jfz-262.jpg\" title=\"jfz-262.jpg\"><img decoding=\"async\" src=\"https:\/\/eloficiodehistoriar.com.mx\/wp-content\/uploads\/2008\/07\/jfz-262.thumbnail.jpg\" alt=\"jfz-262.jpg\" \/><\/a><\/p>\n<p>Sacrist\u00eda del templo de La Congregaci\u00f3n; Un Conchero frente a una Guadalupana pintada por Cabrera.<\/p>\n<p>Capilla lateral del templo de indios en San Isidro<\/p>\n<p>La Virgen de Los naturales en casa del Mayordomo, una tradici\u00f3n centenarias.<\/p>\n<p>Templo de San FRancisco en el coraz\u00f3n de la ciudad y donde se construy\u00f3 el primer templo cat\u00f3lico, doctrina y parroquia en esta ciudad.<\/p>\n<p>Oratorio de San Felipe Neri\u00a0terminado en 185 e inaugurado por el padre de la patria Miguel Hidalgo, actualmente Catedral de Quer\u00e9taro.<\/p>\n<p>El Acueducto de Quer\u00e9taro que \u00abbrinca\u00bb el vado de H\u00e9rciles, carretas hasta el cerro del sangremal, con el agua que viene de El Capul\u00edn en La Ca\u00f1ada a Quer\u00e9taro y se distribu\u00eda por aclcantarillado a las fuentes de la ciudad en el siglo XVlll al XX\u00a0<\/p>\n<p><a href=\"https:\/\/eloficiodehistoriar.com.mx\/wp-content\/uploads\/2008\/07\/calzarcos1bc5.jpg\" title=\"calzarcos1bc5.jpg\"><\/a><\/p>\n","protected":false},"excerpt":{"rendered":"<p>Sacrist\u00eda del templo de La Congregaci\u00f3n; Un Conchero frente a una Guadalupana pintada por Cabrera. Capilla lateral del templo de indios en San Isidro La Virgen de Los naturales en casa del Mayordomo, una tradici\u00f3n centenarias. Templo de San FRancisco en el coraz\u00f3n de la ciudad y donde se construy\u00f3 el primer templo cat\u00f3lico, doctrina [&hellip;]<\/p>\n","protected":false},"author":249,"featured_media":0,"comment_status":"open","ping_status":"closed","sticky":false,"template":"","format":"standard","meta":{"footnotes":""},"categories":[8,11],"tags":[],"class_list":["post-699","post","type-post","status-publish","format-standard","hentry","category-ciudad-de-queretaro","category-fotografia"],"_links":{"self":[{"href":"http:\/\/eloficiodehistoriar.com.mx\/index.php?rest_route=\/wp\/v2\/posts\/699","targetHints":{"allow":["GET"]}}],"collection":[{"href":"http:\/\/eloficiodehistoriar.com.mx\/index.php?rest_route=\/wp\/v2\/posts"}],"about":[{"href":"http:\/\/eloficiodehistoriar.com.mx\/index.php?rest_route=\/wp\/v2\/types\/post"}],"author":[{"embeddable":true,"href":"http:\/\/eloficiodehistoriar.com.mx\/index.php?rest_route=\/wp\/v2\/users\/249"}],"replies":[{"embeddable":true,"href":"http:\/\/eloficiodehistoriar.com.mx\/index.php?rest_route=%2Fwp%2Fv2%2Fcomments&post=699"}],"version-history":[{"count":0,"href":"http:\/\/eloficiodehistoriar.com.mx\/index.php?rest_route=\/wp\/v2\/posts\/699\/revisions"}],"wp:attachment":[{"href":"http:\/\/eloficiodehistoriar.com.mx\/index.php?rest_route=%2Fwp%2Fv2%2Fmedia&parent=699"}],"wp:term":[{"taxonomy":"category","embeddable":true,"href":"http:\/\/eloficiodehistoriar.com.mx\/index.php?rest_route=%2Fwp%2Fv2%2Fcategories&post=699"},{"taxonomy":"post_tag","embeddable":true,"href":"http:\/\/eloficiodehistoriar.com.mx\/index.php?rest_route=%2Fwp%2Fv2%2Ftags&post=699"}],"curies":[{"name":"wp","href":"https:\/\/api.w.org\/{rel}","templated":true}]}}