{"id":705,"date":"2008-07-24T17:24:28","date_gmt":"2008-07-24T22:24:28","guid":{"rendered":"https:\/\/eloficiodehistoriar.com.mx\/?p=705"},"modified":"2008-07-25T20:35:31","modified_gmt":"2008-07-26T01:35:31","slug":"o-n-g-derechos-humanos-informa","status":"publish","type":"post","link":"http:\/\/eloficiodehistoriar.com.mx\/?p=705","title":{"rendered":"O N G Derechos Humanos informa:"},"content":{"rendered":"<p><font size=\"2\" face=\"Arial\"><span style=\"font-size: 11pt\" lang=\"ES-MX\"><font face=\"Times New Roman\"><span>\u00a0\u00a0\u00a0\u00a0\u00a0\u00a0\u00a0<\/span><span>\u00a0\u00a0\u00a0\u00a0\u00a0<\/span><\/font><\/span><\/font><font size=\"2\" face=\"Arial\"><span style=\"font-size: 11pt\" lang=\"ES-MX\"><\/span><\/p>\n<p><span style=\"font-size: 24pt; font-family: Georgia\" lang=\"ES\">Comunicado de Prensa <\/span><span style=\"font-size: 10pt; font-family: Arial\" lang=\"ES-GT\"><\/span><\/p>\n<p><span style=\"font-size: 10pt; font-family: Arial\"><\/p>\n<hr SIZE=\"2\" width=\"100%\" align=\"left\" \/><\/span><\/p>\n<p><span style=\"font-size: 8pt; letter-spacing: 4pt\" lang=\"ES-MX\">LA OFICINA EN WASHINGTON PARA ASUNTOS LATINOAMERICANOS<\/span><span style=\"letter-spacing: 4pt\" lang=\"ES-MX\"><\/span><\/p>\n<p><strong><em><span style=\"font-size: 10pt\" lang=\"ES-MX\"><font face=\"Times New Roman\">Promoviendo los Derechos Humanos, la Democracia, y la Justicia Social y Econ\u00f3mica en Latinoam\u00e9rica<\/font><\/span><\/em><\/strong><\/p>\n<p><strong><em><span style=\"font-size: 11pt\" lang=\"ES-MX\"><\/span><\/em><\/strong><\/p>\n<p align=\"right\" style=\"text-align: right\"><span style=\"font-size: 11pt\" lang=\"ES-MX\"><font face=\"Times New Roman\"><br \/>\n<\/font><\/span><\/p>\n<p align=\"right\" style=\"text-align: right\"><span style=\"font-size: 11pt\" lang=\"ES-MX\"><font face=\"Times New Roman\">23 de Julio de 2008<\/font><\/span><\/p>\n<p align=\"right\" style=\"text-align: right\"><span style=\"font-size: 11pt\" lang=\"ES-MX\"><font face=\"Times New Roman\">Washington, D.C.<\/font><\/span><\/p>\n<p align=\"center\" style=\"text-align: center\"><strong><span style=\"font-size: 14pt\" lang=\"ES-MX\"><\/span><\/strong><\/p>\n<p align=\"center\" style=\"text-align: center\"><font face=\"Times New Roman\"><strong><span style=\"font-size: 14pt\" lang=\"ES-MX\"><br \/>\n<\/span><\/strong><\/font><\/p>\n<p align=\"center\" style=\"text-align: center\"><font face=\"Times New Roman\"><strong><span style=\"font-size: 14pt\" lang=\"ES-MX\">WOLA, LAWG piden imparcialidad en caso OPIM de M\u00e9xico<\/span><\/strong><\/font><\/p>\n<p align=\"center\" style=\"text-align: center\"><font face=\"Times New Roman\"><strong><span style=\"font-size: 14pt\" lang=\"ES-MX\"><\/span><\/strong><span style=\"font-size: 11pt\" lang=\"ES-MX\"><\/span><\/font><\/p>\n<p><em><span style=\"font-size: 11pt\" lang=\"ES-MX\"><\/span><\/em><\/p>\n<p style=\"text-align: justify\"><font face=\"Times New Roman\"><span style=\"font-size: 11pt\" lang=\"ES-MX\">Este jueves 24 de julio, la juez Octava de Distrito de Acapulco tendr\u00e1 la responsabilidad importante de resolver un recurso de amparo presentado por cinco defensores de derechos humanos e integrantes<\/span><span style=\"font-size: 11pt\" lang=\"ES-MX\"> de la Organizaci\u00f3n del Pueblo Ind\u00edgena Me\u00b4phaa (OPIM).<span>\u00a0 <\/span>Los defensores son <span>Manuel Cruz Victoriano, Orlando Manzanarez Lorenzo, Natalio Ortega Cruz, Ra\u00fal Hern\u00e1ndez Abundio y Romualdo Santiago Enedina, todos injustamente detenidos desde abril del presente a\u00f1o bajo acusaciones de haber cometido un <\/span>asesinato<span>.<span>\u00a0 <\/span><\/span><\/span><\/font><\/p>\n<p style=\"text-align: justify\"><span style=\"font-size: 11pt\" lang=\"ES-MX\"><\/span><\/p>\n<p style=\"text-align: justify\"><font face=\"Times New Roman\"><span style=\"font-size: 11pt\" lang=\"ES-MX\">El 8 de junio de 2008, la Oficina en Washington para Asuntos Latino Americanos (WOLA) y <\/span><span style=\"font-size: 11pt\" lang=\"ES-MX\">el <em><span style=\"font-style: normal\">Grupo de Trabajo<\/span><\/em> sobre <em><span style=\"font-style: normal\">Am\u00e9rica Latina<\/span><\/em><span> (LAWG) enviamos una carta p\u00fablica al gobernador del estado, el <\/span>Lic. Zeferino Torreblanca Galindo, expresando <span>nuestra profunda preocupaci\u00f3n sobre las circunstancias de la detenci\u00f3n arbitraria de estos cinco defensores de derechos humanos y la falta de pruebas en su contra. <span>\u00a0\u00a0<\/span><\/span><\/span><\/font><\/p>\n<p><span style=\"font-size: 11pt\" lang=\"ES-MX\"><\/span><\/p>\n<p><font face=\"Times New Roman\"><span style=\"font-size: 11pt\" lang=\"ES-MX\">E<\/span><span style=\"font-size: 11pt\" lang=\"ES-MX\">l<\/span><span style=\"font-size: 11pt\" lang=\"ES-MX\"> 17 de abril en Ayutla de los Libres, estado de Guerrero, los cinco integrantes de la OPIM fueron detenidos en un ret\u00e9n policiaco-militar en cumplimiento de una orden de aprehensi\u00f3n en su contra por el homicidio de Alejandro Feliciano Garc\u00eda el 1 de enero de 2008. Hasta poco antes de su detenci\u00f3n, la investigaci\u00f3n en torno a este homicidio, que de acuerdo con denuncias anteriores de la OPIM fue obra de un grupo paramilitar al que \u00e9ste pertenec\u00eda, hab\u00eda estado completamente estancada. <span>\u00a0<\/span>Fueron dictaminadas las \u00f3rdenes de aprehensi\u00f3n en contra de los cinco integrantes de la OPIM a pocas horas de la exhumaci\u00f3n del cuerpo de la v\u00edctima. .<\/span><\/font><\/p>\n<p><span style=\"font-size: 11pt\" lang=\"ES-MX\"><\/span><\/p>\n<p><font face=\"Times New Roman\"><span style=\"font-size: 11pt\" lang=\"ES-MX\">A la v\u00edspera de la decisi\u00f3n de la juez sobre el recurso de amparo presentado, re<\/span><span style=\"font-size: 11pt\" lang=\"ES-MX\">iteramos nuestra esperanza de que<\/span><span style=\"font-size: 11pt\" lang=\"ES-MX\"> las autoridades act\u00faen con plena autonom\u00eda en este caso y que <span style=\"color: black\">dicten una resoluci\u00f3n imparcial y apegada a derecho.<span>\u00a0 <\/span><span>\u00a0<\/span>Seguimos instando que el Estado <\/span>garantice la seguridad e integridad f\u00edsica de los integrantes de la OPIM y que asegure que no haya violaciones a los derechos de estos individuos.<\/span><\/font><br \/>\n<font face=\"Times New Roman\"><span style=\"font-size: 11pt\" lang=\"ES-MX\"><\/span><\/font><\/p>\n<p><font face=\"Times New Roman\"><span style=\"font-size: 11pt\" lang=\"ES-MX\"><br \/>\n<\/span><\/font><\/p>\n<p><span style=\"font-size: 11pt\" lang=\"ES-MX\"><\/span><\/p>\n<p><font face=\"Times New Roman\"><strong><span style=\"font-size: 11pt\" lang=\"ES-MX\">Contactos<\/span><\/strong><span style=\"font-size: 11pt\" lang=\"ES-MX\">:<\/span><\/font><\/p>\n<p><span style=\"font-size: 11pt\"><font face=\"Times New Roman\">WOLA<span>\u00a0\u00a0\u00a0\u00a0\u00a0\u00a0\u00a0\u00a0\u00a0\u00a0\u00a0\u00a0\u00a0\u00a0\u00a0\u00a0\u00a0\u00a0\u00a0\u00a0\u00a0\u00a0\u00a0\u00a0\u00a0\u00a0\u00a0\u00a0\u00a0\u00a0\u00a0\u00a0\u00a0\u00a0\u00a0\u00a0\u00a0\u00a0\u00a0\u00a0\u00a0\u00a0\u00a0\u00a0\u00a0\u00a0\u00a0\u00a0\u00a0\u00a0\u00a0\u00a0\u00a0\u00a0\u00a0\u00a0\u00a0\u00a0\u00a0\u00a0\u00a0\u00a0\u00a0\u00a0\u00a0\u00a0\u00a0\u00a0\u00a0\u00a0\u00a0\u00a0\u00a0\u00a0\u00a0\u00a0\u00a0\u00a0\u00a0\u00a0\u00a0\u00a0\u00a0\u00a0 <\/span><\/font><\/span><\/p>\n<p><span style=\"font-size: 11pt\"><font face=\"Times New Roman\">202-797-2171<span>\u00a0\u00a0\u00a0\u00a0\u00a0\u00a0\u00a0\u00a0\u00a0\u00a0\u00a0\u00a0\u00a0\u00a0\u00a0\u00a0\u00a0\u00a0\u00a0\u00a0\u00a0\u00a0\u00a0\u00a0\u00a0\u00a0\u00a0\u00a0\u00a0\u00a0\u00a0\u00a0\u00a0\u00a0\u00a0\u00a0\u00a0\u00a0\u00a0\u00a0\u00a0\u00a0\u00a0\u00a0\u00a0\u00a0\u00a0\u00a0\u00a0\u00a0\u00a0\u00a0\u00a0\u00a0\u00a0\u00a0\u00a0\u00a0\u00a0\u00a0\u00a0\u00a0\u00a0\u00a0\u00a0\u00a0\u00a0\u00a0\u00a0\u00a0\u00a0\u00a0\u00a0\u00a0\u00a0 <\/span><\/font><\/span><\/p>\n<p><span style=\"font-size: 11pt\"><font face=\"Times New Roman\">Maureen Meyer, <span>\u00a0\u00a0\u00a0\u00a0\u00a0\u00a0\u00a0\u00a0\u00a0\u00a0\u00a0\u00a0\u00a0\u00a0\u00a0\u00a0\u00a0\u00a0\u00a0\u00a0\u00a0\u00a0\u00a0\u00a0\u00a0\u00a0\u00a0\u00a0\u00a0\u00a0\u00a0\u00a0\u00a0\u00a0\u00a0\u00a0\u00a0\u00a0\u00a0\u00a0\u00a0\u00a0\u00a0\u00a0\u00a0\u00a0\u00a0\u00a0\u00a0\u00a0\u00a0\u00a0\u00a0\u00a0\u00a0\u00a0\u00a0\u00a0\u00a0\u00a0\u00a0\u00a0\u00a0\u00a0\u00a0\u00a0\u00a0\u00a0\u00a0\u00a0\u00a0\u00a0\u00a0\u00a0\u00a0\u00a0\u00a0\u00a0\u00a0\u00a0\u00a0 <\/span><\/font><\/span><\/p>\n<p><span style=\"font-size: 11pt\" lang=\"ES-MX\"><font face=\"Times New Roman\">Coordinadora del Programa sobre M\u00e9xico y Centroam\u00e9rica <\/font><\/span><\/p>\n<p><span style=\"font-size: 11pt\" lang=\"ES-MX\"><\/span><\/p>\n<p><span style=\"font-size: 11pt\" lang=\"ES-MX\"><font face=\"Times New Roman\">LAWG<\/font><\/span><\/p>\n<p><span style=\"font-size: 11pt\" lang=\"ES-MX\"><font face=\"Times New Roman\">202-546-7010<\/font><\/span><\/p>\n<p><font face=\"Times New Roman\"><span style=\"font-size: 11pt\" lang=\"ES-MX\">Jennifer Johnson<\/span><span style=\"font-size: 11pt\" lang=\"ES-MX\">, Coordinadora Principal del Programa sobre M\u00e9xico <\/span><\/font><\/p>\n<p><\/font><\/p>\n","protected":false},"excerpt":{"rendered":"<p>\u00a0\u00a0\u00a0\u00a0\u00a0\u00a0\u00a0\u00a0\u00a0\u00a0\u00a0\u00a0 Comunicado de Prensa LA OFICINA EN WASHINGTON PARA ASUNTOS LATINOAMERICANOS Promoviendo los Derechos Humanos, la Democracia, y la Justicia Social y Econ\u00f3mica en Latinoam\u00e9rica 23 de Julio de 2008 Washington, D.C. WOLA, LAWG piden imparcialidad en caso OPIM de M\u00e9xico Este jueves 24 de julio, la juez Octava de Distrito de Acapulco tendr\u00e1 la [&hellip;]<\/p>\n","protected":false},"author":249,"featured_media":0,"comment_status":"open","ping_status":"closed","sticky":false,"template":"","format":"standard","meta":{"footnotes":""},"categories":[26],"tags":[],"class_list":["post-705","post","type-post","status-publish","format-standard","hentry","category-mundo"],"_links":{"self":[{"href":"http:\/\/eloficiodehistoriar.com.mx\/index.php?rest_route=\/wp\/v2\/posts\/705","targetHints":{"allow":["GET"]}}],"collection":[{"href":"http:\/\/eloficiodehistoriar.com.mx\/index.php?rest_route=\/wp\/v2\/posts"}],"about":[{"href":"http:\/\/eloficiodehistoriar.com.mx\/index.php?rest_route=\/wp\/v2\/types\/post"}],"author":[{"embeddable":true,"href":"http:\/\/eloficiodehistoriar.com.mx\/index.php?rest_route=\/wp\/v2\/users\/249"}],"replies":[{"embeddable":true,"href":"http:\/\/eloficiodehistoriar.com.mx\/index.php?rest_route=%2Fwp%2Fv2%2Fcomments&post=705"}],"version-history":[{"count":0,"href":"http:\/\/eloficiodehistoriar.com.mx\/index.php?rest_route=\/wp\/v2\/posts\/705\/revisions"}],"wp:attachment":[{"href":"http:\/\/eloficiodehistoriar.com.mx\/index.php?rest_route=%2Fwp%2Fv2%2Fmedia&parent=705"}],"wp:term":[{"taxonomy":"category","embeddable":true,"href":"http:\/\/eloficiodehistoriar.com.mx\/index.php?rest_route=%2Fwp%2Fv2%2Fcategories&post=705"},{"taxonomy":"post_tag","embeddable":true,"href":"http:\/\/eloficiodehistoriar.com.mx\/index.php?rest_route=%2Fwp%2Fv2%2Ftags&post=705"}],"curies":[{"name":"wp","href":"https:\/\/api.w.org\/{rel}","templated":true}]}}