{"id":708,"date":"2008-07-24T17:49:49","date_gmt":"2008-07-24T22:49:49","guid":{"rendered":"https:\/\/eloficiodehistoriar.com.mx\/?p=708"},"modified":"2008-07-24T17:50:49","modified_gmt":"2008-07-24T22:50:49","slug":"los-drechos-humanos-en-carranzachis","status":"publish","type":"post","link":"http:\/\/eloficiodehistoriar.com.mx\/?p=708","title":{"rendered":"Los Derechos Humanos, en Carranza,Chis."},"content":{"rendered":"<p align=\"right\" style=\"text-align: right\" class=\"EC_MsoNormal\">Comunidad de Cruzt\u00f3n, Municipio de Venustiano Carranza, Chiapas.<\/p>\n<p align=\"right\" style=\"text-align: right\" class=\"EC_MsoNormal\">A 24 de julio de 2008<\/p>\n<p class=\"EC_MsoNormal\">&nbsp;<\/p>\n<p class=\"EC_MsoNormal\"><strong>AL CCRI-CG DEL EZLN<\/strong><\/p>\n<p class=\"EC_MsoNormal\"><strong>A LA JUNTA DE BUEN GOBIERNO DE LOS ALTOS DE CHIAPAS<\/strong><\/p>\n<p class=\"EC_MsoNormal\"><strong>A LA ZEZTA INTERNACIONAL<\/strong><\/p>\n<p class=\"EC_MsoNormal\"><strong>A LA OTRA CAMPA\u00d1A <\/strong><\/p>\n<p class=\"EC_MsoNormal\"><strong>A LOS MEDIOS ALTERNATIVOS DE COMUNICACI\u00d3N<\/strong><\/p>\n<p class=\"EC_MsoNormal\"><strong>A LAS ORGANIZACIONES NO GUBERNAMENTALES DE DERECHOS HUMANOS<\/strong><\/p>\n<p class=\"EC_MsoNormal\">&nbsp;<\/p>\n<p class=\"EC_MsoNormal\"><strong>Compa\u00f1eras y compa\u00f1eros,<\/strong><\/p>\n<p class=\"EC_MsoNormal\">&nbsp;<\/p>\n<p style=\"text-align: justify\" class=\"EC_MsoNormal\">Por medio de esta denuncia les informamos los nuevos hechos que se vive en nuestra comunidad, ya que como ustedes saben el 22 de julio del presente a\u00f1o, las 28 familias adherentes a La Otra Campa\u00f1a y 2 familias bases de apoyo zapatista de nuestra comunidad, decidimos entrar a limpiar nuestro manantial de agua y nuestras milpas, invitando como observadores a compa\u00f1eros de La Otra Jovel.<\/p>\n<p style=\"text-align: justify\" class=\"EC_MsoNormal\">&nbsp;<\/p>\n<p style=\"text-align: justify\" class=\"EC_MsoNormal\">Nuestros trabajos terminaron a las 12:30 de la tarde y nos juntamos para irnos a la comunidad, a las 2:30 de la tarde, ya est\u00e1bamos en nuestra comunidad cuando nuestros compa\u00f1eros nos avisaron que 35 polic\u00edas estaban entrando en al predio. Al llegar a ver lo que pasaba, ya la polic\u00eda se encontraba dentro de una parcela que no es parte del predio que reclamamos, la polic\u00eda subi\u00f3 el cerrito donde nos encontr\u00e1bamos y de inmediato detuvieran a nuestro compa\u00f1ero V\u00edctor Manuel Escobar de la Otra Jovel. Nos preguntamos que es lo que hac\u00eda el Fiscal del Ministerio Publico de apellidos CARBONEY con n\u00famero de credencial CR1420 dando \u00f3rdenes de que nos detuvieran a todos aunque nos madrearan, este Ministerio. Es muy claro la brutalidad y abuso de poder con la que los polic\u00edas y el fiscal actuaron porque tenemos las pruebas. Adem\u00e1s de la agresi\u00f3n que hemos sufrido, nuestros compa\u00f1eros Adulfo P\u00e9rez V\u00e1zquez tiene una herida en la cabeza porque fue aventado por el Fiscal desde lo alto del cerrito que mide aproximadamente 20 metros de altura, Julia Morales G\u00f3mez que le fue afectado los ojos y la garganta por todo el gas que la polic\u00eda disparo, Raymundo P\u00e9rez V\u00e1zquez que tiene una herida en la palma de la mano, Jorge P\u00e9rez V\u00e1zquez que fue golpeado violentamente por la polic\u00eda y quien tiene varios golpes en el cuerpo y nuestra compa\u00f1era Josefa G\u00f3mez \u00c1lvarez que tiene golpes en su cuerpo y raspones en su brazo.<\/p>\n<p style=\"text-align: justify\" class=\"EC_MsoNormal\">&nbsp;<\/p>\n<p style=\"text-align: justify\" class=\"EC_MsoNormal\">Tambi\u00e9n queremos decirles que gracias al apoyo de todos ustedes compa\u00f1eras y compa\u00f1eros el d\u00eda 23 de julio del presente a\u00f1o, siendo aproximadamente las 4:00 de la madrugada, tres patrullas de la Polic\u00eda Estatal Preventiva entraron a nuestro predio para levantar su campamento y se retiraron de nuestro predio. Al amanecer vimos que tanto la polic\u00eda como los priistas se hab\u00edan ido de nuestro predio.<\/p>\n<p style=\"text-align: justify\" class=\"EC_MsoNormal\">&nbsp;<\/p>\n<p style=\"text-align: justify\" class=\"EC_MsoNormal\">Denunciamos tambi\u00e9n que nuestro compa\u00f1ero V\u00edctor Manuel Escobar, de La Otra Jovel, que fue detenido violentamente por la polic\u00eda en nuestra comunidad, permaneci\u00f3 privado de su libertad en la c\u00e1rcel municipal del Municipio de Chiapa de Corzo, hasta hoy 24 de julio que fue liberado gracias a la acci\u00f3n coordinada de los compa\u00f1eros del Frayba y de La Otra Jovel.<\/p>\n<p style=\"text-align: justify\" class=\"EC_MsoNormal\">&nbsp;<\/p>\n<p style=\"text-align: justify\" class=\"EC_MsoNormal\">Las comunidades vecinas a nuestra comunidad, nos han informado que en la Bodega de Guadalupe Victoria y en el predio Gran poder del Municipio de Nicol\u00e1s Ruiz, se encuentran varios convoyes del Ejercito Federal los cuales han soltado el rumor que entraran a nuestra comunidad.<\/p>\n<p style=\"text-align: justify\" class=\"EC_MsoNormal\">&nbsp;<\/p>\n<p style=\"text-align: justify\" class=\"EC_MsoNormal\">Exigimos castigos a los Polic\u00edas que participaron en la agresi\u00f3n violenta que sufrimos el d\u00eda 22 de julio, as\u00ed como castigo al Fiscal del Ministerio P\u00fablico CARBONEY quien actu\u00f3 directamente en la agresi\u00f3n y daba las \u00f3rdenes para que nos golpearan y detuvieran.<\/p>\n<p style=\"text-align: justify\" class=\"EC_MsoNormal\">&nbsp;<\/p>\n<p style=\"text-align: justify\" class=\"EC_MsoNormal\">Les pedimos compa\u00f1eras y compa\u00f1eros que est\u00e9n pendientes porque ahora m\u00e1s que nunca necesitamos su apoyo para hacer respetar y proteger nuestros derechos. As\u00ed como agradecer la solidaridad mostrada durante el proceso de lucha por el respeto a nuestra tierra y territorio.<\/p>\n<p style=\"text-align: justify\" class=\"EC_MsoNormal\">&nbsp;<\/p>\n<p style=\"text-align: justify\" class=\"EC_MsoNormal\">&nbsp;<\/p>\n<p style=\"text-align: justify\" class=\"EC_MsoNormal\">&nbsp;<\/p>\n<p align=\"center\" style=\"text-align: center\" class=\"EC_MsoNormal\"><strong>Respetuosamente,<\/strong><\/p>\n<p align=\"center\" style=\"text-align: center\" class=\"EC_MsoNormal\">&nbsp;<\/p>\n<p align=\"center\" style=\"text-align: center\" class=\"EC_MsoNormal\"><strong>La Comunidad<\/strong><strong> de Cruzt\u00f3n<\/strong><\/p>\n<p align=\"center\" style=\"text-align: center\" class=\"EC_MsoNormal\"><strong>Adherentes a La Otra Campa\u00f1a<\/strong><\/p>\n<p align=\"center\" style=\"text-align: center\" class=\"EC_MsoNormal\">&nbsp;<\/p>\n","protected":false},"excerpt":{"rendered":"<p>Comunidad de Cruzt\u00f3n, Municipio de Venustiano Carranza, Chiapas. A 24 de julio de 2008 &nbsp; AL CCRI-CG DEL EZLN A LA JUNTA DE BUEN GOBIERNO DE LOS ALTOS DE CHIAPAS A LA ZEZTA INTERNACIONAL A LA OTRA CAMPA\u00d1A A LOS MEDIOS ALTERNATIVOS DE COMUNICACI\u00d3N A LAS ORGANIZACIONES NO GUBERNAMENTALES DE DERECHOS HUMANOS &nbsp; Compa\u00f1eras y [&hellip;]<\/p>\n","protected":false},"author":249,"featured_media":0,"comment_status":"open","ping_status":"closed","sticky":false,"template":"","format":"standard","meta":{"footnotes":""},"categories":[26],"tags":[],"class_list":["post-708","post","type-post","status-publish","format-standard","hentry","category-mundo"],"_links":{"self":[{"href":"http:\/\/eloficiodehistoriar.com.mx\/index.php?rest_route=\/wp\/v2\/posts\/708","targetHints":{"allow":["GET"]}}],"collection":[{"href":"http:\/\/eloficiodehistoriar.com.mx\/index.php?rest_route=\/wp\/v2\/posts"}],"about":[{"href":"http:\/\/eloficiodehistoriar.com.mx\/index.php?rest_route=\/wp\/v2\/types\/post"}],"author":[{"embeddable":true,"href":"http:\/\/eloficiodehistoriar.com.mx\/index.php?rest_route=\/wp\/v2\/users\/249"}],"replies":[{"embeddable":true,"href":"http:\/\/eloficiodehistoriar.com.mx\/index.php?rest_route=%2Fwp%2Fv2%2Fcomments&post=708"}],"version-history":[{"count":0,"href":"http:\/\/eloficiodehistoriar.com.mx\/index.php?rest_route=\/wp\/v2\/posts\/708\/revisions"}],"wp:attachment":[{"href":"http:\/\/eloficiodehistoriar.com.mx\/index.php?rest_route=%2Fwp%2Fv2%2Fmedia&parent=708"}],"wp:term":[{"taxonomy":"category","embeddable":true,"href":"http:\/\/eloficiodehistoriar.com.mx\/index.php?rest_route=%2Fwp%2Fv2%2Fcategories&post=708"},{"taxonomy":"post_tag","embeddable":true,"href":"http:\/\/eloficiodehistoriar.com.mx\/index.php?rest_route=%2Fwp%2Fv2%2Ftags&post=708"}],"curies":[{"name":"wp","href":"https:\/\/api.w.org\/{rel}","templated":true}]}}