{"id":710,"date":"2008-07-24T17:57:36","date_gmt":"2008-07-24T22:57:36","guid":{"rendered":"https:\/\/eloficiodehistoriar.com.mx\/?p=710"},"modified":"2008-07-24T17:57:36","modified_gmt":"2008-07-24T22:57:36","slug":"los-derechos-humanos-el-frayba-informa","status":"publish","type":"post","link":"http:\/\/eloficiodehistoriar.com.mx\/?p=710","title":{"rendered":"Los Derechos Humanos: El FRAYBA informa:"},"content":{"rendered":"<p align=\"right\" style=\"text-align: right\" class=\"EC_MsoNormal\"><span style=\"font-size: 11pt; font-family: Arial\">San Crist\u00f3bal de Las Casas, a 24 de julio de 2008<\/span><\/p>\n<p align=\"right\" style=\"text-align: right\" class=\"EC_MsoNormal\"><span style=\"font-size: 11pt; font-family: Arial\">Bolet\u00edn de prensa No. 23<\/span><\/p>\n<p align=\"right\" style=\"text-align: right\" class=\"EC_MsoNormal\"><span style=\"font-size: 11pt; font-family: Arial\"><\/span><\/p>\n<p align=\"right\" style=\"text-align: right\" class=\"EC_MsoNormal\"><span style=\"font-size: 11pt; font-family: Arial\"><\/span><\/p>\n<p align=\"center\" style=\"text-align: center\" class=\"EC_MsoNormal\"><strong><span style=\"font-family: Arial\">Siete presos inocentes son liberados<\/span><\/strong><\/p>\n<p style=\"text-align: justify\" class=\"EC_MsoNormal\"><strong><span style=\"font-size: 11pt; font-family: Arial\"><\/span><\/strong><\/p>\n<p style=\"margin-left: 14.2pt; text-indent: -14.2pt; text-align: justify\" class=\"EC_MsoNormal\"><span style=\"font-size: 11pt; font-family: Symbol\"><span>\u00b7<span style=\"font: 7pt 'Times New Roman'\">\u00a0\u00a0\u00a0\u00a0\u00a0\u00a0\u00a0\u00a0 <\/span><\/span><\/span><strong><span style=\"font-size: 11pt; font-family: Arial\">Presos pol\u00edticos y presos injustamente encarcelados de la Voz de Los Llanos, La Voz de El Amate y un adherente a La Otra Campa\u00f1a<\/span><\/strong><\/p>\n<p style=\"text-align: justify\" class=\"EC_MsoNormal\"><span style=\"font-size: 11pt; font-family: Arial\"><\/span><\/p>\n<p style=\"text-align: justify\" class=\"EC_MsoNormal\"><span style=\"font-size: 11pt; font-family: Arial\">El d\u00eda de hoy fueron liberados 7 presos, por el gobierno del estado de Chiapas, despu\u00e9s de demostrar su inocencia: Miguel D\u00edaz L\u00f3pez, Juan D\u00edaz L\u00f3pez y Antonio D\u00edaz P\u00e9rez de La Voz de Los Llanos, del Centro Estatal de Reinserci\u00f3n Social de Sentenciados (CERSS) No. 5 de San Crist\u00f3bal de Las Casas, Chiapas; Jes\u00fas L\u00f3pez L\u00f3pez, Julio C\u00e9sar P\u00e9rez Ruiz y Mar\u00eda Delia P\u00e9rez Arizmendi (\u00faltima mujer de este grupo) de La Voz de El Amate, del CERRS No. 14 de Cintalapa, Chiapas; y V\u00edctor Manuel Escobar Pineda, adherente a La Otra Campa\u00f1a, detenido por la polic\u00eda el d\u00eda 22 de julio, en la comunidad de Cruzt\u00f3n, Venustiano Carranza, y recluido en Chiapa de Corzo, acusado de haber agredido a un agente del Ministerio P\u00fablico.<\/span><\/p>\n<p style=\"text-align: justify\" class=\"EC_MsoNormal\"><span style=\"font-size: 11pt; font-family: Arial\"><\/span><\/p>\n<p style=\"text-align: justify\" class=\"EC_MsoNormal\"><span style=\"font-size: 11pt; font-family: Arial\">Los hoy liberados de La Voz de Los Llanos y La Voz de El Amate, quienes hab\u00edan participado en las huelgas de hambre y ayuno de los primeros meses del a\u00f1o, no hab\u00edan sido beneficiados con su liberaci\u00f3n porque el gobierno del estado consider\u00f3 en su momento, que no se demostraba su inocencia. Por la movilizaci\u00f3n e insistencia de los propios presos y expresos, sus familiares, el Pueblo Creyente de la Di\u00f3cesis de San Crist\u00f3bal de Las Casas, adherentes a La Otra Campa\u00f1a, el obispo Samuel Ruiz Garc\u00eda y este Centro de Derechos Humanos Fray Bartolom\u00e9 de Las Casas A.C, el gobierno del estado accedi\u00f3 a revisar de nueva cuenta sus expedientes, por lo que este Centro se aboc\u00f3 a esa revisi\u00f3n junto con abogados del Ministerio de Justicia, despu\u00e9s de la cual qued\u00f3 demostrada su inocencia. <\/span><\/p>\n<p style=\"text-align: justify\" class=\"EC_MsoNormal\"><span style=\"font-size: 11pt; font-family: Arial\"><\/span><\/p>\n<p style=\"text-align: justify\" class=\"EC_MsoNormal\"><span style=\"font-size: 11pt; font-family: Arial\">El grupo de presos en huelga de hambre no beneficiados en la liberaci\u00f3n del 7 de abril pasado, ascend\u00eda a 16, de los cuales, \u00c1ngel Concepci\u00f3n P\u00e9rez Guti\u00e9rrez y Francisco P\u00e9rez V\u00e1zquez, bases de apoyo zapatistas, recluidos en Tacotalpa, Tabasco y luego en Yajal\u00f3n, Chiapas, fueron liberados el 2 de junio pasado. Con la liberaci\u00f3n de hoy el n\u00famero de las personas que contin\u00faan presas injustamente se reduce a 8.<\/span><\/p>\n<p style=\"text-align: justify\" class=\"EC_MsoNormal\"><span style=\"font-size: 11pt; font-family: Arial\"><\/span><\/p>\n<p style=\"text-align: justify\" class=\"EC_MsoNormal\"><span style=\"font-size: 11pt; font-family: Arial\">El proceso de revisi\u00f3n de expedientes contin\u00faa. A la fecha se ha estudiado, adem\u00e1s, los casos de Antonio G\u00f3mez D\u00edaz y Miguel G\u00f3mez G\u00f3mez, del Grupo Zapatista de El Amate, a quienes este Centro considera inocentes y as\u00ed lo ha demostrado al Ministerio de Justicia, por lo que esperamos sean los pr\u00f3ximos en ser liberados. Asimismo quedan a\u00fan por revisar los expedientes de <\/span><span style=\"font-size: 11pt; font-family: Arial\" lang=\"ES-TRAD\">Tiburcio G\u00f3mez P\u00e9rez, Diego Rodr\u00edguez Hern\u00e1ndez y Agust\u00edn Rodr\u00edguez Jim\u00e9nez de La Voz de Los Llanos, y de <\/span><span style=\"font-size: 11pt; font-family: Arial\">Alberto Patisht\u00e1n G\u00f3mez, Jos\u00e9 P\u00e9rez P\u00e9rez y Marcelino D\u00edaz Gonz\u00e1lez de La Voz de El Amate.<\/span><\/p>\n<p style=\"text-align: justify\" class=\"EC_MsoNormal\"><span style=\"font-size: 11pt; font-family: Arial\"><\/span><\/p>\n<p style=\"text-align: justify\" class=\"EC_MsoNormal\"><span style=\"font-size: 11pt; font-family: Arial\">Cabe resaltar que en el proceso de revisi\u00f3n de expedientes se han demostrado una serie de deficiencias en el sistema de justicia, que permite que inocentes sean recluidos sin las m\u00ednimas garant\u00edas judiciales, lo que se presta a la persecuci\u00f3n pol\u00edtica de l\u00edderes sociales y a una pol\u00edtica velada de criminalizaci\u00f3n de la protesta. <\/span><\/p>\n<p style=\"text-align: justify\" class=\"EC_MsoNormal\"><span style=\"font-size: 11pt; font-family: Arial\"><\/span><\/p>\n<p style=\"text-align: justify\" class=\"EC_MsoNormal\"><span style=\"font-size: 11pt; font-family: Arial\">Este Centro se pronuncia por aquellos casos en donde existen personas agraviadas, cuyas denuncias llevaron a la detenci\u00f3n de personas inocentes. Solicitamos que el Ministerio de Justicia se aboque con seriedad y profesionalismo, a dar con los verdaderos responsables.<\/span><\/p>\n<p style=\"text-align: justify\" class=\"EC_MsoNormal\"><span style=\"font-size: 11pt; font-family: Arial\"><\/span><\/p>\n<p style=\"text-align: justify\" class=\"EC_MsoNormal\"><span style=\"font-size: 11pt; font-family: Arial\">Por otro lado, tambi\u00e9n fue liberado el d\u00eda de hoy, V\u00edctor Manuel Escobar Pineda, maestro de la Secci\u00f3n VII del Sindicato Nacional de Trabajadores de la Educaci\u00f3n y adherente a la Otra Campa\u00f1a. V\u00edctor Manuel hab\u00eda sido detenido el 22 de julio pasado, en la comunidad de Cruzt\u00f3n, municipio de Vanustiano Carranza, mientras apoyaba solidariamente una jornada de limpieza del manantial y las milpas de dicha comunidad, tambi\u00e9n adherente a La Otra Campa\u00f1a, que se encuentra exigiendo su derecho a la tierra (Ver bolet\u00edn No 22, del 22 de julio pasado).<\/span><\/p>\n<p style=\"text-align: justify\" class=\"EC_MsoNormal\"><span style=\"font-size: 11pt; font-family: Arial\"><\/span><\/p>\n<p style=\"text-align: justify\" class=\"EC_MsoNormal\"><span style=\"font-size: 11pt; font-family: Arial\">Estos presos inocentes son s\u00f3lo una muestra de la realidad de los presos pol\u00edticos en el estado de Chiapas, pero al mismo tiempo, de lo que se puede lograr con la organizaci\u00f3n, dentro y fuera de los penales, de v\u00edctimas, familiares y organizaciones independientes, con un objetivo com\u00fan y con pleno respeto a la dignidad y autonom\u00eda de las personas.<\/span><\/p>\n<p style=\"text-align: justify\" class=\"EC_MsoNormal\"><span style=\"font-size: 11pt; font-family: Arial\"><\/span><\/p>\n<p style=\"text-align: justify\" class=\"EC_MsoNormal\"><span style=\"font-size: 11pt; font-family: Arial\"><\/span><\/p>\n<p align=\"center\" style=\"text-align: center\" class=\"EC_MsoNormal\"><strong><span style=\"font-size: 11pt; font-family: Arial\">-.-<\/span><\/strong><\/p>\n<p><font face=\"Arial\"><\/p>\n<p><\/font><\/p>\n<pre class=\"EC_moz-signature\">--  \u00c1rea de Comunicaci\u00f3n Social Centro de Derechos Humanos Fray Bartolom\u00e9 de Las Casas A.C. Calle Brasil #14, Barrio Mexicanos,  San Crist\u00f3bal de Las Casas, Chiapas, M\u00e9xico C\u00f3digo Postal: 29240 Tel +52 (967) 6787395, 6787396, 6783548 Fax +52 (967) 6783551<\/pre>\n","protected":false},"excerpt":{"rendered":"<p>San Crist\u00f3bal de Las Casas, a 24 de julio de 2008 Bolet\u00edn de prensa No. 23 Siete presos inocentes son liberados \u00b7\u00a0\u00a0\u00a0\u00a0\u00a0\u00a0\u00a0\u00a0 Presos pol\u00edticos y presos injustamente encarcelados de la Voz de Los Llanos, La Voz de El Amate y un adherente a La Otra Campa\u00f1a El d\u00eda de hoy fueron liberados 7 presos, por [&hellip;]<\/p>\n","protected":false},"author":249,"featured_media":0,"comment_status":"open","ping_status":"closed","sticky":false,"template":"","format":"standard","meta":{"footnotes":""},"categories":[26],"tags":[],"class_list":["post-710","post","type-post","status-publish","format-standard","hentry","category-mundo"],"_links":{"self":[{"href":"http:\/\/eloficiodehistoriar.com.mx\/index.php?rest_route=\/wp\/v2\/posts\/710","targetHints":{"allow":["GET"]}}],"collection":[{"href":"http:\/\/eloficiodehistoriar.com.mx\/index.php?rest_route=\/wp\/v2\/posts"}],"about":[{"href":"http:\/\/eloficiodehistoriar.com.mx\/index.php?rest_route=\/wp\/v2\/types\/post"}],"author":[{"embeddable":true,"href":"http:\/\/eloficiodehistoriar.com.mx\/index.php?rest_route=\/wp\/v2\/users\/249"}],"replies":[{"embeddable":true,"href":"http:\/\/eloficiodehistoriar.com.mx\/index.php?rest_route=%2Fwp%2Fv2%2Fcomments&post=710"}],"version-history":[{"count":0,"href":"http:\/\/eloficiodehistoriar.com.mx\/index.php?rest_route=\/wp\/v2\/posts\/710\/revisions"}],"wp:attachment":[{"href":"http:\/\/eloficiodehistoriar.com.mx\/index.php?rest_route=%2Fwp%2Fv2%2Fmedia&parent=710"}],"wp:term":[{"taxonomy":"category","embeddable":true,"href":"http:\/\/eloficiodehistoriar.com.mx\/index.php?rest_route=%2Fwp%2Fv2%2Fcategories&post=710"},{"taxonomy":"post_tag","embeddable":true,"href":"http:\/\/eloficiodehistoriar.com.mx\/index.php?rest_route=%2Fwp%2Fv2%2Ftags&post=710"}],"curies":[{"name":"wp","href":"https:\/\/api.w.org\/{rel}","templated":true}]}}