{"id":712,"date":"2008-07-24T18:12:59","date_gmt":"2008-07-24T23:12:59","guid":{"rendered":"https:\/\/eloficiodehistoriar.com.mx\/?p=712"},"modified":"2008-07-24T18:12:59","modified_gmt":"2008-07-24T23:12:59","slug":"mario-gasperin-25-anos-como-obispo-19-en-queretaro","status":"publish","type":"post","link":"http:\/\/eloficiodehistoriar.com.mx\/?p=712","title":{"rendered":"Mario Gasper\u00edn: 25 a\u00f1os como Obispo, 19 en Quer\u00e9taro&#8230;"},"content":{"rendered":"<p><a href=\"https:\/\/eloficiodehistoriar.com.mx\/wp-content\/uploads\/2008\/07\/obispo.jpg\" title=\"obispo.jpg\"><img decoding=\"async\" src=\"https:\/\/eloficiodehistoriar.com.mx\/wp-content\/uploads\/2008\/07\/obispo.thumbnail.jpg\" alt=\"obispo.jpg\" \/><\/a><a href=\"https:\/\/eloficiodehistoriar.com.mx\/wp-content\/uploads\/2008\/07\/jfz-1-23.jpg\" title=\"jfz-1-23.jpg\"><img decoding=\"async\" src=\"https:\/\/eloficiodehistoriar.com.mx\/wp-content\/uploads\/2008\/07\/jfz-1-23.thumbnail.jpg\" alt=\"jfz-1-23.jpg\" \/><\/a><a href=\"https:\/\/eloficiodehistoriar.com.mx\/wp-content\/uploads\/2008\/07\/img_0580.jpg\" title=\"img_0580.jpg\"><img decoding=\"async\" src=\"https:\/\/eloficiodehistoriar.com.mx\/wp-content\/uploads\/2008\/07\/img_0580.thumbnail.jpg\" alt=\"img_0580.jpg\" \/><\/a><a href=\"https:\/\/eloficiodehistoriar.com.mx\/wp-content\/uploads\/2008\/07\/portada_14.jpg\" title=\"portada_14.jpg\"><img decoding=\"async\" src=\"https:\/\/eloficiodehistoriar.com.mx\/wp-content\/uploads\/2008\/07\/portada_14.thumbnail.jpg\" alt=\"portada_14.jpg\" \/><\/a><a href=\"https:\/\/eloficiodehistoriar.com.mx\/wp-content\/uploads\/2008\/07\/srobispo1.gif\" title=\"srobispo1.gif\"><img decoding=\"async\" src=\"https:\/\/eloficiodehistoriar.com.mx\/wp-content\/uploads\/2008\/07\/srobispo1.thumbnail.gif\" alt=\"srobispo1.gif\" \/><\/a><\/p>\n<p>Don Mario Gasper\u00edn Gasper\u00edn, Octavo Obispo de Quer\u00e9taro, cumple el pr\u00f3ximo 4 de agosto, 25 a\u00f1os de haber sido\u00a0llevado al orden episcopal, 6 de ellos en Tuxpan y los otros 19 en Quer\u00e9taro, donde en 10 cartas pastorales, se nota un esfuerzo por poner a la Di\u00f3cesis de Quer\u00e9taro al d\u00eda.<\/p>\n<p>Tanto la administraci\u00f3n de la Curia, en el ex convento de Teresitas, como la dignificaci\u00f3n de las oficinas parroquiales y templos de su territorio.<\/p>\n<p>La organizaci\u00f3n de C\u00e1ritas, y otras instituciones sociales y laicales,\u00a0que son de la Iglesia de Quer\u00e9taro, preparar y publicar, m\u00e1s vigilar su cumplimiento, del Plan Diocesano de Pastoral, la Oraganizaci\u00f3n de los Decanatos y de las Parroquias, el orden del clero regular, entre otras muchas labores que ha venido realizando desde que lleg\u00f3\u00a0como Pastor de esta Iglesia.\u00a0<\/p>\n","protected":false},"excerpt":{"rendered":"<p>Don Mario Gasper\u00edn Gasper\u00edn, Octavo Obispo de Quer\u00e9taro, cumple el pr\u00f3ximo 4 de agosto, 25 a\u00f1os de haber sido\u00a0llevado al orden episcopal, 6 de ellos en Tuxpan y los otros 19 en Quer\u00e9taro, donde en 10 cartas pastorales, se nota un esfuerzo por poner a la Di\u00f3cesis de Quer\u00e9taro al d\u00eda. Tanto la administraci\u00f3n de [&hellip;]<\/p>\n","protected":false},"author":249,"featured_media":0,"comment_status":"open","ping_status":"closed","sticky":false,"template":"","format":"standard","meta":{"footnotes":""},"categories":[8,11,10],"tags":[],"class_list":["post-712","post","type-post","status-publish","format-standard","hentry","category-ciudad-de-queretaro","category-fotografia","category-historia"],"_links":{"self":[{"href":"http:\/\/eloficiodehistoriar.com.mx\/index.php?rest_route=\/wp\/v2\/posts\/712","targetHints":{"allow":["GET"]}}],"collection":[{"href":"http:\/\/eloficiodehistoriar.com.mx\/index.php?rest_route=\/wp\/v2\/posts"}],"about":[{"href":"http:\/\/eloficiodehistoriar.com.mx\/index.php?rest_route=\/wp\/v2\/types\/post"}],"author":[{"embeddable":true,"href":"http:\/\/eloficiodehistoriar.com.mx\/index.php?rest_route=\/wp\/v2\/users\/249"}],"replies":[{"embeddable":true,"href":"http:\/\/eloficiodehistoriar.com.mx\/index.php?rest_route=%2Fwp%2Fv2%2Fcomments&post=712"}],"version-history":[{"count":0,"href":"http:\/\/eloficiodehistoriar.com.mx\/index.php?rest_route=\/wp\/v2\/posts\/712\/revisions"}],"wp:attachment":[{"href":"http:\/\/eloficiodehistoriar.com.mx\/index.php?rest_route=%2Fwp%2Fv2%2Fmedia&parent=712"}],"wp:term":[{"taxonomy":"category","embeddable":true,"href":"http:\/\/eloficiodehistoriar.com.mx\/index.php?rest_route=%2Fwp%2Fv2%2Fcategories&post=712"},{"taxonomy":"post_tag","embeddable":true,"href":"http:\/\/eloficiodehistoriar.com.mx\/index.php?rest_route=%2Fwp%2Fv2%2Ftags&post=712"}],"curies":[{"name":"wp","href":"https:\/\/api.w.org\/{rel}","templated":true}]}}