{"id":717,"date":"2008-07-24T20:59:26","date_gmt":"2008-07-25T01:59:26","guid":{"rendered":"https:\/\/eloficiodehistoriar.com.mx\/?p=717"},"modified":"2008-07-24T20:59:26","modified_gmt":"2008-07-25T01:59:26","slug":"sobre-la-presa-la-parota","status":"publish","type":"post","link":"http:\/\/eloficiodehistoriar.com.mx\/?p=717","title":{"rendered":"Sobre La Presa La Parota&#8230;"},"content":{"rendered":"<p align=\"center\" style=\"text-align: center\" class=\"EC_MsoNormal\"><strong><span style=\"font-size: 14pt\" lang=\"ES-CR\">El CONSEJO DE EJIDOS Y COMUNIDADES OPOSITORES A<\/span><\/strong><br \/>\n<strong><span style=\"font-size: 14pt\" lang=\"ES-CR\">LA PRESA LA<\/span><\/strong><strong><span style=\"font-size: 14pt\" lang=\"ES-CR\"> PAROTA<span>\u00a0 <\/span>(CECOP)<\/span><\/strong><strong><span lang=\"ES-CR\"><\/span><\/strong><\/p>\n<p class=\"EC_MsoNormal\"><strong><span lang=\"ES-CR\"><\/span><\/strong><\/p>\n<p style=\"text-align: center\" class=\"EC_MsoNormal\"><strong><span lang=\"ES-CR\">Invita a todas las organizaciones amigas, solidarias con nuestra lucha, al<\/span><\/strong><\/p>\n<p class=\"EC_MsoNormal\"><strong><span lang=\"ES-CR\"><\/span><\/strong><\/p>\n<p align=\"center\" style=\"text-align: center\" class=\"EC_MsoNormal\"><strong><span style=\"font-size: 18pt\" lang=\"ES-CR\">V<span>\u00a0\u00a0\u00a0\u00a0 <\/span>A N I V E R S A R I O<\/span><\/strong><\/p>\n<p style=\"text-align: center\" class=\"EC_MsoNormal\"><strong><span lang=\"ES-CR\"><br \/>\ndel <span>\u00a0<\/span>MOVIMIENTO DE RESISTENCIA CONTRA LA PRESA LA PAROTA<\/span><\/strong><\/p>\n<p style=\"text-align: center\" class=\"EC_MsoNormal\"><strong><span lang=\"ES-CR\"><\/span><\/strong><\/p>\n<p style=\"text-align: center\" class=\"EC_MsoNormal\"><strong><span style=\"font-size: 11pt\" lang=\"ES-CR\">Domingo 27 de Julio de 2008<\/span><\/strong><\/p>\n<p style=\"text-align: center\" class=\"EC_MsoNormal\"><strong><span style=\"font-size: 11pt\" lang=\"ES-CR\">Aguacaliente, Mpio. de Acapulco<\/span><\/strong><\/p>\n<p style=\"text-align: center\" class=\"EC_MsoNormal\"><strong><span style=\"font-size: 11pt\" lang=\"ES-CR\">12:00 hrs.<\/span><\/strong><\/p>\n<p class=\"EC_MsoNormal\"><strong><span lang=\"ES-CR\"><\/span><\/strong><\/p>\n<p style=\"text-align: justify\" class=\"EC_MsoNormal\"><strong><span lang=\"ES-CR\">A cinco a\u00f1os de la instalaci\u00f3n en el paraje El Fraile del primer plant\u00f3n, el 28 de Julio de 2003, fecha simb\u00f3lica de nuestra resistencia, los comuneros y ejidatarios del CECOP seguimos en pie de lucha.<\/span><\/strong><\/p>\n<p style=\"text-align: justify\" class=\"EC_MsoNormal\"><strong><span lang=\"ES-CR\">Nuestro movimiento se ha enriquecido con la experiencia adquirida en los momentos dif\u00edciles de la resistencia y tambi\u00e9n en los foros, encuentros y coloquios a nivel nacional e internacional. Nos hemos fortalecido adem\u00e1s con la inclusi\u00f3n de pueblos enteros que se han incluido a nuestra demanda por LA CANCELACI\u00d3N DEFINITIVA DE LA PRESA LA PAROTA.<\/span><\/strong><span lang=\"ES-CR\"><\/span><\/p>\n<p style=\"text-align: justify\" class=\"EC_MsoNormal\"><span lang=\"ES-CR\"><\/span><strong><span lang=\"ES-CR\">En estos a\u00f1os la solidaridad recibida vino de todos los rincones del pa\u00eds y de los pueblos que hemos visitado en otras latitudes y en otros continentes. Nuestra voz ha llegado tambi\u00e9n a instancias como Amnist\u00eda Internacional y el Comit\u00e9 DESC de la ONU; hemos recibido a sus m\u00e1s altos directivos as\u00ed como la visita de los Relatores de la ONU sobre Vivienda Digna y sobre Derechos de los Pueblos Ind\u00edgenas. Todos ellos han urgido al gobierno mexicano a respetar nuestros derechos humanos y le han exigido acatar las resoluciones judiciales que el Tribunal Agrario y otros tribunales han dictado en nuestro favor con lo que se impide a la Comisi\u00f3n Federal de Electricidad (CFE) y al gobierno mexicano iniciar cualquier trabajo relacionado con la presa La Parota.<\/span><\/strong><\/p>\n<p style=\"text-align: justify\" class=\"EC_MsoNormal\"><strong><span lang=\"ES-CR\">\u00a0En este festejo celebraremos tambi\u00e9n el<\/span><\/strong><\/p>\n<p align=\"center\" style=\"text-align: center\" class=\"EC_MsoNormal\"><strong><span style=\"font-size: 16pt\" lang=\"ES-CR\">\u00a0Ier.<span>\u00a0\u00a0 <\/span>ANIVERSARIO<\/span><\/strong><\/p>\n<p align=\"center\" style=\"text-align: center\" class=\"EC_MsoNormal\"><strong><span lang=\"ES-CR\">de LA ASAMBLEA COMUNAL DE CACAHUATEPEC del 12 de AGOSTO DE 2007<\/span><\/strong><\/p>\n<p style=\"text-align: justify\" class=\"EC_MsoNormal\"><strong><span lang=\"ES-CR\">En la que simpatizantes y opositores a la construcci\u00f3n de la presa, TODOS, DE MANERA UN\u00c1NIME, RECHAZAMOS DE UNA VEZ POR TODAS EL PROYECTO HIDROEL\u00c9CTRICO PRESA LA PAROTA.<\/span><\/strong><\/p>\n<p style=\"text-align: justify\" class=\"EC_MsoNormal\"><strong><span lang=\"ES-CR\"><\/span><\/strong><\/p>\n<p align=\"center\" style=\"text-align: center\" class=\"EC_MsoNormal\"><strong><span style=\"font-size: 14pt\" lang=\"ES-CR\">CONSEJO DE EJIDOS Y COMUNIDADES OPOSITORES A<\/span><\/strong><\/p>\n<p align=\"center\" style=\"text-align: center\" class=\"EC_MsoNormal\"><strong><span style=\"font-size: 14pt\" lang=\"ES-CR\">LA PRESA LA<\/span><\/strong><strong><span style=\"font-size: 14pt\" lang=\"ES-CR\"> PAROTA ( C E C O P )<\/span><\/strong><\/p>\n<p align=\"center\" style=\"text-align: center\" class=\"EC_MsoNormal\"><strong><span lang=\"ES-CR\"><\/span><\/strong><\/p>\n<p align=\"center\" style=\"text-align: center\" class=\"EC_MsoNormal\"><strong><span style=\"font-size: 16pt\" lang=\"ES-CR\">\u00a1 LA TIERRA NO SE VENDE!<\/span><\/strong><\/p>\n<p><br clear=\"all\" \/><\/p>\n","protected":false},"excerpt":{"rendered":"<p>El CONSEJO DE EJIDOS Y COMUNIDADES OPOSITORES A LA PRESA LA PAROTA\u00a0 (CECOP) Invita a todas las organizaciones amigas, solidarias con nuestra lucha, al V\u00a0\u00a0\u00a0\u00a0 A N I V E R S A R I O del \u00a0MOVIMIENTO DE RESISTENCIA CONTRA LA PRESA LA PAROTA Domingo 27 de Julio de 2008 Aguacaliente, Mpio. de Acapulco [&hellip;]<\/p>\n","protected":false},"author":249,"featured_media":0,"comment_status":"open","ping_status":"closed","sticky":false,"template":"","format":"standard","meta":{"footnotes":""},"categories":[26],"tags":[],"class_list":["post-717","post","type-post","status-publish","format-standard","hentry","category-mundo"],"_links":{"self":[{"href":"http:\/\/eloficiodehistoriar.com.mx\/index.php?rest_route=\/wp\/v2\/posts\/717","targetHints":{"allow":["GET"]}}],"collection":[{"href":"http:\/\/eloficiodehistoriar.com.mx\/index.php?rest_route=\/wp\/v2\/posts"}],"about":[{"href":"http:\/\/eloficiodehistoriar.com.mx\/index.php?rest_route=\/wp\/v2\/types\/post"}],"author":[{"embeddable":true,"href":"http:\/\/eloficiodehistoriar.com.mx\/index.php?rest_route=\/wp\/v2\/users\/249"}],"replies":[{"embeddable":true,"href":"http:\/\/eloficiodehistoriar.com.mx\/index.php?rest_route=%2Fwp%2Fv2%2Fcomments&post=717"}],"version-history":[{"count":0,"href":"http:\/\/eloficiodehistoriar.com.mx\/index.php?rest_route=\/wp\/v2\/posts\/717\/revisions"}],"wp:attachment":[{"href":"http:\/\/eloficiodehistoriar.com.mx\/index.php?rest_route=%2Fwp%2Fv2%2Fmedia&parent=717"}],"wp:term":[{"taxonomy":"category","embeddable":true,"href":"http:\/\/eloficiodehistoriar.com.mx\/index.php?rest_route=%2Fwp%2Fv2%2Fcategories&post=717"},{"taxonomy":"post_tag","embeddable":true,"href":"http:\/\/eloficiodehistoriar.com.mx\/index.php?rest_route=%2Fwp%2Fv2%2Ftags&post=717"}],"curies":[{"name":"wp","href":"https:\/\/api.w.org\/{rel}","templated":true}]}}