{"id":719,"date":"2008-07-24T21:38:47","date_gmt":"2008-07-25T02:38:47","guid":{"rendered":"https:\/\/eloficiodehistoriar.com.mx\/?p=719"},"modified":"2008-07-24T21:42:23","modified_gmt":"2008-07-25T02:42:23","slug":"719","status":"publish","type":"post","link":"http:\/\/eloficiodehistoriar.com.mx\/?p=719","title":{"rendered":"Quer\u00e9taro y sus hacedores; Hoy celebra sus fiestas&#8230;"},"content":{"rendered":"<p><a href=\"https:\/\/eloficiodehistoriar.com.mx\/wp-content\/uploads\/2008\/07\/jfz-298.jpg\" title=\"jfz-298.jpg\"><img decoding=\"async\" src=\"https:\/\/eloficiodehistoriar.com.mx\/wp-content\/uploads\/2008\/07\/jfz-298.thumbnail.jpg\" alt=\"jfz-298.jpg\" \/><\/a><a href=\"https:\/\/eloficiodehistoriar.com.mx\/wp-content\/uploads\/2008\/07\/jfz-332.jpg\" title=\"jfz-332.jpg\"><img decoding=\"async\" src=\"https:\/\/eloficiodehistoriar.com.mx\/wp-content\/uploads\/2008\/07\/jfz-332.thumbnail.jpg\" alt=\"jfz-332.jpg\" \/><\/a><a href=\"https:\/\/eloficiodehistoriar.com.mx\/wp-content\/uploads\/2008\/07\/jfz-216.jpg\" title=\"jfz-216.jpg\"><img decoding=\"async\" src=\"https:\/\/eloficiodehistoriar.com.mx\/wp-content\/uploads\/2008\/07\/jfz-216.thumbnail.jpg\" alt=\"jfz-216.jpg\" \/><\/a><a href=\"https:\/\/eloficiodehistoriar.com.mx\/wp-content\/uploads\/2008\/07\/jfz-1-26.jpg\" title=\"jfz-1-26.jpg\"><img decoding=\"async\" src=\"https:\/\/eloficiodehistoriar.com.mx\/wp-content\/uploads\/2008\/07\/jfz-1-26.thumbnail.jpg\" alt=\"jfz-1-26.jpg\" \/><\/a><a href=\"https:\/\/eloficiodehistoriar.com.mx\/wp-content\/uploads\/2008\/07\/jfz-301.jpg\" title=\"jfz-301.jpg\"><img decoding=\"async\" src=\"https:\/\/eloficiodehistoriar.com.mx\/wp-content\/uploads\/2008\/07\/jfz-301.thumbnail.jpg\" alt=\"jfz-301.jpg\" \/><\/a><a href=\"https:\/\/eloficiodehistoriar.com.mx\/wp-content\/uploads\/2008\/07\/beatriz-brafniff.JPG\" title=\"beatriz-brafniff.JPG\"><img decoding=\"async\" src=\"https:\/\/eloficiodehistoriar.com.mx\/wp-content\/uploads\/2008\/07\/beatriz-brafniff.thumbnail.JPG\" alt=\"beatriz-brafniff.JPG\" \/><\/a><a href=\"https:\/\/eloficiodehistoriar.com.mx\/wp-content\/uploads\/2008\/07\/margarita-velasco.JPG\" title=\"margarita-velasco.JPG\"><img decoding=\"async\" src=\"https:\/\/eloficiodehistoriar.com.mx\/wp-content\/uploads\/2008\/07\/margarita-velasco.thumbnail.JPG\" alt=\"margarita-velasco.JPG\" \/><\/a><a href=\"https:\/\/eloficiodehistoriar.com.mx\/wp-content\/uploads\/2008\/07\/pedro-carrasco.JPG\" title=\"pedro-carrasco.JPG\"><img decoding=\"async\" src=\"https:\/\/eloficiodehistoriar.com.mx\/wp-content\/uploads\/2008\/07\/pedro-carrasco.thumbnail.JPG\" alt=\"pedro-carrasco.JPG\" \/><\/a><\/p>\n<p>A los antrop\u00f3logos y arque\u00f3logos que le han dado a Quer\u00e9taro otra dimensi\u00f3n, junto con el historiador J. Ignacio Urquiola P. los vemos en estas fotos, todas en la ciudad de Quer\u00e9taro, que hoy celebra sus fiestas:<\/p>\n<p>El responsable de las investigaciones del Cerrito, Daniel Valencia; de las de Ranas J.\u00a0Alberto Herrera Mu\u00f1oz; de las estudiosas de el concepto de\u00a0Mesoam\u00e9rica, Beatriz Brafniff; la impulsora de la arqueol\u00f3g\u00eda en Quer\u00e9taro, Margarita Velasco; el antrop\u00f3logo de los otomi\u00e9s, Pedro Carrasco; el no antrop\u00f3logo, m\u00e1s consultado en antropolog\u00eda social,\u00a0Fernando Benitez.\u00a0<\/p>\n","protected":false},"excerpt":{"rendered":"<p>A los antrop\u00f3logos y arque\u00f3logos que le han dado a Quer\u00e9taro otra dimensi\u00f3n, junto con el historiador J. Ignacio Urquiola P. los vemos en estas fotos, todas en la ciudad de Quer\u00e9taro, que hoy celebra sus fiestas: El responsable de las investigaciones del Cerrito, Daniel Valencia; de las de Ranas J.\u00a0Alberto Herrera Mu\u00f1oz; de las [&hellip;]<\/p>\n","protected":false},"author":249,"featured_media":0,"comment_status":"open","ping_status":"closed","sticky":false,"template":"","format":"standard","meta":{"footnotes":""},"categories":[8,11],"tags":[],"class_list":["post-719","post","type-post","status-publish","format-standard","hentry","category-ciudad-de-queretaro","category-fotografia"],"_links":{"self":[{"href":"http:\/\/eloficiodehistoriar.com.mx\/index.php?rest_route=\/wp\/v2\/posts\/719","targetHints":{"allow":["GET"]}}],"collection":[{"href":"http:\/\/eloficiodehistoriar.com.mx\/index.php?rest_route=\/wp\/v2\/posts"}],"about":[{"href":"http:\/\/eloficiodehistoriar.com.mx\/index.php?rest_route=\/wp\/v2\/types\/post"}],"author":[{"embeddable":true,"href":"http:\/\/eloficiodehistoriar.com.mx\/index.php?rest_route=\/wp\/v2\/users\/249"}],"replies":[{"embeddable":true,"href":"http:\/\/eloficiodehistoriar.com.mx\/index.php?rest_route=%2Fwp%2Fv2%2Fcomments&post=719"}],"version-history":[{"count":0,"href":"http:\/\/eloficiodehistoriar.com.mx\/index.php?rest_route=\/wp\/v2\/posts\/719\/revisions"}],"wp:attachment":[{"href":"http:\/\/eloficiodehistoriar.com.mx\/index.php?rest_route=%2Fwp%2Fv2%2Fmedia&parent=719"}],"wp:term":[{"taxonomy":"category","embeddable":true,"href":"http:\/\/eloficiodehistoriar.com.mx\/index.php?rest_route=%2Fwp%2Fv2%2Fcategories&post=719"},{"taxonomy":"post_tag","embeddable":true,"href":"http:\/\/eloficiodehistoriar.com.mx\/index.php?rest_route=%2Fwp%2Fv2%2Ftags&post=719"}],"curies":[{"name":"wp","href":"https:\/\/api.w.org\/{rel}","templated":true}]}}