{"id":727,"date":"2008-07-25T07:53:25","date_gmt":"2008-07-25T12:53:25","guid":{"rendered":"https:\/\/eloficiodehistoriar.com.mx\/?p=727"},"modified":"2008-07-25T07:53:25","modified_gmt":"2008-07-25T12:53:25","slug":"queretaro-una-ciudad-de-pie477-aniversario","status":"publish","type":"post","link":"http:\/\/eloficiodehistoriar.com.mx\/?p=727","title":{"rendered":"Quer\u00e9taro una ciudad de pie&#8230;477 aniversario"},"content":{"rendered":"<p><strong>El Auditorio Josefa Ort\u00edz de Dominguez en Quer\u00e9taro\u00a0<\/strong><\/p>\n<p><strong>Imponente construcci\u00f3n inaugurada el 5 de febrero de 1985, tiene capacidad para 41,673 personas cuyo desaforo se realiza en diez minutos mediante 24 accesos. Posee 89 palcos, grader\u00eda y estacionamiento para 6,700 veh\u00edculos. En este lugar se llevan a cabo eventos deportivos y art\u00edsticos a nivel estatal, nacional e internacional.<\/strong>\u00a0\u00a0<br \/>\n\u00a0<strong>Imponente construcci\u00f3n inaugurada el 5 de febrero de 1985, tiene capacidad para 41,673 personas cuyo desaforo se realiza en diez minutos mediante 24 accesos. Posee 89 palcos, grader\u00eda y estacionamiento para 6,700 veh\u00edculos. En este lugar se llevan a cabo eventos deportivos y art\u00edsticos a nivel estatal, nacional e internacional.<\/strong>\u00a0\u00a0<br \/>\n\u00a0<strong>Imponente construcci\u00f3n inaugurada el 5 de febrero de 1985, tiene capacidad para 41,673 personas cuyo desaforo se realiza en diez minutos mediante 24 accesos. Posee 89 palcos, grader\u00eda y estacionamiento para 6,700 veh\u00edculos. En este lugar se llevan a cabo eventos deportivos y art\u00edsticos a nivel estatal, nacional e internacional.<\/strong>\u00a0\u00a0<br \/>\n\u00a0<img decoding=\"async\" src=\"http:\/\/ts1.images.live.com\/images\/thumbnail.aspx?q=1601714592956&amp;id=c2df37a76e27a8d8dfe321cff64494d9\" alt=\"audit.jpg\" style=\"width: 140px; cursor: pointer; height: 91px\" title=\"audit.jpg\" class=\"img_thumb\" \/><img decoding=\"async\" src=\"http:\/\/ts4.images.live.com\/images\/thumbnail.aspx?q=1571534538211&amp;id=32a09459c259cbb0006dd1a56973f56a\" alt=\"estadio.jpg\" style=\"width: 160px; cursor: pointer; height: 105px\" title=\"estadio.jpg\" class=\"img_thumb\" \/><img decoding=\"async\" src=\"http:\/\/ts4.images.live.com\/images\/thumbnail.aspx?q=1570498094287&amp;id=b97ab0193f868bbef0f3943b02383c7d\" alt=\"central.jpg\" style=\"width: 160px; cursor: pointer; height: 113px\" title=\"central.jpg\" class=\"img_thumb\" \/><\/p>\n<p>El estadio La Corregidora en Quer\u00e9taro\u00a0<\/p>\n<p>En <a href=\"http:\/\/null\/wiki\/1982\" title=\"1982\">1982<\/a>, El gobernador <a href=\"http:\/\/null\/wiki\/Rafael_Camacho_Guzm%C3%A1n\" title=\"Rafael Camacho Guzm\u00e1n\">Rafael Camacho Guzm\u00e1n<\/a>, expres\u00f3 su deseo de darle a <a href=\"http:\/\/null\/wiki\/Santiago_de_Quer%C3%A9taro\" title=\"Santiago de Quer\u00e9taro\">Quer\u00e9taro<\/a> un gran estadio de <a href=\"http:\/\/null\/wiki\/F%C3%BAtbol\" title=\"F\u00fatbol\">f\u00fatbol<\/a>; poco tiempo despu\u00e9s inform\u00f3 que su construcci\u00f3n se har\u00eda realidad; fue construido b\u00e1sicamente con un solo motivo, el que en su cancha se jugaran encuentros de la <a href=\"http:\/\/null\/wiki\/Copa_Mundial_de_F%C3%BAtbol_de_1986\" title=\"Copa Mundial de F\u00fatbol de 1986\">Copa Mundial de F\u00fatbol de 1986<\/a>. Se convoc\u00f3 a un concurso a los arquitectos queretanos, y se eligi\u00f3 el proyecto de los Arquitectos; Luis Alfonso Fern\u00e1ndez Siurob, Gabriel Nu\u00f1ez Vera y Alejandro Ordaz Martinez. La construcci\u00f3n de esta obra, inici\u00f3 el 17 de marzo de <a href=\"http:\/\/null\/wiki\/1983\" title=\"1983\">1983<\/a> y concluy\u00f3 el 31 de diciembre de <a href=\"http:\/\/null\/wiki\/1984\" title=\"1984\">1984<\/a>; se aprecian similitudes con el Estadio Azteca, esto debido a que se compone de tres niveles,: zona baja (Especial), zona media (Palcos y Plateas), zona alta (Preferente).<\/p>\n<p>El nombre del <strong class=\"selflink\">Estadio Corregidora<\/strong>, surgi\u00f3 de un concurso popular. Fue inaugurado el 5 de Febrero de <a href=\"http:\/\/null\/wiki\/1985\" title=\"1985\">1985<\/a>, por el entonces Presidente de los Estados Unidos Mexicanos, Lic. <a href=\"http:\/\/null\/wiki\/Miguel_de_la_Madrid_Hurtado\" title=\"Miguel de la Madrid Hurtado\" class=\"mw-redirect\">Miguel de la Madrid Hurtado<\/a>, durante el periodo del Gobernador Rafael Camacho Guzm\u00e1n, con el partido entre las selecciones nacionales de M\u00e9xico y Polonia, con resultado final de 5-0 a favor del cuadro azteca. El gol inaugural lo anot\u00f3 el capit\u00e1n de M\u00e9xico, <a href=\"http:\/\/null\/wiki\/Tom%C3%A1s_Boy_Espinoza\" title=\"Tom\u00e1s Boy Espinoza\">Tom\u00e1s Boy Espinoza<\/a> en magn\u00edfica ejecuci\u00f3n de tiro de castigo. Fue sede de los <a href=\"http:\/\/null\/wiki\/Pumas_de_la_UNAM\" title=\"Pumas de la UNAM\">Pumas de la UNAM<\/a> durante el tiempo que la <a href=\"http:\/\/null\/wiki\/UNAM\" title=\"UNAM\" class=\"mw-redirect\">UNAM<\/a> permanecio en huelga<\/p>\n<p><a name=\"Caracter.C3.ADst.C3.ADcas_t.C3.A9cnicas_y_capacidad\" id=\"Caracter.C3.ADst.C3.ADcas_t.C3.A9cnicas_y_capacidad\"><\/a><\/p>\n<h2><span class=\"mw-headline\">Caracter\u00edst\u00edcas t\u00e9cnicas y capacidad<\/span><\/h2>\n<p>El estadio Corregidora es uno de los edificios m\u00e1s representativos e imponentes de la ciudad, ya que cuenta con una estructura de concreto y l\u00e1mina que comprende una superficie construida de 261,174,00 m2.<\/p>\n<p>El estadio tiene forma de \u00f3valo y est\u00e1 constituido por tres niveles completamente cerrados, siendo los niveles primero y tercero de grader\u00edas, mientras que el segundo nivel lo ocupan palcos y plateas. El primer nivel cuenta con 19 filas, el segundo con 3 y el tercero 14, con lo cual se tienen 36 gradas desde la parte inferior hasta la superior del inmueble. Su capacidad de dise\u00f1o fue de 34 130 espectadores. Sin embargo, posterior a su inauguraci\u00f3n le fue a\u00f1adida en la secci\u00f3n baja un nivel m\u00e1s de gradas (de herrer\u00eda), con lo cual su capacidad se increment\u00f3 a 35 575 espectadores. Esto lo hace uno de los estadios m\u00e1s grandes de <a href=\"http:\/\/null\/wiki\/M%C3%A9xico\" title=\"M\u00e9xico\">M\u00e9xico<\/a>.<\/p>\n<p>El Estadio La Corregidora est\u00e1 considerado como uno de los estadios m\u00e1s bellos del pa\u00eds, y las caracter\u00edsticas de su grader\u00edo est\u00e1n inspiradas en las del <a href=\"http:\/\/null\/wiki\/Estadio_Azteca\" title=\"Estadio Azteca\">Estadio Azteca<\/a>. De hecho, mucha gente lo considera una peque\u00f1a r\u00e9plica mejorada de dicho estadio.<\/p>\n<table border=\"0\" width=\"760\" cellPadding=\"0\" cellSpacing=\"0\">\n<tr>\n<td rowSpan=\"2\" vAlign=\"bottom\">\n<p align=\"right\"><font size=\"2\" face=\"Verdana, Arial, Helvetica, sans-serif\"><strong>Alta tecnolog\u00eda y los mejores servicios en el nuevo Centro Educativo y Cultural.<\/strong><\/font><\/p>\n<\/td>\n<td rowSpan=\"4\" colSpan=\"2\"><\/td>\n<td><img loading=\"lazy\" decoding=\"async\" name=\"undefined_4\" border=\"0\" width=\"1\" src=\"http:\/\/null\/Superior\/spacer.gif\" height=\"42\" \/><\/td>\n<\/tr>\n<tr>\n<td rowSpan=\"2\"><\/td>\n<td><img loading=\"lazy\" decoding=\"async\" name=\"undefined_4\" border=\"0\" width=\"1\" src=\"http:\/\/null\/Superior\/spacer.gif\" height=\"28\" \/><\/td>\n<\/tr>\n<tr>\n<td colSpan=\"2\"><img loading=\"lazy\" decoding=\"async\" name=\"Superior_r9_c5\" border=\"0\" width=\"142\" src=\"http:\/\/null\/Superior\/Superior_r9_c5.gif\" height=\"11\" \/><\/td>\n<td><\/td>\n<td><img loading=\"lazy\" decoding=\"async\" name=\"undefined_4\" border=\"0\" width=\"1\" src=\"http:\/\/null\/Superior\/spacer.gif\" height=\"11\" \/><\/td>\n<\/tr>\n<tr>\n<td height=\"201\"><\/td>\n<td colSpan=\"8\">\n<table border=\"0\" align=\"center\" width=\"695\" cellPadding=\"0\" cellSpacing=\"0\">\n<tr>\n<td height=\"110\" vAlign=\"top\">\n<p align=\"center\"><font size=\"2\" face=\"Verdana, Arial, Helvetica, sans-serif\">El Centro Educativo y Cultural Manuel G\u00f3mez Mor\u00edn cuenta con m\u00faltiples servicios con el fin de satisfacer necesidades de educaci\u00f3n, informaci\u00f3n, recreaci\u00f3n, formaci\u00f3n art\u00edstica y expresi\u00f3n cultural en el Estado de Quer\u00e9taro.<\/p>\n<p>Encuentra en atractivos espacios las mejores alternativas educativas y culturales para j\u00f3venes y adultos, con una incre\u00edble \u00e1rea para que tambi\u00e9n los ni\u00f1os aprendan y se diviertan.<\/font><\/td>\n<\/tr>\n<\/table>\n<\/td>\n<\/tr>\n<\/table>\n","protected":false},"excerpt":{"rendered":"<p>El Auditorio Josefa Ort\u00edz de Dominguez en Quer\u00e9taro\u00a0 Imponente construcci\u00f3n inaugurada el 5 de febrero de 1985, tiene capacidad para 41,673 personas cuyo desaforo se realiza en diez minutos mediante 24 accesos. Posee 89 palcos, grader\u00eda y estacionamiento para 6,700 veh\u00edculos. En este lugar se llevan a cabo eventos deportivos y art\u00edsticos a nivel estatal, [&hellip;]<\/p>\n","protected":false},"author":249,"featured_media":0,"comment_status":"open","ping_status":"closed","sticky":false,"template":"","format":"standard","meta":{"footnotes":""},"categories":[8,11,10],"tags":[],"class_list":["post-727","post","type-post","status-publish","format-standard","hentry","category-ciudad-de-queretaro","category-fotografia","category-historia"],"_links":{"self":[{"href":"http:\/\/eloficiodehistoriar.com.mx\/index.php?rest_route=\/wp\/v2\/posts\/727","targetHints":{"allow":["GET"]}}],"collection":[{"href":"http:\/\/eloficiodehistoriar.com.mx\/index.php?rest_route=\/wp\/v2\/posts"}],"about":[{"href":"http:\/\/eloficiodehistoriar.com.mx\/index.php?rest_route=\/wp\/v2\/types\/post"}],"author":[{"embeddable":true,"href":"http:\/\/eloficiodehistoriar.com.mx\/index.php?rest_route=\/wp\/v2\/users\/249"}],"replies":[{"embeddable":true,"href":"http:\/\/eloficiodehistoriar.com.mx\/index.php?rest_route=%2Fwp%2Fv2%2Fcomments&post=727"}],"version-history":[{"count":0,"href":"http:\/\/eloficiodehistoriar.com.mx\/index.php?rest_route=\/wp\/v2\/posts\/727\/revisions"}],"wp:attachment":[{"href":"http:\/\/eloficiodehistoriar.com.mx\/index.php?rest_route=%2Fwp%2Fv2%2Fmedia&parent=727"}],"wp:term":[{"taxonomy":"category","embeddable":true,"href":"http:\/\/eloficiodehistoriar.com.mx\/index.php?rest_route=%2Fwp%2Fv2%2Fcategories&post=727"},{"taxonomy":"post_tag","embeddable":true,"href":"http:\/\/eloficiodehistoriar.com.mx\/index.php?rest_route=%2Fwp%2Fv2%2Ftags&post=727"}],"curies":[{"name":"wp","href":"https:\/\/api.w.org\/{rel}","templated":true}]}}