{"id":728,"date":"2008-07-25T08:01:29","date_gmt":"2008-07-25T13:01:29","guid":{"rendered":"https:\/\/eloficiodehistoriar.com.mx\/?p=728"},"modified":"2008-07-25T08:02:26","modified_gmt":"2008-07-25T13:02:26","slug":"queretaro-2008-en-su-477-aniversario","status":"publish","type":"post","link":"http:\/\/eloficiodehistoriar.com.mx\/?p=728","title":{"rendered":"Quer\u00e9taro 2008 en su 477 aniversario&#8230;"},"content":{"rendered":"<p><img decoding=\"async\" src=\"http:\/\/ts1.images.live.com\/images\/thumbnail.aspx?q=1592877064224&amp;id=b24901e94c63b76eada5906e6d401e4c\" alt=\"aero1.jpg\" style=\"width: 160px; cursor: pointer; height: 120px\" title=\"aero1.jpg\" class=\"img_thumb\" \/><img decoding=\"async\" src=\"http:\/\/ts3.images.live.com\/images\/thumbnail.aspx?q=2119346356466&amp;id=68c2b7c90d75044634391af44c3a4a9b\" alt=\"disvial31os.jpg\" style=\"width: 160px; cursor: pointer; height: 119px\" title=\"disvial31os.jpg\" class=\"img_thumb\" \/><img decoding=\"async\" src=\"http:\/\/ts4.images.live.com\/images\/thumbnail.aspx?q=1614322806915&amp;id=600a789b85fa71aadb900e180105e5cd\" alt=\"F3061.jpg\" style=\"width: 160px; cursor: pointer; height: 126px\" title=\"F3061.jpg\" class=\"img_thumb\" \/><img decoding=\"async\" src=\"http:\/\/ts3.images.live.com\/images\/thumbnail.aspx?q=1575928791066&amp;id=a8a3a525642e972e35f735e07a36e6c8\" alt=\"00000584-constrain-500x500.jpeg\" style=\"width: 160px; cursor: pointer; height: 116px\" title=\"00000584-constrain-500x500.jpeg\" class=\"img_thumb\" \/><\/p>\n<p>Aeropuerto Internacional de Quer\u00e9taro\u00a0<\/p>\n<p>Con el inicio de sus operaciones, el AIQ atrajo actividades comerciales, privadas y de carga, as\u00ed como tambi\u00e9n parte del equipo y los recursos humanos del Aeropuerto \u00abIng. Fernando Espinosa Guti\u00e9rrez\u00bb.<\/p>\n<p align=\"justify\" class=\"style101\">Desde entonces, el Aeropuerto \u00abIng. Fernando Espinosa Guti\u00e9rrez\u00bb se dedica solamente a las operaciones de la aviaci\u00f3n gubernamental, mientras que el AIQ ha sido bastante din\u00e1mico en el crecimiento de sus operaciones en el sector privado.<\/p>\n<p align=\"justify\" class=\"style101\">En el aeropuerto laboran seis aerol\u00edneas: cuatro nacionales y dos internacionales; y, el a\u00f1o pasado, el promedio de pasejeros fue de 22,000 al mes.<\/p>\n<p align=\"justify\" class=\"style101\">Cuenta con 12 mostradores, una torre de control, se\u00f1alamiento vertical y horizontal que permite la operaci\u00f3n nocturna, as\u00ed como espacio para 28 hangares y cuatro plantas de emergencia.<\/p>\n<p>Tiene una pista comercial con una longitud de 3,500 m y 45 m de ancho, lo que le permite recibir aviones Boeing 757 o Airbus 320.<\/p>\n<p>Cuenta con una superficie total de 1,383 m2, con una plataforma comercial de 125,000 m2 y 18 posiciones; nueve tienen tomas directas de combustible.<\/p>\n<p align=\"justify\" class=\"style101\">En cuanto a la carga, la plataforma cuenta con una superficie de 35,000 m2 y cinco posiciones.<\/p>\n<p align=\"justify\" class=\"style101\">Para la aviaci\u00f3n privada, hay una plataforma de 14,400 m2 de concreto hidr\u00e1ulico con un grosor de 25 cm, la cual ofrece 24 posiciones para aeronaves ejecutivas.<\/p>\n<p align=\"justify\" class=\"style101\">&nbsp;<\/p>\n","protected":false},"excerpt":{"rendered":"<p>Aeropuerto Internacional de Quer\u00e9taro\u00a0 Con el inicio de sus operaciones, el AIQ atrajo actividades comerciales, privadas y de carga, as\u00ed como tambi\u00e9n parte del equipo y los recursos humanos del Aeropuerto \u00abIng. Fernando Espinosa Guti\u00e9rrez\u00bb. Desde entonces, el Aeropuerto \u00abIng. Fernando Espinosa Guti\u00e9rrez\u00bb se dedica solamente a las operaciones de la aviaci\u00f3n gubernamental, mientras que [&hellip;]<\/p>\n","protected":false},"author":249,"featured_media":0,"comment_status":"open","ping_status":"closed","sticky":false,"template":"","format":"standard","meta":{"footnotes":""},"categories":[8,11,10],"tags":[],"class_list":["post-728","post","type-post","status-publish","format-standard","hentry","category-ciudad-de-queretaro","category-fotografia","category-historia"],"_links":{"self":[{"href":"http:\/\/eloficiodehistoriar.com.mx\/index.php?rest_route=\/wp\/v2\/posts\/728","targetHints":{"allow":["GET"]}}],"collection":[{"href":"http:\/\/eloficiodehistoriar.com.mx\/index.php?rest_route=\/wp\/v2\/posts"}],"about":[{"href":"http:\/\/eloficiodehistoriar.com.mx\/index.php?rest_route=\/wp\/v2\/types\/post"}],"author":[{"embeddable":true,"href":"http:\/\/eloficiodehistoriar.com.mx\/index.php?rest_route=\/wp\/v2\/users\/249"}],"replies":[{"embeddable":true,"href":"http:\/\/eloficiodehistoriar.com.mx\/index.php?rest_route=%2Fwp%2Fv2%2Fcomments&post=728"}],"version-history":[{"count":0,"href":"http:\/\/eloficiodehistoriar.com.mx\/index.php?rest_route=\/wp\/v2\/posts\/728\/revisions"}],"wp:attachment":[{"href":"http:\/\/eloficiodehistoriar.com.mx\/index.php?rest_route=%2Fwp%2Fv2%2Fmedia&parent=728"}],"wp:term":[{"taxonomy":"category","embeddable":true,"href":"http:\/\/eloficiodehistoriar.com.mx\/index.php?rest_route=%2Fwp%2Fv2%2Fcategories&post=728"},{"taxonomy":"post_tag","embeddable":true,"href":"http:\/\/eloficiodehistoriar.com.mx\/index.php?rest_route=%2Fwp%2Fv2%2Ftags&post=728"}],"curies":[{"name":"wp","href":"https:\/\/api.w.org\/{rel}","templated":true}]}}