{"id":735,"date":"2008-07-25T20:33:12","date_gmt":"2008-07-26T01:33:12","guid":{"rendered":"https:\/\/eloficiodehistoriar.com.mx\/?p=735"},"modified":"2008-07-25T20:33:12","modified_gmt":"2008-07-26T01:33:12","slug":"derechos-humanos-frayba-informa","status":"publish","type":"post","link":"http:\/\/eloficiodehistoriar.com.mx\/?p=735","title":{"rendered":"Derechos Humanos; FRAYBA informa:"},"content":{"rendered":"<p><a aDepth=\"2\" aIdx=\"2\" href=\"javascript:;\"><img loading=\"lazy\" decoding=\"async\" width=\"640\" src=\"http:\/\/bl108w.blu108.mail.live.com\/att\/GetAttachment.aspx?tnail=2&amp;messageId=17b19b58-9656-45c6-8b07-d6af90c9a926&amp;Aux=4|0|8CABD0AB872CD30|\" height=\"480\" style=\"cursor: pointer\" \/><\/a><\/p>\n<p>\u00a0 <meta name=\"Generator\" content=\"Microsoft SafeHTML\" \/><span class=\"EC_gmail_quote\">A solicitud de los firmantes, la voz del amate, enviamos la siguiente carta.<\/span><\/p>\n<p><span class=\"EC_gmail_quote\"><\/span><\/p>\n<p>Saludos cordiales.<\/p>\n<p><span class=\"EC_gmail_quote\"><br \/>\n&amp;&amp;&amp;&amp;&amp;&amp;&amp;&amp;&amp;&amp;&amp;&amp;&amp;&amp;&amp;&amp;&amp;&amp;&amp;&amp;&amp;&amp;&amp;&amp;&amp;<\/p>\n<p><\/span><\/p>\n<p class=\"EC_MsoNormal\"><span lang=\"ES-TRAD\">Ala opini\u00f3n publica<\/span><\/p>\n<p class=\"EC_MsoNormal\"><span lang=\"ES-TRAD\">A los medios de comunicaci\u00f3n estatal, nacional, e internacional<\/span><\/p>\n<p class=\"EC_MsoNormal\"><span lang=\"ES-TRAD\">A los medios alternativos<\/span><\/p>\n<p class=\"EC_MsoNormal\"><span lang=\"ES-TRAD\">A los defensores de los derechos humanos ONGs<\/span><\/p>\n<p class=\"EC_MsoNormal\"><span lang=\"ES-TRAD\">A la sexta internacional<\/span><\/p>\n<p class=\"EC_MsoNormal\"><span lang=\"ES-TRAD\">A las organizaciones independientes<\/span><\/p>\n<p class=\"EC_MsoNormal\"><span lang=\"ES-TRAD\"><\/span><\/p>\n<p class=\"EC_MsoNormal\"><span lang=\"ES-TRAD\"><span>\u00a0\u00a0\u00a0\u00a0\u00a0\u00a0\u00a0\u00a0\u00a0\u00a0\u00a0 <\/span>La Voz del Amate de presos politicos adherents a la otra campa\u00f1a del EZLN y grupo zapatista, Reciban nuestros saludos combativos desde este lugar de resistencia.<\/span><\/p>\n<p class=\"EC_MsoNormal\"><span lang=\"ES-TRAD\"><span>\u00a0\u00a0\u00a0\u00a0\u00a0\u00a0\u00a0\u00a0\u00a0\u00a0\u00a0 <\/span>Desp\u00faes de haber sido encarcelado injustamente a varios compa\u00f1eros por el mal sistema del gobierno y desp\u00faes liberado por la mesa de reconciliaci\u00f3n de revision de expedientes en presentaci\u00f3n del ministerio de justicia y representaci\u00f3n del gobierno actual; La Voz del Amate y grupo zapatista seguimos exigiendo nuestra libertad incondicional e inmediata asia esa mesa de reconciliaci\u00f3n con una revisi\u00f3n exhaustiva, ya que pagamos condenas impuestas por las malas autoridades, todos nuestros expedientes est\u00e1n llenos de falsedad y manipulaciones al antojo de los que nos juzgan esto se ha dado y se sigue dando por ser indigenas analfabetas, pobres, y monolingues en su lenguaje y mucho menos la aportaci\u00f3n minima de honorarios para un defensor de la causa, actualmente podemos comprobar el encarcelamiento injusto de compa\u00f1eros indigenas y no indigenas en los ceresos del estado que merecen ser atendidos por su sus situaciones y liberados inmediatamente, como el caso de los 7 compa\u00f1eros indigenas presos politicos de la Voz de los Llanos y de la Voz del Amate en la que permanecieron varios a\u00f1os en la carcel injustamente y desp\u00faes liberados por su digna inocensia, la Voz del Amate de presos politicos en la que defendemos la verdad y la justicia seguiremos gritando y exigiendo a los gobiernos estatales y federales la libertad de todos y todas las presos(a) politicos del pais.<\/span><\/p>\n<p class=\"EC_MsoNormal\"><span lang=\"ES-TRAD\"><\/span><\/p>\n<p class=\"EC_MsoNormal\"><span lang=\"ES-TRAD\">Ya basta de torturas para confezar delitos <\/span><\/p>\n<p class=\"EC_MsoNormal\"><span lang=\"ES-TRAD\">Ya basta a la mentira<\/span><\/p>\n<p class=\"EC_MsoNormal\"><span lang=\"ES-TRAD\">Ya es hora de la verdad<\/span><\/p>\n<p class=\"EC_MsoNormal\"><span lang=\"ES-TRAD\">Todos asta la libertad y de la verdad<\/span><\/p>\n<p class=\"EC_MsoNormal\"><span lang=\"ES-TRAD\"><\/span><\/p>\n<p class=\"EC_MsoNormal\"><span lang=\"ES-TRAD\"><span>\u00a0\u00a0\u00a0\u00a0\u00a0\u00a0\u00a0\u00a0\u00a0\u00a0\u00a0\u00a0\u00a0\u00a0\u00a0\u00a0\u00a0\u00a0\u00a0\u00a0\u00a0\u00a0\u00a0\u00a0\u00a0\u00a0\u00a0\u00a0\u00a0\u00a0\u00a0\u00a0\u00a0\u00a0 <\/span><\/span><\/p>\n<p class=\"EC_MsoNormal\"><span lang=\"ES-TRAD\"><span>\u00a0\u00a0\u00a0\u00a0\u00a0\u00a0\u00a0\u00a0\u00a0\u00a0\u00a0\u00a0\u00a0\u00a0\u00a0\u00a0\u00a0\u00a0\u00a0\u00a0\u00a0\u00a0\u00a0\u00a0\u00a0\u00a0\u00a0\u00a0\u00a0\u00a0\u00a0\u00a0\u00a0\u00a0\u00a0\u00a0\u00a0\u00a0\u00a0\u00a0\u00a0\u00a0\u00a0\u00a0\u00a0\u00a0 <\/span>Fraternalmente<\/span><\/p>\n<p class=\"EC_MsoNormal\"><span lang=\"ES-TRAD\"><span>\u00a0\u00a0\u00a0\u00a0\u00a0\u00a0\u00a0\u00a0\u00a0\u00a0\u00a0\u00a0\u00a0\u00a0\u00a0\u00a0\u00a0\u00a0\u00a0\u00a0\u00a0\u00a0\u00a0\u00a0\u00a0\u00a0\u00a0\u00a0\u00a0\u00a0\u00a0\u00a0\u00a0\u00a0 <\/span><\/span><\/p>\n<p class=\"EC_MsoNormal\"><span lang=\"ES-TRAD\"><span>\u00a0\u00a0\u00a0\u00a0\u00a0\u00a0\u00a0\u00a0\u00a0\u00a0\u00a0\u00a0\u00a0\u00a0\u00a0\u00a0\u00a0\u00a0\u00a0\u00a0\u00a0\u00a0\u00a0\u00a0\u00a0\u00a0\u00a0\u00a0\u00a0\u00a0\u00a0\u00a0\u00a0\u00a0\u00a0\u00a0\u00a0\u00a0\u00a0\u00a0\u00a0\u00a0\u00a0\u00a0\u00a0\u00a0 <\/span>La Voz del Amate<\/span><\/p>\n<p class=\"EC_MsoNormal\"><span lang=\"ES-TRAD\"><span>\u00a0\u00a0\u00a0\u00a0\u00a0\u00a0\u00a0\u00a0\u00a0\u00a0\u00a0\u00a0\u00a0\u00a0\u00a0\u00a0\u00a0\u00a0\u00a0\u00a0\u00a0\u00a0\u00a0\u00a0\u00a0\u00a0\u00a0\u00a0\u00a0\u00a0\u00a0\u00a0\u00a0\u00a0\u00a0\u00a0\u00a0\u00a0\u00a0\u00a0\u00a0\u00a0\u00a0\u00a0\u00a0\u00a0\u00a0\u00a0\u00a0\u00a0\u00a0\u00a0\u00a0\u00a0\u00a0\u00a0\u00a0\u00a0 <\/span>Y<\/span><\/p>\n<p class=\"EC_MsoNormal\"><span lang=\"ES-TRAD\"><span>\u00a0\u00a0\u00a0\u00a0\u00a0\u00a0\u00a0\u00a0\u00a0\u00a0\u00a0\u00a0\u00a0\u00a0\u00a0\u00a0\u00a0\u00a0\u00a0\u00a0\u00a0\u00a0\u00a0\u00a0\u00a0\u00a0\u00a0\u00a0\u00a0\u00a0\u00a0\u00a0\u00a0\u00a0\u00a0\u00a0\u00a0\u00a0\u00a0\u00a0\u00a0\u00a0\u00a0\u00a0\u00a0\u00a0 <\/span>Grupo Zapatista<\/span><\/p>\n<p class=\"EC_MsoNormal\"><span lang=\"ES-TRAD\"><\/span><\/p>\n<p class=\"EC_MsoNormal\"><span lang=\"ES-TRAD\">Cereso #14, el Amate, Cintalapa de Figueroa, Chiapas a 25 de Julio de 2008<\/span><\/p>\n<p>\u00a0<\/p>\n<pre class=\"EC_moz-signature\">--  \u00c1rea de Sistematizaci\u00f3n e Incidencia Centro de Derechos Humanos Fray Bartolom\u00e9 de Las Casas A.C. Calle Brasil #14, Barrio Mexicanos,  San Crist\u00f3bal de Las Casas, Chiapas, M\u00e9xico C\u00f3digo Postal: 29240 Tel +52 (967) 6787395, 6787396, 6783548 Fax +52 (967) 6783551<\/pre>\n","protected":false},"excerpt":{"rendered":"<p>\u00a0 A solicitud de los firmantes, la voz del amate, enviamos la siguiente carta. Saludos cordiales. &amp;&amp;&amp;&amp;&amp;&amp;&amp;&amp;&amp;&amp;&amp;&amp;&amp;&amp;&amp;&amp;&amp;&amp;&amp;&amp;&amp;&amp;&amp;&amp;&amp; Ala opini\u00f3n publica A los medios de comunicaci\u00f3n estatal, nacional, e internacional A los medios alternativos A los defensores de los derechos humanos ONGs A la sexta internacional A las organizaciones independientes \u00a0\u00a0\u00a0\u00a0\u00a0\u00a0\u00a0\u00a0\u00a0\u00a0\u00a0 La Voz del Amate de [&hellip;]<\/p>\n","protected":false},"author":249,"featured_media":0,"comment_status":"open","ping_status":"closed","sticky":false,"template":"","format":"standard","meta":{"footnotes":""},"categories":[26],"tags":[],"class_list":["post-735","post","type-post","status-publish","format-standard","hentry","category-mundo"],"_links":{"self":[{"href":"http:\/\/eloficiodehistoriar.com.mx\/index.php?rest_route=\/wp\/v2\/posts\/735","targetHints":{"allow":["GET"]}}],"collection":[{"href":"http:\/\/eloficiodehistoriar.com.mx\/index.php?rest_route=\/wp\/v2\/posts"}],"about":[{"href":"http:\/\/eloficiodehistoriar.com.mx\/index.php?rest_route=\/wp\/v2\/types\/post"}],"author":[{"embeddable":true,"href":"http:\/\/eloficiodehistoriar.com.mx\/index.php?rest_route=\/wp\/v2\/users\/249"}],"replies":[{"embeddable":true,"href":"http:\/\/eloficiodehistoriar.com.mx\/index.php?rest_route=%2Fwp%2Fv2%2Fcomments&post=735"}],"version-history":[{"count":0,"href":"http:\/\/eloficiodehistoriar.com.mx\/index.php?rest_route=\/wp\/v2\/posts\/735\/revisions"}],"wp:attachment":[{"href":"http:\/\/eloficiodehistoriar.com.mx\/index.php?rest_route=%2Fwp%2Fv2%2Fmedia&parent=735"}],"wp:term":[{"taxonomy":"category","embeddable":true,"href":"http:\/\/eloficiodehistoriar.com.mx\/index.php?rest_route=%2Fwp%2Fv2%2Fcategories&post=735"},{"taxonomy":"post_tag","embeddable":true,"href":"http:\/\/eloficiodehistoriar.com.mx\/index.php?rest_route=%2Fwp%2Fv2%2Ftags&post=735"}],"curies":[{"name":"wp","href":"https:\/\/api.w.org\/{rel}","templated":true}]}}