{"id":737,"date":"2008-07-26T08:30:11","date_gmt":"2008-07-26T13:30:11","guid":{"rendered":"https:\/\/eloficiodehistoriar.com.mx\/?p=737"},"modified":"2008-07-26T08:30:11","modified_gmt":"2008-07-26T13:30:11","slug":"la-miseria-en-los-tarahumaras-550-anos-de-espera-inutil","status":"publish","type":"post","link":"http:\/\/eloficiodehistoriar.com.mx\/?p=737","title":{"rendered":"La Miseria en Los Tarahumaras, 550 a\u00f1os de espera in\u00fatil"},"content":{"rendered":"<p align=\"center\" style=\"text-align: center\"><strong><span style=\"font-size: 16pt; font-family: Arial\">La cruda realidad de la miseria se impone <\/span><\/strong><\/p>\n<p align=\"center\" style=\"text-align: center\"><strong><span style=\"font-size: 16pt; font-family: Arial\"><\/span><\/strong><\/p>\n<p align=\"center\" style=\"text-align: center\"><strong><span style=\"font-size: 16pt; font-family: Arial\"><\/span><\/strong><\/p>\n<p><strong><span style=\"font-size: 16pt; font-family: Arial\">a las necesidades de la enfermedad.<o:p><\/o:p><\/span><\/strong><\/p>\n<p style=\"text-align: justify\"><em><span style=\"font-family: Arial\"><\/span><\/em><\/p>\n<p style=\"text-align: justify\"><em><span style=\"font-family: Arial\"><\/span><\/em><\/p>\n<p><em><span style=\"font-family: Arial\">Para Rosa, Ana, Bertha, H\u00e9ctor, Leonor y Ang\u00e9lica. Ellos saben. <\/span><\/em><span style=\"font-family: Arial\"><o:p><\/o:p><\/span><\/p>\n<p align=\"center\" style=\"margin: auto 0cm; text-align: center\" class=\"author\"><span style=\"font-family: Arial\"><\/span><\/p>\n<p align=\"center\" style=\"margin: auto 0cm; text-align: center\" class=\"author\"><span style=\"font-family: Arial\"><\/span><\/p>\n<p><span style=\"font-family: Arial\">Arnoldo Kraus<o:p><\/o:p><\/span><\/p>\n<p style=\"text-align: justify\"><span style=\"font-family: Arial\"><\/span><\/p>\n<p style=\"text-align: justify\"><span style=\"font-family: Arial\"><\/span><\/p>\n<p><span style=\"font-family: Arial\">La injusticia social, versi\u00f3n M\u00e9xico, maligna como pocas, erosiona, sin piedad, el telar m\u00e9dico y humano de <st1:personname ProductID=\"la Cl?nica San\" w:st=\"on\">la Cl\u00ednica San<\/st1:personname> Carlos. <o:p><\/o:p><\/span><\/p>\n<p style=\"text-align: justify\"><span style=\"font-family: Arial\"><\/span><\/p>\n<p style=\"text-align: justify\"><span style=\"font-family: Arial\"><\/span><\/p>\n<p><span style=\"font-family: Arial\">Hablar de injusticia social es hablar de M\u00e9xico y de los magros logros de nuestros pol\u00edticos. <o:p><\/o:p><\/span><\/p>\n<p style=\"text-align: justify\"><span style=\"font-family: Arial\"><\/span><\/p>\n<p style=\"text-align: justify\"><span style=\"font-family: Arial\"><\/span><\/p>\n<p><span style=\"font-family: Arial\">El corolario asfixia: en demasiadas ocasiones el esfuerzo humano y m\u00e9dico se <em><span style=\"font-family: Arial\">desfuerza<\/span><\/em> porque es casi imposible que la medicina funcione cuando la injusticia social domina el escenario.<o:p><\/o:p><\/span><\/p>\n<p style=\"text-align: justify\"><span style=\"font-family: Arial\"><\/span><\/p>\n<p style=\"text-align: justify\"><span style=\"font-family: Arial\"><\/span><\/p>\n<p><span style=\"font-family: Arial\">No recuerdo el nombre de la obra donde el magn\u00edfico e irredento Samuel Beckett expone, en pocas palabras, su visi\u00f3n del cruel mapamundi de la condici\u00f3n humana:<o:p><\/o:p><\/span><\/p>\n<p style=\"text-align: justify\"><span style=\"font-family: Arial\"><\/span><\/p>\n<p style=\"text-align: justify\"><span style=\"font-family: Arial\"><\/span><\/p>\n<p><span style=\"font-family: Arial\">Cliente: \u201cDios fue capaz de hacer el mundo en seis d\u00edas y usted no es capaz de hacer el pantal\u00f3n en seis meses\u201d.<o:p><\/o:p><\/span><\/p>\n<p style=\"text-align: justify\"><span style=\"font-family: Arial\"><\/span><\/p>\n<p style=\"text-align: justify\"><span style=\"font-family: Arial\"><\/span><\/p>\n<p><span style=\"font-family: Arial\">Sastre: \u201cPero, se\u00f1or, mire el mundo y mire su pantal\u00f3n\u201d.<o:p><\/o:p><\/span><\/p>\n<p style=\"text-align: justify\"><span style=\"font-family: Arial\"><\/span><\/p>\n<p style=\"text-align: justify\"><span style=\"font-family: Arial\"><\/span><\/p>\n<p><span style=\"font-family: Arial\">La semana anterior escrib\u00ed acerca de <st1:personname ProductID=\"la Cl?nica San\" w:st=\"on\">la Cl\u00ednica San<\/st1:personname> Carlos y la admirable labor que en ella hacen las monjas-doctoras Leonor y Ang\u00e9lica, sus enfermeras y el equipo que desde Chihuahua apoya con ideas, tiempo, dinero y coraz\u00f3n. <o:p><\/o:p><\/span><\/p>\n<p style=\"text-align: justify\"><span style=\"font-family: Arial\"><\/span><\/p>\n<p><span style=\"font-family: Arial\">Aunque cosen y descosen con enormes dosis de fruici\u00f3n y entrega, es dif\u00edcil, para no decir imposible, remendar con \u00e9xito la salud de la poblaci\u00f3n rar\u00e1muri que acude a la cl\u00ednica.<o:p><\/o:p><\/span><\/p>\n<p style=\"text-align: justify\"><span style=\"font-family: Arial\"><\/span><\/p>\n<p><span style=\"font-family: Arial\">En ese centro, se acompa\u00f1a y se remienda al enfermo como sin\u00f3nimo de solidaridad, y, como lectura de las agujas del sastre de Becket que bordan y bordan con entrega y paciencia, pero nunca logran acabar. <o:p><\/o:p><\/span><\/p>\n<p style=\"text-align: justify\"><span style=\"font-family: Arial\"><\/span><\/p>\n<p><span style=\"font-family: Arial\">Lo mismo sucede con las recetas <em><span style=\"font-family: Arial\">San Carlos:<\/span><\/em> se expiden \u2013en papeles que ni siquiera son recetas <em><span style=\"font-family: Arial\">ad hoc\u2013<\/span><\/em>, se surten \u2013cuando hay medicamentos en la farmacia\u2013 y los pacientes siguen las instrucciones por el tiempo que la miseria permita. <o:p><\/o:p><\/span><\/p>\n<p style=\"text-align: justify\"><span style=\"font-family: Arial\"><\/span><\/p>\n<p><span style=\"font-family: Arial\">Huelga decir que cuando impera la pobreza extrema, el tiempo y las necesidades que imponen las enfermedades, corren por caminos distintos al de las posibilidades materiales y temporales de la persona; primero las exigencias de la miseria, despu\u00e9s las de la patolog\u00eda.<o:p><\/o:p><\/span><\/p>\n<p style=\"text-align: justify\"><span style=\"font-family: Arial\"><\/span><\/p>\n<p><span style=\"font-family: Arial\">Aunque de mucho sirven las recetas que se expiden en ese centro, pues, cualquier doctor que se interese por el ser humano y no s\u00f3lo por la enfermedad sabe que acompa\u00f1ar es uno de los prop\u00f3sitos m\u00e1s nobles de la medicina, sobre todo, cuando no es posible curar, las limitaciones impuestas por la miseria son infranqueables. <o:p><\/o:p><\/span><\/p>\n<p style=\"text-align: justify\"><span style=\"font-family: Arial\"><\/span><\/p>\n<p><span style=\"font-family: Arial\">A diferencia de la poblaci\u00f3n mestiza que tambi\u00e9n es atendida en <st1:personname ProductID=\"la Cl?nica San\" w:st=\"on\">la Cl\u00ednica San<\/st1:personname> Carlos de Norogachi, Chihuahua, y que tiene la facilidad de acudir cuando la salud lo requiere, la situaci\u00f3n con la poblaci\u00f3n tarahumara es distinta.<o:p><\/o:p><\/span><\/p>\n<p style=\"text-align: justify\"><span style=\"font-family: Arial\"><\/span><\/p>\n<p><span style=\"font-family: Arial\">Para los rar\u00e1muris llegar a la cl\u00ednica implica dejar la casa, caminar, a pesar de ser, como se sabe, andarines privilegiados, cuatro o m\u00e1s horas de ida y de regreso, llevar a cuestas el peso de la enfermedad, las mermas de la desnutrici\u00f3n, el dolor del hambre y, en muchas ocasiones, el v\u00e1stago en brazos, ya sea porque no hay con qui\u00e9n dejarlo o porque ella o ambos requieren atenci\u00f3n m\u00e9dica.<o:p><\/o:p><\/span><\/p>\n<p style=\"text-align: justify\"><span style=\"font-family: Arial\"><\/span><\/p>\n<p><span style=\"font-family: Arial\">No siempre sirve llegar a la cl\u00ednica. Un caso como antolog\u00eda de muchas vidas. Una enferma, en la s\u00e9ptima d\u00e9cada de la vida, que padec\u00eda diabetes mellitus y cuya \u00faltima visita hab\u00eda sido seis meses atr\u00e1s, y que dej\u00f3 de tomar medicamentos por cinco meses regres\u00f3 a la cl\u00ednica, despu\u00e9s de haber caminado dos horas y media presa de terribles molestias orales. <o:p><\/o:p><\/span><\/p>\n<p style=\"text-align: justify\"><span style=\"font-family: Arial\"><\/span><\/p>\n<p><span style=\"font-family: Arial\">En la consulta manifest\u00f3 no haber ingerido casi ning\u00fan alimento por el dolor que ten\u00eda en la boca y que se deb\u00eda a una infecci\u00f3n diseminada. El examen de glucosa mostr\u00f3 que la enfermedad estaba muy descompensada por lo que lo m\u00e1s prudente hubiese sido hospitalizarla, situaci\u00f3n a la cual se rehus\u00f3 la paciente porque dej\u00f3 sola la casa y no hab\u00eda qui\u00e9n la cuidara.<o:p><\/o:p><\/span><\/p>\n<p style=\"text-align: justify\"><span style=\"font-family: Arial\"><\/span><\/p>\n<p><span style=\"font-family: Arial\">En otras ocasiones llegar a la cl\u00ednica es imposible. Lo cuentan las paredes de <st1:personname ProductID=\"la Cl?nica San\" w:st=\"on\">la Cl\u00ednica San<\/st1:personname> Carlos en la voz de Leonor: \u201cHace pocos meses, en ese riachuelo \u2013hablaba enardecida mientras se\u00f1alaba un peque\u00f1o canal de agua\u2013 murieron ahogadas la abuela, la madre y sus dos peque\u00f1os hijos mientras caminaban hacia la cl\u00ednica; no supieron calcular, comenta Leonor: la corriente era muy potente y se las llev\u00f3\u201d. <o:p><\/o:p><\/span><\/p>\n<p style=\"text-align: justify\"><span style=\"font-family: Arial\"><\/span><\/p>\n<p><span style=\"font-family: Arial\">Lo cuenta, asimismo, sin hablar, la beb\u00e9 rar\u00e1muri de tres meses hospitalizada en la cl\u00ednica: \u201cSu madre \u2013explica Ang\u00e9lica\u2013 ten\u00eda 26 a\u00f1os y viv\u00eda muy lejos de Norogachi, en las barrancas; ten\u00eda tres d\u00edas con diarreas pero no hab\u00eda con quien dejar a los tres hijos. Al cuarto d\u00eda, el esposo y la enferma iniciaron el ascenso: muri\u00f3 antes de llegar a Cl\u00ednica San Carlos\u201d. <o:p><\/o:p><\/span><\/p>\n<p style=\"text-align: justify\"><span style=\"font-family: Arial\"><\/span><\/p>\n<p><span style=\"font-family: Arial\">La falta de apego a las indicaciones m\u00e9dicas, la imposibilidad para acudir con frecuencia a consulta, las condiciones insalubres del entorno \u2013falta de agua potable, luz y electricidad en muchas comunidades\u2013 y la desnutrici\u00f3n, cuya magnitud desconozco pero que sin duda es terrible imposibilita el \u00e9xito de los esfuerzos terap\u00e9uticos.<o:p><\/o:p><\/span><\/p>\n<p style=\"text-align: justify\"><span style=\"font-family: Arial\"><\/span><\/p>\n<p><span style=\"font-family: Arial\">Bueno ser\u00eda que alguno o que algunos visitasen Cl\u00ednica San Carlos, las comunidades rar\u00e1muris, las barrancas donde viven, y las estad\u00edsticas sobre mortandad y mortalidad que nadie conoce. <o:p><\/o:p><\/span><\/p>\n<p style=\"text-align: justify\"><span style=\"font-family: Arial\"><\/span><\/p>\n<p><span style=\"font-family: Arial\">Tras la visita quedar\u00edan dos opciones: rescribir sus vidas o solicitar de Beckett, aunque ya haya muerto, que invente un sastre mexicano para que zurza sus discursos.<o:p><\/o:p><\/span><\/p>\n","protected":false},"excerpt":{"rendered":"<p>La cruda realidad de la miseria se impone a las necesidades de la enfermedad. Para Rosa, Ana, Bertha, H\u00e9ctor, Leonor y Ang\u00e9lica. Ellos saben. Arnoldo Kraus La injusticia social, versi\u00f3n M\u00e9xico, maligna como pocas, erosiona, sin piedad, el telar m\u00e9dico y humano de la Cl\u00ednica San Carlos. Hablar de injusticia social es hablar de M\u00e9xico [&hellip;]<\/p>\n","protected":false},"author":249,"featured_media":0,"comment_status":"open","ping_status":"closed","sticky":false,"template":"","format":"standard","meta":{"footnotes":""},"categories":[26],"tags":[],"class_list":["post-737","post","type-post","status-publish","format-standard","hentry","category-mundo"],"_links":{"self":[{"href":"http:\/\/eloficiodehistoriar.com.mx\/index.php?rest_route=\/wp\/v2\/posts\/737","targetHints":{"allow":["GET"]}}],"collection":[{"href":"http:\/\/eloficiodehistoriar.com.mx\/index.php?rest_route=\/wp\/v2\/posts"}],"about":[{"href":"http:\/\/eloficiodehistoriar.com.mx\/index.php?rest_route=\/wp\/v2\/types\/post"}],"author":[{"embeddable":true,"href":"http:\/\/eloficiodehistoriar.com.mx\/index.php?rest_route=\/wp\/v2\/users\/249"}],"replies":[{"embeddable":true,"href":"http:\/\/eloficiodehistoriar.com.mx\/index.php?rest_route=%2Fwp%2Fv2%2Fcomments&post=737"}],"version-history":[{"count":0,"href":"http:\/\/eloficiodehistoriar.com.mx\/index.php?rest_route=\/wp\/v2\/posts\/737\/revisions"}],"wp:attachment":[{"href":"http:\/\/eloficiodehistoriar.com.mx\/index.php?rest_route=%2Fwp%2Fv2%2Fmedia&parent=737"}],"wp:term":[{"taxonomy":"category","embeddable":true,"href":"http:\/\/eloficiodehistoriar.com.mx\/index.php?rest_route=%2Fwp%2Fv2%2Fcategories&post=737"},{"taxonomy":"post_tag","embeddable":true,"href":"http:\/\/eloficiodehistoriar.com.mx\/index.php?rest_route=%2Fwp%2Fv2%2Ftags&post=737"}],"curies":[{"name":"wp","href":"https:\/\/api.w.org\/{rel}","templated":true}]}}