{"id":741,"date":"2008-07-26T09:18:41","date_gmt":"2008-07-26T14:18:41","guid":{"rendered":"https:\/\/eloficiodehistoriar.com.mx\/?p=741"},"modified":"2008-07-26T09:18:41","modified_gmt":"2008-07-26T14:18:41","slug":"historia-de-los-mas-pobres","status":"publish","type":"post","link":"http:\/\/eloficiodehistoriar.com.mx\/?p=741","title":{"rendered":"Historia de los m\u00e1s pobres&#8230;"},"content":{"rendered":"<p style=\"margin: 0cm 0cm 0pt; line-height: 150%; text-align: justify\" class=\"MsoNormal\"><strong><span style=\"font-family: Arial\">El empobrecimiento inexplicable, de los m\u00e1s pobres de Guerrero<\/span><\/strong><\/p>\n<p style=\"margin: 0cm 0cm 0pt; line-height: 150%; text-align: justify\" class=\"MsoNormal\"><strong><span style=\"font-family: Arial\"><\/span><\/strong><\/p>\n<p style=\"margin: 0cm 0cm 0pt; line-height: 150%; text-align: justify\" class=\"MsoNormal\"><strong><span style=\"font-family: Arial\"><\/span><\/strong><\/p>\n<p><strong><span style=\"font-family: Arial\"><\/span><\/strong><span style=\"font-size: 18pt; line-height: 150%; font-family: Arial\"><o:p>\u00a0<\/o:p><\/span><strong><span style=\"color: #666666; font-family: Arial\">Entrevista con Abel Barrera<o:p><\/o:p><\/span><\/strong><\/p>\n<p style=\"margin: 0cm 0cm 0pt; line-height: 12pt; text-align: justify\" class=\"MsoNormal\"><span style=\"color: black; font-family: Arial\"><\/span><\/p>\n<p style=\"margin: 0cm 0cm 0pt; line-height: 12pt; text-align: justify\" class=\"MsoNormal\"><span style=\"color: black; font-family: Arial\"><\/span><\/p>\n<p style=\"margin: 0cm 0cm 0pt; line-height: 12pt; text-align: justify\" class=\"MsoNormal\"><span style=\"color: black; font-family: Arial\"><\/span><\/p>\n<p><span style=\"color: black; font-family: Arial\">Director del Centro de Derechos Humanos Tlachinollan, que trabaja en <st1:personname ProductID=\"la Monta?a\" w:st=\"on\">la Monta\u00f1a<\/st1:personname> de Guerrero, Abel Barrera constat\u00f3, en entrevista con Ciepac, la \u201cdelicada\u201d situaci\u00f3n de los pueblos ind\u00edgenas y su \u201cempobrecimiento may\u00fasculo, aparejado con una espiral de violencia del Estado\u201d, mediante pol\u00edticas que desprecian la vida comunitaria, sus derechos colectivos y sistemas normativos. <o:p><\/o:p><\/span><span style=\"color: black; font-family: Arial\"><o:p>\u00a0<\/o:p><\/span><\/p>\n<p style=\"margin: 0cm 0cm 0pt; line-height: 12pt; text-align: justify\" class=\"MsoNormal\"><span style=\"color: black; font-family: Arial\"><\/span><\/p>\n<p style=\"margin: 0cm 0cm 0pt; line-height: 12pt; text-align: justify\" class=\"MsoNormal\"><span style=\"color: black; font-family: Arial\"><\/span><\/p>\n<p><span style=\"color: black; font-family: Arial\">\u201cEn los \u00faltimos 15 a\u00f1os se ha intensificado la militarizaci\u00f3n con el pretexto del combate al narcotr\u00e1fico, y los saldos son negativos, la siembra de enervantes sigue a la alza y la resistencia de los pueblos ind\u00edgenas se encuentra acorralada por la militarizaci\u00f3n y la criminalizaci\u00f3n de la protesta\u201d. <o:p><\/o:p><\/span><span style=\"color: black; font-family: Arial\"><o:p>\u00a0<\/o:p><\/span><\/p>\n<p style=\"margin: 0cm 0cm 0pt; text-indent: 12pt; line-height: 12pt; text-align: justify\" class=\"MsoNormal\"><span style=\"color: black; font-family: Arial\"><\/span><\/p>\n<p style=\"margin: 0cm 0cm 0pt; text-indent: 12pt; line-height: 12pt; text-align: justify\" class=\"MsoNormal\"><span style=\"color: black; font-family: Arial\"><\/span><\/p>\n<p><span style=\"color: black; font-family: Arial\">Con un nivel de empobrecimiento \u201cescandaloso\u201d en la regi\u00f3n, \u201cla crisis agr\u00edcola ha devastado los pueblos y los ha dejado en condiciones de miseria que los ha expulsado para enrolarse como jornaleros agr\u00edcolas, asumiendo el rol de peones acasillados en las agroindustrias de Sinaloa, Chihuahua, Sonora, Jalisco, Michoac\u00e1n y Baja California Norte. <o:p><\/o:p><\/span><span style=\"color: black; font-family: Arial\"><o:p>\u00a0<\/o:p><\/span><\/p>\n<p style=\"margin: 0cm 0cm 0pt; text-indent: 12pt; line-height: 12pt; text-align: justify\" class=\"MsoNormal\"><span style=\"color: black; font-family: Arial\"><\/span><\/p>\n<p style=\"margin: 0cm 0cm 0pt; text-indent: 12pt; line-height: 12pt; text-align: justify\" class=\"MsoNormal\"><span style=\"color: black; font-family: Arial\"><\/span><\/p>\n<p style=\"margin: 0cm 0cm 0pt; text-indent: 12pt; line-height: 12pt; text-align: justify\" class=\"MsoNormal\"><span style=\"color: black; font-family: Arial\"><\/span><\/p>\n<p><span style=\"color: black; font-family: Arial\">Los ni\u00f1os tienen que dejar la escuela para desempe\u00f1arse como trabajadores eventuales y las mujeres embarazadas trabajan en los surcos de los vegetales chinos, o con el reci\u00e9n nacido en sus espaldas. <o:p><\/o:p><\/span><span style=\"color: black; font-family: Arial\"><o:p>\u00a0<\/o:p><\/span><\/p>\n<p style=\"margin: 0cm 0cm 0pt; text-indent: 12pt; line-height: 12pt; text-align: justify\" class=\"MsoNormal\"><span style=\"color: black; font-family: Arial\"><\/span><\/p>\n<p style=\"margin: 0cm 0cm 0pt; text-indent: 12pt; line-height: 12pt; text-align: justify\" class=\"MsoNormal\"><span style=\"color: black; font-family: Arial\"><\/span><\/p>\n<p style=\"margin: 0cm 0cm 0pt; text-indent: 12pt; line-height: 12pt; text-align: justify\" class=\"MsoNormal\"><span style=\"color: black; font-family: Arial\"><\/span><\/p>\n<p><span style=\"color: black; font-family: Arial\">Lo peor es que la gente est\u00e1 dejando de sembrar el ma\u00edz y cede a la tentaci\u00f3n de aventurarse para sembrar amapola, lo que complica m\u00e1s los problemas sociales y de convivencia entre comuneros y ejidatarios de la regi\u00f3n, por la narcoviolencia. A mayor pobreza, mayores militarizaci\u00f3n y violencia\u201d. <o:p><\/o:p><\/span><span style=\"color: black; font-family: Arial\"><o:p>\u00a0<\/o:p><\/span><\/p>\n<p style=\"margin: 0cm 0cm 0pt; text-indent: 12pt; line-height: 12pt; text-align: justify\" class=\"MsoNormal\"><span style=\"color: black; font-family: Arial\"><\/span><\/p>\n<p style=\"margin: 0cm 0cm 0pt; text-indent: 12pt; line-height: 12pt; text-align: justify\" class=\"MsoNormal\"><span style=\"color: black; font-family: Arial\"><\/span><\/p>\n<p><span style=\"color: black; font-family: Arial\">\u00a0El gobierno perredista de Zeferino Torreblanca:<o:p><\/o:p><\/span><span style=\"color: black; font-family: Arial\"><o:p>\u00a0<\/o:p><\/span><\/p>\n<p style=\"margin: 0cm 0cm 0pt; line-height: 12pt; text-align: justify\" class=\"MsoNormal\"><span style=\"color: black; font-family: Arial\"><span><\/span><\/span><\/p>\n<p style=\"margin: 0cm 0cm 0pt; line-height: 12pt; text-align: justify\" class=\"MsoNormal\"><span style=\"color: black; font-family: Arial\"><span><\/span><\/span><\/p>\n<p style=\"margin: 0cm 0cm 0pt; line-height: 12pt; text-align: justify\" class=\"MsoNormal\"><span style=\"color: black; font-family: Arial\"><span><\/span><\/span><\/p>\n<p><span style=\"color: black; font-family: Arial\"><span><\/span>\u201cpara los pueblos no ha representado ning\u00fan cambio, por el contrario mantiene el saqueo y desmantelamiento de la econom\u00eda comunitaria para imponer megaproyectos que atraigan la inversi\u00f3n extranjera, esperando el milagro de que con las ganancias de las transnacionales habr\u00e1 una derrama econ\u00f3mica que favorezca a la clase trabajadora. Se han cerrado los canales del di\u00e1logo y se utiliza la fuerza del orden para arremeter contra estudiantes, campesinos e ind\u00edgenas\u201d. <o:p><\/o:p><\/span><span style=\"color: black; font-family: Arial\"><o:p>\u00a0<\/o:p><\/span><span style=\"color: black; font-family: Arial\"><o:p>\u00a0<\/o:p><\/span><\/p>\n<p style=\"margin: 0cm 0cm 0pt; text-indent: 12pt; line-height: 12pt; text-align: justify\" class=\"MsoNormal\"><span style=\"color: black; font-family: Arial\"><\/span><\/p>\n<p style=\"margin: 0cm 0cm 0pt; text-indent: 12pt; line-height: 12pt; text-align: justify\" class=\"MsoNormal\"><span style=\"color: black; font-family: Arial\"><\/span><\/p>\n<p style=\"margin: 0cm 0cm 0pt; text-indent: 12pt; line-height: 12pt; text-align: justify\" class=\"MsoNormal\"><span style=\"color: black; font-family: Arial\"><\/span><\/p>\n<p><span style=\"color: black; font-family: Arial\">Los l\u00edderes sociales enfrentan \u00f3rdenes de aprehensi\u00f3n y los defensores de derechos humanos no cuentan con garant\u00edas para realizar su trabajo. Manuel Olivares, director del Centro de Derechos Humanos Jos\u00e9 Mar\u00eda Morelos y Pav\u00f3n, en el municipio de Chilapa, fue detenido por la polic\u00eda municipal y se encuentra procesado por el delito de ataques a las v\u00edas de comunicaci\u00f3n, por acompa\u00f1ar y documentar una protesta de nahuas que exig\u00edan el cumplimiento de las obras prometidas por la presidenta municipal Alicia Zamora. <o:p><\/o:p><\/span><span style=\"color: black; font-family: Arial\"><o:p>\u00a0<\/o:p><\/span><span style=\"color: black; font-family: Arial\"><o:p>\u00a0<\/o:p><\/span><\/p>\n<p style=\"margin: 0cm 0cm 0pt; text-indent: 12pt; line-height: 12pt; text-align: justify\" class=\"MsoNormal\"><span style=\"color: black; font-family: Arial\"><\/span><\/p>\n<p style=\"margin: 0cm 0cm 0pt; text-indent: 12pt; line-height: 12pt; text-align: justify\" class=\"MsoNormal\"><span style=\"color: black; font-family: Arial\"><\/span><\/p>\n<p style=\"margin: 0cm 0cm 0pt; text-indent: 12pt; line-height: 12pt; text-align: justify\" class=\"MsoNormal\"><span style=\"color: black; font-family: Arial\"><\/span><\/p>\n<p><span style=\"color: black; font-family: Arial\">En Guerrero \u201cno es extra\u00f1o que emerjan organizaciones insurgentes, como ha sucedido desde la \u00e9poca revolucionaria\u201d, apunta el entrevistado. Los pueblos sufren la represi\u00f3n, \u201cque ha costado centenares de desapariciones de luchadores sociales, ejecuciones extrajudiciales, la pr\u00e1ctica de la tortura como m\u00e9todo de trabajo de <st1:personname ProductID=\"la Polic?a Investigadora\" w:st=\"on\">la Polic\u00eda Investigadora<\/st1:personname> Ministerial (<span style=\"font-variant: small-caps\">pim<\/span>), las detenciones arbitrarias, el maltrato y la discriminaci\u00f3n contra los ind\u00edgenas que se han visto obligados a resistir\u201d. <o:p><\/o:p><\/span><span style=\"color: black; font-family: Arial\"><o:p>\u00a0<\/o:p><\/span><span style=\"color: black; font-family: Arial\"><o:p>\u00a0<\/o:p><\/span><\/p>\n<p style=\"margin: 0cm 0cm 0pt; text-indent: 12pt; line-height: 12pt; text-align: justify\" class=\"MsoNormal\"><span style=\"color: black; font-family: Arial\"><\/span><\/p>\n<p style=\"margin: 0cm 0cm 0pt; text-indent: 12pt; line-height: 12pt; text-align: justify\" class=\"MsoNormal\"><span style=\"color: black; font-family: Arial\"><\/span><\/p>\n<p style=\"margin: 0cm 0cm 0pt; text-indent: 12pt; line-height: 12pt; text-align: justify\" class=\"MsoNormal\"><span style=\"color: black; font-family: Arial\"><\/span><\/p>\n<p><span style=\"color: black; font-family: Arial\">\u00a0El gobierno federal, seg\u00fan Barrera, \u201cmaneja una informaci\u00f3n optimista sobre el combate al narcotr\u00e1fico\u201d. En los estados m\u00e1s pobres, \u201csiguen intactas las redes del narcotr\u00e1fico y m\u00e1s bien ha fortalecido su poder, que crece a la sombra de los cuerpos de seguridad. Hay m\u00e1s violencia, inseguridad y pobreza\u201d, y los resultados de la estrategia militarista contra el crimen organizado \u201cson magros\u201d. <o:p><\/o:p><\/span><span style=\"color: black; font-family: Arial\"><o:p>\u00a0<\/o:p><\/span><span style=\"color: black; font-family: Arial\"><o:p>\u00a0<\/o:p><\/span><\/p>\n<p style=\"margin: 0cm 0cm 0pt; text-indent: 12pt; line-height: 12pt; text-align: justify\" class=\"MsoNormal\"><span style=\"color: black; font-family: Arial\"><\/span><\/p>\n<p style=\"margin: 0cm 0cm 0pt; text-indent: 12pt; line-height: 12pt; text-align: justify\" class=\"MsoNormal\"><span style=\"color: black; font-family: Arial\"><\/span><\/p>\n<p><span style=\"color: black; font-family: Arial\">\u00a0Prev\u00e9 que \u201cla reaparici\u00f3n en lo medios de comunicaci\u00f3n\u201d de grupos guerrilleros como el erpi \u201caumentar\u00e1 la escalada militar, que ya se manifiesta con la instalaci\u00f3n de retenes en los caminos y carreteras de <st1:personname ProductID=\"la Monta?a Baja\" w:st=\"on\">la Monta\u00f1a Baja<\/st1:personname> y Alta. Aumentar\u00e1n la tensi\u00f3n social y\u00a0 la militarizaci\u00f3n en las comunidades, el hostigamiento, una vigilancia permanente a las organizaciones sociales y civiles, \u201cpor catalogarlas desde la \u00f3ptica conspirativa como brazos civiles de los grupos armados\u201d. <o:p><\/o:p><\/span><span style=\"color: black; font-family: Arial\"><o:p>\u00a0<\/o:p><\/span><\/p>\n<p style=\"margin: 0cm 0cm 0pt; text-indent: 12pt; line-height: 12pt; text-align: justify\" class=\"MsoNormal\"><span style=\"color: black; font-family: Arial\"><\/span><\/p>\n<p style=\"margin: 0cm 0cm 0pt; text-indent: 12pt; line-height: 12pt; text-align: justify\" class=\"MsoNormal\"><span style=\"color: black; font-family: Arial\"><\/span><\/p>\n<p style=\"margin: 0cm 0cm 0pt; text-indent: 12pt; line-height: 12pt; text-align: justify\" class=\"MsoNormal\"><span style=\"color: black; font-family: Arial\"><\/span><\/p>\n<p><span style=\"color: black; font-family: Arial\">Se impulsa la militarizaci\u00f3n \u201cdescuidando las causas estructurales de la pobreza y las razones profundas\u201d <o:p><\/o:p><\/span><span style=\"color: black; font-family: Arial\"><o:p>\u00a0<\/o:p><\/span><\/p>\n<p style=\"margin: 0cm 0cm 0pt; text-indent: 12pt; line-height: 12pt; text-align: justify\" class=\"MsoNormal\"><span style=\"color: black; font-family: Arial\"><\/span><\/p>\n<p style=\"margin: 0cm 0cm 0pt; text-indent: 12pt; line-height: 12pt; text-align: justify\" class=\"MsoNormal\"><span style=\"color: black; font-family: Arial\"><\/span><\/p>\n<p style=\"margin: 0cm 0cm 0pt; text-indent: 12pt; line-height: 12pt; text-align: justify\" class=\"MsoNormal\"><span style=\"color: black; font-family: Arial\"><\/span><\/p>\n<p><span style=\"color: black; font-family: Arial\">El gobierno \u201ctiene que entender que los pueblos ind\u00edgenas y campesinos, centran su desarrollo comunitario en el trabajo agr\u00edcola y la producci\u00f3n de los alimentos b\u00e1sicos\u201d. Para Barrera, \u201cla inversi\u00f3n debe concentrarse en garantizar la autosuficiencia alimentaria y hacer viable la vida en el campo. <o:p><\/o:p><\/span><span style=\"color: black; font-family: Arial\"><o:p>\u00a0<\/o:p><\/span><\/p>\n<p style=\"margin: 0cm 0cm 0pt; text-indent: 12pt; line-height: 12pt; text-align: justify\" class=\"MsoNormal\"><span style=\"color: black; font-family: Arial\"><\/span><\/p>\n<p style=\"margin: 0cm 0cm 0pt; text-indent: 12pt; line-height: 12pt; text-align: justify\" class=\"MsoNormal\"><span style=\"color: black; font-family: Arial\"><\/span><\/p>\n<p style=\"margin: 0cm 0cm 0pt; text-indent: 12pt; line-height: 12pt; text-align: justify\" class=\"MsoNormal\"><span style=\"color: black; font-family: Arial\"><\/span><\/p>\n<p><span style=\"color: black; font-family: Arial\">Esto lo demuestra el trabajo de los migrantes; gran parte de sus remesas son orientadas a reactivar la econom\u00eda familiar y comunitaria, a garantizar la salud, la educaci\u00f3n y la vivienda digna\u201d.<o:p><\/o:p><\/span><span style=\"color: black; font-family: Arial\"><o:p>\u00a0<\/o:p><\/span><span style=\"color: black; font-family: Arial\"><o:p>\u00a0<\/o:p><\/span><\/p>\n<p style=\"margin: 0cm 0cm 0pt; text-indent: 12pt; line-height: 12pt; text-align: justify\" class=\"MsoNormal\"><span style=\"color: black; font-family: Arial\"><\/span><\/p>\n<p style=\"margin: 0cm 0cm 0pt; text-indent: 12pt; line-height: 12pt; text-align: justify\" class=\"MsoNormal\"><span style=\"color: black; font-family: Arial\"><\/span><\/p>\n<p style=\"margin: 0cm 0cm 0pt; text-indent: 12pt; line-height: 12pt; text-align: justify\" class=\"MsoNormal\"><span style=\"color: black; font-family: Arial\"><\/span><\/p>\n<p><span style=\"color: black; font-family: Arial\">\u00a0Se pronuncia por \u201cun cambio de fondo en las pol\u00edticas p\u00fablicas\u201d. La inversi\u00f3n se concentra en los mega negocios, que implican la privatizaci\u00f3n de los recursos estrat\u00e9gicos. <o:p><\/o:p><\/span><span style=\"color: black; font-family: Arial\"><o:p>\u00a0<\/o:p><\/span><span style=\"color: black; font-family: Arial\"><o:p>\u00a0<\/o:p><\/span><\/p>\n<p style=\"margin: 0cm 0cm 0pt; text-indent: 12pt; line-height: 12pt; text-align: justify\" class=\"MsoNormal\"><span style=\"color: black; font-family: Arial\"><\/span><\/p>\n<p style=\"margin: 0cm 0cm 0pt; text-indent: 12pt; line-height: 12pt; text-align: justify\" class=\"MsoNormal\"><span style=\"color: black; font-family: Arial\"><\/span><\/p>\n<p style=\"margin: 0cm 0cm 0pt; text-indent: 12pt; line-height: 12pt; text-align: justify\" class=\"MsoNormal\"><span style=\"color: black; font-family: Arial\"><\/span><\/p>\n<p><span style=\"color: black; font-family: Arial\">\u201cEl gobierno busca extraer la riqueza (agua, bosque, recursos bi\u00f3ticos) sin involucrar a la poblaci\u00f3n local para que participe de estos beneficios\u201d. <o:p><\/o:p><\/span><span style=\"color: black; font-family: Arial\"><o:p>\u00a0<\/o:p><\/span><span style=\"color: black; font-family: Arial\"><o:p>\u00a0<\/o:p><\/span><\/p>\n<p style=\"margin: 0cm 0cm 0pt; text-indent: 12pt; line-height: 12pt; text-align: justify\" class=\"MsoNormal\"><span style=\"color: black; font-family: Arial\"><\/span><\/p>\n<p style=\"margin: 0cm 0cm 0pt; text-indent: 12pt; line-height: 12pt; text-align: justify\" class=\"MsoNormal\"><span style=\"color: black; font-family: Arial\"><\/span><\/p>\n<p style=\"margin: 0cm 0cm 0pt; text-indent: 12pt; line-height: 12pt; text-align: justify\" class=\"MsoNormal\"><span style=\"color: black; font-family: Arial\"><\/span><\/p>\n<p><span style=\"color: black; font-family: Arial\">En <st1:personname ProductID=\"la Monta?a\" w:st=\"on\">la Monta\u00f1a<\/st1:personname> \u201clas comunidades se encuentran divididas por cuestiones pol\u00edticas agrarias, religiosas y educativas; son escasos los procesos autogestivos, y para mal de ellos, est\u00e1n mediatizados por l\u00edderes vinculados a los partidos pol\u00edticos\u201d. <o:p><\/o:p><\/span><span style=\"color: black; font-family: Arial\"><o:p>\u00a0<\/o:p><\/span><\/p>\n<p style=\"margin: 0cm 0cm 0pt; text-indent: 12pt; line-height: 12pt; text-align: justify\" class=\"MsoNormal\"><span style=\"color: black; font-family: Arial\"><\/span><\/p>\n<p style=\"margin: 0cm 0cm 0pt; text-indent: 12pt; line-height: 12pt; text-align: justify\" class=\"MsoNormal\"><span style=\"color: black; font-family: Arial\"><\/span><\/p>\n<p style=\"margin: 0cm 0cm 0pt; text-indent: 12pt; line-height: 12pt; text-align: justify\" class=\"MsoNormal\"><span style=\"color: black; font-family: Arial\"><\/span><\/p>\n<p><span style=\"color: black; font-family: Arial\">Esto impide que los pueblos \u201cpuedan emerger como actores pol\u00edticos, con capacidad de construir su propio desarrollo\u201d. <o:p><\/o:p><\/span><span style=\"color: black; font-family: Arial\"><o:p>\u00a0<\/o:p><\/span><\/p>\n<p style=\"margin: 0cm 0cm 0pt; text-indent: 12pt; line-height: 12pt; text-align: justify\" class=\"MsoNormal\"><span style=\"color: black; font-family: Arial\"><\/span><\/p>\n<p style=\"margin: 0cm 0cm 0pt; text-indent: 12pt; line-height: 12pt; text-align: justify\" class=\"MsoNormal\"><span style=\"color: black; font-family: Arial\"><\/span><\/p>\n<p style=\"margin: 0cm 0cm 0pt; text-indent: 12pt; line-height: 12pt; text-align: justify\" class=\"MsoNormal\"><span style=\"color: black; font-family: Arial\"><\/span><\/p>\n<p><span style=\"color: black; font-family: Arial\">La militarizaci\u00f3n \u201caborta\u201d sus iniciativas autogestionarias y el mismo gobierno persigue y coloca fuera de la legalidad \u201ca los proyectos que impactan favorablemente los derechos de los pueblos, como <st1:personname ProductID=\"la Polic?a Comunitaria\" w:st=\"on\">la Polic\u00eda Comunitaria<\/st1:personname>\u201d que desde hace 13 a\u00f1os funciona como sistema de justicia alternativa a cargo de autoridades ind\u00edgenas nombradas en asamblea.<o:p><\/o:p><\/span><span style=\"color: black; font-family: Arial\"><o:p>\u00a0<\/o:p><\/span><span style=\"color: black; font-family: Arial\"><span>\u00a0<\/span><o:p><\/o:p><\/span><\/p>\n<p style=\"margin: 0cm 0cm 0pt; text-indent: 12pt; line-height: 12pt; text-align: justify\" class=\"MsoNormal\"><span style=\"color: black; font-family: Arial\"><\/span><\/p>\n<p style=\"margin: 0cm 0cm 0pt; text-indent: 12pt; line-height: 12pt; text-align: justify\" class=\"MsoNormal\"><span style=\"color: black; font-family: Arial\"><\/span><\/p>\n<p style=\"margin: 0cm 0cm 0pt; text-indent: 12pt; line-height: 12pt; text-align: justify\" class=\"MsoNormal\"><span style=\"color: black; font-family: Arial\"><\/span><\/p>\n<p><span style=\"color: black; font-family: Arial\">Al militarizar el pa\u00eds, y sobre todo las regiones con alta conflictividad social, el gobierno opta por violentar los derechos humanos sin atacar las causas del empobrecimiento de los pueblos ni la alta incidencia en la siembra de enervantes, \u201cprovocada por la miseria\u201d. <o:p><\/o:p><\/span><\/p>\n","protected":false},"excerpt":{"rendered":"<p>El empobrecimiento inexplicable, de los m\u00e1s pobres de Guerrero \u00a0Entrevista con Abel Barrera Director del Centro de Derechos Humanos Tlachinollan, que trabaja en la Monta\u00f1a de Guerrero, Abel Barrera constat\u00f3, en entrevista con Ciepac, la \u201cdelicada\u201d situaci\u00f3n de los pueblos ind\u00edgenas y su \u201cempobrecimiento may\u00fasculo, aparejado con una espiral de violencia del Estado\u201d, mediante pol\u00edticas [&hellip;]<\/p>\n","protected":false},"author":249,"featured_media":0,"comment_status":"open","ping_status":"closed","sticky":false,"template":"","format":"standard","meta":{"footnotes":""},"categories":[26],"tags":[],"class_list":["post-741","post","type-post","status-publish","format-standard","hentry","category-mundo"],"_links":{"self":[{"href":"http:\/\/eloficiodehistoriar.com.mx\/index.php?rest_route=\/wp\/v2\/posts\/741","targetHints":{"allow":["GET"]}}],"collection":[{"href":"http:\/\/eloficiodehistoriar.com.mx\/index.php?rest_route=\/wp\/v2\/posts"}],"about":[{"href":"http:\/\/eloficiodehistoriar.com.mx\/index.php?rest_route=\/wp\/v2\/types\/post"}],"author":[{"embeddable":true,"href":"http:\/\/eloficiodehistoriar.com.mx\/index.php?rest_route=\/wp\/v2\/users\/249"}],"replies":[{"embeddable":true,"href":"http:\/\/eloficiodehistoriar.com.mx\/index.php?rest_route=%2Fwp%2Fv2%2Fcomments&post=741"}],"version-history":[{"count":0,"href":"http:\/\/eloficiodehistoriar.com.mx\/index.php?rest_route=\/wp\/v2\/posts\/741\/revisions"}],"wp:attachment":[{"href":"http:\/\/eloficiodehistoriar.com.mx\/index.php?rest_route=%2Fwp%2Fv2%2Fmedia&parent=741"}],"wp:term":[{"taxonomy":"category","embeddable":true,"href":"http:\/\/eloficiodehistoriar.com.mx\/index.php?rest_route=%2Fwp%2Fv2%2Fcategories&post=741"},{"taxonomy":"post_tag","embeddable":true,"href":"http:\/\/eloficiodehistoriar.com.mx\/index.php?rest_route=%2Fwp%2Fv2%2Ftags&post=741"}],"curies":[{"name":"wp","href":"https:\/\/api.w.org\/{rel}","templated":true}]}}