{"id":743,"date":"2008-07-26T09:32:12","date_gmt":"2008-07-26T14:32:12","guid":{"rendered":"https:\/\/eloficiodehistoriar.com.mx\/?p=743"},"modified":"2008-07-26T09:32:12","modified_gmt":"2008-07-26T14:32:12","slug":"el-mexico-que-no-aceptamos-%c2%bfporque","status":"publish","type":"post","link":"http:\/\/eloficiodehistoriar.com.mx\/?p=743","title":{"rendered":"El M\u00e9xico que no aceptamos \u00bfPorqu\u00e9?&#8230;"},"content":{"rendered":"<p><a href=\"https:\/\/eloficiodehistoriar.com.mx\/wp-content\/uploads\/2008\/07\/fotoportada.jpg\" title=\"fotoportada.jpg\"><img decoding=\"async\" src=\"https:\/\/eloficiodehistoriar.com.mx\/wp-content\/uploads\/2008\/07\/fotoportada.thumbnail.jpg\" alt=\"fotoportada.jpg\" \/><\/a><a href=\"https:\/\/eloficiodehistoriar.com.mx\/wp-content\/uploads\/2008\/07\/foto6.jpg\" title=\"foto6.jpg\"><img decoding=\"async\" src=\"https:\/\/eloficiodehistoriar.com.mx\/wp-content\/uploads\/2008\/07\/foto6.thumbnail.jpg\" alt=\"foto6.jpg\" \/><\/a><a href=\"https:\/\/eloficiodehistoriar.com.mx\/wp-content\/uploads\/2008\/07\/foto2.jpg\" title=\"foto2.jpg\"><img decoding=\"async\" src=\"https:\/\/eloficiodehistoriar.com.mx\/wp-content\/uploads\/2008\/07\/foto2.thumbnail.jpg\" alt=\"foto2.jpg\" \/><\/a><a href=\"https:\/\/eloficiodehistoriar.com.mx\/wp-content\/uploads\/2008\/07\/carreterahuicho66.jpg\" title=\"carreterahuicho66.jpg\"><img decoding=\"async\" src=\"https:\/\/eloficiodehistoriar.com.mx\/wp-content\/uploads\/2008\/07\/carreterahuicho66.thumbnail.jpg\" alt=\"carreterahuicho66.jpg\" \/><\/a><a href=\"https:\/\/eloficiodehistoriar.com.mx\/wp-content\/uploads\/2008\/07\/foto5.jpg\" title=\"foto5.jpg\"><img decoding=\"async\" src=\"https:\/\/eloficiodehistoriar.com.mx\/wp-content\/uploads\/2008\/07\/foto5.thumbnail.jpg\" alt=\"foto5.jpg\" \/><\/a><\/p>\n<p>La ra\u00edz cultural que nos rige es la mesoam\u00e9ricana, que esta a la vista del comportamiento de el 80% de la poblaci\u00f3n que habita este M\u00e9xico nuestro, el M\u00e9xico profundo y que por temor a ser nosotros mismos y reconocer que tenemos la respuesta a nuestros propios problemas, no queremos ver. M\u00e9xico tiene en sus pueblos originales la inteligencia que busca para salir de sus propios problemas.<\/p>\n","protected":false},"excerpt":{"rendered":"<p>La ra\u00edz cultural que nos rige es la mesoam\u00e9ricana, que esta a la vista del comportamiento de el 80% de la poblaci\u00f3n que habita este M\u00e9xico nuestro, el M\u00e9xico profundo y que por temor a ser nosotros mismos y reconocer que tenemos la respuesta a nuestros propios problemas, no queremos ver. M\u00e9xico tiene en sus [&hellip;]<\/p>\n","protected":false},"author":249,"featured_media":0,"comment_status":"open","ping_status":"closed","sticky":false,"template":"","format":"standard","meta":{"footnotes":""},"categories":[11],"tags":[],"class_list":["post-743","post","type-post","status-publish","format-standard","hentry","category-fotografia"],"_links":{"self":[{"href":"http:\/\/eloficiodehistoriar.com.mx\/index.php?rest_route=\/wp\/v2\/posts\/743","targetHints":{"allow":["GET"]}}],"collection":[{"href":"http:\/\/eloficiodehistoriar.com.mx\/index.php?rest_route=\/wp\/v2\/posts"}],"about":[{"href":"http:\/\/eloficiodehistoriar.com.mx\/index.php?rest_route=\/wp\/v2\/types\/post"}],"author":[{"embeddable":true,"href":"http:\/\/eloficiodehistoriar.com.mx\/index.php?rest_route=\/wp\/v2\/users\/249"}],"replies":[{"embeddable":true,"href":"http:\/\/eloficiodehistoriar.com.mx\/index.php?rest_route=%2Fwp%2Fv2%2Fcomments&post=743"}],"version-history":[{"count":0,"href":"http:\/\/eloficiodehistoriar.com.mx\/index.php?rest_route=\/wp\/v2\/posts\/743\/revisions"}],"wp:attachment":[{"href":"http:\/\/eloficiodehistoriar.com.mx\/index.php?rest_route=%2Fwp%2Fv2%2Fmedia&parent=743"}],"wp:term":[{"taxonomy":"category","embeddable":true,"href":"http:\/\/eloficiodehistoriar.com.mx\/index.php?rest_route=%2Fwp%2Fv2%2Fcategories&post=743"},{"taxonomy":"post_tag","embeddable":true,"href":"http:\/\/eloficiodehistoriar.com.mx\/index.php?rest_route=%2Fwp%2Fv2%2Ftags&post=743"}],"curies":[{"name":"wp","href":"https:\/\/api.w.org\/{rel}","templated":true}]}}